{"id":159448,"date":"2025-02-26T18:05:18","date_gmt":"2025-02-27T00:05:18","guid":{"rendered":"https:\/\/canal7slp.tv\/2025\/?p=159448"},"modified":"2025-02-26T18:05:18","modified_gmt":"2025-02-27T00:05:18","slug":"elementos-de-la-fgeslp-aprehenden-a-jose-n-por-el-delito-contra-la-salud","status":"publish","type":"post","link":"https:\/\/canal7slp.tv\/2025\/elementos-de-la-fgeslp-aprehenden-a-jose-n-por-el-delito-contra-la-salud\/","title":{"rendered":"Elementos de la FGESLP aprehenden a Jos\u00e9 \u00abN\u00bb por el delito contra la salud"},"content":{"rendered":"<p style=\"text-align: justify;\"><span style=\"font-size: 1.21429rem;\">SLP.- Jos\u00e9 \u201cN\u201d fue detenido por la Polic\u00eda de Investigaci\u00f3n (PDI) de la FGESLP en la ciudad capital por el delito contra la salud. <\/span><\/p>\n<p style=\"text-align: justify;\"><span style=\"font-size: 1.21429rem;\">En noviembre de 2024, fue sorprendido con envoltorios de una sustancia similar al \u201ccristal\u201d. <\/span><\/p>\n<p style=\"text-align: justify;\"><span style=\"font-size: 1.21429rem;\">Aunque logr\u00f3 su libertad inicialmente, las indagatorias continuaron, y se solicit\u00f3 una orden de aprehensi\u00f3n.<\/span><\/p>\n<p style=\"text-align: justify;\">Tras localizarlo en la colonia San Leonel, fue detenido y enfrentar\u00e1 cargos por narcomenudeo ante la autoridad judicial.<\/p>\n","protected":false},"excerpt":{"rendered":"<p>SLP.- Jos\u00e9 \u201cN\u201d fue detenido por la Polic\u00eda de Investigaci\u00f3n (PDI) de la FGESLP en la ciudad capital por el delito contra la salud. En noviembre de 2024, fue sorprendido con envoltorios de una sustancia similar al \u201ccristal\u201d. Aunque logr\u00f3 su libertad inicialmente, las indagatorias continuaron, y se solicit\u00f3 una orden de aprehensi\u00f3n. Tras localizarlo en la colonia San Leonel, fue detenido y enfrentar\u00e1 cargos por narcomenudeo ante la autoridad judicial.<\/p>\n","protected":false},"author":2,"featured_media":159460,"comment_status":"closed","ping_status":"closed","sticky":false,"template":"","format":"standard","meta":{"_monsterinsights_skip_tracking":false,"_monsterinsights_sitenote_active":false,"_monsterinsights_sitenote_note":"","_monsterinsights_sitenote_category":0,"footnotes":""},"categories":[48],"tags":[],"class_list":["post-159448","post","type-post","status-publish","format-standard","has-post-thumbnail","hentry","category-reporte7","post--single"],"yoast_head":"<!-- This site is optimized with the Yoast SEO plugin v27.4 - https:\/\/yoast.com\/product\/yoast-seo-wordpress\/ -->\n<title>Elementos de la FGESLP aprehenden a Jos\u00e9 &quot;N&quot; por el delito contra la salud - Canal 7 SLP - 2025<\/title>\n<meta name=\"robots\" content=\"index, follow, max-snippet:-1, max-image-preview:large, max-video-preview:-1\" \/>\n<link rel=\"canonical\" href=\"https:\/\/canal7slp.tv\/2025\/elementos-de-la-fgeslp-aprehenden-a-jose-n-por-el-delito-contra-la-salud\/\" \/>\n<meta property=\"og:locale\" content=\"es_ES\" \/>\n<meta property=\"og:type\" content=\"article\" \/>\n<meta property=\"og:title\" content=\"Elementos de la FGESLP aprehenden a Jos\u00e9 &quot;N&quot; por el delito contra la salud - Canal 7 SLP - 2025\" \/>\n<meta property=\"og:description\" content=\"SLP.- Jos\u00e9 \u201cN\u201d fue detenido por la Polic\u00eda de Investigaci\u00f3n (PDI) de la FGESLP en la ciudad capital por el delito contra la salud. En noviembre de 2024, fue sorprendido con envoltorios de una sustancia similar al \u201ccristal\u201d. Aunque logr\u00f3 su libertad inicialmente, las indagatorias continuaron, y se solicit\u00f3 una orden de aprehensi\u00f3n. Tras localizarlo en la colonia San Leonel, fue detenido y enfrentar\u00e1 cargos por narcomenudeo ante la autoridad judicial.\" \/>\n<meta property=\"og:url\" content=\"https:\/\/canal7slp.tv\/2025\/elementos-de-la-fgeslp-aprehenden-a-jose-n-por-el-delito-contra-la-salud\/\" \/>\n<meta property=\"og:site_name\" content=\"Canal 7 SLP - 2025\" \/>\n<meta property=\"article:publisher\" content=\"https:\/\/www.facebook.com\/noticieroscanal7atencionciudadana\/\" \/>\n<meta property=\"article:published_time\" content=\"2025-02-27T00:05:18+00:00\" \/>\n<meta property=\"og:image\" content=\"https:\/\/canal7slp.tv\/2025\/wp-content\/uploads\/2025\/02\/zz3b-9.jpg\" \/>\n\t<meta property=\"og:image:width\" content=\"894\" \/>\n\t<meta property=\"og:image:height\" content=\"614\" \/>\n\t<meta property=\"og:image:type\" content=\"image\/jpeg\" \/>\n<meta name=\"author\" content=\"Edici\u00f3n Web\" \/>\n<meta name=\"twitter:card\" content=\"summary_large_image\" \/>\n<meta name=\"twitter:creator\" content=\"@NOTICIEROS7\" \/>\n<meta name=\"twitter:site\" content=\"@NOTICIEROS7\" \/>\n<meta name=\"twitter:label1\" content=\"Escrito por\" \/>\n\t<meta name=\"twitter:data1\" content=\"Edici\u00f3n Web\" \/>\n\t<meta name=\"twitter:label2\" content=\"Tiempo de lectura\" \/>\n\t<meta name=\"twitter:data2\" content=\"1 minuto\" \/>\n<script type=\"application\/ld+json\" class=\"yoast-schema-graph\">{\"@context\":\"https:\\\/\\\/schema.org\",\"@graph\":[{\"@type\":\"Article\",\"@id\":\"https:\\\/\\\/canal7slp.tv\\\/2025\\\/elementos-de-la-fgeslp-aprehenden-a-jose-n-por-el-delito-contra-la-salud\\\/#article\",\"isPartOf\":{\"@id\":\"https:\\\/\\\/canal7slp.tv\\\/2025\\\/elementos-de-la-fgeslp-aprehenden-a-jose-n-por-el-delito-contra-la-salud\\\/\"},\"author\":{\"name\":\"Edici\u00f3n Web\",\"@id\":\"https:\\\/\\\/canal7slp.tv\\\/2025\\\/#\\\/schema\\\/person\\\/271e2b60a96e7cc9d9ac296f4d7e414b\"},\"headline\":\"Elementos de la FGESLP aprehenden a Jos\u00e9 \u00abN\u00bb por el delito contra la salud\",\"datePublished\":\"2025-02-27T00:05:18+00:00\",\"mainEntityOfPage\":{\"@id\":\"https:\\\/\\\/canal7slp.tv\\\/2025\\\/elementos-de-la-fgeslp-aprehenden-a-jose-n-por-el-delito-contra-la-salud\\\/\"},\"wordCount\":88,\"publisher\":{\"@id\":\"https:\\\/\\\/canal7slp.tv\\\/2025\\\/#organization\"},\"image\":{\"@id\":\"https:\\\/\\\/canal7slp.tv\\\/2025\\\/elementos-de-la-fgeslp-aprehenden-a-jose-n-por-el-delito-contra-la-salud\\\/#primaryimage\"},\"thumbnailUrl\":\"https:\\\/\\\/canal7slp.tv\\\/2025\\\/wp-content\\\/uploads\\\/2025\\\/02\\\/zz3b-9.jpg\",\"articleSection\":[\"REPORTE 7\"],\"inLanguage\":\"es\"},{\"@type\":\"WebPage\",\"@id\":\"https:\\\/\\\/canal7slp.tv\\\/2025\\\/elementos-de-la-fgeslp-aprehenden-a-jose-n-por-el-delito-contra-la-salud\\\/\",\"url\":\"https:\\\/\\\/canal7slp.tv\\\/2025\\\/elementos-de-la-fgeslp-aprehenden-a-jose-n-por-el-delito-contra-la-salud\\\/\",\"name\":\"Elementos de la FGESLP aprehenden a Jos\u00e9 \\\"N\\\" por el delito contra la salud - Canal 7 SLP - 2025\",\"isPartOf\":{\"@id\":\"https:\\\/\\\/canal7slp.tv\\\/2025\\\/#website\"},\"primaryImageOfPage\":{\"@id\":\"https:\\\/\\\/canal7slp.tv\\\/2025\\\/elementos-de-la-fgeslp-aprehenden-a-jose-n-por-el-delito-contra-la-salud\\\/#primaryimage\"},\"image\":{\"@id\":\"https:\\\/\\\/canal7slp.tv\\\/2025\\\/elementos-de-la-fgeslp-aprehenden-a-jose-n-por-el-delito-contra-la-salud\\\/#primaryimage\"},\"thumbnailUrl\":\"https:\\\/\\\/canal7slp.tv\\\/2025\\\/wp-content\\\/uploads\\\/2025\\\/02\\\/zz3b-9.jpg\",\"datePublished\":\"2025-02-27T00:05:18+00:00\",\"breadcrumb\":{\"@id\":\"https:\\\/\\\/canal7slp.tv\\\/2025\\\/elementos-de-la-fgeslp-aprehenden-a-jose-n-por-el-delito-contra-la-salud\\\/#breadcrumb\"},\"inLanguage\":\"es\",\"potentialAction\":[{\"@type\":\"ReadAction\",\"target\":[\"https:\\\/\\\/canal7slp.tv\\\/2025\\\/elementos-de-la-fgeslp-aprehenden-a-jose-n-por-el-delito-contra-la-salud\\\/\"]}]},{\"@type\":\"ImageObject\",\"inLanguage\":\"es\",\"@id\":\"https:\\\/\\\/canal7slp.tv\\\/2025\\\/elementos-de-la-fgeslp-aprehenden-a-jose-n-por-el-delito-contra-la-salud\\\/#primaryimage\",\"url\":\"https:\\\/\\\/canal7slp.tv\\\/2025\\\/wp-content\\\/uploads\\\/2025\\\/02\\\/zz3b-9.jpg\",\"contentUrl\":\"https:\\\/\\\/canal7slp.tv\\\/2025\\\/wp-content\\\/uploads\\\/2025\\\/02\\\/zz3b-9.jpg\",\"width\":894,\"height\":614},{\"@type\":\"BreadcrumbList\",\"@id\":\"https:\\\/\\\/canal7slp.tv\\\/2025\\\/elementos-de-la-fgeslp-aprehenden-a-jose-n-por-el-delito-contra-la-salud\\\/#breadcrumb\",\"itemListElement\":[{\"@type\":\"ListItem\",\"position\":1,\"name\":\"Portada\",\"item\":\"https:\\\/\\\/canal7slp.tv\\\/2025\\\/\"},{\"@type\":\"ListItem\",\"position\":2,\"name\":\"Elementos de la FGESLP aprehenden a Jos\u00e9 \u00abN\u00bb por el delito contra la salud\"}]},{\"@type\":\"WebSite\",\"@id\":\"https:\\\/\\\/canal7slp.tv\\\/2025\\\/#website\",\"url\":\"https:\\\/\\\/canal7slp.tv\\\/2025\\\/\",\"name\":\"N7 - Noticieros Canal 7\",\"description\":\"Somos el Medio\",\"publisher\":{\"@id\":\"https:\\\/\\\/canal7slp.tv\\\/2025\\\/#organization\"},\"potentialAction\":[{\"@type\":\"SearchAction\",\"target\":{\"@type\":\"EntryPoint\",\"urlTemplate\":\"https:\\\/\\\/canal7slp.tv\\\/2025\\\/?s={search_term_string}\"},\"query-input\":{\"@type\":\"PropertyValueSpecification\",\"valueRequired\":true,\"valueName\":\"search_term_string\"}}],\"inLanguage\":\"es\"},{\"@type\":\"Organization\",\"@id\":\"https:\\\/\\\/canal7slp.tv\\\/2025\\\/#organization\",\"name\":\"Noticieros Canal 7\",\"url\":\"https:\\\/\\\/canal7slp.tv\\\/2025\\\/\",\"logo\":{\"@type\":\"ImageObject\",\"inLanguage\":\"es\",\"@id\":\"https:\\\/\\\/canal7slp.tv\\\/2025\\\/#\\\/schema\\\/logo\\\/image\\\/\",\"url\":\"https:\\\/\\\/canal7slp.tv\\\/2025\\\/wp-content\\\/uploads\\\/2021\\\/01\\\/logo-noticieros@2x.png\",\"contentUrl\":\"https:\\\/\\\/canal7slp.tv\\\/2025\\\/wp-content\\\/uploads\\\/2021\\\/01\\\/logo-noticieros@2x.png\",\"width\":1017,\"height\":268,\"caption\":\"Noticieros Canal 7\"},\"image\":{\"@id\":\"https:\\\/\\\/canal7slp.tv\\\/2025\\\/#\\\/schema\\\/logo\\\/image\\\/\"},\"sameAs\":[\"https:\\\/\\\/www.facebook.com\\\/noticieroscanal7atencionciudadana\\\/\",\"https:\\\/\\\/x.com\\\/NOTICIEROS7\",\"https:\\\/\\\/www.instagram.com\\\/canal7_slp\",\"https:\\\/\\\/www.youtube.com\\\/channel\\\/UCliiYs-gP3JfJeqdPrNdd5A\"]},{\"@type\":\"Person\",\"@id\":\"https:\\\/\\\/canal7slp.tv\\\/2025\\\/#\\\/schema\\\/person\\\/271e2b60a96e7cc9d9ac296f4d7e414b\",\"name\":\"Edici\u00f3n Web\",\"image\":{\"@type\":\"ImageObject\",\"inLanguage\":\"es\",\"@id\":\"https:\\\/\\\/secure.gravatar.com\\\/avatar\\\/eee448fc3f7164808013b816ba91ac7e43bbe82a70bebac296f8bc6f0addaa1a?s=96&d=mm&r=g\",\"url\":\"https:\\\/\\\/secure.gravatar.com\\\/avatar\\\/eee448fc3f7164808013b816ba91ac7e43bbe82a70bebac296f8bc6f0addaa1a?s=96&d=mm&r=g\",\"contentUrl\":\"https:\\\/\\\/secure.gravatar.com\\\/avatar\\\/eee448fc3f7164808013b816ba91ac7e43bbe82a70bebac296f8bc6f0addaa1a?s=96&d=mm&r=g\",\"caption\":\"Edici\u00f3n Web\"},\"url\":\"https:\\\/\\\/canal7slp.tv\\\/2025\\\/author\\\/edicionweb\\\/\"}]}<\/script>\n<!-- \/ Yoast SEO plugin. -->","yoast_head_json":{"title":"Elementos de la FGESLP aprehenden a Jos\u00e9 \"N\" por el delito contra la salud - Canal 7 SLP - 2025","robots":{"index":"index","follow":"follow","max-snippet":"max-snippet:-1","max-image-preview":"max-image-preview:large","max-video-preview":"max-video-preview:-1"},"canonical":"https:\/\/canal7slp.tv\/2025\/elementos-de-la-fgeslp-aprehenden-a-jose-n-por-el-delito-contra-la-salud\/","og_locale":"es_ES","og_type":"article","og_title":"Elementos de la FGESLP aprehenden a Jos\u00e9 \"N\" por el delito contra la salud - Canal 7 SLP - 2025","og_description":"SLP.- Jos\u00e9 \u201cN\u201d fue detenido por la Polic\u00eda de Investigaci\u00f3n (PDI) de la FGESLP en la ciudad capital por el delito contra la salud. En noviembre de 2024, fue sorprendido con envoltorios de una sustancia similar al \u201ccristal\u201d. Aunque logr\u00f3 su libertad inicialmente, las indagatorias continuaron, y se solicit\u00f3 una orden de aprehensi\u00f3n. Tras localizarlo en la colonia San Leonel, fue detenido y enfrentar\u00e1 cargos por narcomenudeo ante la autoridad judicial.","og_url":"https:\/\/canal7slp.tv\/2025\/elementos-de-la-fgeslp-aprehenden-a-jose-n-por-el-delito-contra-la-salud\/","og_site_name":"Canal 7 SLP - 2025","article_publisher":"https:\/\/www.facebook.com\/noticieroscanal7atencionciudadana\/","article_published_time":"2025-02-27T00:05:18+00:00","og_image":[{"width":894,"height":614,"url":"https:\/\/canal7slp.tv\/2025\/wp-content\/uploads\/2025\/02\/zz3b-9.jpg","type":"image\/jpeg"}],"author":"Edici\u00f3n Web","twitter_card":"summary_large_image","twitter_creator":"@NOTICIEROS7","twitter_site":"@NOTICIEROS7","twitter_misc":{"Escrito por":"Edici\u00f3n Web","Tiempo de lectura":"1 minuto"},"schema":{"@context":"https:\/\/schema.org","@graph":[{"@type":"Article","@id":"https:\/\/canal7slp.tv\/2025\/elementos-de-la-fgeslp-aprehenden-a-jose-n-por-el-delito-contra-la-salud\/#article","isPartOf":{"@id":"https:\/\/canal7slp.tv\/2025\/elementos-de-la-fgeslp-aprehenden-a-jose-n-por-el-delito-contra-la-salud\/"},"author":{"name":"Edici\u00f3n Web","@id":"https:\/\/canal7slp.tv\/2025\/#\/schema\/person\/271e2b60a96e7cc9d9ac296f4d7e414b"},"headline":"Elementos de la FGESLP aprehenden a Jos\u00e9 \u00abN\u00bb por el delito contra la salud","datePublished":"2025-02-27T00:05:18+00:00","mainEntityOfPage":{"@id":"https:\/\/canal7slp.tv\/2025\/elementos-de-la-fgeslp-aprehenden-a-jose-n-por-el-delito-contra-la-salud\/"},"wordCount":88,"publisher":{"@id":"https:\/\/canal7slp.tv\/2025\/#organization"},"image":{"@id":"https:\/\/canal7slp.tv\/2025\/elementos-de-la-fgeslp-aprehenden-a-jose-n-por-el-delito-contra-la-salud\/#primaryimage"},"thumbnailUrl":"https:\/\/canal7slp.tv\/2025\/wp-content\/uploads\/2025\/02\/zz3b-9.jpg","articleSection":["REPORTE 7"],"inLanguage":"es"},{"@type":"WebPage","@id":"https:\/\/canal7slp.tv\/2025\/elementos-de-la-fgeslp-aprehenden-a-jose-n-por-el-delito-contra-la-salud\/","url":"https:\/\/canal7slp.tv\/2025\/elementos-de-la-fgeslp-aprehenden-a-jose-n-por-el-delito-contra-la-salud\/","name":"Elementos de la FGESLP aprehenden a Jos\u00e9 \"N\" por el delito contra la salud - Canal 7 SLP - 2025","isPartOf":{"@id":"https:\/\/canal7slp.tv\/2025\/#website"},"primaryImageOfPage":{"@id":"https:\/\/canal7slp.tv\/2025\/elementos-de-la-fgeslp-aprehenden-a-jose-n-por-el-delito-contra-la-salud\/#primaryimage"},"image":{"@id":"https:\/\/canal7slp.tv\/2025\/elementos-de-la-fgeslp-aprehenden-a-jose-n-por-el-delito-contra-la-salud\/#primaryimage"},"thumbnailUrl":"https:\/\/canal7slp.tv\/2025\/wp-content\/uploads\/2025\/02\/zz3b-9.jpg","datePublished":"2025-02-27T00:05:18+00:00","breadcrumb":{"@id":"https:\/\/canal7slp.tv\/2025\/elementos-de-la-fgeslp-aprehenden-a-jose-n-por-el-delito-contra-la-salud\/#breadcrumb"},"inLanguage":"es","potentialAction":[{"@type":"ReadAction","target":["https:\/\/canal7slp.tv\/2025\/elementos-de-la-fgeslp-aprehenden-a-jose-n-por-el-delito-contra-la-salud\/"]}]},{"@type":"ImageObject","inLanguage":"es","@id":"https:\/\/canal7slp.tv\/2025\/elementos-de-la-fgeslp-aprehenden-a-jose-n-por-el-delito-contra-la-salud\/#primaryimage","url":"https:\/\/canal7slp.tv\/2025\/wp-content\/uploads\/2025\/02\/zz3b-9.jpg","contentUrl":"https:\/\/canal7slp.tv\/2025\/wp-content\/uploads\/2025\/02\/zz3b-9.jpg","width":894,"height":614},{"@type":"BreadcrumbList","@id":"https:\/\/canal7slp.tv\/2025\/elementos-de-la-fgeslp-aprehenden-a-jose-n-por-el-delito-contra-la-salud\/#breadcrumb","itemListElement":[{"@type":"ListItem","position":1,"name":"Portada","item":"https:\/\/canal7slp.tv\/2025\/"},{"@type":"ListItem","position":2,"name":"Elementos de la FGESLP aprehenden a Jos\u00e9 \u00abN\u00bb por el delito contra la salud"}]},{"@type":"WebSite","@id":"https:\/\/canal7slp.tv\/2025\/#website","url":"https:\/\/canal7slp.tv\/2025\/","name":"N7 - Noticieros Canal 7","description":"Somos el Medio","publisher":{"@id":"https:\/\/canal7slp.tv\/2025\/#organization"},"potentialAction":[{"@type":"SearchAction","target":{"@type":"EntryPoint","urlTemplate":"https:\/\/canal7slp.tv\/2025\/?s={search_term_string}"},"query-input":{"@type":"PropertyValueSpecification","valueRequired":true,"valueName":"search_term_string"}}],"inLanguage":"es"},{"@type":"Organization","@id":"https:\/\/canal7slp.tv\/2025\/#organization","name":"Noticieros Canal 7","url":"https:\/\/canal7slp.tv\/2025\/","logo":{"@type":"ImageObject","inLanguage":"es","@id":"https:\/\/canal7slp.tv\/2025\/#\/schema\/logo\/image\/","url":"https:\/\/canal7slp.tv\/2025\/wp-content\/uploads\/2021\/01\/logo-noticieros@2x.png","contentUrl":"https:\/\/canal7slp.tv\/2025\/wp-content\/uploads\/2021\/01\/logo-noticieros@2x.png","width":1017,"height":268,"caption":"Noticieros Canal 7"},"image":{"@id":"https:\/\/canal7slp.tv\/2025\/#\/schema\/logo\/image\/"},"sameAs":["https:\/\/www.facebook.com\/noticieroscanal7atencionciudadana\/","https:\/\/x.com\/NOTICIEROS7","https:\/\/www.instagram.com\/canal7_slp","https:\/\/www.youtube.com\/channel\/UCliiYs-gP3JfJeqdPrNdd5A"]},{"@type":"Person","@id":"https:\/\/canal7slp.tv\/2025\/#\/schema\/person\/271e2b60a96e7cc9d9ac296f4d7e414b","name":"Edici\u00f3n Web","image":{"@type":"ImageObject","inLanguage":"es","@id":"https:\/\/secure.gravatar.com\/avatar\/eee448fc3f7164808013b816ba91ac7e43bbe82a70bebac296f8bc6f0addaa1a?s=96&d=mm&r=g","url":"https:\/\/secure.gravatar.com\/avatar\/eee448fc3f7164808013b816ba91ac7e43bbe82a70bebac296f8bc6f0addaa1a?s=96&d=mm&r=g","contentUrl":"https:\/\/secure.gravatar.com\/avatar\/eee448fc3f7164808013b816ba91ac7e43bbe82a70bebac296f8bc6f0addaa1a?s=96&d=mm&r=g","caption":"Edici\u00f3n Web"},"url":"https:\/\/canal7slp.tv\/2025\/author\/edicionweb\/"}]}},"_links":{"self":[{"href":"https:\/\/canal7slp.tv\/2025\/wp-json\/wp\/v2\/posts\/159448","targetHints":{"allow":["GET"]}}],"collection":[{"href":"https:\/\/canal7slp.tv\/2025\/wp-json\/wp\/v2\/posts"}],"about":[{"href":"https:\/\/canal7slp.tv\/2025\/wp-json\/wp\/v2\/types\/post"}],"author":[{"embeddable":true,"href":"https:\/\/canal7slp.tv\/2025\/wp-json\/wp\/v2\/users\/2"}],"replies":[{"embeddable":true,"href":"https:\/\/canal7slp.tv\/2025\/wp-json\/wp\/v2\/comments?post=159448"}],"version-history":[{"count":2,"href":"https:\/\/canal7slp.tv\/2025\/wp-json\/wp\/v2\/posts\/159448\/revisions"}],"predecessor-version":[{"id":159465,"href":"https:\/\/canal7slp.tv\/2025\/wp-json\/wp\/v2\/posts\/159448\/revisions\/159465"}],"wp:featuredmedia":[{"embeddable":true,"href":"https:\/\/canal7slp.tv\/2025\/wp-json\/wp\/v2\/media\/159460"}],"wp:attachment":[{"href":"https:\/\/canal7slp.tv\/2025\/wp-json\/wp\/v2\/media?parent=159448"}],"wp:term":[{"taxonomy":"category","embeddable":true,"href":"https:\/\/canal7slp.tv\/2025\/wp-json\/wp\/v2\/categories?post=159448"},{"taxonomy":"post_tag","embeddable":true,"href":"https:\/\/canal7slp.tv\/2025\/wp-json\/wp\/v2\/tags?post=159448"}],"curies":[{"name":"wp","href":"https:\/\/api.w.org\/{rel}","templated":true}]}}