{"id":159145,"date":"2025-02-24T16:02:21","date_gmt":"2025-02-24T22:02:21","guid":{"rendered":"https:\/\/canal7slp.tv\/2025\/?p=159145"},"modified":"2025-02-24T16:02:21","modified_gmt":"2025-02-24T22:02:21","slug":"implementaran-medidas-ejemplares-para-combatir-el-bullying-en-slp","status":"publish","type":"post","link":"https:\/\/canal7slp.tv\/2025\/implementaran-medidas-ejemplares-para-combatir-el-bullying-en-slp\/","title":{"rendered":"Implementar\u00e1n \u00abmedidas ejemplares\u00bb para combatir el bullying en SLP"},"content":{"rendered":"<p style=\"text-align: justify;\"><span style=\"font-size: 1.21429rem;\">SLP.- Tras el caso de bullying registrado en el municipio de Rioverde, el gobernador del estado de San Luis Potos\u00ed, Ricardo Gallardo Cardona, anunci\u00f3 una serie de acciones para prevenir y sancionar este tipo de agresiones en las instituciones educativas.<\/span><\/p>\n<p style=\"text-align: justify;\">\u00abSe est\u00e1 haciendo un hecho hist\u00f3rico, por ah\u00ed va a haber algunos&#8230; H\u00edjole no le quiero llamar detenciones, pero s\u00ed se va a llevar a la justicia a los ni\u00f1os que le hicieron el bullying, j\u00f3venes que hicieron el bullying en Rioverde\u00bb, declar\u00f3.<\/p>\n<p style=\"text-align: justify;\">Subray\u00f3 que se aplicar\u00e1n castigos ejemplares para evitar la repetici\u00f3n de situaciones similares en otros entes educativos del estado.<\/p>\n<p style=\"text-align: justify;\">\u00abTiene que haber un castigo ejemplar para que dejen de estar lastimando a los ni\u00f1os de las escuelas de una manera brutal c\u00f3mo se dio en Rioverde, esto le puede pasar a cualquier ni\u00f1o o a cualquier persona o joven de cualquier instituci\u00f3n de San Luis Potos\u00ed si no se les pone un freno\u00bb, advirti\u00f3.<\/p>\n<p style=\"text-align: justify;\">Gallardo Cardona enfatiz\u00f3 que la Fiscal\u00eda es la encargada de encabezar las investigaciones y la aplicaci\u00f3n de sanciones en los casos de agresi\u00f3n a menores.<\/p>\n<p style=\"text-align: justify;\">\u00abEn un hecho hist\u00f3rico, la fiscal\u00eda empezar\u00e1 a implementar medidas para acabar precisamente con el bullying definitivamente, ning\u00fan alumno de ninguna edad ll\u00e1mese joven ni\u00f1o o estudiante tiene que recibir bullying de nadie\u00bb, afirm\u00f3.<\/p>\n<p style=\"text-align: justify;\">El titular del ejecutivo estatal destac\u00f3 la gravedad del acoso escolar y sus posibles consecuencias fatales si no se atiende de manera oportuna.<\/p>\n<p style=\"text-align: justify;\">\u00abEste tipo de bullying ha llegado a cobrar vidas en otros estados y en otros pa\u00edses y eso es lo que tenemos que empezar a parar con la ayuda de fiscal\u00eda en los delitos a menores que es qui\u00e9n se va a acercar por este acontecimiento que va muy avanzado\u00bb, explic\u00f3.<\/p>\n<p style=\"text-align: justify;\">Adem\u00e1s, adelant\u00f3 que la Secretar\u00eda General de Gobierno, la de Educaci\u00f3n, junto con el Sistema Educativo Estatal Regular, reforzar\u00e1n las acciones dentro de las instituciones para garantizar un entorno seguro para los estudiantes.<\/p>\n<p>Por: Jos\u00e9 Luis v\u00e1zquez<\/p>\n","protected":false},"excerpt":{"rendered":"<p>SLP.- Tras el caso de bullying registrado en el municipio de Rioverde, el gobernador del estado de San Luis Potos\u00ed, Ricardo Gallardo Cardona, anunci\u00f3 una serie de acciones para prevenir y sancionar este tipo de agresiones en las instituciones educativas. \u00abSe est\u00e1 haciendo un hecho hist\u00f3rico, por ah\u00ed va a haber algunos&#8230; H\u00edjole no le quiero llamar detenciones, pero s\u00ed se va a llevar a la justicia a los ni\u00f1os que le hicieron el bullying, j\u00f3venes que hicieron el bullying en Rioverde\u00bb, declar\u00f3. Subray\u00f3 que se aplicar\u00e1n castigos ejemplares para evitar la repetici\u00f3n de situaciones similares en otros entes educativos [&hellip;]<\/p>\n","protected":false},"author":2,"featured_media":159147,"comment_status":"closed","ping_status":"closed","sticky":false,"template":"","format":"video","meta":{"_monsterinsights_skip_tracking":false,"_monsterinsights_sitenote_active":false,"_monsterinsights_sitenote_note":"","_monsterinsights_sitenote_category":0,"footnotes":""},"categories":[5,510,45],"tags":[],"class_list":["post-159145","post","type-post","status-publish","format-video","has-post-thumbnail","hentry","category-destacadas","category-gobedoslp","category-localesyregionales","post_format-post-format-video","post--single"],"yoast_head":"<!-- This site is optimized with the Yoast SEO plugin v27.5 - https:\/\/yoast.com\/product\/yoast-seo-wordpress\/ -->\n<title>Implementar\u00e1n &quot;medidas ejemplares&quot; para combatir el bullying en SLP - Canal 7 SLP - 2025<\/title>\n<meta name=\"robots\" content=\"index, follow, max-snippet:-1, max-image-preview:large, max-video-preview:-1\" \/>\n<link rel=\"canonical\" href=\"https:\/\/canal7slp.tv\/2025\/implementaran-medidas-ejemplares-para-combatir-el-bullying-en-slp\/\" \/>\n<meta property=\"og:locale\" content=\"es_ES\" \/>\n<meta property=\"og:type\" content=\"article\" \/>\n<meta property=\"og:title\" content=\"Implementar\u00e1n &quot;medidas ejemplares&quot; para combatir el bullying en SLP - Canal 7 SLP - 2025\" \/>\n<meta property=\"og:description\" content=\"SLP.- Tras el caso de bullying registrado en el municipio de Rioverde, el gobernador del estado de San Luis Potos\u00ed, Ricardo Gallardo Cardona, anunci\u00f3 una serie de acciones para prevenir y sancionar este tipo de agresiones en las instituciones educativas. \u00abSe est\u00e1 haciendo un hecho hist\u00f3rico, por ah\u00ed va a haber algunos&#8230; H\u00edjole no le quiero llamar detenciones, pero s\u00ed se va a llevar a la justicia a los ni\u00f1os que le hicieron el bullying, j\u00f3venes que hicieron el bullying en Rioverde\u00bb, declar\u00f3. Subray\u00f3 que se aplicar\u00e1n castigos ejemplares para evitar la repetici\u00f3n de situaciones similares en otros entes educativos [&hellip;]\" \/>\n<meta property=\"og:url\" content=\"https:\/\/canal7slp.tv\/2025\/implementaran-medidas-ejemplares-para-combatir-el-bullying-en-slp\/\" \/>\n<meta property=\"og:site_name\" content=\"Canal 7 SLP - 2025\" \/>\n<meta property=\"article:publisher\" content=\"https:\/\/www.facebook.com\/noticieroscanal7atencionciudadana\/\" \/>\n<meta property=\"article:published_time\" content=\"2025-02-24T22:02:21+00:00\" \/>\n<meta property=\"og:image\" content=\"https:\/\/canal7slp.tv\/2025\/wp-content\/uploads\/2025\/02\/Vazquez02GoberBullying.jpg\" \/>\n\t<meta property=\"og:image:width\" content=\"1280\" \/>\n\t<meta property=\"og:image:height\" content=\"720\" \/>\n\t<meta property=\"og:image:type\" content=\"image\/jpeg\" \/>\n<meta name=\"author\" content=\"Edici\u00f3n Web\" \/>\n<meta name=\"twitter:card\" content=\"summary_large_image\" \/>\n<meta name=\"twitter:creator\" content=\"@NOTICIEROS7\" \/>\n<meta name=\"twitter:site\" content=\"@NOTICIEROS7\" \/>\n<meta name=\"twitter:label1\" content=\"Escrito por\" \/>\n\t<meta name=\"twitter:data1\" content=\"Edici\u00f3n Web\" \/>\n\t<meta name=\"twitter:label2\" content=\"Tiempo de lectura\" \/>\n\t<meta name=\"twitter:data2\" content=\"2 minutos\" \/>\n<script type=\"application\/ld+json\" class=\"yoast-schema-graph\">{\"@context\":\"https:\\\/\\\/schema.org\",\"@graph\":[{\"@type\":\"Article\",\"@id\":\"https:\\\/\\\/canal7slp.tv\\\/2025\\\/implementaran-medidas-ejemplares-para-combatir-el-bullying-en-slp\\\/#article\",\"isPartOf\":{\"@id\":\"https:\\\/\\\/canal7slp.tv\\\/2025\\\/implementaran-medidas-ejemplares-para-combatir-el-bullying-en-slp\\\/\"},\"author\":{\"name\":\"Edici\u00f3n Web\",\"@id\":\"https:\\\/\\\/canal7slp.tv\\\/2025\\\/#\\\/schema\\\/person\\\/271e2b60a96e7cc9d9ac296f4d7e414b\"},\"headline\":\"Implementar\u00e1n \u00abmedidas ejemplares\u00bb para combatir el bullying en SLP\",\"datePublished\":\"2025-02-24T22:02:21+00:00\",\"mainEntityOfPage\":{\"@id\":\"https:\\\/\\\/canal7slp.tv\\\/2025\\\/implementaran-medidas-ejemplares-para-combatir-el-bullying-en-slp\\\/\"},\"wordCount\":364,\"publisher\":{\"@id\":\"https:\\\/\\\/canal7slp.tv\\\/2025\\\/#organization\"},\"image\":{\"@id\":\"https:\\\/\\\/canal7slp.tv\\\/2025\\\/implementaran-medidas-ejemplares-para-combatir-el-bullying-en-slp\\\/#primaryimage\"},\"thumbnailUrl\":\"https:\\\/\\\/canal7slp.tv\\\/2025\\\/wp-content\\\/uploads\\\/2025\\\/02\\\/Vazquez02GoberBullying.jpg\",\"articleSection\":[\"DESTACADAS\",\"GOBEDOSLP\",\"LOCALES Y REGIONALES\"],\"inLanguage\":\"es\"},{\"@type\":\"WebPage\",\"@id\":\"https:\\\/\\\/canal7slp.tv\\\/2025\\\/implementaran-medidas-ejemplares-para-combatir-el-bullying-en-slp\\\/\",\"url\":\"https:\\\/\\\/canal7slp.tv\\\/2025\\\/implementaran-medidas-ejemplares-para-combatir-el-bullying-en-slp\\\/\",\"name\":\"Implementar\u00e1n \\\"medidas ejemplares\\\" para combatir el bullying en SLP - Canal 7 SLP - 2025\",\"isPartOf\":{\"@id\":\"https:\\\/\\\/canal7slp.tv\\\/2025\\\/#website\"},\"primaryImageOfPage\":{\"@id\":\"https:\\\/\\\/canal7slp.tv\\\/2025\\\/implementaran-medidas-ejemplares-para-combatir-el-bullying-en-slp\\\/#primaryimage\"},\"image\":{\"@id\":\"https:\\\/\\\/canal7slp.tv\\\/2025\\\/implementaran-medidas-ejemplares-para-combatir-el-bullying-en-slp\\\/#primaryimage\"},\"thumbnailUrl\":\"https:\\\/\\\/canal7slp.tv\\\/2025\\\/wp-content\\\/uploads\\\/2025\\\/02\\\/Vazquez02GoberBullying.jpg\",\"datePublished\":\"2025-02-24T22:02:21+00:00\",\"breadcrumb\":{\"@id\":\"https:\\\/\\\/canal7slp.tv\\\/2025\\\/implementaran-medidas-ejemplares-para-combatir-el-bullying-en-slp\\\/#breadcrumb\"},\"inLanguage\":\"es\",\"potentialAction\":[{\"@type\":\"ReadAction\",\"target\":[\"https:\\\/\\\/canal7slp.tv\\\/2025\\\/implementaran-medidas-ejemplares-para-combatir-el-bullying-en-slp\\\/\"]}]},{\"@type\":\"ImageObject\",\"inLanguage\":\"es\",\"@id\":\"https:\\\/\\\/canal7slp.tv\\\/2025\\\/implementaran-medidas-ejemplares-para-combatir-el-bullying-en-slp\\\/#primaryimage\",\"url\":\"https:\\\/\\\/canal7slp.tv\\\/2025\\\/wp-content\\\/uploads\\\/2025\\\/02\\\/Vazquez02GoberBullying.jpg\",\"contentUrl\":\"https:\\\/\\\/canal7slp.tv\\\/2025\\\/wp-content\\\/uploads\\\/2025\\\/02\\\/Vazquez02GoberBullying.jpg\",\"width\":1280,\"height\":720},{\"@type\":\"BreadcrumbList\",\"@id\":\"https:\\\/\\\/canal7slp.tv\\\/2025\\\/implementaran-medidas-ejemplares-para-combatir-el-bullying-en-slp\\\/#breadcrumb\",\"itemListElement\":[{\"@type\":\"ListItem\",\"position\":1,\"name\":\"Portada\",\"item\":\"https:\\\/\\\/canal7slp.tv\\\/2025\\\/\"},{\"@type\":\"ListItem\",\"position\":2,\"name\":\"Implementar\u00e1n \u00abmedidas ejemplares\u00bb para combatir el bullying en SLP\"}]},{\"@type\":\"WebSite\",\"@id\":\"https:\\\/\\\/canal7slp.tv\\\/2025\\\/#website\",\"url\":\"https:\\\/\\\/canal7slp.tv\\\/2025\\\/\",\"name\":\"N7 - Noticieros Canal 7\",\"description\":\"Somos el Medio\",\"publisher\":{\"@id\":\"https:\\\/\\\/canal7slp.tv\\\/2025\\\/#organization\"},\"potentialAction\":[{\"@type\":\"SearchAction\",\"target\":{\"@type\":\"EntryPoint\",\"urlTemplate\":\"https:\\\/\\\/canal7slp.tv\\\/2025\\\/?s={search_term_string}\"},\"query-input\":{\"@type\":\"PropertyValueSpecification\",\"valueRequired\":true,\"valueName\":\"search_term_string\"}}],\"inLanguage\":\"es\"},{\"@type\":\"Organization\",\"@id\":\"https:\\\/\\\/canal7slp.tv\\\/2025\\\/#organization\",\"name\":\"Noticieros Canal 7\",\"url\":\"https:\\\/\\\/canal7slp.tv\\\/2025\\\/\",\"logo\":{\"@type\":\"ImageObject\",\"inLanguage\":\"es\",\"@id\":\"https:\\\/\\\/canal7slp.tv\\\/2025\\\/#\\\/schema\\\/logo\\\/image\\\/\",\"url\":\"https:\\\/\\\/canal7slp.tv\\\/2025\\\/wp-content\\\/uploads\\\/2021\\\/01\\\/logo-noticieros@2x.png\",\"contentUrl\":\"https:\\\/\\\/canal7slp.tv\\\/2025\\\/wp-content\\\/uploads\\\/2021\\\/01\\\/logo-noticieros@2x.png\",\"width\":1017,\"height\":268,\"caption\":\"Noticieros Canal 7\"},\"image\":{\"@id\":\"https:\\\/\\\/canal7slp.tv\\\/2025\\\/#\\\/schema\\\/logo\\\/image\\\/\"},\"sameAs\":[\"https:\\\/\\\/www.facebook.com\\\/noticieroscanal7atencionciudadana\\\/\",\"https:\\\/\\\/x.com\\\/NOTICIEROS7\",\"https:\\\/\\\/www.instagram.com\\\/canal7_slp\",\"https:\\\/\\\/www.youtube.com\\\/channel\\\/UCliiYs-gP3JfJeqdPrNdd5A\"]},{\"@type\":\"Person\",\"@id\":\"https:\\\/\\\/canal7slp.tv\\\/2025\\\/#\\\/schema\\\/person\\\/271e2b60a96e7cc9d9ac296f4d7e414b\",\"name\":\"Edici\u00f3n Web\",\"image\":{\"@type\":\"ImageObject\",\"inLanguage\":\"es\",\"@id\":\"https:\\\/\\\/secure.gravatar.com\\\/avatar\\\/eee448fc3f7164808013b816ba91ac7e43bbe82a70bebac296f8bc6f0addaa1a?s=96&d=mm&r=g\",\"url\":\"https:\\\/\\\/secure.gravatar.com\\\/avatar\\\/eee448fc3f7164808013b816ba91ac7e43bbe82a70bebac296f8bc6f0addaa1a?s=96&d=mm&r=g\",\"contentUrl\":\"https:\\\/\\\/secure.gravatar.com\\\/avatar\\\/eee448fc3f7164808013b816ba91ac7e43bbe82a70bebac296f8bc6f0addaa1a?s=96&d=mm&r=g\",\"caption\":\"Edici\u00f3n Web\"},\"url\":\"https:\\\/\\\/canal7slp.tv\\\/2025\\\/author\\\/edicionweb\\\/\"}]}<\/script>\n<!-- \/ Yoast SEO plugin. -->","yoast_head_json":{"title":"Implementar\u00e1n \"medidas ejemplares\" para combatir el bullying en SLP - Canal 7 SLP - 2025","robots":{"index":"index","follow":"follow","max-snippet":"max-snippet:-1","max-image-preview":"max-image-preview:large","max-video-preview":"max-video-preview:-1"},"canonical":"https:\/\/canal7slp.tv\/2025\/implementaran-medidas-ejemplares-para-combatir-el-bullying-en-slp\/","og_locale":"es_ES","og_type":"article","og_title":"Implementar\u00e1n \"medidas ejemplares\" para combatir el bullying en SLP - Canal 7 SLP - 2025","og_description":"SLP.- Tras el caso de bullying registrado en el municipio de Rioverde, el gobernador del estado de San Luis Potos\u00ed, Ricardo Gallardo Cardona, anunci\u00f3 una serie de acciones para prevenir y sancionar este tipo de agresiones en las instituciones educativas. \u00abSe est\u00e1 haciendo un hecho hist\u00f3rico, por ah\u00ed va a haber algunos&#8230; H\u00edjole no le quiero llamar detenciones, pero s\u00ed se va a llevar a la justicia a los ni\u00f1os que le hicieron el bullying, j\u00f3venes que hicieron el bullying en Rioverde\u00bb, declar\u00f3. Subray\u00f3 que se aplicar\u00e1n castigos ejemplares para evitar la repetici\u00f3n de situaciones similares en otros entes educativos [&hellip;]","og_url":"https:\/\/canal7slp.tv\/2025\/implementaran-medidas-ejemplares-para-combatir-el-bullying-en-slp\/","og_site_name":"Canal 7 SLP - 2025","article_publisher":"https:\/\/www.facebook.com\/noticieroscanal7atencionciudadana\/","article_published_time":"2025-02-24T22:02:21+00:00","og_image":[{"width":1280,"height":720,"url":"https:\/\/canal7slp.tv\/2025\/wp-content\/uploads\/2025\/02\/Vazquez02GoberBullying.jpg","type":"image\/jpeg"}],"author":"Edici\u00f3n Web","twitter_card":"summary_large_image","twitter_creator":"@NOTICIEROS7","twitter_site":"@NOTICIEROS7","twitter_misc":{"Escrito por":"Edici\u00f3n Web","Tiempo de lectura":"2 minutos"},"schema":{"@context":"https:\/\/schema.org","@graph":[{"@type":"Article","@id":"https:\/\/canal7slp.tv\/2025\/implementaran-medidas-ejemplares-para-combatir-el-bullying-en-slp\/#article","isPartOf":{"@id":"https:\/\/canal7slp.tv\/2025\/implementaran-medidas-ejemplares-para-combatir-el-bullying-en-slp\/"},"author":{"name":"Edici\u00f3n Web","@id":"https:\/\/canal7slp.tv\/2025\/#\/schema\/person\/271e2b60a96e7cc9d9ac296f4d7e414b"},"headline":"Implementar\u00e1n \u00abmedidas ejemplares\u00bb para combatir el bullying en SLP","datePublished":"2025-02-24T22:02:21+00:00","mainEntityOfPage":{"@id":"https:\/\/canal7slp.tv\/2025\/implementaran-medidas-ejemplares-para-combatir-el-bullying-en-slp\/"},"wordCount":364,"publisher":{"@id":"https:\/\/canal7slp.tv\/2025\/#organization"},"image":{"@id":"https:\/\/canal7slp.tv\/2025\/implementaran-medidas-ejemplares-para-combatir-el-bullying-en-slp\/#primaryimage"},"thumbnailUrl":"https:\/\/canal7slp.tv\/2025\/wp-content\/uploads\/2025\/02\/Vazquez02GoberBullying.jpg","articleSection":["DESTACADAS","GOBEDOSLP","LOCALES Y REGIONALES"],"inLanguage":"es"},{"@type":"WebPage","@id":"https:\/\/canal7slp.tv\/2025\/implementaran-medidas-ejemplares-para-combatir-el-bullying-en-slp\/","url":"https:\/\/canal7slp.tv\/2025\/implementaran-medidas-ejemplares-para-combatir-el-bullying-en-slp\/","name":"Implementar\u00e1n \"medidas ejemplares\" para combatir el bullying en SLP - Canal 7 SLP - 2025","isPartOf":{"@id":"https:\/\/canal7slp.tv\/2025\/#website"},"primaryImageOfPage":{"@id":"https:\/\/canal7slp.tv\/2025\/implementaran-medidas-ejemplares-para-combatir-el-bullying-en-slp\/#primaryimage"},"image":{"@id":"https:\/\/canal7slp.tv\/2025\/implementaran-medidas-ejemplares-para-combatir-el-bullying-en-slp\/#primaryimage"},"thumbnailUrl":"https:\/\/canal7slp.tv\/2025\/wp-content\/uploads\/2025\/02\/Vazquez02GoberBullying.jpg","datePublished":"2025-02-24T22:02:21+00:00","breadcrumb":{"@id":"https:\/\/canal7slp.tv\/2025\/implementaran-medidas-ejemplares-para-combatir-el-bullying-en-slp\/#breadcrumb"},"inLanguage":"es","potentialAction":[{"@type":"ReadAction","target":["https:\/\/canal7slp.tv\/2025\/implementaran-medidas-ejemplares-para-combatir-el-bullying-en-slp\/"]}]},{"@type":"ImageObject","inLanguage":"es","@id":"https:\/\/canal7slp.tv\/2025\/implementaran-medidas-ejemplares-para-combatir-el-bullying-en-slp\/#primaryimage","url":"https:\/\/canal7slp.tv\/2025\/wp-content\/uploads\/2025\/02\/Vazquez02GoberBullying.jpg","contentUrl":"https:\/\/canal7slp.tv\/2025\/wp-content\/uploads\/2025\/02\/Vazquez02GoberBullying.jpg","width":1280,"height":720},{"@type":"BreadcrumbList","@id":"https:\/\/canal7slp.tv\/2025\/implementaran-medidas-ejemplares-para-combatir-el-bullying-en-slp\/#breadcrumb","itemListElement":[{"@type":"ListItem","position":1,"name":"Portada","item":"https:\/\/canal7slp.tv\/2025\/"},{"@type":"ListItem","position":2,"name":"Implementar\u00e1n \u00abmedidas ejemplares\u00bb para combatir el bullying en SLP"}]},{"@type":"WebSite","@id":"https:\/\/canal7slp.tv\/2025\/#website","url":"https:\/\/canal7slp.tv\/2025\/","name":"N7 - Noticieros Canal 7","description":"Somos el Medio","publisher":{"@id":"https:\/\/canal7slp.tv\/2025\/#organization"},"potentialAction":[{"@type":"SearchAction","target":{"@type":"EntryPoint","urlTemplate":"https:\/\/canal7slp.tv\/2025\/?s={search_term_string}"},"query-input":{"@type":"PropertyValueSpecification","valueRequired":true,"valueName":"search_term_string"}}],"inLanguage":"es"},{"@type":"Organization","@id":"https:\/\/canal7slp.tv\/2025\/#organization","name":"Noticieros Canal 7","url":"https:\/\/canal7slp.tv\/2025\/","logo":{"@type":"ImageObject","inLanguage":"es","@id":"https:\/\/canal7slp.tv\/2025\/#\/schema\/logo\/image\/","url":"https:\/\/canal7slp.tv\/2025\/wp-content\/uploads\/2021\/01\/logo-noticieros@2x.png","contentUrl":"https:\/\/canal7slp.tv\/2025\/wp-content\/uploads\/2021\/01\/logo-noticieros@2x.png","width":1017,"height":268,"caption":"Noticieros Canal 7"},"image":{"@id":"https:\/\/canal7slp.tv\/2025\/#\/schema\/logo\/image\/"},"sameAs":["https:\/\/www.facebook.com\/noticieroscanal7atencionciudadana\/","https:\/\/x.com\/NOTICIEROS7","https:\/\/www.instagram.com\/canal7_slp","https:\/\/www.youtube.com\/channel\/UCliiYs-gP3JfJeqdPrNdd5A"]},{"@type":"Person","@id":"https:\/\/canal7slp.tv\/2025\/#\/schema\/person\/271e2b60a96e7cc9d9ac296f4d7e414b","name":"Edici\u00f3n Web","image":{"@type":"ImageObject","inLanguage":"es","@id":"https:\/\/secure.gravatar.com\/avatar\/eee448fc3f7164808013b816ba91ac7e43bbe82a70bebac296f8bc6f0addaa1a?s=96&d=mm&r=g","url":"https:\/\/secure.gravatar.com\/avatar\/eee448fc3f7164808013b816ba91ac7e43bbe82a70bebac296f8bc6f0addaa1a?s=96&d=mm&r=g","contentUrl":"https:\/\/secure.gravatar.com\/avatar\/eee448fc3f7164808013b816ba91ac7e43bbe82a70bebac296f8bc6f0addaa1a?s=96&d=mm&r=g","caption":"Edici\u00f3n Web"},"url":"https:\/\/canal7slp.tv\/2025\/author\/edicionweb\/"}]}},"_links":{"self":[{"href":"https:\/\/canal7slp.tv\/2025\/wp-json\/wp\/v2\/posts\/159145","targetHints":{"allow":["GET"]}}],"collection":[{"href":"https:\/\/canal7slp.tv\/2025\/wp-json\/wp\/v2\/posts"}],"about":[{"href":"https:\/\/canal7slp.tv\/2025\/wp-json\/wp\/v2\/types\/post"}],"author":[{"embeddable":true,"href":"https:\/\/canal7slp.tv\/2025\/wp-json\/wp\/v2\/users\/2"}],"replies":[{"embeddable":true,"href":"https:\/\/canal7slp.tv\/2025\/wp-json\/wp\/v2\/comments?post=159145"}],"version-history":[{"count":1,"href":"https:\/\/canal7slp.tv\/2025\/wp-json\/wp\/v2\/posts\/159145\/revisions"}],"predecessor-version":[{"id":159148,"href":"https:\/\/canal7slp.tv\/2025\/wp-json\/wp\/v2\/posts\/159145\/revisions\/159148"}],"wp:featuredmedia":[{"embeddable":true,"href":"https:\/\/canal7slp.tv\/2025\/wp-json\/wp\/v2\/media\/159147"}],"wp:attachment":[{"href":"https:\/\/canal7slp.tv\/2025\/wp-json\/wp\/v2\/media?parent=159145"}],"wp:term":[{"taxonomy":"category","embeddable":true,"href":"https:\/\/canal7slp.tv\/2025\/wp-json\/wp\/v2\/categories?post=159145"},{"taxonomy":"post_tag","embeddable":true,"href":"https:\/\/canal7slp.tv\/2025\/wp-json\/wp\/v2\/tags?post=159145"}],"curies":[{"name":"wp","href":"https:\/\/api.w.org\/{rel}","templated":true}]}}