{"id":159141,"date":"2025-02-24T15:58:31","date_gmt":"2025-02-24T21:58:31","guid":{"rendered":"https:\/\/canal7slp.tv\/2025\/?p=159141"},"modified":"2025-02-24T15:58:31","modified_gmt":"2025-02-24T21:58:31","slug":"autoridades-de-slp-conmemoran-el-dia-de-la-bandera","status":"publish","type":"post","link":"https:\/\/canal7slp.tv\/2025\/autoridades-de-slp-conmemoran-el-dia-de-la-bandera\/","title":{"rendered":"Autoridades de SLP conmemoran el D\u00eda de la Bandera"},"content":{"rendered":"<p style=\"text-align: justify;\"><span style=\"font-size: 1.21429rem;\">SLP.- En el marco de la conmemoraci\u00f3n del D\u00eda de la Bandera, el gobernador de San Luis Potos\u00ed, Ricardo Gallardo Cardona, encabez\u00f3 un evento protocolario donde resalt\u00f3 la importancia del l\u00e1baro patrio como s\u00edmbolo de identidad y unidad nacional.<\/span><\/p>\n<p style=\"text-align: justify;\">\u00abHoy es un d\u00eda de orgullo, un d\u00eda para recordar que nuestra bandera no es solo un s\u00edmbolo de M\u00e9xico, sino el reflejo de nuestra historia, de la lucha de los h\u00e9roes y del esfuerzo diario que cada uno de nosotros construimos para un mejor futuro\u00bb, expres\u00f3.<\/p>\n<p style=\"text-align: justify;\">En su discurso, destac\u00f3 el significado de los colores de la bandera mexicana y los valores que representan.<\/p>\n<p style=\"text-align: justify;\">\u00abLa bandera que hoy honramos representa la libertad, la justicia y la esperanza. Cada uno de sus colores tiene un significado profundo: el verde es la esperanza de un M\u00e9xico pr\u00f3spero, el blanco es la unidad de nuestro pueblo y el rojo es la sangre de los h\u00e9roes que nos dieron patria\u00bb, agreg\u00f3.<\/p>\n<p style=\"text-align: justify;\">Dirigi\u00e9ndose a las ni\u00f1as y ni\u00f1os que participaron en el acto c\u00edvico, enfatiz\u00f3 el compromiso que implica rendir homenaje a la bandera y la relevancia de la educaci\u00f3n como pilar del desarrollo social.<\/p>\n<p style=\"text-align: justify;\">\u00abUstedes, ni\u00f1as y ni\u00f1os, al hacer el juramento de esta bandera est\u00e1n comprometi\u00e9ndose con su pa\u00eds, con sus familias y con su futuro. Ustedes son el presente y la esperanza de San Luis Potos\u00ed, por eso en este gobierno hemos puesto en el centro de nuestra atenci\u00f3n a la educaci\u00f3n\u00bb, sostuvo.<\/p>\n<p style=\"text-align: justify;\">En este sentido, aprovech\u00f3 para criticar la gesti\u00f3n de administraciones pasadas y resalt\u00f3 las acciones implementadas por su gobierno para fortalecer el sistema educativo.<\/p>\n<p style=\"text-align: justify;\">\u00abSabemos que un pueblo con educaci\u00f3n es un pueblo fuerte, libre y con oportunidades, a diferencia de la herencia maldita que por a\u00f1os abandon\u00f3 nuestras escuelas, que hoy dej\u00f3 a nuestros ni\u00f1os sin apoyo y a nuestros j\u00f3venes sin oportunidades\u00bb, asever\u00f3.<\/p>\n<p style=\"text-align: justify;\">Continu\u00f3: \u00abHoy San Luis Potos\u00ed est\u00e1 de pie y con camino hacia un estado con verdadera justicia social. Hemos construido m\u00e1s de 400 nuevas escuelas en todo el estado para que ning\u00fan ni\u00f1o tenga que estudiar en condiciones indignas\u00bb.<\/p>\n<p style=\"text-align: justify;\">Entre los programas sociales dirigidos a estudiantes, Gallardo Cardona mencion\u00f3 el apoyo con materiales escolares y el transporte gratuito.<\/p>\n<p style=\"text-align: justify;\">\u00abCada estudiante de primaria y secundaria recibe \u00fatiles, mochilas, zapatos y uniformes gratuitos, porque no podemos permitir que la falta de recursos impida su educaci\u00f3n. Tambi\u00e9n hemos puesto en marcha la Red Metro para que el transporte sea gratuito para los estudiantes y que nadie se quede sin escuela por falta de dinero para el pasaje\u00bb, detall\u00f3.<\/p>\n<p style=\"text-align: justify;\">Tambi\u00e9n reafirm\u00f3 el compromiso de su administraci\u00f3n con el bienestar de la poblaci\u00f3n y llam\u00f3 a las nuevas generaciones a sentirse orgullosas de sus ra\u00edces.<\/p>\n<p style=\"text-align: justify;\">\u00abEstos son los logros reales y hechos, no palabras. Este es un gobierno que trabaja por su gente, que cumple y se transforma. Ni\u00f1as y ni\u00f1os, j\u00f3venes, miren nuestra bandera con orgullo porque representa la grandeza de M\u00e9xico, pero tambi\u00e9n representa su futuro\u00bb, expres\u00f3.<\/p>\n<p style=\"text-align: justify;\">Concluy\u00f3: \u00abCada vez que la vean ondear, recuerden que son parte de esta naci\u00f3n, y con su esfuerzo, con su estudio y con su amor a M\u00e9xico, ustedes pueden escribir la historia. Hoy, con el coraz\u00f3n lleno de orgullo, levantemos la voz y gritemos: \u00a1Viva nuestra bandera, Viva M\u00e9xico, Viva San Luis Potos\u00ed!\u00bb.<\/p>\n<p>Por: Jos\u00e9 Luis V\u00e1zquez<\/p>\n","protected":false},"excerpt":{"rendered":"<p>SLP.- En el marco de la conmemoraci\u00f3n del D\u00eda de la Bandera, el gobernador de San Luis Potos\u00ed, Ricardo Gallardo Cardona, encabez\u00f3 un evento protocolario donde resalt\u00f3 la importancia del l\u00e1baro patrio como s\u00edmbolo de identidad y unidad nacional. \u00abHoy es un d\u00eda de orgullo, un d\u00eda para recordar que nuestra bandera no es solo un s\u00edmbolo de M\u00e9xico, sino el reflejo de nuestra historia, de la lucha de los h\u00e9roes y del esfuerzo diario que cada uno de nosotros construimos para un mejor futuro\u00bb, expres\u00f3. En su discurso, destac\u00f3 el significado de los colores de la bandera mexicana y [&hellip;]<\/p>\n","protected":false},"author":2,"featured_media":159143,"comment_status":"closed","ping_status":"closed","sticky":false,"template":"","format":"video","meta":{"_monsterinsights_skip_tracking":false,"_monsterinsights_sitenote_active":false,"_monsterinsights_sitenote_note":"","_monsterinsights_sitenote_category":0,"footnotes":""},"categories":[5,510,45],"tags":[],"class_list":["post-159141","post","type-post","status-publish","format-video","has-post-thumbnail","hentry","category-destacadas","category-gobedoslp","category-localesyregionales","post_format-post-format-video","post--single"],"yoast_head":"<!-- This site is optimized with the Yoast SEO plugin v27.5 - https:\/\/yoast.com\/product\/yoast-seo-wordpress\/ -->\n<title>Autoridades de SLP conmemoran el D\u00eda de la Bandera - Canal 7 SLP - 2025<\/title>\n<meta name=\"robots\" content=\"index, follow, max-snippet:-1, max-image-preview:large, max-video-preview:-1\" \/>\n<link rel=\"canonical\" href=\"https:\/\/canal7slp.tv\/2025\/autoridades-de-slp-conmemoran-el-dia-de-la-bandera\/\" \/>\n<meta property=\"og:locale\" content=\"es_ES\" \/>\n<meta property=\"og:type\" content=\"article\" \/>\n<meta property=\"og:title\" content=\"Autoridades de SLP conmemoran el D\u00eda de la Bandera - Canal 7 SLP - 2025\" \/>\n<meta property=\"og:description\" content=\"SLP.- En el marco de la conmemoraci\u00f3n del D\u00eda de la Bandera, el gobernador de San Luis Potos\u00ed, Ricardo Gallardo Cardona, encabez\u00f3 un evento protocolario donde resalt\u00f3 la importancia del l\u00e1baro patrio como s\u00edmbolo de identidad y unidad nacional. \u00abHoy es un d\u00eda de orgullo, un d\u00eda para recordar que nuestra bandera no es solo un s\u00edmbolo de M\u00e9xico, sino el reflejo de nuestra historia, de la lucha de los h\u00e9roes y del esfuerzo diario que cada uno de nosotros construimos para un mejor futuro\u00bb, expres\u00f3. En su discurso, destac\u00f3 el significado de los colores de la bandera mexicana y [&hellip;]\" \/>\n<meta property=\"og:url\" content=\"https:\/\/canal7slp.tv\/2025\/autoridades-de-slp-conmemoran-el-dia-de-la-bandera\/\" \/>\n<meta property=\"og:site_name\" content=\"Canal 7 SLP - 2025\" \/>\n<meta property=\"article:publisher\" content=\"https:\/\/www.facebook.com\/noticieroscanal7atencionciudadana\/\" \/>\n<meta property=\"article:published_time\" content=\"2025-02-24T21:58:31+00:00\" \/>\n<meta property=\"og:image\" content=\"https:\/\/canal7slp.tv\/2025\/wp-content\/uploads\/2025\/02\/Vazquez01DiaDelaBandera.jpg\" \/>\n\t<meta property=\"og:image:width\" content=\"1280\" \/>\n\t<meta property=\"og:image:height\" content=\"720\" \/>\n\t<meta property=\"og:image:type\" content=\"image\/jpeg\" \/>\n<meta name=\"author\" content=\"Edici\u00f3n Web\" \/>\n<meta name=\"twitter:card\" content=\"summary_large_image\" \/>\n<meta name=\"twitter:creator\" content=\"@NOTICIEROS7\" \/>\n<meta name=\"twitter:site\" content=\"@NOTICIEROS7\" \/>\n<meta name=\"twitter:label1\" content=\"Escrito por\" \/>\n\t<meta name=\"twitter:data1\" content=\"Edici\u00f3n Web\" \/>\n\t<meta name=\"twitter:label2\" content=\"Tiempo de lectura\" \/>\n\t<meta name=\"twitter:data2\" content=\"3 minutos\" \/>\n<script type=\"application\/ld+json\" class=\"yoast-schema-graph\">{\"@context\":\"https:\\\/\\\/schema.org\",\"@graph\":[{\"@type\":\"Article\",\"@id\":\"https:\\\/\\\/canal7slp.tv\\\/2025\\\/autoridades-de-slp-conmemoran-el-dia-de-la-bandera\\\/#article\",\"isPartOf\":{\"@id\":\"https:\\\/\\\/canal7slp.tv\\\/2025\\\/autoridades-de-slp-conmemoran-el-dia-de-la-bandera\\\/\"},\"author\":{\"name\":\"Edici\u00f3n Web\",\"@id\":\"https:\\\/\\\/canal7slp.tv\\\/2025\\\/#\\\/schema\\\/person\\\/271e2b60a96e7cc9d9ac296f4d7e414b\"},\"headline\":\"Autoridades de SLP conmemoran el D\u00eda de la Bandera\",\"datePublished\":\"2025-02-24T21:58:31+00:00\",\"mainEntityOfPage\":{\"@id\":\"https:\\\/\\\/canal7slp.tv\\\/2025\\\/autoridades-de-slp-conmemoran-el-dia-de-la-bandera\\\/\"},\"wordCount\":605,\"publisher\":{\"@id\":\"https:\\\/\\\/canal7slp.tv\\\/2025\\\/#organization\"},\"image\":{\"@id\":\"https:\\\/\\\/canal7slp.tv\\\/2025\\\/autoridades-de-slp-conmemoran-el-dia-de-la-bandera\\\/#primaryimage\"},\"thumbnailUrl\":\"https:\\\/\\\/canal7slp.tv\\\/2025\\\/wp-content\\\/uploads\\\/2025\\\/02\\\/Vazquez01DiaDelaBandera.jpg\",\"articleSection\":[\"DESTACADAS\",\"GOBEDOSLP\",\"LOCALES Y REGIONALES\"],\"inLanguage\":\"es\"},{\"@type\":\"WebPage\",\"@id\":\"https:\\\/\\\/canal7slp.tv\\\/2025\\\/autoridades-de-slp-conmemoran-el-dia-de-la-bandera\\\/\",\"url\":\"https:\\\/\\\/canal7slp.tv\\\/2025\\\/autoridades-de-slp-conmemoran-el-dia-de-la-bandera\\\/\",\"name\":\"Autoridades de SLP conmemoran el D\u00eda de la Bandera - Canal 7 SLP - 2025\",\"isPartOf\":{\"@id\":\"https:\\\/\\\/canal7slp.tv\\\/2025\\\/#website\"},\"primaryImageOfPage\":{\"@id\":\"https:\\\/\\\/canal7slp.tv\\\/2025\\\/autoridades-de-slp-conmemoran-el-dia-de-la-bandera\\\/#primaryimage\"},\"image\":{\"@id\":\"https:\\\/\\\/canal7slp.tv\\\/2025\\\/autoridades-de-slp-conmemoran-el-dia-de-la-bandera\\\/#primaryimage\"},\"thumbnailUrl\":\"https:\\\/\\\/canal7slp.tv\\\/2025\\\/wp-content\\\/uploads\\\/2025\\\/02\\\/Vazquez01DiaDelaBandera.jpg\",\"datePublished\":\"2025-02-24T21:58:31+00:00\",\"breadcrumb\":{\"@id\":\"https:\\\/\\\/canal7slp.tv\\\/2025\\\/autoridades-de-slp-conmemoran-el-dia-de-la-bandera\\\/#breadcrumb\"},\"inLanguage\":\"es\",\"potentialAction\":[{\"@type\":\"ReadAction\",\"target\":[\"https:\\\/\\\/canal7slp.tv\\\/2025\\\/autoridades-de-slp-conmemoran-el-dia-de-la-bandera\\\/\"]}]},{\"@type\":\"ImageObject\",\"inLanguage\":\"es\",\"@id\":\"https:\\\/\\\/canal7slp.tv\\\/2025\\\/autoridades-de-slp-conmemoran-el-dia-de-la-bandera\\\/#primaryimage\",\"url\":\"https:\\\/\\\/canal7slp.tv\\\/2025\\\/wp-content\\\/uploads\\\/2025\\\/02\\\/Vazquez01DiaDelaBandera.jpg\",\"contentUrl\":\"https:\\\/\\\/canal7slp.tv\\\/2025\\\/wp-content\\\/uploads\\\/2025\\\/02\\\/Vazquez01DiaDelaBandera.jpg\",\"width\":1280,\"height\":720},{\"@type\":\"BreadcrumbList\",\"@id\":\"https:\\\/\\\/canal7slp.tv\\\/2025\\\/autoridades-de-slp-conmemoran-el-dia-de-la-bandera\\\/#breadcrumb\",\"itemListElement\":[{\"@type\":\"ListItem\",\"position\":1,\"name\":\"Portada\",\"item\":\"https:\\\/\\\/canal7slp.tv\\\/2025\\\/\"},{\"@type\":\"ListItem\",\"position\":2,\"name\":\"Autoridades de SLP conmemoran el D\u00eda de la Bandera\"}]},{\"@type\":\"WebSite\",\"@id\":\"https:\\\/\\\/canal7slp.tv\\\/2025\\\/#website\",\"url\":\"https:\\\/\\\/canal7slp.tv\\\/2025\\\/\",\"name\":\"N7 - Noticieros Canal 7\",\"description\":\"Somos el Medio\",\"publisher\":{\"@id\":\"https:\\\/\\\/canal7slp.tv\\\/2025\\\/#organization\"},\"potentialAction\":[{\"@type\":\"SearchAction\",\"target\":{\"@type\":\"EntryPoint\",\"urlTemplate\":\"https:\\\/\\\/canal7slp.tv\\\/2025\\\/?s={search_term_string}\"},\"query-input\":{\"@type\":\"PropertyValueSpecification\",\"valueRequired\":true,\"valueName\":\"search_term_string\"}}],\"inLanguage\":\"es\"},{\"@type\":\"Organization\",\"@id\":\"https:\\\/\\\/canal7slp.tv\\\/2025\\\/#organization\",\"name\":\"Noticieros Canal 7\",\"url\":\"https:\\\/\\\/canal7slp.tv\\\/2025\\\/\",\"logo\":{\"@type\":\"ImageObject\",\"inLanguage\":\"es\",\"@id\":\"https:\\\/\\\/canal7slp.tv\\\/2025\\\/#\\\/schema\\\/logo\\\/image\\\/\",\"url\":\"https:\\\/\\\/canal7slp.tv\\\/2025\\\/wp-content\\\/uploads\\\/2021\\\/01\\\/logo-noticieros@2x.png\",\"contentUrl\":\"https:\\\/\\\/canal7slp.tv\\\/2025\\\/wp-content\\\/uploads\\\/2021\\\/01\\\/logo-noticieros@2x.png\",\"width\":1017,\"height\":268,\"caption\":\"Noticieros Canal 7\"},\"image\":{\"@id\":\"https:\\\/\\\/canal7slp.tv\\\/2025\\\/#\\\/schema\\\/logo\\\/image\\\/\"},\"sameAs\":[\"https:\\\/\\\/www.facebook.com\\\/noticieroscanal7atencionciudadana\\\/\",\"https:\\\/\\\/x.com\\\/NOTICIEROS7\",\"https:\\\/\\\/www.instagram.com\\\/canal7_slp\",\"https:\\\/\\\/www.youtube.com\\\/channel\\\/UCliiYs-gP3JfJeqdPrNdd5A\"]},{\"@type\":\"Person\",\"@id\":\"https:\\\/\\\/canal7slp.tv\\\/2025\\\/#\\\/schema\\\/person\\\/271e2b60a96e7cc9d9ac296f4d7e414b\",\"name\":\"Edici\u00f3n Web\",\"image\":{\"@type\":\"ImageObject\",\"inLanguage\":\"es\",\"@id\":\"https:\\\/\\\/secure.gravatar.com\\\/avatar\\\/eee448fc3f7164808013b816ba91ac7e43bbe82a70bebac296f8bc6f0addaa1a?s=96&d=mm&r=g\",\"url\":\"https:\\\/\\\/secure.gravatar.com\\\/avatar\\\/eee448fc3f7164808013b816ba91ac7e43bbe82a70bebac296f8bc6f0addaa1a?s=96&d=mm&r=g\",\"contentUrl\":\"https:\\\/\\\/secure.gravatar.com\\\/avatar\\\/eee448fc3f7164808013b816ba91ac7e43bbe82a70bebac296f8bc6f0addaa1a?s=96&d=mm&r=g\",\"caption\":\"Edici\u00f3n Web\"},\"url\":\"https:\\\/\\\/canal7slp.tv\\\/2025\\\/author\\\/edicionweb\\\/\"}]}<\/script>\n<!-- \/ Yoast SEO plugin. -->","yoast_head_json":{"title":"Autoridades de SLP conmemoran el D\u00eda de la Bandera - Canal 7 SLP - 2025","robots":{"index":"index","follow":"follow","max-snippet":"max-snippet:-1","max-image-preview":"max-image-preview:large","max-video-preview":"max-video-preview:-1"},"canonical":"https:\/\/canal7slp.tv\/2025\/autoridades-de-slp-conmemoran-el-dia-de-la-bandera\/","og_locale":"es_ES","og_type":"article","og_title":"Autoridades de SLP conmemoran el D\u00eda de la Bandera - Canal 7 SLP - 2025","og_description":"SLP.- En el marco de la conmemoraci\u00f3n del D\u00eda de la Bandera, el gobernador de San Luis Potos\u00ed, Ricardo Gallardo Cardona, encabez\u00f3 un evento protocolario donde resalt\u00f3 la importancia del l\u00e1baro patrio como s\u00edmbolo de identidad y unidad nacional. \u00abHoy es un d\u00eda de orgullo, un d\u00eda para recordar que nuestra bandera no es solo un s\u00edmbolo de M\u00e9xico, sino el reflejo de nuestra historia, de la lucha de los h\u00e9roes y del esfuerzo diario que cada uno de nosotros construimos para un mejor futuro\u00bb, expres\u00f3. En su discurso, destac\u00f3 el significado de los colores de la bandera mexicana y [&hellip;]","og_url":"https:\/\/canal7slp.tv\/2025\/autoridades-de-slp-conmemoran-el-dia-de-la-bandera\/","og_site_name":"Canal 7 SLP - 2025","article_publisher":"https:\/\/www.facebook.com\/noticieroscanal7atencionciudadana\/","article_published_time":"2025-02-24T21:58:31+00:00","og_image":[{"width":1280,"height":720,"url":"https:\/\/canal7slp.tv\/2025\/wp-content\/uploads\/2025\/02\/Vazquez01DiaDelaBandera.jpg","type":"image\/jpeg"}],"author":"Edici\u00f3n Web","twitter_card":"summary_large_image","twitter_creator":"@NOTICIEROS7","twitter_site":"@NOTICIEROS7","twitter_misc":{"Escrito por":"Edici\u00f3n Web","Tiempo de lectura":"3 minutos"},"schema":{"@context":"https:\/\/schema.org","@graph":[{"@type":"Article","@id":"https:\/\/canal7slp.tv\/2025\/autoridades-de-slp-conmemoran-el-dia-de-la-bandera\/#article","isPartOf":{"@id":"https:\/\/canal7slp.tv\/2025\/autoridades-de-slp-conmemoran-el-dia-de-la-bandera\/"},"author":{"name":"Edici\u00f3n Web","@id":"https:\/\/canal7slp.tv\/2025\/#\/schema\/person\/271e2b60a96e7cc9d9ac296f4d7e414b"},"headline":"Autoridades de SLP conmemoran el D\u00eda de la Bandera","datePublished":"2025-02-24T21:58:31+00:00","mainEntityOfPage":{"@id":"https:\/\/canal7slp.tv\/2025\/autoridades-de-slp-conmemoran-el-dia-de-la-bandera\/"},"wordCount":605,"publisher":{"@id":"https:\/\/canal7slp.tv\/2025\/#organization"},"image":{"@id":"https:\/\/canal7slp.tv\/2025\/autoridades-de-slp-conmemoran-el-dia-de-la-bandera\/#primaryimage"},"thumbnailUrl":"https:\/\/canal7slp.tv\/2025\/wp-content\/uploads\/2025\/02\/Vazquez01DiaDelaBandera.jpg","articleSection":["DESTACADAS","GOBEDOSLP","LOCALES Y REGIONALES"],"inLanguage":"es"},{"@type":"WebPage","@id":"https:\/\/canal7slp.tv\/2025\/autoridades-de-slp-conmemoran-el-dia-de-la-bandera\/","url":"https:\/\/canal7slp.tv\/2025\/autoridades-de-slp-conmemoran-el-dia-de-la-bandera\/","name":"Autoridades de SLP conmemoran el D\u00eda de la Bandera - Canal 7 SLP - 2025","isPartOf":{"@id":"https:\/\/canal7slp.tv\/2025\/#website"},"primaryImageOfPage":{"@id":"https:\/\/canal7slp.tv\/2025\/autoridades-de-slp-conmemoran-el-dia-de-la-bandera\/#primaryimage"},"image":{"@id":"https:\/\/canal7slp.tv\/2025\/autoridades-de-slp-conmemoran-el-dia-de-la-bandera\/#primaryimage"},"thumbnailUrl":"https:\/\/canal7slp.tv\/2025\/wp-content\/uploads\/2025\/02\/Vazquez01DiaDelaBandera.jpg","datePublished":"2025-02-24T21:58:31+00:00","breadcrumb":{"@id":"https:\/\/canal7slp.tv\/2025\/autoridades-de-slp-conmemoran-el-dia-de-la-bandera\/#breadcrumb"},"inLanguage":"es","potentialAction":[{"@type":"ReadAction","target":["https:\/\/canal7slp.tv\/2025\/autoridades-de-slp-conmemoran-el-dia-de-la-bandera\/"]}]},{"@type":"ImageObject","inLanguage":"es","@id":"https:\/\/canal7slp.tv\/2025\/autoridades-de-slp-conmemoran-el-dia-de-la-bandera\/#primaryimage","url":"https:\/\/canal7slp.tv\/2025\/wp-content\/uploads\/2025\/02\/Vazquez01DiaDelaBandera.jpg","contentUrl":"https:\/\/canal7slp.tv\/2025\/wp-content\/uploads\/2025\/02\/Vazquez01DiaDelaBandera.jpg","width":1280,"height":720},{"@type":"BreadcrumbList","@id":"https:\/\/canal7slp.tv\/2025\/autoridades-de-slp-conmemoran-el-dia-de-la-bandera\/#breadcrumb","itemListElement":[{"@type":"ListItem","position":1,"name":"Portada","item":"https:\/\/canal7slp.tv\/2025\/"},{"@type":"ListItem","position":2,"name":"Autoridades de SLP conmemoran el D\u00eda de la Bandera"}]},{"@type":"WebSite","@id":"https:\/\/canal7slp.tv\/2025\/#website","url":"https:\/\/canal7slp.tv\/2025\/","name":"N7 - Noticieros Canal 7","description":"Somos el Medio","publisher":{"@id":"https:\/\/canal7slp.tv\/2025\/#organization"},"potentialAction":[{"@type":"SearchAction","target":{"@type":"EntryPoint","urlTemplate":"https:\/\/canal7slp.tv\/2025\/?s={search_term_string}"},"query-input":{"@type":"PropertyValueSpecification","valueRequired":true,"valueName":"search_term_string"}}],"inLanguage":"es"},{"@type":"Organization","@id":"https:\/\/canal7slp.tv\/2025\/#organization","name":"Noticieros Canal 7","url":"https:\/\/canal7slp.tv\/2025\/","logo":{"@type":"ImageObject","inLanguage":"es","@id":"https:\/\/canal7slp.tv\/2025\/#\/schema\/logo\/image\/","url":"https:\/\/canal7slp.tv\/2025\/wp-content\/uploads\/2021\/01\/logo-noticieros@2x.png","contentUrl":"https:\/\/canal7slp.tv\/2025\/wp-content\/uploads\/2021\/01\/logo-noticieros@2x.png","width":1017,"height":268,"caption":"Noticieros Canal 7"},"image":{"@id":"https:\/\/canal7slp.tv\/2025\/#\/schema\/logo\/image\/"},"sameAs":["https:\/\/www.facebook.com\/noticieroscanal7atencionciudadana\/","https:\/\/x.com\/NOTICIEROS7","https:\/\/www.instagram.com\/canal7_slp","https:\/\/www.youtube.com\/channel\/UCliiYs-gP3JfJeqdPrNdd5A"]},{"@type":"Person","@id":"https:\/\/canal7slp.tv\/2025\/#\/schema\/person\/271e2b60a96e7cc9d9ac296f4d7e414b","name":"Edici\u00f3n Web","image":{"@type":"ImageObject","inLanguage":"es","@id":"https:\/\/secure.gravatar.com\/avatar\/eee448fc3f7164808013b816ba91ac7e43bbe82a70bebac296f8bc6f0addaa1a?s=96&d=mm&r=g","url":"https:\/\/secure.gravatar.com\/avatar\/eee448fc3f7164808013b816ba91ac7e43bbe82a70bebac296f8bc6f0addaa1a?s=96&d=mm&r=g","contentUrl":"https:\/\/secure.gravatar.com\/avatar\/eee448fc3f7164808013b816ba91ac7e43bbe82a70bebac296f8bc6f0addaa1a?s=96&d=mm&r=g","caption":"Edici\u00f3n Web"},"url":"https:\/\/canal7slp.tv\/2025\/author\/edicionweb\/"}]}},"_links":{"self":[{"href":"https:\/\/canal7slp.tv\/2025\/wp-json\/wp\/v2\/posts\/159141","targetHints":{"allow":["GET"]}}],"collection":[{"href":"https:\/\/canal7slp.tv\/2025\/wp-json\/wp\/v2\/posts"}],"about":[{"href":"https:\/\/canal7slp.tv\/2025\/wp-json\/wp\/v2\/types\/post"}],"author":[{"embeddable":true,"href":"https:\/\/canal7slp.tv\/2025\/wp-json\/wp\/v2\/users\/2"}],"replies":[{"embeddable":true,"href":"https:\/\/canal7slp.tv\/2025\/wp-json\/wp\/v2\/comments?post=159141"}],"version-history":[{"count":1,"href":"https:\/\/canal7slp.tv\/2025\/wp-json\/wp\/v2\/posts\/159141\/revisions"}],"predecessor-version":[{"id":159144,"href":"https:\/\/canal7slp.tv\/2025\/wp-json\/wp\/v2\/posts\/159141\/revisions\/159144"}],"wp:featuredmedia":[{"embeddable":true,"href":"https:\/\/canal7slp.tv\/2025\/wp-json\/wp\/v2\/media\/159143"}],"wp:attachment":[{"href":"https:\/\/canal7slp.tv\/2025\/wp-json\/wp\/v2\/media?parent=159141"}],"wp:term":[{"taxonomy":"category","embeddable":true,"href":"https:\/\/canal7slp.tv\/2025\/wp-json\/wp\/v2\/categories?post=159141"},{"taxonomy":"post_tag","embeddable":true,"href":"https:\/\/canal7slp.tv\/2025\/wp-json\/wp\/v2\/tags?post=159141"}],"curies":[{"name":"wp","href":"https:\/\/api.w.org\/{rel}","templated":true}]}}