{"id":159138,"date":"2025-02-24T15:53:57","date_gmt":"2025-02-24T21:53:57","guid":{"rendered":"https:\/\/canal7slp.tv\/2025\/?p=159138"},"modified":"2025-02-24T15:53:57","modified_gmt":"2025-02-24T21:53:57","slug":"diputada-panista-sugiere-cambiar-el-nombre-oficial-del-pais","status":"publish","type":"post","link":"https:\/\/canal7slp.tv\/2025\/diputada-panista-sugiere-cambiar-el-nombre-oficial-del-pais\/","title":{"rendered":"Diputada panista sugiere cambiar el nombre oficial del pa\u00eds"},"content":{"rendered":"<p style=\"text-align: justify;\">M\u00e9xico.- En el D\u00eda de la Bandera Mexicana, celebrado este 24 de febrero, ha resurgido una propuesta de la diputada federal del PAN, Kenia L\u00f3pez Rabad\u00e1n, para cambiar el nombre oficial del pa\u00eds de \u00abEstados Unidos Mexicanos\u00bb a simplemente \u00abM\u00e9xico\u00bb. La iniciativa busca fortalecer la identidad nacional y simplificar documentos oficiales.<\/p>\n<p style=\"text-align: justify;\">L\u00f3pez Rabad\u00e1n, vicepresidenta de la C\u00e1mara de Diputados, argument\u00f3 que el nombre actual no refleja el arraigo de los mexicanos y destac\u00f3 que \u00abM\u00e9xico\u00bb es el t\u00e9rmino que realmente da identidad al pa\u00eds. Aclar\u00f3 que el cambio no afectar\u00eda la forma de gobierno federal ni el sistema democr\u00e1tico establecido en la Constituci\u00f3n.<\/p>\n<p style=\"text-align: justify;\">La diputada record\u00f3 que, hist\u00f3ricamente, el pa\u00eds ha sido denominado de diversas formas, como \u00abRep\u00fablica Mexicana\u00bb (1857), \u00abNaci\u00f3n Mexicana\u00bb (1824) e incluso \u00abAm\u00e9rica Mexicana\u00bb (1814). Sin embargo, subray\u00f3 que \u00abM\u00e9xico\u00bb es el nombre que genera un mayor sentido de pertenencia y proviene del n\u00e1huatl, significando \u00aben el ombligo de la luna\u00bb, en referencia a Tenochtitlan.<\/p>\n<p style=\"text-align: justify;\">La propuesta aclara que el cambio no implica abandonar el federalismo ni modificar la forma de gobierno, reafirmando que M\u00e9xico seguir\u00e1 siendo una rep\u00fablica representativa, democr\u00e1tica, laica y federal, seg\u00fan el art\u00edculo 40 de la Constituci\u00f3n.<\/p>\n","protected":false},"excerpt":{"rendered":"<p>M\u00e9xico.- En el D\u00eda de la Bandera Mexicana, celebrado este 24 de febrero, ha resurgido una propuesta de la diputada federal del PAN, Kenia L\u00f3pez Rabad\u00e1n, para cambiar el nombre oficial del pa\u00eds de \u00abEstados Unidos Mexicanos\u00bb a simplemente \u00abM\u00e9xico\u00bb. La iniciativa busca fortalecer la identidad nacional y simplificar documentos oficiales. L\u00f3pez Rabad\u00e1n, vicepresidenta de la C\u00e1mara de Diputados, argument\u00f3 que el nombre actual no refleja el arraigo de los mexicanos y destac\u00f3 que \u00abM\u00e9xico\u00bb es el t\u00e9rmino que realmente da identidad al pa\u00eds. Aclar\u00f3 que el cambio no afectar\u00eda la forma de gobierno federal ni el sistema democr\u00e1tico establecido [&hellip;]<\/p>\n","protected":false},"author":2,"featured_media":159139,"comment_status":"closed","ping_status":"closed","sticky":false,"template":"","format":"standard","meta":{"_monsterinsights_skip_tracking":false,"_monsterinsights_sitenote_active":false,"_monsterinsights_sitenote_note":"","_monsterinsights_sitenote_category":0,"footnotes":""},"categories":[46],"tags":[],"class_list":["post-159138","post","type-post","status-publish","format-standard","has-post-thumbnail","hentry","category-nacional","post--single"],"yoast_head":"<!-- This site is optimized with the Yoast SEO plugin v27.5 - https:\/\/yoast.com\/product\/yoast-seo-wordpress\/ -->\n<title>Diputada panista sugiere cambiar el nombre oficial del pa\u00eds - Canal 7 SLP - 2025<\/title>\n<meta name=\"robots\" content=\"index, follow, max-snippet:-1, max-image-preview:large, max-video-preview:-1\" \/>\n<link rel=\"canonical\" href=\"https:\/\/canal7slp.tv\/2025\/diputada-panista-sugiere-cambiar-el-nombre-oficial-del-pais\/\" \/>\n<meta property=\"og:locale\" content=\"es_ES\" \/>\n<meta property=\"og:type\" content=\"article\" \/>\n<meta property=\"og:title\" content=\"Diputada panista sugiere cambiar el nombre oficial del pa\u00eds - Canal 7 SLP - 2025\" \/>\n<meta property=\"og:description\" content=\"M\u00e9xico.- En el D\u00eda de la Bandera Mexicana, celebrado este 24 de febrero, ha resurgido una propuesta de la diputada federal del PAN, Kenia L\u00f3pez Rabad\u00e1n, para cambiar el nombre oficial del pa\u00eds de \u00abEstados Unidos Mexicanos\u00bb a simplemente \u00abM\u00e9xico\u00bb. La iniciativa busca fortalecer la identidad nacional y simplificar documentos oficiales. L\u00f3pez Rabad\u00e1n, vicepresidenta de la C\u00e1mara de Diputados, argument\u00f3 que el nombre actual no refleja el arraigo de los mexicanos y destac\u00f3 que \u00abM\u00e9xico\u00bb es el t\u00e9rmino que realmente da identidad al pa\u00eds. Aclar\u00f3 que el cambio no afectar\u00eda la forma de gobierno federal ni el sistema democr\u00e1tico establecido [&hellip;]\" \/>\n<meta property=\"og:url\" content=\"https:\/\/canal7slp.tv\/2025\/diputada-panista-sugiere-cambiar-el-nombre-oficial-del-pais\/\" \/>\n<meta property=\"og:site_name\" content=\"Canal 7 SLP - 2025\" \/>\n<meta property=\"article:publisher\" content=\"https:\/\/www.facebook.com\/noticieroscanal7atencionciudadana\/\" \/>\n<meta property=\"article:published_time\" content=\"2025-02-24T21:53:57+00:00\" \/>\n<meta property=\"og:image\" content=\"https:\/\/canal7slp.tv\/2025\/wp-content\/uploads\/2025\/02\/10-21.jpg\" \/>\n\t<meta property=\"og:image:width\" content=\"750\" \/>\n\t<meta property=\"og:image:height\" content=\"500\" \/>\n\t<meta property=\"og:image:type\" content=\"image\/jpeg\" \/>\n<meta name=\"author\" content=\"Edici\u00f3n Web\" \/>\n<meta name=\"twitter:card\" content=\"summary_large_image\" \/>\n<meta name=\"twitter:creator\" content=\"@NOTICIEROS7\" \/>\n<meta name=\"twitter:site\" content=\"@NOTICIEROS7\" \/>\n<meta name=\"twitter:label1\" content=\"Escrito por\" \/>\n\t<meta name=\"twitter:data1\" content=\"Edici\u00f3n Web\" \/>\n\t<meta name=\"twitter:label2\" content=\"Tiempo de lectura\" \/>\n\t<meta name=\"twitter:data2\" content=\"1 minuto\" \/>\n<script type=\"application\/ld+json\" class=\"yoast-schema-graph\">{\"@context\":\"https:\\\/\\\/schema.org\",\"@graph\":[{\"@type\":\"Article\",\"@id\":\"https:\\\/\\\/canal7slp.tv\\\/2025\\\/diputada-panista-sugiere-cambiar-el-nombre-oficial-del-pais\\\/#article\",\"isPartOf\":{\"@id\":\"https:\\\/\\\/canal7slp.tv\\\/2025\\\/diputada-panista-sugiere-cambiar-el-nombre-oficial-del-pais\\\/\"},\"author\":{\"name\":\"Edici\u00f3n Web\",\"@id\":\"https:\\\/\\\/canal7slp.tv\\\/2025\\\/#\\\/schema\\\/person\\\/271e2b60a96e7cc9d9ac296f4d7e414b\"},\"headline\":\"Diputada panista sugiere cambiar el nombre oficial del pa\u00eds\",\"datePublished\":\"2025-02-24T21:53:57+00:00\",\"mainEntityOfPage\":{\"@id\":\"https:\\\/\\\/canal7slp.tv\\\/2025\\\/diputada-panista-sugiere-cambiar-el-nombre-oficial-del-pais\\\/\"},\"wordCount\":228,\"publisher\":{\"@id\":\"https:\\\/\\\/canal7slp.tv\\\/2025\\\/#organization\"},\"image\":{\"@id\":\"https:\\\/\\\/canal7slp.tv\\\/2025\\\/diputada-panista-sugiere-cambiar-el-nombre-oficial-del-pais\\\/#primaryimage\"},\"thumbnailUrl\":\"https:\\\/\\\/canal7slp.tv\\\/2025\\\/wp-content\\\/uploads\\\/2025\\\/02\\\/10-21.jpg\",\"articleSection\":[\"NACIONALES\"],\"inLanguage\":\"es\"},{\"@type\":\"WebPage\",\"@id\":\"https:\\\/\\\/canal7slp.tv\\\/2025\\\/diputada-panista-sugiere-cambiar-el-nombre-oficial-del-pais\\\/\",\"url\":\"https:\\\/\\\/canal7slp.tv\\\/2025\\\/diputada-panista-sugiere-cambiar-el-nombre-oficial-del-pais\\\/\",\"name\":\"Diputada panista sugiere cambiar el nombre oficial del pa\u00eds - Canal 7 SLP - 2025\",\"isPartOf\":{\"@id\":\"https:\\\/\\\/canal7slp.tv\\\/2025\\\/#website\"},\"primaryImageOfPage\":{\"@id\":\"https:\\\/\\\/canal7slp.tv\\\/2025\\\/diputada-panista-sugiere-cambiar-el-nombre-oficial-del-pais\\\/#primaryimage\"},\"image\":{\"@id\":\"https:\\\/\\\/canal7slp.tv\\\/2025\\\/diputada-panista-sugiere-cambiar-el-nombre-oficial-del-pais\\\/#primaryimage\"},\"thumbnailUrl\":\"https:\\\/\\\/canal7slp.tv\\\/2025\\\/wp-content\\\/uploads\\\/2025\\\/02\\\/10-21.jpg\",\"datePublished\":\"2025-02-24T21:53:57+00:00\",\"breadcrumb\":{\"@id\":\"https:\\\/\\\/canal7slp.tv\\\/2025\\\/diputada-panista-sugiere-cambiar-el-nombre-oficial-del-pais\\\/#breadcrumb\"},\"inLanguage\":\"es\",\"potentialAction\":[{\"@type\":\"ReadAction\",\"target\":[\"https:\\\/\\\/canal7slp.tv\\\/2025\\\/diputada-panista-sugiere-cambiar-el-nombre-oficial-del-pais\\\/\"]}]},{\"@type\":\"ImageObject\",\"inLanguage\":\"es\",\"@id\":\"https:\\\/\\\/canal7slp.tv\\\/2025\\\/diputada-panista-sugiere-cambiar-el-nombre-oficial-del-pais\\\/#primaryimage\",\"url\":\"https:\\\/\\\/canal7slp.tv\\\/2025\\\/wp-content\\\/uploads\\\/2025\\\/02\\\/10-21.jpg\",\"contentUrl\":\"https:\\\/\\\/canal7slp.tv\\\/2025\\\/wp-content\\\/uploads\\\/2025\\\/02\\\/10-21.jpg\",\"width\":750,\"height\":500},{\"@type\":\"BreadcrumbList\",\"@id\":\"https:\\\/\\\/canal7slp.tv\\\/2025\\\/diputada-panista-sugiere-cambiar-el-nombre-oficial-del-pais\\\/#breadcrumb\",\"itemListElement\":[{\"@type\":\"ListItem\",\"position\":1,\"name\":\"Portada\",\"item\":\"https:\\\/\\\/canal7slp.tv\\\/2025\\\/\"},{\"@type\":\"ListItem\",\"position\":2,\"name\":\"Diputada panista sugiere cambiar el nombre oficial del pa\u00eds\"}]},{\"@type\":\"WebSite\",\"@id\":\"https:\\\/\\\/canal7slp.tv\\\/2025\\\/#website\",\"url\":\"https:\\\/\\\/canal7slp.tv\\\/2025\\\/\",\"name\":\"N7 - Noticieros Canal 7\",\"description\":\"Somos el Medio\",\"publisher\":{\"@id\":\"https:\\\/\\\/canal7slp.tv\\\/2025\\\/#organization\"},\"potentialAction\":[{\"@type\":\"SearchAction\",\"target\":{\"@type\":\"EntryPoint\",\"urlTemplate\":\"https:\\\/\\\/canal7slp.tv\\\/2025\\\/?s={search_term_string}\"},\"query-input\":{\"@type\":\"PropertyValueSpecification\",\"valueRequired\":true,\"valueName\":\"search_term_string\"}}],\"inLanguage\":\"es\"},{\"@type\":\"Organization\",\"@id\":\"https:\\\/\\\/canal7slp.tv\\\/2025\\\/#organization\",\"name\":\"Noticieros Canal 7\",\"url\":\"https:\\\/\\\/canal7slp.tv\\\/2025\\\/\",\"logo\":{\"@type\":\"ImageObject\",\"inLanguage\":\"es\",\"@id\":\"https:\\\/\\\/canal7slp.tv\\\/2025\\\/#\\\/schema\\\/logo\\\/image\\\/\",\"url\":\"https:\\\/\\\/canal7slp.tv\\\/2025\\\/wp-content\\\/uploads\\\/2021\\\/01\\\/logo-noticieros@2x.png\",\"contentUrl\":\"https:\\\/\\\/canal7slp.tv\\\/2025\\\/wp-content\\\/uploads\\\/2021\\\/01\\\/logo-noticieros@2x.png\",\"width\":1017,\"height\":268,\"caption\":\"Noticieros Canal 7\"},\"image\":{\"@id\":\"https:\\\/\\\/canal7slp.tv\\\/2025\\\/#\\\/schema\\\/logo\\\/image\\\/\"},\"sameAs\":[\"https:\\\/\\\/www.facebook.com\\\/noticieroscanal7atencionciudadana\\\/\",\"https:\\\/\\\/x.com\\\/NOTICIEROS7\",\"https:\\\/\\\/www.instagram.com\\\/canal7_slp\",\"https:\\\/\\\/www.youtube.com\\\/channel\\\/UCliiYs-gP3JfJeqdPrNdd5A\"]},{\"@type\":\"Person\",\"@id\":\"https:\\\/\\\/canal7slp.tv\\\/2025\\\/#\\\/schema\\\/person\\\/271e2b60a96e7cc9d9ac296f4d7e414b\",\"name\":\"Edici\u00f3n Web\",\"image\":{\"@type\":\"ImageObject\",\"inLanguage\":\"es\",\"@id\":\"https:\\\/\\\/secure.gravatar.com\\\/avatar\\\/eee448fc3f7164808013b816ba91ac7e43bbe82a70bebac296f8bc6f0addaa1a?s=96&d=mm&r=g\",\"url\":\"https:\\\/\\\/secure.gravatar.com\\\/avatar\\\/eee448fc3f7164808013b816ba91ac7e43bbe82a70bebac296f8bc6f0addaa1a?s=96&d=mm&r=g\",\"contentUrl\":\"https:\\\/\\\/secure.gravatar.com\\\/avatar\\\/eee448fc3f7164808013b816ba91ac7e43bbe82a70bebac296f8bc6f0addaa1a?s=96&d=mm&r=g\",\"caption\":\"Edici\u00f3n Web\"},\"url\":\"https:\\\/\\\/canal7slp.tv\\\/2025\\\/author\\\/edicionweb\\\/\"}]}<\/script>\n<!-- \/ Yoast SEO plugin. -->","yoast_head_json":{"title":"Diputada panista sugiere cambiar el nombre oficial del pa\u00eds - Canal 7 SLP - 2025","robots":{"index":"index","follow":"follow","max-snippet":"max-snippet:-1","max-image-preview":"max-image-preview:large","max-video-preview":"max-video-preview:-1"},"canonical":"https:\/\/canal7slp.tv\/2025\/diputada-panista-sugiere-cambiar-el-nombre-oficial-del-pais\/","og_locale":"es_ES","og_type":"article","og_title":"Diputada panista sugiere cambiar el nombre oficial del pa\u00eds - Canal 7 SLP - 2025","og_description":"M\u00e9xico.- En el D\u00eda de la Bandera Mexicana, celebrado este 24 de febrero, ha resurgido una propuesta de la diputada federal del PAN, Kenia L\u00f3pez Rabad\u00e1n, para cambiar el nombre oficial del pa\u00eds de \u00abEstados Unidos Mexicanos\u00bb a simplemente \u00abM\u00e9xico\u00bb. La iniciativa busca fortalecer la identidad nacional y simplificar documentos oficiales. L\u00f3pez Rabad\u00e1n, vicepresidenta de la C\u00e1mara de Diputados, argument\u00f3 que el nombre actual no refleja el arraigo de los mexicanos y destac\u00f3 que \u00abM\u00e9xico\u00bb es el t\u00e9rmino que realmente da identidad al pa\u00eds. Aclar\u00f3 que el cambio no afectar\u00eda la forma de gobierno federal ni el sistema democr\u00e1tico establecido [&hellip;]","og_url":"https:\/\/canal7slp.tv\/2025\/diputada-panista-sugiere-cambiar-el-nombre-oficial-del-pais\/","og_site_name":"Canal 7 SLP - 2025","article_publisher":"https:\/\/www.facebook.com\/noticieroscanal7atencionciudadana\/","article_published_time":"2025-02-24T21:53:57+00:00","og_image":[{"width":750,"height":500,"url":"https:\/\/canal7slp.tv\/2025\/wp-content\/uploads\/2025\/02\/10-21.jpg","type":"image\/jpeg"}],"author":"Edici\u00f3n Web","twitter_card":"summary_large_image","twitter_creator":"@NOTICIEROS7","twitter_site":"@NOTICIEROS7","twitter_misc":{"Escrito por":"Edici\u00f3n Web","Tiempo de lectura":"1 minuto"},"schema":{"@context":"https:\/\/schema.org","@graph":[{"@type":"Article","@id":"https:\/\/canal7slp.tv\/2025\/diputada-panista-sugiere-cambiar-el-nombre-oficial-del-pais\/#article","isPartOf":{"@id":"https:\/\/canal7slp.tv\/2025\/diputada-panista-sugiere-cambiar-el-nombre-oficial-del-pais\/"},"author":{"name":"Edici\u00f3n Web","@id":"https:\/\/canal7slp.tv\/2025\/#\/schema\/person\/271e2b60a96e7cc9d9ac296f4d7e414b"},"headline":"Diputada panista sugiere cambiar el nombre oficial del pa\u00eds","datePublished":"2025-02-24T21:53:57+00:00","mainEntityOfPage":{"@id":"https:\/\/canal7slp.tv\/2025\/diputada-panista-sugiere-cambiar-el-nombre-oficial-del-pais\/"},"wordCount":228,"publisher":{"@id":"https:\/\/canal7slp.tv\/2025\/#organization"},"image":{"@id":"https:\/\/canal7slp.tv\/2025\/diputada-panista-sugiere-cambiar-el-nombre-oficial-del-pais\/#primaryimage"},"thumbnailUrl":"https:\/\/canal7slp.tv\/2025\/wp-content\/uploads\/2025\/02\/10-21.jpg","articleSection":["NACIONALES"],"inLanguage":"es"},{"@type":"WebPage","@id":"https:\/\/canal7slp.tv\/2025\/diputada-panista-sugiere-cambiar-el-nombre-oficial-del-pais\/","url":"https:\/\/canal7slp.tv\/2025\/diputada-panista-sugiere-cambiar-el-nombre-oficial-del-pais\/","name":"Diputada panista sugiere cambiar el nombre oficial del pa\u00eds - Canal 7 SLP - 2025","isPartOf":{"@id":"https:\/\/canal7slp.tv\/2025\/#website"},"primaryImageOfPage":{"@id":"https:\/\/canal7slp.tv\/2025\/diputada-panista-sugiere-cambiar-el-nombre-oficial-del-pais\/#primaryimage"},"image":{"@id":"https:\/\/canal7slp.tv\/2025\/diputada-panista-sugiere-cambiar-el-nombre-oficial-del-pais\/#primaryimage"},"thumbnailUrl":"https:\/\/canal7slp.tv\/2025\/wp-content\/uploads\/2025\/02\/10-21.jpg","datePublished":"2025-02-24T21:53:57+00:00","breadcrumb":{"@id":"https:\/\/canal7slp.tv\/2025\/diputada-panista-sugiere-cambiar-el-nombre-oficial-del-pais\/#breadcrumb"},"inLanguage":"es","potentialAction":[{"@type":"ReadAction","target":["https:\/\/canal7slp.tv\/2025\/diputada-panista-sugiere-cambiar-el-nombre-oficial-del-pais\/"]}]},{"@type":"ImageObject","inLanguage":"es","@id":"https:\/\/canal7slp.tv\/2025\/diputada-panista-sugiere-cambiar-el-nombre-oficial-del-pais\/#primaryimage","url":"https:\/\/canal7slp.tv\/2025\/wp-content\/uploads\/2025\/02\/10-21.jpg","contentUrl":"https:\/\/canal7slp.tv\/2025\/wp-content\/uploads\/2025\/02\/10-21.jpg","width":750,"height":500},{"@type":"BreadcrumbList","@id":"https:\/\/canal7slp.tv\/2025\/diputada-panista-sugiere-cambiar-el-nombre-oficial-del-pais\/#breadcrumb","itemListElement":[{"@type":"ListItem","position":1,"name":"Portada","item":"https:\/\/canal7slp.tv\/2025\/"},{"@type":"ListItem","position":2,"name":"Diputada panista sugiere cambiar el nombre oficial del pa\u00eds"}]},{"@type":"WebSite","@id":"https:\/\/canal7slp.tv\/2025\/#website","url":"https:\/\/canal7slp.tv\/2025\/","name":"N7 - Noticieros Canal 7","description":"Somos el Medio","publisher":{"@id":"https:\/\/canal7slp.tv\/2025\/#organization"},"potentialAction":[{"@type":"SearchAction","target":{"@type":"EntryPoint","urlTemplate":"https:\/\/canal7slp.tv\/2025\/?s={search_term_string}"},"query-input":{"@type":"PropertyValueSpecification","valueRequired":true,"valueName":"search_term_string"}}],"inLanguage":"es"},{"@type":"Organization","@id":"https:\/\/canal7slp.tv\/2025\/#organization","name":"Noticieros Canal 7","url":"https:\/\/canal7slp.tv\/2025\/","logo":{"@type":"ImageObject","inLanguage":"es","@id":"https:\/\/canal7slp.tv\/2025\/#\/schema\/logo\/image\/","url":"https:\/\/canal7slp.tv\/2025\/wp-content\/uploads\/2021\/01\/logo-noticieros@2x.png","contentUrl":"https:\/\/canal7slp.tv\/2025\/wp-content\/uploads\/2021\/01\/logo-noticieros@2x.png","width":1017,"height":268,"caption":"Noticieros Canal 7"},"image":{"@id":"https:\/\/canal7slp.tv\/2025\/#\/schema\/logo\/image\/"},"sameAs":["https:\/\/www.facebook.com\/noticieroscanal7atencionciudadana\/","https:\/\/x.com\/NOTICIEROS7","https:\/\/www.instagram.com\/canal7_slp","https:\/\/www.youtube.com\/channel\/UCliiYs-gP3JfJeqdPrNdd5A"]},{"@type":"Person","@id":"https:\/\/canal7slp.tv\/2025\/#\/schema\/person\/271e2b60a96e7cc9d9ac296f4d7e414b","name":"Edici\u00f3n Web","image":{"@type":"ImageObject","inLanguage":"es","@id":"https:\/\/secure.gravatar.com\/avatar\/eee448fc3f7164808013b816ba91ac7e43bbe82a70bebac296f8bc6f0addaa1a?s=96&d=mm&r=g","url":"https:\/\/secure.gravatar.com\/avatar\/eee448fc3f7164808013b816ba91ac7e43bbe82a70bebac296f8bc6f0addaa1a?s=96&d=mm&r=g","contentUrl":"https:\/\/secure.gravatar.com\/avatar\/eee448fc3f7164808013b816ba91ac7e43bbe82a70bebac296f8bc6f0addaa1a?s=96&d=mm&r=g","caption":"Edici\u00f3n Web"},"url":"https:\/\/canal7slp.tv\/2025\/author\/edicionweb\/"}]}},"_links":{"self":[{"href":"https:\/\/canal7slp.tv\/2025\/wp-json\/wp\/v2\/posts\/159138","targetHints":{"allow":["GET"]}}],"collection":[{"href":"https:\/\/canal7slp.tv\/2025\/wp-json\/wp\/v2\/posts"}],"about":[{"href":"https:\/\/canal7slp.tv\/2025\/wp-json\/wp\/v2\/types\/post"}],"author":[{"embeddable":true,"href":"https:\/\/canal7slp.tv\/2025\/wp-json\/wp\/v2\/users\/2"}],"replies":[{"embeddable":true,"href":"https:\/\/canal7slp.tv\/2025\/wp-json\/wp\/v2\/comments?post=159138"}],"version-history":[{"count":1,"href":"https:\/\/canal7slp.tv\/2025\/wp-json\/wp\/v2\/posts\/159138\/revisions"}],"predecessor-version":[{"id":159140,"href":"https:\/\/canal7slp.tv\/2025\/wp-json\/wp\/v2\/posts\/159138\/revisions\/159140"}],"wp:featuredmedia":[{"embeddable":true,"href":"https:\/\/canal7slp.tv\/2025\/wp-json\/wp\/v2\/media\/159139"}],"wp:attachment":[{"href":"https:\/\/canal7slp.tv\/2025\/wp-json\/wp\/v2\/media?parent=159138"}],"wp:term":[{"taxonomy":"category","embeddable":true,"href":"https:\/\/canal7slp.tv\/2025\/wp-json\/wp\/v2\/categories?post=159138"},{"taxonomy":"post_tag","embeddable":true,"href":"https:\/\/canal7slp.tv\/2025\/wp-json\/wp\/v2\/tags?post=159138"}],"curies":[{"name":"wp","href":"https:\/\/api.w.org\/{rel}","templated":true}]}}