{"id":159135,"date":"2025-02-24T15:39:16","date_gmt":"2025-02-24T21:39:16","guid":{"rendered":"https:\/\/canal7slp.tv\/2025\/?p=159135"},"modified":"2025-02-24T15:39:16","modified_gmt":"2025-02-24T21:39:16","slug":"mercedes-revela-el-w16-su-nuevo-auto-para-la-temporada-2025-de-formula-1","status":"publish","type":"post","link":"https:\/\/canal7slp.tv\/2025\/mercedes-revela-el-w16-su-nuevo-auto-para-la-temporada-2025-de-formula-1\/","title":{"rendered":"Mercedes revela el W16, su nuevo auto para la Temporada 2025 de F\u00f3rmula 1"},"content":{"rendered":"<p style=\"text-align: justify;\">Brackley.- Mercedes present\u00f3 este 24 de febrero su nuevo coche para la temporada 2025 de F\u00f3rmula 1: el W16.<\/p>\n<p style=\"text-align: justify;\">Este ser\u00e1 el veh\u00edculo con el que competir\u00e1n George Russell y el debutante italiano Kimi Antonelli, de 18 a\u00f1os.<\/p>\n<p style=\"text-align: justify;\">El W16 har\u00e1 su debut en los entrenamientos de pretemporada en Bar\u00e9in del 26 al 28 de febrero.<\/p>\n<p style=\"text-align: justify;\">Esta temporada marca la primera vez desde 2012 que Mercedes competir\u00e1 sin Lewis Hamilton, quien se unir\u00e1 a Ferrari.<\/p>\n<p style=\"text-align: justify;\">Russell, de 27 a\u00f1os, seguir\u00e1 en el equipo, mientras que Valtteri Bottas regresar\u00e1 como piloto reserva, tras haber corrido para Mercedes entre 2017 y 2021.<\/p>\n<p style=\"text-align: justify;\">Toto Wolff, director del equipo, destac\u00f3 que Russell ha demostrado ser uno de los mejores pilotos de la parrilla y que ayudar\u00e1 a liderar el equipo y apoyar a Antonelli en su desarrollo.<\/p>\n<p style=\"text-align: justify;\">La temporada 2025 comenzar\u00e1 con el Gran Premio de Australia en el circuito de Albert Park, del 14 al 16 de marzo, la primera vez desde 2019 que Melbourne abrir\u00e1 la temporada.<\/p>\n","protected":false},"excerpt":{"rendered":"<p>Brackley.- Mercedes present\u00f3 este 24 de febrero su nuevo coche para la temporada 2025 de F\u00f3rmula 1: el W16. Este ser\u00e1 el veh\u00edculo con el que competir\u00e1n George Russell y el debutante italiano Kimi Antonelli, de 18 a\u00f1os. El W16 har\u00e1 su debut en los entrenamientos de pretemporada en Bar\u00e9in del 26 al 28 de febrero. Esta temporada marca la primera vez desde 2012 que Mercedes competir\u00e1 sin Lewis Hamilton, quien se unir\u00e1 a Ferrari. Russell, de 27 a\u00f1os, seguir\u00e1 en el equipo, mientras que Valtteri Bottas regresar\u00e1 como piloto reserva, tras haber corrido para Mercedes entre 2017 y 2021. [&hellip;]<\/p>\n","protected":false},"author":2,"featured_media":159136,"comment_status":"closed","ping_status":"closed","sticky":false,"template":"","format":"standard","meta":{"_monsterinsights_skip_tracking":false,"_monsterinsights_sitenote_active":false,"_monsterinsights_sitenote_note":"","_monsterinsights_sitenote_category":0,"footnotes":""},"categories":[7],"tags":[],"class_list":["post-159135","post","type-post","status-publish","format-standard","has-post-thumbnail","hentry","category-deportes","post--single"],"yoast_head":"<!-- This site is optimized with the Yoast SEO plugin v27.5 - https:\/\/yoast.com\/product\/yoast-seo-wordpress\/ -->\n<title>Mercedes revela el W16, su nuevo auto para la Temporada 2025 de F\u00f3rmula 1 - Canal 7 SLP - 2025<\/title>\n<meta name=\"robots\" content=\"index, follow, max-snippet:-1, max-image-preview:large, max-video-preview:-1\" \/>\n<link rel=\"canonical\" href=\"https:\/\/canal7slp.tv\/2025\/mercedes-revela-el-w16-su-nuevo-auto-para-la-temporada-2025-de-formula-1\/\" \/>\n<meta property=\"og:locale\" content=\"es_ES\" \/>\n<meta property=\"og:type\" content=\"article\" \/>\n<meta property=\"og:title\" content=\"Mercedes revela el W16, su nuevo auto para la Temporada 2025 de F\u00f3rmula 1 - Canal 7 SLP - 2025\" \/>\n<meta property=\"og:description\" content=\"Brackley.- Mercedes present\u00f3 este 24 de febrero su nuevo coche para la temporada 2025 de F\u00f3rmula 1: el W16. Este ser\u00e1 el veh\u00edculo con el que competir\u00e1n George Russell y el debutante italiano Kimi Antonelli, de 18 a\u00f1os. El W16 har\u00e1 su debut en los entrenamientos de pretemporada en Bar\u00e9in del 26 al 28 de febrero. Esta temporada marca la primera vez desde 2012 que Mercedes competir\u00e1 sin Lewis Hamilton, quien se unir\u00e1 a Ferrari. Russell, de 27 a\u00f1os, seguir\u00e1 en el equipo, mientras que Valtteri Bottas regresar\u00e1 como piloto reserva, tras haber corrido para Mercedes entre 2017 y 2021. [&hellip;]\" \/>\n<meta property=\"og:url\" content=\"https:\/\/canal7slp.tv\/2025\/mercedes-revela-el-w16-su-nuevo-auto-para-la-temporada-2025-de-formula-1\/\" \/>\n<meta property=\"og:site_name\" content=\"Canal 7 SLP - 2025\" \/>\n<meta property=\"article:publisher\" content=\"https:\/\/www.facebook.com\/noticieroscanal7atencionciudadana\/\" \/>\n<meta property=\"article:published_time\" content=\"2025-02-24T21:39:16+00:00\" \/>\n<meta property=\"og:image\" content=\"https:\/\/canal7slp.tv\/2025\/wp-content\/uploads\/2025\/02\/9.jpg\" \/>\n\t<meta property=\"og:image:width\" content=\"750\" \/>\n\t<meta property=\"og:image:height\" content=\"500\" \/>\n\t<meta property=\"og:image:type\" content=\"image\/jpeg\" \/>\n<meta name=\"author\" content=\"Edici\u00f3n Web\" \/>\n<meta name=\"twitter:card\" content=\"summary_large_image\" \/>\n<meta name=\"twitter:creator\" content=\"@NOTICIEROS7\" \/>\n<meta name=\"twitter:site\" content=\"@NOTICIEROS7\" \/>\n<meta name=\"twitter:label1\" content=\"Escrito por\" \/>\n\t<meta name=\"twitter:data1\" content=\"Edici\u00f3n Web\" \/>\n\t<meta name=\"twitter:label2\" content=\"Tiempo de lectura\" \/>\n\t<meta name=\"twitter:data2\" content=\"1 minuto\" \/>\n<script type=\"application\/ld+json\" class=\"yoast-schema-graph\">{\"@context\":\"https:\\\/\\\/schema.org\",\"@graph\":[{\"@type\":\"Article\",\"@id\":\"https:\\\/\\\/canal7slp.tv\\\/2025\\\/mercedes-revela-el-w16-su-nuevo-auto-para-la-temporada-2025-de-formula-1\\\/#article\",\"isPartOf\":{\"@id\":\"https:\\\/\\\/canal7slp.tv\\\/2025\\\/mercedes-revela-el-w16-su-nuevo-auto-para-la-temporada-2025-de-formula-1\\\/\"},\"author\":{\"name\":\"Edici\u00f3n Web\",\"@id\":\"https:\\\/\\\/canal7slp.tv\\\/2025\\\/#\\\/schema\\\/person\\\/271e2b60a96e7cc9d9ac296f4d7e414b\"},\"headline\":\"Mercedes revela el W16, su nuevo auto para la Temporada 2025 de F\u00f3rmula 1\",\"datePublished\":\"2025-02-24T21:39:16+00:00\",\"mainEntityOfPage\":{\"@id\":\"https:\\\/\\\/canal7slp.tv\\\/2025\\\/mercedes-revela-el-w16-su-nuevo-auto-para-la-temporada-2025-de-formula-1\\\/\"},\"wordCount\":171,\"publisher\":{\"@id\":\"https:\\\/\\\/canal7slp.tv\\\/2025\\\/#organization\"},\"image\":{\"@id\":\"https:\\\/\\\/canal7slp.tv\\\/2025\\\/mercedes-revela-el-w16-su-nuevo-auto-para-la-temporada-2025-de-formula-1\\\/#primaryimage\"},\"thumbnailUrl\":\"https:\\\/\\\/canal7slp.tv\\\/2025\\\/wp-content\\\/uploads\\\/2025\\\/02\\\/9.jpg\",\"articleSection\":[\"DEPORTES\"],\"inLanguage\":\"es\"},{\"@type\":\"WebPage\",\"@id\":\"https:\\\/\\\/canal7slp.tv\\\/2025\\\/mercedes-revela-el-w16-su-nuevo-auto-para-la-temporada-2025-de-formula-1\\\/\",\"url\":\"https:\\\/\\\/canal7slp.tv\\\/2025\\\/mercedes-revela-el-w16-su-nuevo-auto-para-la-temporada-2025-de-formula-1\\\/\",\"name\":\"Mercedes revela el W16, su nuevo auto para la Temporada 2025 de F\u00f3rmula 1 - Canal 7 SLP - 2025\",\"isPartOf\":{\"@id\":\"https:\\\/\\\/canal7slp.tv\\\/2025\\\/#website\"},\"primaryImageOfPage\":{\"@id\":\"https:\\\/\\\/canal7slp.tv\\\/2025\\\/mercedes-revela-el-w16-su-nuevo-auto-para-la-temporada-2025-de-formula-1\\\/#primaryimage\"},\"image\":{\"@id\":\"https:\\\/\\\/canal7slp.tv\\\/2025\\\/mercedes-revela-el-w16-su-nuevo-auto-para-la-temporada-2025-de-formula-1\\\/#primaryimage\"},\"thumbnailUrl\":\"https:\\\/\\\/canal7slp.tv\\\/2025\\\/wp-content\\\/uploads\\\/2025\\\/02\\\/9.jpg\",\"datePublished\":\"2025-02-24T21:39:16+00:00\",\"breadcrumb\":{\"@id\":\"https:\\\/\\\/canal7slp.tv\\\/2025\\\/mercedes-revela-el-w16-su-nuevo-auto-para-la-temporada-2025-de-formula-1\\\/#breadcrumb\"},\"inLanguage\":\"es\",\"potentialAction\":[{\"@type\":\"ReadAction\",\"target\":[\"https:\\\/\\\/canal7slp.tv\\\/2025\\\/mercedes-revela-el-w16-su-nuevo-auto-para-la-temporada-2025-de-formula-1\\\/\"]}]},{\"@type\":\"ImageObject\",\"inLanguage\":\"es\",\"@id\":\"https:\\\/\\\/canal7slp.tv\\\/2025\\\/mercedes-revela-el-w16-su-nuevo-auto-para-la-temporada-2025-de-formula-1\\\/#primaryimage\",\"url\":\"https:\\\/\\\/canal7slp.tv\\\/2025\\\/wp-content\\\/uploads\\\/2025\\\/02\\\/9.jpg\",\"contentUrl\":\"https:\\\/\\\/canal7slp.tv\\\/2025\\\/wp-content\\\/uploads\\\/2025\\\/02\\\/9.jpg\",\"width\":750,\"height\":500},{\"@type\":\"BreadcrumbList\",\"@id\":\"https:\\\/\\\/canal7slp.tv\\\/2025\\\/mercedes-revela-el-w16-su-nuevo-auto-para-la-temporada-2025-de-formula-1\\\/#breadcrumb\",\"itemListElement\":[{\"@type\":\"ListItem\",\"position\":1,\"name\":\"Portada\",\"item\":\"https:\\\/\\\/canal7slp.tv\\\/2025\\\/\"},{\"@type\":\"ListItem\",\"position\":2,\"name\":\"Mercedes revela el W16, su nuevo auto para la Temporada 2025 de F\u00f3rmula 1\"}]},{\"@type\":\"WebSite\",\"@id\":\"https:\\\/\\\/canal7slp.tv\\\/2025\\\/#website\",\"url\":\"https:\\\/\\\/canal7slp.tv\\\/2025\\\/\",\"name\":\"N7 - Noticieros Canal 7\",\"description\":\"Somos el Medio\",\"publisher\":{\"@id\":\"https:\\\/\\\/canal7slp.tv\\\/2025\\\/#organization\"},\"potentialAction\":[{\"@type\":\"SearchAction\",\"target\":{\"@type\":\"EntryPoint\",\"urlTemplate\":\"https:\\\/\\\/canal7slp.tv\\\/2025\\\/?s={search_term_string}\"},\"query-input\":{\"@type\":\"PropertyValueSpecification\",\"valueRequired\":true,\"valueName\":\"search_term_string\"}}],\"inLanguage\":\"es\"},{\"@type\":\"Organization\",\"@id\":\"https:\\\/\\\/canal7slp.tv\\\/2025\\\/#organization\",\"name\":\"Noticieros Canal 7\",\"url\":\"https:\\\/\\\/canal7slp.tv\\\/2025\\\/\",\"logo\":{\"@type\":\"ImageObject\",\"inLanguage\":\"es\",\"@id\":\"https:\\\/\\\/canal7slp.tv\\\/2025\\\/#\\\/schema\\\/logo\\\/image\\\/\",\"url\":\"https:\\\/\\\/canal7slp.tv\\\/2025\\\/wp-content\\\/uploads\\\/2021\\\/01\\\/logo-noticieros@2x.png\",\"contentUrl\":\"https:\\\/\\\/canal7slp.tv\\\/2025\\\/wp-content\\\/uploads\\\/2021\\\/01\\\/logo-noticieros@2x.png\",\"width\":1017,\"height\":268,\"caption\":\"Noticieros Canal 7\"},\"image\":{\"@id\":\"https:\\\/\\\/canal7slp.tv\\\/2025\\\/#\\\/schema\\\/logo\\\/image\\\/\"},\"sameAs\":[\"https:\\\/\\\/www.facebook.com\\\/noticieroscanal7atencionciudadana\\\/\",\"https:\\\/\\\/x.com\\\/NOTICIEROS7\",\"https:\\\/\\\/www.instagram.com\\\/canal7_slp\",\"https:\\\/\\\/www.youtube.com\\\/channel\\\/UCliiYs-gP3JfJeqdPrNdd5A\"]},{\"@type\":\"Person\",\"@id\":\"https:\\\/\\\/canal7slp.tv\\\/2025\\\/#\\\/schema\\\/person\\\/271e2b60a96e7cc9d9ac296f4d7e414b\",\"name\":\"Edici\u00f3n Web\",\"image\":{\"@type\":\"ImageObject\",\"inLanguage\":\"es\",\"@id\":\"https:\\\/\\\/secure.gravatar.com\\\/avatar\\\/eee448fc3f7164808013b816ba91ac7e43bbe82a70bebac296f8bc6f0addaa1a?s=96&d=mm&r=g\",\"url\":\"https:\\\/\\\/secure.gravatar.com\\\/avatar\\\/eee448fc3f7164808013b816ba91ac7e43bbe82a70bebac296f8bc6f0addaa1a?s=96&d=mm&r=g\",\"contentUrl\":\"https:\\\/\\\/secure.gravatar.com\\\/avatar\\\/eee448fc3f7164808013b816ba91ac7e43bbe82a70bebac296f8bc6f0addaa1a?s=96&d=mm&r=g\",\"caption\":\"Edici\u00f3n Web\"},\"url\":\"https:\\\/\\\/canal7slp.tv\\\/2025\\\/author\\\/edicionweb\\\/\"}]}<\/script>\n<!-- \/ Yoast SEO plugin. -->","yoast_head_json":{"title":"Mercedes revela el W16, su nuevo auto para la Temporada 2025 de F\u00f3rmula 1 - Canal 7 SLP - 2025","robots":{"index":"index","follow":"follow","max-snippet":"max-snippet:-1","max-image-preview":"max-image-preview:large","max-video-preview":"max-video-preview:-1"},"canonical":"https:\/\/canal7slp.tv\/2025\/mercedes-revela-el-w16-su-nuevo-auto-para-la-temporada-2025-de-formula-1\/","og_locale":"es_ES","og_type":"article","og_title":"Mercedes revela el W16, su nuevo auto para la Temporada 2025 de F\u00f3rmula 1 - Canal 7 SLP - 2025","og_description":"Brackley.- Mercedes present\u00f3 este 24 de febrero su nuevo coche para la temporada 2025 de F\u00f3rmula 1: el W16. Este ser\u00e1 el veh\u00edculo con el que competir\u00e1n George Russell y el debutante italiano Kimi Antonelli, de 18 a\u00f1os. El W16 har\u00e1 su debut en los entrenamientos de pretemporada en Bar\u00e9in del 26 al 28 de febrero. Esta temporada marca la primera vez desde 2012 que Mercedes competir\u00e1 sin Lewis Hamilton, quien se unir\u00e1 a Ferrari. Russell, de 27 a\u00f1os, seguir\u00e1 en el equipo, mientras que Valtteri Bottas regresar\u00e1 como piloto reserva, tras haber corrido para Mercedes entre 2017 y 2021. [&hellip;]","og_url":"https:\/\/canal7slp.tv\/2025\/mercedes-revela-el-w16-su-nuevo-auto-para-la-temporada-2025-de-formula-1\/","og_site_name":"Canal 7 SLP - 2025","article_publisher":"https:\/\/www.facebook.com\/noticieroscanal7atencionciudadana\/","article_published_time":"2025-02-24T21:39:16+00:00","og_image":[{"width":750,"height":500,"url":"https:\/\/canal7slp.tv\/2025\/wp-content\/uploads\/2025\/02\/9.jpg","type":"image\/jpeg"}],"author":"Edici\u00f3n Web","twitter_card":"summary_large_image","twitter_creator":"@NOTICIEROS7","twitter_site":"@NOTICIEROS7","twitter_misc":{"Escrito por":"Edici\u00f3n Web","Tiempo de lectura":"1 minuto"},"schema":{"@context":"https:\/\/schema.org","@graph":[{"@type":"Article","@id":"https:\/\/canal7slp.tv\/2025\/mercedes-revela-el-w16-su-nuevo-auto-para-la-temporada-2025-de-formula-1\/#article","isPartOf":{"@id":"https:\/\/canal7slp.tv\/2025\/mercedes-revela-el-w16-su-nuevo-auto-para-la-temporada-2025-de-formula-1\/"},"author":{"name":"Edici\u00f3n Web","@id":"https:\/\/canal7slp.tv\/2025\/#\/schema\/person\/271e2b60a96e7cc9d9ac296f4d7e414b"},"headline":"Mercedes revela el W16, su nuevo auto para la Temporada 2025 de F\u00f3rmula 1","datePublished":"2025-02-24T21:39:16+00:00","mainEntityOfPage":{"@id":"https:\/\/canal7slp.tv\/2025\/mercedes-revela-el-w16-su-nuevo-auto-para-la-temporada-2025-de-formula-1\/"},"wordCount":171,"publisher":{"@id":"https:\/\/canal7slp.tv\/2025\/#organization"},"image":{"@id":"https:\/\/canal7slp.tv\/2025\/mercedes-revela-el-w16-su-nuevo-auto-para-la-temporada-2025-de-formula-1\/#primaryimage"},"thumbnailUrl":"https:\/\/canal7slp.tv\/2025\/wp-content\/uploads\/2025\/02\/9.jpg","articleSection":["DEPORTES"],"inLanguage":"es"},{"@type":"WebPage","@id":"https:\/\/canal7slp.tv\/2025\/mercedes-revela-el-w16-su-nuevo-auto-para-la-temporada-2025-de-formula-1\/","url":"https:\/\/canal7slp.tv\/2025\/mercedes-revela-el-w16-su-nuevo-auto-para-la-temporada-2025-de-formula-1\/","name":"Mercedes revela el W16, su nuevo auto para la Temporada 2025 de F\u00f3rmula 1 - Canal 7 SLP - 2025","isPartOf":{"@id":"https:\/\/canal7slp.tv\/2025\/#website"},"primaryImageOfPage":{"@id":"https:\/\/canal7slp.tv\/2025\/mercedes-revela-el-w16-su-nuevo-auto-para-la-temporada-2025-de-formula-1\/#primaryimage"},"image":{"@id":"https:\/\/canal7slp.tv\/2025\/mercedes-revela-el-w16-su-nuevo-auto-para-la-temporada-2025-de-formula-1\/#primaryimage"},"thumbnailUrl":"https:\/\/canal7slp.tv\/2025\/wp-content\/uploads\/2025\/02\/9.jpg","datePublished":"2025-02-24T21:39:16+00:00","breadcrumb":{"@id":"https:\/\/canal7slp.tv\/2025\/mercedes-revela-el-w16-su-nuevo-auto-para-la-temporada-2025-de-formula-1\/#breadcrumb"},"inLanguage":"es","potentialAction":[{"@type":"ReadAction","target":["https:\/\/canal7slp.tv\/2025\/mercedes-revela-el-w16-su-nuevo-auto-para-la-temporada-2025-de-formula-1\/"]}]},{"@type":"ImageObject","inLanguage":"es","@id":"https:\/\/canal7slp.tv\/2025\/mercedes-revela-el-w16-su-nuevo-auto-para-la-temporada-2025-de-formula-1\/#primaryimage","url":"https:\/\/canal7slp.tv\/2025\/wp-content\/uploads\/2025\/02\/9.jpg","contentUrl":"https:\/\/canal7slp.tv\/2025\/wp-content\/uploads\/2025\/02\/9.jpg","width":750,"height":500},{"@type":"BreadcrumbList","@id":"https:\/\/canal7slp.tv\/2025\/mercedes-revela-el-w16-su-nuevo-auto-para-la-temporada-2025-de-formula-1\/#breadcrumb","itemListElement":[{"@type":"ListItem","position":1,"name":"Portada","item":"https:\/\/canal7slp.tv\/2025\/"},{"@type":"ListItem","position":2,"name":"Mercedes revela el W16, su nuevo auto para la Temporada 2025 de F\u00f3rmula 1"}]},{"@type":"WebSite","@id":"https:\/\/canal7slp.tv\/2025\/#website","url":"https:\/\/canal7slp.tv\/2025\/","name":"N7 - Noticieros Canal 7","description":"Somos el Medio","publisher":{"@id":"https:\/\/canal7slp.tv\/2025\/#organization"},"potentialAction":[{"@type":"SearchAction","target":{"@type":"EntryPoint","urlTemplate":"https:\/\/canal7slp.tv\/2025\/?s={search_term_string}"},"query-input":{"@type":"PropertyValueSpecification","valueRequired":true,"valueName":"search_term_string"}}],"inLanguage":"es"},{"@type":"Organization","@id":"https:\/\/canal7slp.tv\/2025\/#organization","name":"Noticieros Canal 7","url":"https:\/\/canal7slp.tv\/2025\/","logo":{"@type":"ImageObject","inLanguage":"es","@id":"https:\/\/canal7slp.tv\/2025\/#\/schema\/logo\/image\/","url":"https:\/\/canal7slp.tv\/2025\/wp-content\/uploads\/2021\/01\/logo-noticieros@2x.png","contentUrl":"https:\/\/canal7slp.tv\/2025\/wp-content\/uploads\/2021\/01\/logo-noticieros@2x.png","width":1017,"height":268,"caption":"Noticieros Canal 7"},"image":{"@id":"https:\/\/canal7slp.tv\/2025\/#\/schema\/logo\/image\/"},"sameAs":["https:\/\/www.facebook.com\/noticieroscanal7atencionciudadana\/","https:\/\/x.com\/NOTICIEROS7","https:\/\/www.instagram.com\/canal7_slp","https:\/\/www.youtube.com\/channel\/UCliiYs-gP3JfJeqdPrNdd5A"]},{"@type":"Person","@id":"https:\/\/canal7slp.tv\/2025\/#\/schema\/person\/271e2b60a96e7cc9d9ac296f4d7e414b","name":"Edici\u00f3n Web","image":{"@type":"ImageObject","inLanguage":"es","@id":"https:\/\/secure.gravatar.com\/avatar\/eee448fc3f7164808013b816ba91ac7e43bbe82a70bebac296f8bc6f0addaa1a?s=96&d=mm&r=g","url":"https:\/\/secure.gravatar.com\/avatar\/eee448fc3f7164808013b816ba91ac7e43bbe82a70bebac296f8bc6f0addaa1a?s=96&d=mm&r=g","contentUrl":"https:\/\/secure.gravatar.com\/avatar\/eee448fc3f7164808013b816ba91ac7e43bbe82a70bebac296f8bc6f0addaa1a?s=96&d=mm&r=g","caption":"Edici\u00f3n Web"},"url":"https:\/\/canal7slp.tv\/2025\/author\/edicionweb\/"}]}},"_links":{"self":[{"href":"https:\/\/canal7slp.tv\/2025\/wp-json\/wp\/v2\/posts\/159135","targetHints":{"allow":["GET"]}}],"collection":[{"href":"https:\/\/canal7slp.tv\/2025\/wp-json\/wp\/v2\/posts"}],"about":[{"href":"https:\/\/canal7slp.tv\/2025\/wp-json\/wp\/v2\/types\/post"}],"author":[{"embeddable":true,"href":"https:\/\/canal7slp.tv\/2025\/wp-json\/wp\/v2\/users\/2"}],"replies":[{"embeddable":true,"href":"https:\/\/canal7slp.tv\/2025\/wp-json\/wp\/v2\/comments?post=159135"}],"version-history":[{"count":1,"href":"https:\/\/canal7slp.tv\/2025\/wp-json\/wp\/v2\/posts\/159135\/revisions"}],"predecessor-version":[{"id":159137,"href":"https:\/\/canal7slp.tv\/2025\/wp-json\/wp\/v2\/posts\/159135\/revisions\/159137"}],"wp:featuredmedia":[{"embeddable":true,"href":"https:\/\/canal7slp.tv\/2025\/wp-json\/wp\/v2\/media\/159136"}],"wp:attachment":[{"href":"https:\/\/canal7slp.tv\/2025\/wp-json\/wp\/v2\/media?parent=159135"}],"wp:term":[{"taxonomy":"category","embeddable":true,"href":"https:\/\/canal7slp.tv\/2025\/wp-json\/wp\/v2\/categories?post=159135"},{"taxonomy":"post_tag","embeddable":true,"href":"https:\/\/canal7slp.tv\/2025\/wp-json\/wp\/v2\/tags?post=159135"}],"curies":[{"name":"wp","href":"https:\/\/api.w.org\/{rel}","templated":true}]}}