{"id":158784,"date":"2025-02-20T15:28:52","date_gmt":"2025-02-20T21:28:52","guid":{"rendered":"https:\/\/canal7slp.tv\/2025\/?p=158784"},"modified":"2025-02-20T15:28:52","modified_gmt":"2025-02-20T21:28:52","slug":"reacondicionaran-areas-del-penal-femenil-de-xolol-en-la-huasteca-potosina","status":"publish","type":"post","link":"https:\/\/canal7slp.tv\/2025\/reacondicionaran-areas-del-penal-femenil-de-xolol-en-la-huasteca-potosina\/","title":{"rendered":"Reacondicionar\u00e1n \u00e1reas del penal femenil de Xolol en la Huasteca Potosina"},"content":{"rendered":"<p style=\"text-align: justify;\"><span style=\"font-size: 1.21429rem;\">SLP.- El secretario de Seguridad y Protecci\u00f3n Ciudadana, Jos\u00e9 Luis Ruiz Contreras, inform\u00f3 que se destinar\u00e1n aproximadamente 10 millones de pesos para el reacondicionamiento del penal femenil de Xolol.<\/span><\/p>\n<p style=\"text-align: justify;\">A la vez, indic\u00f3 que se mantiene el traslado de aquellas mujeres privadas de la libertad que actualmente se encuentran en el penal de La Pila.<\/p>\n<p style=\"text-align: justify;\">Ruiz Contreras detall\u00f3 que durante esta semana, personal de diversas \u00e1reas y dependencias realizan el proceso de evaluaci\u00f3n de las \u00e1reas que requieren una intervenci\u00f3n para garantizar mejores condiciones para las internas.<\/p>\n<p style=\"text-align: justify;\">\u00abEsta misma semana personal de Seduvop y de la Direcci\u00f3n General de Prevenci\u00f3n y Reinserci\u00f3n Social estamos realizando todo el proceso para ver las \u00e1reas que se van a condicionar para la mejor estancia de las PPLs\u00bb, detall\u00f3<\/p>\n<p style=\"text-align: justify;\">Record\u00f3 que la habilitaci\u00f3n del centro de reinserci\u00f3n social en Xolol responde a una recomendaci\u00f3n de la Comisi\u00f3n Nacional y Estatal de Derechos Humanos.<\/p>\n<p style=\"text-align: justify;\">En cuanto al origen del financiamiento, Ru\u00edz Contreras precis\u00f3 que la mayor parte proviene del fondo de Socorro de Ayuda que deb\u00eda la federaci\u00f3n.<\/p>\n<p style=\"text-align: justify;\">\u00abEsto deriva del recurso que se gener\u00f3 a trav\u00e9s del Socorro de Ayuda, que se va a destinar pr\u00e1cticamente 90% del mismo al penal de Xolol\u00bb, puntualiz\u00f3.<\/p>\n<p style=\"text-align: justify;\">En ese sentido, ahond\u00f3 sobre los recursos recibidos gracias a recientes gestiones con el gobierno federal.<\/p>\n<p style=\"text-align: justify;\">\u00abTodo el sexenio no se gener\u00f3 ninguna transferencia. Hace un mes, en virtud de las gestiones que se hicieron en esta administraci\u00f3n, se logra que el Gobierno Federal destine o realice un pago de 10 millones de pesos de 19 que se deben\u00bb, coment\u00f3.<\/p>\n<p>Por: Juan Carlos Contreras<\/p>\n","protected":false},"excerpt":{"rendered":"<p>SLP.- El secretario de Seguridad y Protecci\u00f3n Ciudadana, Jos\u00e9 Luis Ruiz Contreras, inform\u00f3 que se destinar\u00e1n aproximadamente 10 millones de pesos para el reacondicionamiento del penal femenil de Xolol. A la vez, indic\u00f3 que se mantiene el traslado de aquellas mujeres privadas de la libertad que actualmente se encuentran en el penal de La Pila. Ruiz Contreras detall\u00f3 que durante esta semana, personal de diversas \u00e1reas y dependencias realizan el proceso de evaluaci\u00f3n de las \u00e1reas que requieren una intervenci\u00f3n para garantizar mejores condiciones para las internas. \u00abEsta misma semana personal de Seduvop y de la Direcci\u00f3n General de Prevenci\u00f3n [&hellip;]<\/p>\n","protected":false},"author":2,"featured_media":158799,"comment_status":"closed","ping_status":"closed","sticky":false,"template":"","format":"video","meta":{"_monsterinsights_skip_tracking":false,"_monsterinsights_sitenote_active":false,"_monsterinsights_sitenote_note":"","_monsterinsights_sitenote_category":0,"footnotes":""},"categories":[5,510,45],"tags":[],"class_list":["post-158784","post","type-post","status-publish","format-video","has-post-thumbnail","hentry","category-destacadas","category-gobedoslp","category-localesyregionales","post_format-post-format-video","post--single"],"yoast_head":"<!-- This site is optimized with the Yoast SEO plugin v27.5 - https:\/\/yoast.com\/product\/yoast-seo-wordpress\/ -->\n<title>Reacondicionar\u00e1n \u00e1reas del penal femenil de Xolol en la Huasteca Potosina - Canal 7 SLP - 2025<\/title>\n<meta name=\"robots\" content=\"index, follow, max-snippet:-1, max-image-preview:large, max-video-preview:-1\" \/>\n<link rel=\"canonical\" href=\"https:\/\/canal7slp.tv\/2025\/reacondicionaran-areas-del-penal-femenil-de-xolol-en-la-huasteca-potosina\/\" \/>\n<meta property=\"og:locale\" content=\"es_ES\" \/>\n<meta property=\"og:type\" content=\"article\" \/>\n<meta property=\"og:title\" content=\"Reacondicionar\u00e1n \u00e1reas del penal femenil de Xolol en la Huasteca Potosina - Canal 7 SLP - 2025\" \/>\n<meta property=\"og:description\" content=\"SLP.- El secretario de Seguridad y Protecci\u00f3n Ciudadana, Jos\u00e9 Luis Ruiz Contreras, inform\u00f3 que se destinar\u00e1n aproximadamente 10 millones de pesos para el reacondicionamiento del penal femenil de Xolol. A la vez, indic\u00f3 que se mantiene el traslado de aquellas mujeres privadas de la libertad que actualmente se encuentran en el penal de La Pila. Ruiz Contreras detall\u00f3 que durante esta semana, personal de diversas \u00e1reas y dependencias realizan el proceso de evaluaci\u00f3n de las \u00e1reas que requieren una intervenci\u00f3n para garantizar mejores condiciones para las internas. \u00abEsta misma semana personal de Seduvop y de la Direcci\u00f3n General de Prevenci\u00f3n [&hellip;]\" \/>\n<meta property=\"og:url\" content=\"https:\/\/canal7slp.tv\/2025\/reacondicionaran-areas-del-penal-femenil-de-xolol-en-la-huasteca-potosina\/\" \/>\n<meta property=\"og:site_name\" content=\"Canal 7 SLP - 2025\" \/>\n<meta property=\"article:publisher\" content=\"https:\/\/www.facebook.com\/noticieroscanal7atencionciudadana\/\" \/>\n<meta property=\"article:published_time\" content=\"2025-02-20T21:28:52+00:00\" \/>\n<meta property=\"og:image\" content=\"https:\/\/canal7slp.tv\/2025\/wp-content\/uploads\/2025\/02\/Vazquez01PenalXolol.jpg\" \/>\n\t<meta property=\"og:image:width\" content=\"1280\" \/>\n\t<meta property=\"og:image:height\" content=\"720\" \/>\n\t<meta property=\"og:image:type\" content=\"image\/jpeg\" \/>\n<meta name=\"author\" content=\"Edici\u00f3n Web\" \/>\n<meta name=\"twitter:card\" content=\"summary_large_image\" \/>\n<meta name=\"twitter:creator\" content=\"@NOTICIEROS7\" \/>\n<meta name=\"twitter:site\" content=\"@NOTICIEROS7\" \/>\n<meta name=\"twitter:label1\" content=\"Escrito por\" \/>\n\t<meta name=\"twitter:data1\" content=\"Edici\u00f3n Web\" \/>\n\t<meta name=\"twitter:label2\" content=\"Tiempo de lectura\" \/>\n\t<meta name=\"twitter:data2\" content=\"2 minutos\" \/>\n<script type=\"application\/ld+json\" class=\"yoast-schema-graph\">{\"@context\":\"https:\\\/\\\/schema.org\",\"@graph\":[{\"@type\":\"Article\",\"@id\":\"https:\\\/\\\/canal7slp.tv\\\/2025\\\/reacondicionaran-areas-del-penal-femenil-de-xolol-en-la-huasteca-potosina\\\/#article\",\"isPartOf\":{\"@id\":\"https:\\\/\\\/canal7slp.tv\\\/2025\\\/reacondicionaran-areas-del-penal-femenil-de-xolol-en-la-huasteca-potosina\\\/\"},\"author\":{\"name\":\"Edici\u00f3n Web\",\"@id\":\"https:\\\/\\\/canal7slp.tv\\\/2025\\\/#\\\/schema\\\/person\\\/271e2b60a96e7cc9d9ac296f4d7e414b\"},\"headline\":\"Reacondicionar\u00e1n \u00e1reas del penal femenil de Xolol en la Huasteca Potosina\",\"datePublished\":\"2025-02-20T21:28:52+00:00\",\"mainEntityOfPage\":{\"@id\":\"https:\\\/\\\/canal7slp.tv\\\/2025\\\/reacondicionaran-areas-del-penal-femenil-de-xolol-en-la-huasteca-potosina\\\/\"},\"wordCount\":290,\"publisher\":{\"@id\":\"https:\\\/\\\/canal7slp.tv\\\/2025\\\/#organization\"},\"image\":{\"@id\":\"https:\\\/\\\/canal7slp.tv\\\/2025\\\/reacondicionaran-areas-del-penal-femenil-de-xolol-en-la-huasteca-potosina\\\/#primaryimage\"},\"thumbnailUrl\":\"https:\\\/\\\/canal7slp.tv\\\/2025\\\/wp-content\\\/uploads\\\/2025\\\/02\\\/Vazquez01PenalXolol.jpg\",\"articleSection\":[\"DESTACADAS\",\"GOBEDOSLP\",\"LOCALES Y REGIONALES\"],\"inLanguage\":\"es\"},{\"@type\":\"WebPage\",\"@id\":\"https:\\\/\\\/canal7slp.tv\\\/2025\\\/reacondicionaran-areas-del-penal-femenil-de-xolol-en-la-huasteca-potosina\\\/\",\"url\":\"https:\\\/\\\/canal7slp.tv\\\/2025\\\/reacondicionaran-areas-del-penal-femenil-de-xolol-en-la-huasteca-potosina\\\/\",\"name\":\"Reacondicionar\u00e1n \u00e1reas del penal femenil de Xolol en la Huasteca Potosina - Canal 7 SLP - 2025\",\"isPartOf\":{\"@id\":\"https:\\\/\\\/canal7slp.tv\\\/2025\\\/#website\"},\"primaryImageOfPage\":{\"@id\":\"https:\\\/\\\/canal7slp.tv\\\/2025\\\/reacondicionaran-areas-del-penal-femenil-de-xolol-en-la-huasteca-potosina\\\/#primaryimage\"},\"image\":{\"@id\":\"https:\\\/\\\/canal7slp.tv\\\/2025\\\/reacondicionaran-areas-del-penal-femenil-de-xolol-en-la-huasteca-potosina\\\/#primaryimage\"},\"thumbnailUrl\":\"https:\\\/\\\/canal7slp.tv\\\/2025\\\/wp-content\\\/uploads\\\/2025\\\/02\\\/Vazquez01PenalXolol.jpg\",\"datePublished\":\"2025-02-20T21:28:52+00:00\",\"breadcrumb\":{\"@id\":\"https:\\\/\\\/canal7slp.tv\\\/2025\\\/reacondicionaran-areas-del-penal-femenil-de-xolol-en-la-huasteca-potosina\\\/#breadcrumb\"},\"inLanguage\":\"es\",\"potentialAction\":[{\"@type\":\"ReadAction\",\"target\":[\"https:\\\/\\\/canal7slp.tv\\\/2025\\\/reacondicionaran-areas-del-penal-femenil-de-xolol-en-la-huasteca-potosina\\\/\"]}]},{\"@type\":\"ImageObject\",\"inLanguage\":\"es\",\"@id\":\"https:\\\/\\\/canal7slp.tv\\\/2025\\\/reacondicionaran-areas-del-penal-femenil-de-xolol-en-la-huasteca-potosina\\\/#primaryimage\",\"url\":\"https:\\\/\\\/canal7slp.tv\\\/2025\\\/wp-content\\\/uploads\\\/2025\\\/02\\\/Vazquez01PenalXolol.jpg\",\"contentUrl\":\"https:\\\/\\\/canal7slp.tv\\\/2025\\\/wp-content\\\/uploads\\\/2025\\\/02\\\/Vazquez01PenalXolol.jpg\",\"width\":1280,\"height\":720},{\"@type\":\"BreadcrumbList\",\"@id\":\"https:\\\/\\\/canal7slp.tv\\\/2025\\\/reacondicionaran-areas-del-penal-femenil-de-xolol-en-la-huasteca-potosina\\\/#breadcrumb\",\"itemListElement\":[{\"@type\":\"ListItem\",\"position\":1,\"name\":\"Portada\",\"item\":\"https:\\\/\\\/canal7slp.tv\\\/2025\\\/\"},{\"@type\":\"ListItem\",\"position\":2,\"name\":\"Reacondicionar\u00e1n \u00e1reas del penal femenil de Xolol en la Huasteca Potosina\"}]},{\"@type\":\"WebSite\",\"@id\":\"https:\\\/\\\/canal7slp.tv\\\/2025\\\/#website\",\"url\":\"https:\\\/\\\/canal7slp.tv\\\/2025\\\/\",\"name\":\"N7 - Noticieros Canal 7\",\"description\":\"Somos el Medio\",\"publisher\":{\"@id\":\"https:\\\/\\\/canal7slp.tv\\\/2025\\\/#organization\"},\"potentialAction\":[{\"@type\":\"SearchAction\",\"target\":{\"@type\":\"EntryPoint\",\"urlTemplate\":\"https:\\\/\\\/canal7slp.tv\\\/2025\\\/?s={search_term_string}\"},\"query-input\":{\"@type\":\"PropertyValueSpecification\",\"valueRequired\":true,\"valueName\":\"search_term_string\"}}],\"inLanguage\":\"es\"},{\"@type\":\"Organization\",\"@id\":\"https:\\\/\\\/canal7slp.tv\\\/2025\\\/#organization\",\"name\":\"Noticieros Canal 7\",\"url\":\"https:\\\/\\\/canal7slp.tv\\\/2025\\\/\",\"logo\":{\"@type\":\"ImageObject\",\"inLanguage\":\"es\",\"@id\":\"https:\\\/\\\/canal7slp.tv\\\/2025\\\/#\\\/schema\\\/logo\\\/image\\\/\",\"url\":\"https:\\\/\\\/canal7slp.tv\\\/2025\\\/wp-content\\\/uploads\\\/2021\\\/01\\\/logo-noticieros@2x.png\",\"contentUrl\":\"https:\\\/\\\/canal7slp.tv\\\/2025\\\/wp-content\\\/uploads\\\/2021\\\/01\\\/logo-noticieros@2x.png\",\"width\":1017,\"height\":268,\"caption\":\"Noticieros Canal 7\"},\"image\":{\"@id\":\"https:\\\/\\\/canal7slp.tv\\\/2025\\\/#\\\/schema\\\/logo\\\/image\\\/\"},\"sameAs\":[\"https:\\\/\\\/www.facebook.com\\\/noticieroscanal7atencionciudadana\\\/\",\"https:\\\/\\\/x.com\\\/NOTICIEROS7\",\"https:\\\/\\\/www.instagram.com\\\/canal7_slp\",\"https:\\\/\\\/www.youtube.com\\\/channel\\\/UCliiYs-gP3JfJeqdPrNdd5A\"]},{\"@type\":\"Person\",\"@id\":\"https:\\\/\\\/canal7slp.tv\\\/2025\\\/#\\\/schema\\\/person\\\/271e2b60a96e7cc9d9ac296f4d7e414b\",\"name\":\"Edici\u00f3n Web\",\"image\":{\"@type\":\"ImageObject\",\"inLanguage\":\"es\",\"@id\":\"https:\\\/\\\/secure.gravatar.com\\\/avatar\\\/eee448fc3f7164808013b816ba91ac7e43bbe82a70bebac296f8bc6f0addaa1a?s=96&d=mm&r=g\",\"url\":\"https:\\\/\\\/secure.gravatar.com\\\/avatar\\\/eee448fc3f7164808013b816ba91ac7e43bbe82a70bebac296f8bc6f0addaa1a?s=96&d=mm&r=g\",\"contentUrl\":\"https:\\\/\\\/secure.gravatar.com\\\/avatar\\\/eee448fc3f7164808013b816ba91ac7e43bbe82a70bebac296f8bc6f0addaa1a?s=96&d=mm&r=g\",\"caption\":\"Edici\u00f3n Web\"},\"url\":\"https:\\\/\\\/canal7slp.tv\\\/2025\\\/author\\\/edicionweb\\\/\"}]}<\/script>\n<!-- \/ Yoast SEO plugin. -->","yoast_head_json":{"title":"Reacondicionar\u00e1n \u00e1reas del penal femenil de Xolol en la Huasteca Potosina - Canal 7 SLP - 2025","robots":{"index":"index","follow":"follow","max-snippet":"max-snippet:-1","max-image-preview":"max-image-preview:large","max-video-preview":"max-video-preview:-1"},"canonical":"https:\/\/canal7slp.tv\/2025\/reacondicionaran-areas-del-penal-femenil-de-xolol-en-la-huasteca-potosina\/","og_locale":"es_ES","og_type":"article","og_title":"Reacondicionar\u00e1n \u00e1reas del penal femenil de Xolol en la Huasteca Potosina - Canal 7 SLP - 2025","og_description":"SLP.- El secretario de Seguridad y Protecci\u00f3n Ciudadana, Jos\u00e9 Luis Ruiz Contreras, inform\u00f3 que se destinar\u00e1n aproximadamente 10 millones de pesos para el reacondicionamiento del penal femenil de Xolol. A la vez, indic\u00f3 que se mantiene el traslado de aquellas mujeres privadas de la libertad que actualmente se encuentran en el penal de La Pila. Ruiz Contreras detall\u00f3 que durante esta semana, personal de diversas \u00e1reas y dependencias realizan el proceso de evaluaci\u00f3n de las \u00e1reas que requieren una intervenci\u00f3n para garantizar mejores condiciones para las internas. \u00abEsta misma semana personal de Seduvop y de la Direcci\u00f3n General de Prevenci\u00f3n [&hellip;]","og_url":"https:\/\/canal7slp.tv\/2025\/reacondicionaran-areas-del-penal-femenil-de-xolol-en-la-huasteca-potosina\/","og_site_name":"Canal 7 SLP - 2025","article_publisher":"https:\/\/www.facebook.com\/noticieroscanal7atencionciudadana\/","article_published_time":"2025-02-20T21:28:52+00:00","og_image":[{"width":1280,"height":720,"url":"https:\/\/canal7slp.tv\/2025\/wp-content\/uploads\/2025\/02\/Vazquez01PenalXolol.jpg","type":"image\/jpeg"}],"author":"Edici\u00f3n Web","twitter_card":"summary_large_image","twitter_creator":"@NOTICIEROS7","twitter_site":"@NOTICIEROS7","twitter_misc":{"Escrito por":"Edici\u00f3n Web","Tiempo de lectura":"2 minutos"},"schema":{"@context":"https:\/\/schema.org","@graph":[{"@type":"Article","@id":"https:\/\/canal7slp.tv\/2025\/reacondicionaran-areas-del-penal-femenil-de-xolol-en-la-huasteca-potosina\/#article","isPartOf":{"@id":"https:\/\/canal7slp.tv\/2025\/reacondicionaran-areas-del-penal-femenil-de-xolol-en-la-huasteca-potosina\/"},"author":{"name":"Edici\u00f3n Web","@id":"https:\/\/canal7slp.tv\/2025\/#\/schema\/person\/271e2b60a96e7cc9d9ac296f4d7e414b"},"headline":"Reacondicionar\u00e1n \u00e1reas del penal femenil de Xolol en la Huasteca Potosina","datePublished":"2025-02-20T21:28:52+00:00","mainEntityOfPage":{"@id":"https:\/\/canal7slp.tv\/2025\/reacondicionaran-areas-del-penal-femenil-de-xolol-en-la-huasteca-potosina\/"},"wordCount":290,"publisher":{"@id":"https:\/\/canal7slp.tv\/2025\/#organization"},"image":{"@id":"https:\/\/canal7slp.tv\/2025\/reacondicionaran-areas-del-penal-femenil-de-xolol-en-la-huasteca-potosina\/#primaryimage"},"thumbnailUrl":"https:\/\/canal7slp.tv\/2025\/wp-content\/uploads\/2025\/02\/Vazquez01PenalXolol.jpg","articleSection":["DESTACADAS","GOBEDOSLP","LOCALES Y REGIONALES"],"inLanguage":"es"},{"@type":"WebPage","@id":"https:\/\/canal7slp.tv\/2025\/reacondicionaran-areas-del-penal-femenil-de-xolol-en-la-huasteca-potosina\/","url":"https:\/\/canal7slp.tv\/2025\/reacondicionaran-areas-del-penal-femenil-de-xolol-en-la-huasteca-potosina\/","name":"Reacondicionar\u00e1n \u00e1reas del penal femenil de Xolol en la Huasteca Potosina - Canal 7 SLP - 2025","isPartOf":{"@id":"https:\/\/canal7slp.tv\/2025\/#website"},"primaryImageOfPage":{"@id":"https:\/\/canal7slp.tv\/2025\/reacondicionaran-areas-del-penal-femenil-de-xolol-en-la-huasteca-potosina\/#primaryimage"},"image":{"@id":"https:\/\/canal7slp.tv\/2025\/reacondicionaran-areas-del-penal-femenil-de-xolol-en-la-huasteca-potosina\/#primaryimage"},"thumbnailUrl":"https:\/\/canal7slp.tv\/2025\/wp-content\/uploads\/2025\/02\/Vazquez01PenalXolol.jpg","datePublished":"2025-02-20T21:28:52+00:00","breadcrumb":{"@id":"https:\/\/canal7slp.tv\/2025\/reacondicionaran-areas-del-penal-femenil-de-xolol-en-la-huasteca-potosina\/#breadcrumb"},"inLanguage":"es","potentialAction":[{"@type":"ReadAction","target":["https:\/\/canal7slp.tv\/2025\/reacondicionaran-areas-del-penal-femenil-de-xolol-en-la-huasteca-potosina\/"]}]},{"@type":"ImageObject","inLanguage":"es","@id":"https:\/\/canal7slp.tv\/2025\/reacondicionaran-areas-del-penal-femenil-de-xolol-en-la-huasteca-potosina\/#primaryimage","url":"https:\/\/canal7slp.tv\/2025\/wp-content\/uploads\/2025\/02\/Vazquez01PenalXolol.jpg","contentUrl":"https:\/\/canal7slp.tv\/2025\/wp-content\/uploads\/2025\/02\/Vazquez01PenalXolol.jpg","width":1280,"height":720},{"@type":"BreadcrumbList","@id":"https:\/\/canal7slp.tv\/2025\/reacondicionaran-areas-del-penal-femenil-de-xolol-en-la-huasteca-potosina\/#breadcrumb","itemListElement":[{"@type":"ListItem","position":1,"name":"Portada","item":"https:\/\/canal7slp.tv\/2025\/"},{"@type":"ListItem","position":2,"name":"Reacondicionar\u00e1n \u00e1reas del penal femenil de Xolol en la Huasteca Potosina"}]},{"@type":"WebSite","@id":"https:\/\/canal7slp.tv\/2025\/#website","url":"https:\/\/canal7slp.tv\/2025\/","name":"N7 - Noticieros Canal 7","description":"Somos el Medio","publisher":{"@id":"https:\/\/canal7slp.tv\/2025\/#organization"},"potentialAction":[{"@type":"SearchAction","target":{"@type":"EntryPoint","urlTemplate":"https:\/\/canal7slp.tv\/2025\/?s={search_term_string}"},"query-input":{"@type":"PropertyValueSpecification","valueRequired":true,"valueName":"search_term_string"}}],"inLanguage":"es"},{"@type":"Organization","@id":"https:\/\/canal7slp.tv\/2025\/#organization","name":"Noticieros Canal 7","url":"https:\/\/canal7slp.tv\/2025\/","logo":{"@type":"ImageObject","inLanguage":"es","@id":"https:\/\/canal7slp.tv\/2025\/#\/schema\/logo\/image\/","url":"https:\/\/canal7slp.tv\/2025\/wp-content\/uploads\/2021\/01\/logo-noticieros@2x.png","contentUrl":"https:\/\/canal7slp.tv\/2025\/wp-content\/uploads\/2021\/01\/logo-noticieros@2x.png","width":1017,"height":268,"caption":"Noticieros Canal 7"},"image":{"@id":"https:\/\/canal7slp.tv\/2025\/#\/schema\/logo\/image\/"},"sameAs":["https:\/\/www.facebook.com\/noticieroscanal7atencionciudadana\/","https:\/\/x.com\/NOTICIEROS7","https:\/\/www.instagram.com\/canal7_slp","https:\/\/www.youtube.com\/channel\/UCliiYs-gP3JfJeqdPrNdd5A"]},{"@type":"Person","@id":"https:\/\/canal7slp.tv\/2025\/#\/schema\/person\/271e2b60a96e7cc9d9ac296f4d7e414b","name":"Edici\u00f3n Web","image":{"@type":"ImageObject","inLanguage":"es","@id":"https:\/\/secure.gravatar.com\/avatar\/eee448fc3f7164808013b816ba91ac7e43bbe82a70bebac296f8bc6f0addaa1a?s=96&d=mm&r=g","url":"https:\/\/secure.gravatar.com\/avatar\/eee448fc3f7164808013b816ba91ac7e43bbe82a70bebac296f8bc6f0addaa1a?s=96&d=mm&r=g","contentUrl":"https:\/\/secure.gravatar.com\/avatar\/eee448fc3f7164808013b816ba91ac7e43bbe82a70bebac296f8bc6f0addaa1a?s=96&d=mm&r=g","caption":"Edici\u00f3n Web"},"url":"https:\/\/canal7slp.tv\/2025\/author\/edicionweb\/"}]}},"_links":{"self":[{"href":"https:\/\/canal7slp.tv\/2025\/wp-json\/wp\/v2\/posts\/158784","targetHints":{"allow":["GET"]}}],"collection":[{"href":"https:\/\/canal7slp.tv\/2025\/wp-json\/wp\/v2\/posts"}],"about":[{"href":"https:\/\/canal7slp.tv\/2025\/wp-json\/wp\/v2\/types\/post"}],"author":[{"embeddable":true,"href":"https:\/\/canal7slp.tv\/2025\/wp-json\/wp\/v2\/users\/2"}],"replies":[{"embeddable":true,"href":"https:\/\/canal7slp.tv\/2025\/wp-json\/wp\/v2\/comments?post=158784"}],"version-history":[{"count":2,"href":"https:\/\/canal7slp.tv\/2025\/wp-json\/wp\/v2\/posts\/158784\/revisions"}],"predecessor-version":[{"id":158800,"href":"https:\/\/canal7slp.tv\/2025\/wp-json\/wp\/v2\/posts\/158784\/revisions\/158800"}],"wp:featuredmedia":[{"embeddable":true,"href":"https:\/\/canal7slp.tv\/2025\/wp-json\/wp\/v2\/media\/158799"}],"wp:attachment":[{"href":"https:\/\/canal7slp.tv\/2025\/wp-json\/wp\/v2\/media?parent=158784"}],"wp:term":[{"taxonomy":"category","embeddable":true,"href":"https:\/\/canal7slp.tv\/2025\/wp-json\/wp\/v2\/categories?post=158784"},{"taxonomy":"post_tag","embeddable":true,"href":"https:\/\/canal7slp.tv\/2025\/wp-json\/wp\/v2\/tags?post=158784"}],"curies":[{"name":"wp","href":"https:\/\/api.w.org\/{rel}","templated":true}]}}