{"id":158535,"date":"2025-02-18T15:21:14","date_gmt":"2025-02-18T21:21:14","guid":{"rendered":"https:\/\/canal7slp.tv\/2025\/?p=158535"},"modified":"2025-02-18T15:21:14","modified_gmt":"2025-02-18T21:21:14","slug":"presentara-soledad-requerimientos-al-poder-legislativo-para-desincorporacion-del-interapas","status":"publish","type":"post","link":"https:\/\/canal7slp.tv\/2025\/presentara-soledad-requerimientos-al-poder-legislativo-para-desincorporacion-del-interapas\/","title":{"rendered":"Presentar\u00e1 Soledad requerimientos al poder legislativo para desincorporaci\u00f3n del Interapas"},"content":{"rendered":"<p style=\"text-align: justify;\"><span style=\"font-size: 1.21429rem;\">SGS.- Soledad de Graciano S\u00e1nchez avanza en su proceso de desincorporaci\u00f3n del Interapas tras recibir los requerimientos solicitados por el Congreso del Estado, as\u00ed lo inform\u00f3 el presidente municipal, Juan Manuel Navarro Mu\u00f1iz.<\/span><\/p>\n<p style=\"text-align: justify;\">\u201cYa tenemos el escrito de la presidenta de la comisi\u00f3n del agua donde nos piden algunos requisitos con requerimientos que tenemos que cumplirle y ya nos vamos a poner a cumplir con lo que nos est\u00e1 pidiendo el congreso y con la gente y con las colonias que es important\u00edsimo\u201d, declar\u00f3.<\/p>\n<p style=\"text-align: justify;\">Sostuvo que la separaci\u00f3n del municipio traer\u00e1 beneficios para Soledad de Graciano S\u00e1nchez al destacar que se cumplir\u00e1 con todos los procedimientos necesarios.<\/p>\n<p style=\"text-align: justify;\">\u201cNos va a ir mejor, o sea, a Soledad le va a ir mejor sin estar en el organismo, lo hemos venido diciendo&#8230; Va a llevar pr\u00e1cticamente la causa, el tr\u00e1mite, el procedimiento y celebro yo que el congreso nos voltee a ver y nos dijo oye necesito que hagan esto que hagan lo otro y lo vamos a cumplir lo vamos a hacer\u201d, puntualiz\u00f3.<\/p>\n<p style=\"text-align: justify;\">Navarro Mu\u00f1iz tambi\u00e9n aclar\u00f3 que el objetivo no es desaparecer el Interapas, sino lograr la desincorporaci\u00f3n de Soledad sin afectar a otros municipios involucrados.<\/p>\n<p style=\"text-align: justify;\">\u201cSiempre lo he dicho y hay que aclarar en esta iniciativa se habla de desaparecer el organismo nosotros el mecanismo que vamos a hacer es la desincorporaci\u00f3n de Soledad, hay que recordar que Cerro de San Pedro quiere seguir en el organismo, el municipio hermano de Pozos de reciente creaci\u00f3n se acaba de incorporar y nosotros no queremos afectar a terceros\u201d, enfatiz\u00f3.<\/p>\n<p style=\"text-align: justify;\">Aunque no se cuenta con una fecha l\u00edmite para concretar la desincorporaci\u00f3n, el presidente municipal asegur\u00f3 que el proceso continuar\u00e1 hasta cumplirse.<\/p>\n<p style=\"text-align: justify;\">\u201cNo tenemos fecha, no hay un plazo, no hay una temporalidad lo que s\u00ed va a hacer es que no vamos a quitar el dedo de rengl\u00f3n no vamos a desistir hoy ya traemos los lineamientos y requerimientos que pide el congreso y los vamos a cumplir para darle seguimiento y que esto no se quede\u201d, concluy\u00f3.<\/p>\n<p style=\"text-align: justify;\">Por: Jos\u00e9 Luis V\u00e1zquez<\/p>\n","protected":false},"excerpt":{"rendered":"<p>SGS.- Soledad de Graciano S\u00e1nchez avanza en su proceso de desincorporaci\u00f3n del Interapas tras recibir los requerimientos solicitados por el Congreso del Estado, as\u00ed lo inform\u00f3 el presidente municipal, Juan Manuel Navarro Mu\u00f1iz. \u201cYa tenemos el escrito de la presidenta de la comisi\u00f3n del agua donde nos piden algunos requisitos con requerimientos que tenemos que cumplirle y ya nos vamos a poner a cumplir con lo que nos est\u00e1 pidiendo el congreso y con la gente y con las colonias que es important\u00edsimo\u201d, declar\u00f3. Sostuvo que la separaci\u00f3n del municipio traer\u00e1 beneficios para Soledad de Graciano S\u00e1nchez al destacar que [&hellip;]<\/p>\n","protected":false},"author":2,"featured_media":158537,"comment_status":"closed","ping_status":"closed","sticky":false,"template":"","format":"video","meta":{"_monsterinsights_skip_tracking":false,"_monsterinsights_sitenote_active":false,"_monsterinsights_sitenote_note":"","_monsterinsights_sitenote_category":0,"footnotes":""},"categories":[512,5,45],"tags":[],"class_list":["post-158535","post","type-post","status-publish","format-video","has-post-thumbnail","hentry","category-ayosgs","category-destacadas","category-localesyregionales","post_format-post-format-video","post--single"],"yoast_head":"<!-- This site is optimized with the Yoast SEO plugin v27.5 - https:\/\/yoast.com\/product\/yoast-seo-wordpress\/ -->\n<title>Presentar\u00e1 Soledad requerimientos al poder legislativo para desincorporaci\u00f3n del Interapas - Canal 7 SLP - 2025<\/title>\n<meta name=\"robots\" content=\"index, follow, max-snippet:-1, max-image-preview:large, max-video-preview:-1\" \/>\n<link rel=\"canonical\" href=\"https:\/\/canal7slp.tv\/2025\/presentara-soledad-requerimientos-al-poder-legislativo-para-desincorporacion-del-interapas\/\" \/>\n<meta property=\"og:locale\" content=\"es_ES\" \/>\n<meta property=\"og:type\" content=\"article\" \/>\n<meta property=\"og:title\" content=\"Presentar\u00e1 Soledad requerimientos al poder legislativo para desincorporaci\u00f3n del Interapas - Canal 7 SLP - 2025\" \/>\n<meta property=\"og:description\" content=\"SGS.- Soledad de Graciano S\u00e1nchez avanza en su proceso de desincorporaci\u00f3n del Interapas tras recibir los requerimientos solicitados por el Congreso del Estado, as\u00ed lo inform\u00f3 el presidente municipal, Juan Manuel Navarro Mu\u00f1iz. \u201cYa tenemos el escrito de la presidenta de la comisi\u00f3n del agua donde nos piden algunos requisitos con requerimientos que tenemos que cumplirle y ya nos vamos a poner a cumplir con lo que nos est\u00e1 pidiendo el congreso y con la gente y con las colonias que es important\u00edsimo\u201d, declar\u00f3. Sostuvo que la separaci\u00f3n del municipio traer\u00e1 beneficios para Soledad de Graciano S\u00e1nchez al destacar que [&hellip;]\" \/>\n<meta property=\"og:url\" content=\"https:\/\/canal7slp.tv\/2025\/presentara-soledad-requerimientos-al-poder-legislativo-para-desincorporacion-del-interapas\/\" \/>\n<meta property=\"og:site_name\" content=\"Canal 7 SLP - 2025\" \/>\n<meta property=\"article:publisher\" content=\"https:\/\/www.facebook.com\/noticieroscanal7atencionciudadana\/\" \/>\n<meta property=\"article:published_time\" content=\"2025-02-18T21:21:14+00:00\" \/>\n<meta property=\"og:image\" content=\"https:\/\/canal7slp.tv\/2025\/wp-content\/uploads\/2025\/02\/Vazquez03SGSJMN.jpg\" \/>\n\t<meta property=\"og:image:width\" content=\"1280\" \/>\n\t<meta property=\"og:image:height\" content=\"720\" \/>\n\t<meta property=\"og:image:type\" content=\"image\/jpeg\" \/>\n<meta name=\"author\" content=\"Edici\u00f3n Web\" \/>\n<meta name=\"twitter:card\" content=\"summary_large_image\" \/>\n<meta name=\"twitter:creator\" content=\"@NOTICIEROS7\" \/>\n<meta name=\"twitter:site\" content=\"@NOTICIEROS7\" \/>\n<meta name=\"twitter:label1\" content=\"Escrito por\" \/>\n\t<meta name=\"twitter:data1\" content=\"Edici\u00f3n Web\" \/>\n\t<meta name=\"twitter:label2\" content=\"Tiempo de lectura\" \/>\n\t<meta name=\"twitter:data2\" content=\"2 minutos\" \/>\n<script type=\"application\/ld+json\" class=\"yoast-schema-graph\">{\"@context\":\"https:\\\/\\\/schema.org\",\"@graph\":[{\"@type\":\"Article\",\"@id\":\"https:\\\/\\\/canal7slp.tv\\\/2025\\\/presentara-soledad-requerimientos-al-poder-legislativo-para-desincorporacion-del-interapas\\\/#article\",\"isPartOf\":{\"@id\":\"https:\\\/\\\/canal7slp.tv\\\/2025\\\/presentara-soledad-requerimientos-al-poder-legislativo-para-desincorporacion-del-interapas\\\/\"},\"author\":{\"name\":\"Edici\u00f3n Web\",\"@id\":\"https:\\\/\\\/canal7slp.tv\\\/2025\\\/#\\\/schema\\\/person\\\/271e2b60a96e7cc9d9ac296f4d7e414b\"},\"headline\":\"Presentar\u00e1 Soledad requerimientos al poder legislativo para desincorporaci\u00f3n del Interapas\",\"datePublished\":\"2025-02-18T21:21:14+00:00\",\"mainEntityOfPage\":{\"@id\":\"https:\\\/\\\/canal7slp.tv\\\/2025\\\/presentara-soledad-requerimientos-al-poder-legislativo-para-desincorporacion-del-interapas\\\/\"},\"wordCount\":371,\"publisher\":{\"@id\":\"https:\\\/\\\/canal7slp.tv\\\/2025\\\/#organization\"},\"image\":{\"@id\":\"https:\\\/\\\/canal7slp.tv\\\/2025\\\/presentara-soledad-requerimientos-al-poder-legislativo-para-desincorporacion-del-interapas\\\/#primaryimage\"},\"thumbnailUrl\":\"https:\\\/\\\/canal7slp.tv\\\/2025\\\/wp-content\\\/uploads\\\/2025\\\/02\\\/Vazquez03SGSJMN.jpg\",\"articleSection\":[\"AYOSGS\",\"DESTACADAS\",\"LOCALES Y REGIONALES\"],\"inLanguage\":\"es\"},{\"@type\":\"WebPage\",\"@id\":\"https:\\\/\\\/canal7slp.tv\\\/2025\\\/presentara-soledad-requerimientos-al-poder-legislativo-para-desincorporacion-del-interapas\\\/\",\"url\":\"https:\\\/\\\/canal7slp.tv\\\/2025\\\/presentara-soledad-requerimientos-al-poder-legislativo-para-desincorporacion-del-interapas\\\/\",\"name\":\"Presentar\u00e1 Soledad requerimientos al poder legislativo para desincorporaci\u00f3n del Interapas - Canal 7 SLP - 2025\",\"isPartOf\":{\"@id\":\"https:\\\/\\\/canal7slp.tv\\\/2025\\\/#website\"},\"primaryImageOfPage\":{\"@id\":\"https:\\\/\\\/canal7slp.tv\\\/2025\\\/presentara-soledad-requerimientos-al-poder-legislativo-para-desincorporacion-del-interapas\\\/#primaryimage\"},\"image\":{\"@id\":\"https:\\\/\\\/canal7slp.tv\\\/2025\\\/presentara-soledad-requerimientos-al-poder-legislativo-para-desincorporacion-del-interapas\\\/#primaryimage\"},\"thumbnailUrl\":\"https:\\\/\\\/canal7slp.tv\\\/2025\\\/wp-content\\\/uploads\\\/2025\\\/02\\\/Vazquez03SGSJMN.jpg\",\"datePublished\":\"2025-02-18T21:21:14+00:00\",\"breadcrumb\":{\"@id\":\"https:\\\/\\\/canal7slp.tv\\\/2025\\\/presentara-soledad-requerimientos-al-poder-legislativo-para-desincorporacion-del-interapas\\\/#breadcrumb\"},\"inLanguage\":\"es\",\"potentialAction\":[{\"@type\":\"ReadAction\",\"target\":[\"https:\\\/\\\/canal7slp.tv\\\/2025\\\/presentara-soledad-requerimientos-al-poder-legislativo-para-desincorporacion-del-interapas\\\/\"]}]},{\"@type\":\"ImageObject\",\"inLanguage\":\"es\",\"@id\":\"https:\\\/\\\/canal7slp.tv\\\/2025\\\/presentara-soledad-requerimientos-al-poder-legislativo-para-desincorporacion-del-interapas\\\/#primaryimage\",\"url\":\"https:\\\/\\\/canal7slp.tv\\\/2025\\\/wp-content\\\/uploads\\\/2025\\\/02\\\/Vazquez03SGSJMN.jpg\",\"contentUrl\":\"https:\\\/\\\/canal7slp.tv\\\/2025\\\/wp-content\\\/uploads\\\/2025\\\/02\\\/Vazquez03SGSJMN.jpg\",\"width\":1280,\"height\":720},{\"@type\":\"BreadcrumbList\",\"@id\":\"https:\\\/\\\/canal7slp.tv\\\/2025\\\/presentara-soledad-requerimientos-al-poder-legislativo-para-desincorporacion-del-interapas\\\/#breadcrumb\",\"itemListElement\":[{\"@type\":\"ListItem\",\"position\":1,\"name\":\"Portada\",\"item\":\"https:\\\/\\\/canal7slp.tv\\\/2025\\\/\"},{\"@type\":\"ListItem\",\"position\":2,\"name\":\"Presentar\u00e1 Soledad requerimientos al poder legislativo para desincorporaci\u00f3n del Interapas\"}]},{\"@type\":\"WebSite\",\"@id\":\"https:\\\/\\\/canal7slp.tv\\\/2025\\\/#website\",\"url\":\"https:\\\/\\\/canal7slp.tv\\\/2025\\\/\",\"name\":\"N7 - Noticieros Canal 7\",\"description\":\"Somos el Medio\",\"publisher\":{\"@id\":\"https:\\\/\\\/canal7slp.tv\\\/2025\\\/#organization\"},\"potentialAction\":[{\"@type\":\"SearchAction\",\"target\":{\"@type\":\"EntryPoint\",\"urlTemplate\":\"https:\\\/\\\/canal7slp.tv\\\/2025\\\/?s={search_term_string}\"},\"query-input\":{\"@type\":\"PropertyValueSpecification\",\"valueRequired\":true,\"valueName\":\"search_term_string\"}}],\"inLanguage\":\"es\"},{\"@type\":\"Organization\",\"@id\":\"https:\\\/\\\/canal7slp.tv\\\/2025\\\/#organization\",\"name\":\"Noticieros Canal 7\",\"url\":\"https:\\\/\\\/canal7slp.tv\\\/2025\\\/\",\"logo\":{\"@type\":\"ImageObject\",\"inLanguage\":\"es\",\"@id\":\"https:\\\/\\\/canal7slp.tv\\\/2025\\\/#\\\/schema\\\/logo\\\/image\\\/\",\"url\":\"https:\\\/\\\/canal7slp.tv\\\/2025\\\/wp-content\\\/uploads\\\/2021\\\/01\\\/logo-noticieros@2x.png\",\"contentUrl\":\"https:\\\/\\\/canal7slp.tv\\\/2025\\\/wp-content\\\/uploads\\\/2021\\\/01\\\/logo-noticieros@2x.png\",\"width\":1017,\"height\":268,\"caption\":\"Noticieros Canal 7\"},\"image\":{\"@id\":\"https:\\\/\\\/canal7slp.tv\\\/2025\\\/#\\\/schema\\\/logo\\\/image\\\/\"},\"sameAs\":[\"https:\\\/\\\/www.facebook.com\\\/noticieroscanal7atencionciudadana\\\/\",\"https:\\\/\\\/x.com\\\/NOTICIEROS7\",\"https:\\\/\\\/www.instagram.com\\\/canal7_slp\",\"https:\\\/\\\/www.youtube.com\\\/channel\\\/UCliiYs-gP3JfJeqdPrNdd5A\"]},{\"@type\":\"Person\",\"@id\":\"https:\\\/\\\/canal7slp.tv\\\/2025\\\/#\\\/schema\\\/person\\\/271e2b60a96e7cc9d9ac296f4d7e414b\",\"name\":\"Edici\u00f3n Web\",\"image\":{\"@type\":\"ImageObject\",\"inLanguage\":\"es\",\"@id\":\"https:\\\/\\\/secure.gravatar.com\\\/avatar\\\/eee448fc3f7164808013b816ba91ac7e43bbe82a70bebac296f8bc6f0addaa1a?s=96&d=mm&r=g\",\"url\":\"https:\\\/\\\/secure.gravatar.com\\\/avatar\\\/eee448fc3f7164808013b816ba91ac7e43bbe82a70bebac296f8bc6f0addaa1a?s=96&d=mm&r=g\",\"contentUrl\":\"https:\\\/\\\/secure.gravatar.com\\\/avatar\\\/eee448fc3f7164808013b816ba91ac7e43bbe82a70bebac296f8bc6f0addaa1a?s=96&d=mm&r=g\",\"caption\":\"Edici\u00f3n Web\"},\"url\":\"https:\\\/\\\/canal7slp.tv\\\/2025\\\/author\\\/edicionweb\\\/\"}]}<\/script>\n<!-- \/ Yoast SEO plugin. -->","yoast_head_json":{"title":"Presentar\u00e1 Soledad requerimientos al poder legislativo para desincorporaci\u00f3n del Interapas - Canal 7 SLP - 2025","robots":{"index":"index","follow":"follow","max-snippet":"max-snippet:-1","max-image-preview":"max-image-preview:large","max-video-preview":"max-video-preview:-1"},"canonical":"https:\/\/canal7slp.tv\/2025\/presentara-soledad-requerimientos-al-poder-legislativo-para-desincorporacion-del-interapas\/","og_locale":"es_ES","og_type":"article","og_title":"Presentar\u00e1 Soledad requerimientos al poder legislativo para desincorporaci\u00f3n del Interapas - Canal 7 SLP - 2025","og_description":"SGS.- Soledad de Graciano S\u00e1nchez avanza en su proceso de desincorporaci\u00f3n del Interapas tras recibir los requerimientos solicitados por el Congreso del Estado, as\u00ed lo inform\u00f3 el presidente municipal, Juan Manuel Navarro Mu\u00f1iz. \u201cYa tenemos el escrito de la presidenta de la comisi\u00f3n del agua donde nos piden algunos requisitos con requerimientos que tenemos que cumplirle y ya nos vamos a poner a cumplir con lo que nos est\u00e1 pidiendo el congreso y con la gente y con las colonias que es important\u00edsimo\u201d, declar\u00f3. Sostuvo que la separaci\u00f3n del municipio traer\u00e1 beneficios para Soledad de Graciano S\u00e1nchez al destacar que [&hellip;]","og_url":"https:\/\/canal7slp.tv\/2025\/presentara-soledad-requerimientos-al-poder-legislativo-para-desincorporacion-del-interapas\/","og_site_name":"Canal 7 SLP - 2025","article_publisher":"https:\/\/www.facebook.com\/noticieroscanal7atencionciudadana\/","article_published_time":"2025-02-18T21:21:14+00:00","og_image":[{"width":1280,"height":720,"url":"https:\/\/canal7slp.tv\/2025\/wp-content\/uploads\/2025\/02\/Vazquez03SGSJMN.jpg","type":"image\/jpeg"}],"author":"Edici\u00f3n Web","twitter_card":"summary_large_image","twitter_creator":"@NOTICIEROS7","twitter_site":"@NOTICIEROS7","twitter_misc":{"Escrito por":"Edici\u00f3n Web","Tiempo de lectura":"2 minutos"},"schema":{"@context":"https:\/\/schema.org","@graph":[{"@type":"Article","@id":"https:\/\/canal7slp.tv\/2025\/presentara-soledad-requerimientos-al-poder-legislativo-para-desincorporacion-del-interapas\/#article","isPartOf":{"@id":"https:\/\/canal7slp.tv\/2025\/presentara-soledad-requerimientos-al-poder-legislativo-para-desincorporacion-del-interapas\/"},"author":{"name":"Edici\u00f3n Web","@id":"https:\/\/canal7slp.tv\/2025\/#\/schema\/person\/271e2b60a96e7cc9d9ac296f4d7e414b"},"headline":"Presentar\u00e1 Soledad requerimientos al poder legislativo para desincorporaci\u00f3n del Interapas","datePublished":"2025-02-18T21:21:14+00:00","mainEntityOfPage":{"@id":"https:\/\/canal7slp.tv\/2025\/presentara-soledad-requerimientos-al-poder-legislativo-para-desincorporacion-del-interapas\/"},"wordCount":371,"publisher":{"@id":"https:\/\/canal7slp.tv\/2025\/#organization"},"image":{"@id":"https:\/\/canal7slp.tv\/2025\/presentara-soledad-requerimientos-al-poder-legislativo-para-desincorporacion-del-interapas\/#primaryimage"},"thumbnailUrl":"https:\/\/canal7slp.tv\/2025\/wp-content\/uploads\/2025\/02\/Vazquez03SGSJMN.jpg","articleSection":["AYOSGS","DESTACADAS","LOCALES Y REGIONALES"],"inLanguage":"es"},{"@type":"WebPage","@id":"https:\/\/canal7slp.tv\/2025\/presentara-soledad-requerimientos-al-poder-legislativo-para-desincorporacion-del-interapas\/","url":"https:\/\/canal7slp.tv\/2025\/presentara-soledad-requerimientos-al-poder-legislativo-para-desincorporacion-del-interapas\/","name":"Presentar\u00e1 Soledad requerimientos al poder legislativo para desincorporaci\u00f3n del Interapas - Canal 7 SLP - 2025","isPartOf":{"@id":"https:\/\/canal7slp.tv\/2025\/#website"},"primaryImageOfPage":{"@id":"https:\/\/canal7slp.tv\/2025\/presentara-soledad-requerimientos-al-poder-legislativo-para-desincorporacion-del-interapas\/#primaryimage"},"image":{"@id":"https:\/\/canal7slp.tv\/2025\/presentara-soledad-requerimientos-al-poder-legislativo-para-desincorporacion-del-interapas\/#primaryimage"},"thumbnailUrl":"https:\/\/canal7slp.tv\/2025\/wp-content\/uploads\/2025\/02\/Vazquez03SGSJMN.jpg","datePublished":"2025-02-18T21:21:14+00:00","breadcrumb":{"@id":"https:\/\/canal7slp.tv\/2025\/presentara-soledad-requerimientos-al-poder-legislativo-para-desincorporacion-del-interapas\/#breadcrumb"},"inLanguage":"es","potentialAction":[{"@type":"ReadAction","target":["https:\/\/canal7slp.tv\/2025\/presentara-soledad-requerimientos-al-poder-legislativo-para-desincorporacion-del-interapas\/"]}]},{"@type":"ImageObject","inLanguage":"es","@id":"https:\/\/canal7slp.tv\/2025\/presentara-soledad-requerimientos-al-poder-legislativo-para-desincorporacion-del-interapas\/#primaryimage","url":"https:\/\/canal7slp.tv\/2025\/wp-content\/uploads\/2025\/02\/Vazquez03SGSJMN.jpg","contentUrl":"https:\/\/canal7slp.tv\/2025\/wp-content\/uploads\/2025\/02\/Vazquez03SGSJMN.jpg","width":1280,"height":720},{"@type":"BreadcrumbList","@id":"https:\/\/canal7slp.tv\/2025\/presentara-soledad-requerimientos-al-poder-legislativo-para-desincorporacion-del-interapas\/#breadcrumb","itemListElement":[{"@type":"ListItem","position":1,"name":"Portada","item":"https:\/\/canal7slp.tv\/2025\/"},{"@type":"ListItem","position":2,"name":"Presentar\u00e1 Soledad requerimientos al poder legislativo para desincorporaci\u00f3n del Interapas"}]},{"@type":"WebSite","@id":"https:\/\/canal7slp.tv\/2025\/#website","url":"https:\/\/canal7slp.tv\/2025\/","name":"N7 - Noticieros Canal 7","description":"Somos el Medio","publisher":{"@id":"https:\/\/canal7slp.tv\/2025\/#organization"},"potentialAction":[{"@type":"SearchAction","target":{"@type":"EntryPoint","urlTemplate":"https:\/\/canal7slp.tv\/2025\/?s={search_term_string}"},"query-input":{"@type":"PropertyValueSpecification","valueRequired":true,"valueName":"search_term_string"}}],"inLanguage":"es"},{"@type":"Organization","@id":"https:\/\/canal7slp.tv\/2025\/#organization","name":"Noticieros Canal 7","url":"https:\/\/canal7slp.tv\/2025\/","logo":{"@type":"ImageObject","inLanguage":"es","@id":"https:\/\/canal7slp.tv\/2025\/#\/schema\/logo\/image\/","url":"https:\/\/canal7slp.tv\/2025\/wp-content\/uploads\/2021\/01\/logo-noticieros@2x.png","contentUrl":"https:\/\/canal7slp.tv\/2025\/wp-content\/uploads\/2021\/01\/logo-noticieros@2x.png","width":1017,"height":268,"caption":"Noticieros Canal 7"},"image":{"@id":"https:\/\/canal7slp.tv\/2025\/#\/schema\/logo\/image\/"},"sameAs":["https:\/\/www.facebook.com\/noticieroscanal7atencionciudadana\/","https:\/\/x.com\/NOTICIEROS7","https:\/\/www.instagram.com\/canal7_slp","https:\/\/www.youtube.com\/channel\/UCliiYs-gP3JfJeqdPrNdd5A"]},{"@type":"Person","@id":"https:\/\/canal7slp.tv\/2025\/#\/schema\/person\/271e2b60a96e7cc9d9ac296f4d7e414b","name":"Edici\u00f3n Web","image":{"@type":"ImageObject","inLanguage":"es","@id":"https:\/\/secure.gravatar.com\/avatar\/eee448fc3f7164808013b816ba91ac7e43bbe82a70bebac296f8bc6f0addaa1a?s=96&d=mm&r=g","url":"https:\/\/secure.gravatar.com\/avatar\/eee448fc3f7164808013b816ba91ac7e43bbe82a70bebac296f8bc6f0addaa1a?s=96&d=mm&r=g","contentUrl":"https:\/\/secure.gravatar.com\/avatar\/eee448fc3f7164808013b816ba91ac7e43bbe82a70bebac296f8bc6f0addaa1a?s=96&d=mm&r=g","caption":"Edici\u00f3n Web"},"url":"https:\/\/canal7slp.tv\/2025\/author\/edicionweb\/"}]}},"_links":{"self":[{"href":"https:\/\/canal7slp.tv\/2025\/wp-json\/wp\/v2\/posts\/158535","targetHints":{"allow":["GET"]}}],"collection":[{"href":"https:\/\/canal7slp.tv\/2025\/wp-json\/wp\/v2\/posts"}],"about":[{"href":"https:\/\/canal7slp.tv\/2025\/wp-json\/wp\/v2\/types\/post"}],"author":[{"embeddable":true,"href":"https:\/\/canal7slp.tv\/2025\/wp-json\/wp\/v2\/users\/2"}],"replies":[{"embeddable":true,"href":"https:\/\/canal7slp.tv\/2025\/wp-json\/wp\/v2\/comments?post=158535"}],"version-history":[{"count":1,"href":"https:\/\/canal7slp.tv\/2025\/wp-json\/wp\/v2\/posts\/158535\/revisions"}],"predecessor-version":[{"id":158538,"href":"https:\/\/canal7slp.tv\/2025\/wp-json\/wp\/v2\/posts\/158535\/revisions\/158538"}],"wp:featuredmedia":[{"embeddable":true,"href":"https:\/\/canal7slp.tv\/2025\/wp-json\/wp\/v2\/media\/158537"}],"wp:attachment":[{"href":"https:\/\/canal7slp.tv\/2025\/wp-json\/wp\/v2\/media?parent=158535"}],"wp:term":[{"taxonomy":"category","embeddable":true,"href":"https:\/\/canal7slp.tv\/2025\/wp-json\/wp\/v2\/categories?post=158535"},{"taxonomy":"post_tag","embeddable":true,"href":"https:\/\/canal7slp.tv\/2025\/wp-json\/wp\/v2\/tags?post=158535"}],"curies":[{"name":"wp","href":"https:\/\/api.w.org\/{rel}","templated":true}]}}