{"id":158443,"date":"2025-02-17T16:49:16","date_gmt":"2025-02-17T22:49:16","guid":{"rendered":"https:\/\/canal7slp.tv\/2025\/?p=158443"},"modified":"2025-02-17T16:49:16","modified_gmt":"2025-02-17T22:49:16","slug":"por-afectacion-al-salario-de-manifiestan-maestros-de-la-politecnica","status":"publish","type":"post","link":"https:\/\/canal7slp.tv\/2025\/por-afectacion-al-salario-de-manifiestan-maestros-de-la-politecnica\/","title":{"rendered":"Por afectaci\u00f3n al salario de manifiestan maestros de la Polit\u00e9cnica"},"content":{"rendered":"<p style=\"text-align: justify;\">SLP.- Con manifestaci\u00f3n pac\u00edfica maestros y alumnos de la Universidad Polit\u00e9cnica externaron su inconformidad por irregularidades en el esquema de contrataci\u00f3n.<\/p>\n<p style=\"text-align: justify;\">La representante de maestros Claudia M\u00f3nica L\u00f3pez de Le\u00f3n, extern\u00f3 las dificultades que atraviesan.<\/p>\n<p style=\"text-align: justify;\">\u201cSe les dio a conocer por la rectora anterior Esperanza Aguill\u00f3n que iba a haber una reducci\u00f3n salarial con el pretexto de un proceso de homologaci\u00f3n (\u2026) eso es una condici\u00f3n de ilegalidad porque el salario tiene que haber condiciones catastr\u00f3ficas para que llegara a bajarse el salario\u201d.<\/p>\n<p style=\"text-align: justify;\">Otra de las complicaciones es el cobro de cuotas elevadas a los alumnos desde la perspectiva de la representante.<\/p>\n<p style=\"text-align: justify;\">\u201cAqu\u00ed los estudiantes pagan semestralmente mientras termina el curso semestral, seis mil 50 pesos y los estudiantes que entraron por cuatrimestre pagan seis mil 500, pagan m\u00e1s del doble y ojo sus instalaciones no funcionan adecuadamente\u201d.<\/p>\n<p style=\"text-align: justify;\">Son una cantidad cercana a los 270 profesores los afectados.<\/p>\n<p style=\"text-align: justify;\">\u201cEn el semestre pasado estaban matriculados 270 profesores de asignatura que tienen un contrato por obra determinada, cabe aclarar que hay profesores que tienen m\u00e1s de 20 a\u00f1os con ese tipo de contrataci\u00f3n, que esa era la condici\u00f3n de ilegalidad (\u2026) el 93% de la poblaci\u00f3n trabajadora frente a grupo son docente s de asignatura y son los que est\u00e1n perjudicados\u201d.<\/p>\n<p>Por: Juan Carlos Contreras<\/p>\n","protected":false},"excerpt":{"rendered":"<p>SLP.- Con manifestaci\u00f3n pac\u00edfica maestros y alumnos de la Universidad Polit\u00e9cnica externaron su inconformidad por irregularidades en el esquema de contrataci\u00f3n. La representante de maestros Claudia M\u00f3nica L\u00f3pez de Le\u00f3n, extern\u00f3 las dificultades que atraviesan. \u201cSe les dio a conocer por la rectora anterior Esperanza Aguill\u00f3n que iba a haber una reducci\u00f3n salarial con el pretexto de un proceso de homologaci\u00f3n (\u2026) eso es una condici\u00f3n de ilegalidad porque el salario tiene que haber condiciones catastr\u00f3ficas para que llegara a bajarse el salario\u201d. Otra de las complicaciones es el cobro de cuotas elevadas a los alumnos desde la perspectiva de [&hellip;]<\/p>\n","protected":false},"author":2,"featured_media":158466,"comment_status":"closed","ping_status":"closed","sticky":false,"template":"","format":"video","meta":{"_monsterinsights_skip_tracking":false,"_monsterinsights_sitenote_active":false,"_monsterinsights_sitenote_note":"","_monsterinsights_sitenote_category":0,"footnotes":""},"categories":[5,45],"tags":[],"class_list":["post-158443","post","type-post","status-publish","format-video","has-post-thumbnail","hentry","category-destacadas","category-localesyregionales","post_format-post-format-video","post--single"],"yoast_head":"<!-- This site is optimized with the Yoast SEO plugin v27.5 - https:\/\/yoast.com\/product\/yoast-seo-wordpress\/ -->\n<title>Por afectaci\u00f3n al salario de manifiestan maestros de la Polit\u00e9cnica - Canal 7 SLP - 2025<\/title>\n<meta name=\"robots\" content=\"index, follow, max-snippet:-1, max-image-preview:large, max-video-preview:-1\" \/>\n<link rel=\"canonical\" href=\"https:\/\/canal7slp.tv\/2025\/por-afectacion-al-salario-de-manifiestan-maestros-de-la-politecnica\/\" \/>\n<meta property=\"og:locale\" content=\"es_ES\" \/>\n<meta property=\"og:type\" content=\"article\" \/>\n<meta property=\"og:title\" content=\"Por afectaci\u00f3n al salario de manifiestan maestros de la Polit\u00e9cnica - Canal 7 SLP - 2025\" \/>\n<meta property=\"og:description\" content=\"SLP.- Con manifestaci\u00f3n pac\u00edfica maestros y alumnos de la Universidad Polit\u00e9cnica externaron su inconformidad por irregularidades en el esquema de contrataci\u00f3n. La representante de maestros Claudia M\u00f3nica L\u00f3pez de Le\u00f3n, extern\u00f3 las dificultades que atraviesan. \u201cSe les dio a conocer por la rectora anterior Esperanza Aguill\u00f3n que iba a haber una reducci\u00f3n salarial con el pretexto de un proceso de homologaci\u00f3n (\u2026) eso es una condici\u00f3n de ilegalidad porque el salario tiene que haber condiciones catastr\u00f3ficas para que llegara a bajarse el salario\u201d. Otra de las complicaciones es el cobro de cuotas elevadas a los alumnos desde la perspectiva de [&hellip;]\" \/>\n<meta property=\"og:url\" content=\"https:\/\/canal7slp.tv\/2025\/por-afectacion-al-salario-de-manifiestan-maestros-de-la-politecnica\/\" \/>\n<meta property=\"og:site_name\" content=\"Canal 7 SLP - 2025\" \/>\n<meta property=\"article:publisher\" content=\"https:\/\/www.facebook.com\/noticieroscanal7atencionciudadana\/\" \/>\n<meta property=\"article:published_time\" content=\"2025-02-17T22:49:16+00:00\" \/>\n<meta property=\"og:image\" content=\"https:\/\/canal7slp.tv\/2025\/wp-content\/uploads\/2025\/02\/Claudio05ManifestacionPolitecnica.jpg\" \/>\n\t<meta property=\"og:image:width\" content=\"640\" \/>\n\t<meta property=\"og:image:height\" content=\"360\" \/>\n\t<meta property=\"og:image:type\" content=\"image\/jpeg\" \/>\n<meta name=\"author\" content=\"Edici\u00f3n Web\" \/>\n<meta name=\"twitter:card\" content=\"summary_large_image\" \/>\n<meta name=\"twitter:creator\" content=\"@NOTICIEROS7\" \/>\n<meta name=\"twitter:site\" content=\"@NOTICIEROS7\" \/>\n<meta name=\"twitter:label1\" content=\"Escrito por\" \/>\n\t<meta name=\"twitter:data1\" content=\"Edici\u00f3n Web\" \/>\n\t<meta name=\"twitter:label2\" content=\"Tiempo de lectura\" \/>\n\t<meta name=\"twitter:data2\" content=\"2 minutos\" \/>\n<script type=\"application\/ld+json\" class=\"yoast-schema-graph\">{\"@context\":\"https:\\\/\\\/schema.org\",\"@graph\":[{\"@type\":\"Article\",\"@id\":\"https:\\\/\\\/canal7slp.tv\\\/2025\\\/por-afectacion-al-salario-de-manifiestan-maestros-de-la-politecnica\\\/#article\",\"isPartOf\":{\"@id\":\"https:\\\/\\\/canal7slp.tv\\\/2025\\\/por-afectacion-al-salario-de-manifiestan-maestros-de-la-politecnica\\\/\"},\"author\":{\"name\":\"Edici\u00f3n Web\",\"@id\":\"https:\\\/\\\/canal7slp.tv\\\/2025\\\/#\\\/schema\\\/person\\\/271e2b60a96e7cc9d9ac296f4d7e414b\"},\"headline\":\"Por afectaci\u00f3n al salario de manifiestan maestros de la Polit\u00e9cnica\",\"datePublished\":\"2025-02-17T22:49:16+00:00\",\"mainEntityOfPage\":{\"@id\":\"https:\\\/\\\/canal7slp.tv\\\/2025\\\/por-afectacion-al-salario-de-manifiestan-maestros-de-la-politecnica\\\/\"},\"wordCount\":237,\"publisher\":{\"@id\":\"https:\\\/\\\/canal7slp.tv\\\/2025\\\/#organization\"},\"image\":{\"@id\":\"https:\\\/\\\/canal7slp.tv\\\/2025\\\/por-afectacion-al-salario-de-manifiestan-maestros-de-la-politecnica\\\/#primaryimage\"},\"thumbnailUrl\":\"https:\\\/\\\/canal7slp.tv\\\/2025\\\/wp-content\\\/uploads\\\/2025\\\/02\\\/Claudio05ManifestacionPolitecnica.jpg\",\"articleSection\":[\"DESTACADAS\",\"LOCALES Y REGIONALES\"],\"inLanguage\":\"es\"},{\"@type\":\"WebPage\",\"@id\":\"https:\\\/\\\/canal7slp.tv\\\/2025\\\/por-afectacion-al-salario-de-manifiestan-maestros-de-la-politecnica\\\/\",\"url\":\"https:\\\/\\\/canal7slp.tv\\\/2025\\\/por-afectacion-al-salario-de-manifiestan-maestros-de-la-politecnica\\\/\",\"name\":\"Por afectaci\u00f3n al salario de manifiestan maestros de la Polit\u00e9cnica - Canal 7 SLP - 2025\",\"isPartOf\":{\"@id\":\"https:\\\/\\\/canal7slp.tv\\\/2025\\\/#website\"},\"primaryImageOfPage\":{\"@id\":\"https:\\\/\\\/canal7slp.tv\\\/2025\\\/por-afectacion-al-salario-de-manifiestan-maestros-de-la-politecnica\\\/#primaryimage\"},\"image\":{\"@id\":\"https:\\\/\\\/canal7slp.tv\\\/2025\\\/por-afectacion-al-salario-de-manifiestan-maestros-de-la-politecnica\\\/#primaryimage\"},\"thumbnailUrl\":\"https:\\\/\\\/canal7slp.tv\\\/2025\\\/wp-content\\\/uploads\\\/2025\\\/02\\\/Claudio05ManifestacionPolitecnica.jpg\",\"datePublished\":\"2025-02-17T22:49:16+00:00\",\"breadcrumb\":{\"@id\":\"https:\\\/\\\/canal7slp.tv\\\/2025\\\/por-afectacion-al-salario-de-manifiestan-maestros-de-la-politecnica\\\/#breadcrumb\"},\"inLanguage\":\"es\",\"potentialAction\":[{\"@type\":\"ReadAction\",\"target\":[\"https:\\\/\\\/canal7slp.tv\\\/2025\\\/por-afectacion-al-salario-de-manifiestan-maestros-de-la-politecnica\\\/\"]}]},{\"@type\":\"ImageObject\",\"inLanguage\":\"es\",\"@id\":\"https:\\\/\\\/canal7slp.tv\\\/2025\\\/por-afectacion-al-salario-de-manifiestan-maestros-de-la-politecnica\\\/#primaryimage\",\"url\":\"https:\\\/\\\/canal7slp.tv\\\/2025\\\/wp-content\\\/uploads\\\/2025\\\/02\\\/Claudio05ManifestacionPolitecnica.jpg\",\"contentUrl\":\"https:\\\/\\\/canal7slp.tv\\\/2025\\\/wp-content\\\/uploads\\\/2025\\\/02\\\/Claudio05ManifestacionPolitecnica.jpg\",\"width\":640,\"height\":360},{\"@type\":\"BreadcrumbList\",\"@id\":\"https:\\\/\\\/canal7slp.tv\\\/2025\\\/por-afectacion-al-salario-de-manifiestan-maestros-de-la-politecnica\\\/#breadcrumb\",\"itemListElement\":[{\"@type\":\"ListItem\",\"position\":1,\"name\":\"Portada\",\"item\":\"https:\\\/\\\/canal7slp.tv\\\/2025\\\/\"},{\"@type\":\"ListItem\",\"position\":2,\"name\":\"Por afectaci\u00f3n al salario de manifiestan maestros de la Polit\u00e9cnica\"}]},{\"@type\":\"WebSite\",\"@id\":\"https:\\\/\\\/canal7slp.tv\\\/2025\\\/#website\",\"url\":\"https:\\\/\\\/canal7slp.tv\\\/2025\\\/\",\"name\":\"N7 - Noticieros Canal 7\",\"description\":\"Somos el Medio\",\"publisher\":{\"@id\":\"https:\\\/\\\/canal7slp.tv\\\/2025\\\/#organization\"},\"potentialAction\":[{\"@type\":\"SearchAction\",\"target\":{\"@type\":\"EntryPoint\",\"urlTemplate\":\"https:\\\/\\\/canal7slp.tv\\\/2025\\\/?s={search_term_string}\"},\"query-input\":{\"@type\":\"PropertyValueSpecification\",\"valueRequired\":true,\"valueName\":\"search_term_string\"}}],\"inLanguage\":\"es\"},{\"@type\":\"Organization\",\"@id\":\"https:\\\/\\\/canal7slp.tv\\\/2025\\\/#organization\",\"name\":\"Noticieros Canal 7\",\"url\":\"https:\\\/\\\/canal7slp.tv\\\/2025\\\/\",\"logo\":{\"@type\":\"ImageObject\",\"inLanguage\":\"es\",\"@id\":\"https:\\\/\\\/canal7slp.tv\\\/2025\\\/#\\\/schema\\\/logo\\\/image\\\/\",\"url\":\"https:\\\/\\\/canal7slp.tv\\\/2025\\\/wp-content\\\/uploads\\\/2021\\\/01\\\/logo-noticieros@2x.png\",\"contentUrl\":\"https:\\\/\\\/canal7slp.tv\\\/2025\\\/wp-content\\\/uploads\\\/2021\\\/01\\\/logo-noticieros@2x.png\",\"width\":1017,\"height\":268,\"caption\":\"Noticieros Canal 7\"},\"image\":{\"@id\":\"https:\\\/\\\/canal7slp.tv\\\/2025\\\/#\\\/schema\\\/logo\\\/image\\\/\"},\"sameAs\":[\"https:\\\/\\\/www.facebook.com\\\/noticieroscanal7atencionciudadana\\\/\",\"https:\\\/\\\/x.com\\\/NOTICIEROS7\",\"https:\\\/\\\/www.instagram.com\\\/canal7_slp\",\"https:\\\/\\\/www.youtube.com\\\/channel\\\/UCliiYs-gP3JfJeqdPrNdd5A\"]},{\"@type\":\"Person\",\"@id\":\"https:\\\/\\\/canal7slp.tv\\\/2025\\\/#\\\/schema\\\/person\\\/271e2b60a96e7cc9d9ac296f4d7e414b\",\"name\":\"Edici\u00f3n Web\",\"image\":{\"@type\":\"ImageObject\",\"inLanguage\":\"es\",\"@id\":\"https:\\\/\\\/secure.gravatar.com\\\/avatar\\\/eee448fc3f7164808013b816ba91ac7e43bbe82a70bebac296f8bc6f0addaa1a?s=96&d=mm&r=g\",\"url\":\"https:\\\/\\\/secure.gravatar.com\\\/avatar\\\/eee448fc3f7164808013b816ba91ac7e43bbe82a70bebac296f8bc6f0addaa1a?s=96&d=mm&r=g\",\"contentUrl\":\"https:\\\/\\\/secure.gravatar.com\\\/avatar\\\/eee448fc3f7164808013b816ba91ac7e43bbe82a70bebac296f8bc6f0addaa1a?s=96&d=mm&r=g\",\"caption\":\"Edici\u00f3n Web\"},\"url\":\"https:\\\/\\\/canal7slp.tv\\\/2025\\\/author\\\/edicionweb\\\/\"}]}<\/script>\n<!-- \/ Yoast SEO plugin. -->","yoast_head_json":{"title":"Por afectaci\u00f3n al salario de manifiestan maestros de la Polit\u00e9cnica - Canal 7 SLP - 2025","robots":{"index":"index","follow":"follow","max-snippet":"max-snippet:-1","max-image-preview":"max-image-preview:large","max-video-preview":"max-video-preview:-1"},"canonical":"https:\/\/canal7slp.tv\/2025\/por-afectacion-al-salario-de-manifiestan-maestros-de-la-politecnica\/","og_locale":"es_ES","og_type":"article","og_title":"Por afectaci\u00f3n al salario de manifiestan maestros de la Polit\u00e9cnica - Canal 7 SLP - 2025","og_description":"SLP.- Con manifestaci\u00f3n pac\u00edfica maestros y alumnos de la Universidad Polit\u00e9cnica externaron su inconformidad por irregularidades en el esquema de contrataci\u00f3n. La representante de maestros Claudia M\u00f3nica L\u00f3pez de Le\u00f3n, extern\u00f3 las dificultades que atraviesan. \u201cSe les dio a conocer por la rectora anterior Esperanza Aguill\u00f3n que iba a haber una reducci\u00f3n salarial con el pretexto de un proceso de homologaci\u00f3n (\u2026) eso es una condici\u00f3n de ilegalidad porque el salario tiene que haber condiciones catastr\u00f3ficas para que llegara a bajarse el salario\u201d. Otra de las complicaciones es el cobro de cuotas elevadas a los alumnos desde la perspectiva de [&hellip;]","og_url":"https:\/\/canal7slp.tv\/2025\/por-afectacion-al-salario-de-manifiestan-maestros-de-la-politecnica\/","og_site_name":"Canal 7 SLP - 2025","article_publisher":"https:\/\/www.facebook.com\/noticieroscanal7atencionciudadana\/","article_published_time":"2025-02-17T22:49:16+00:00","og_image":[{"width":640,"height":360,"url":"https:\/\/canal7slp.tv\/2025\/wp-content\/uploads\/2025\/02\/Claudio05ManifestacionPolitecnica.jpg","type":"image\/jpeg"}],"author":"Edici\u00f3n Web","twitter_card":"summary_large_image","twitter_creator":"@NOTICIEROS7","twitter_site":"@NOTICIEROS7","twitter_misc":{"Escrito por":"Edici\u00f3n Web","Tiempo de lectura":"2 minutos"},"schema":{"@context":"https:\/\/schema.org","@graph":[{"@type":"Article","@id":"https:\/\/canal7slp.tv\/2025\/por-afectacion-al-salario-de-manifiestan-maestros-de-la-politecnica\/#article","isPartOf":{"@id":"https:\/\/canal7slp.tv\/2025\/por-afectacion-al-salario-de-manifiestan-maestros-de-la-politecnica\/"},"author":{"name":"Edici\u00f3n Web","@id":"https:\/\/canal7slp.tv\/2025\/#\/schema\/person\/271e2b60a96e7cc9d9ac296f4d7e414b"},"headline":"Por afectaci\u00f3n al salario de manifiestan maestros de la Polit\u00e9cnica","datePublished":"2025-02-17T22:49:16+00:00","mainEntityOfPage":{"@id":"https:\/\/canal7slp.tv\/2025\/por-afectacion-al-salario-de-manifiestan-maestros-de-la-politecnica\/"},"wordCount":237,"publisher":{"@id":"https:\/\/canal7slp.tv\/2025\/#organization"},"image":{"@id":"https:\/\/canal7slp.tv\/2025\/por-afectacion-al-salario-de-manifiestan-maestros-de-la-politecnica\/#primaryimage"},"thumbnailUrl":"https:\/\/canal7slp.tv\/2025\/wp-content\/uploads\/2025\/02\/Claudio05ManifestacionPolitecnica.jpg","articleSection":["DESTACADAS","LOCALES Y REGIONALES"],"inLanguage":"es"},{"@type":"WebPage","@id":"https:\/\/canal7slp.tv\/2025\/por-afectacion-al-salario-de-manifiestan-maestros-de-la-politecnica\/","url":"https:\/\/canal7slp.tv\/2025\/por-afectacion-al-salario-de-manifiestan-maestros-de-la-politecnica\/","name":"Por afectaci\u00f3n al salario de manifiestan maestros de la Polit\u00e9cnica - Canal 7 SLP - 2025","isPartOf":{"@id":"https:\/\/canal7slp.tv\/2025\/#website"},"primaryImageOfPage":{"@id":"https:\/\/canal7slp.tv\/2025\/por-afectacion-al-salario-de-manifiestan-maestros-de-la-politecnica\/#primaryimage"},"image":{"@id":"https:\/\/canal7slp.tv\/2025\/por-afectacion-al-salario-de-manifiestan-maestros-de-la-politecnica\/#primaryimage"},"thumbnailUrl":"https:\/\/canal7slp.tv\/2025\/wp-content\/uploads\/2025\/02\/Claudio05ManifestacionPolitecnica.jpg","datePublished":"2025-02-17T22:49:16+00:00","breadcrumb":{"@id":"https:\/\/canal7slp.tv\/2025\/por-afectacion-al-salario-de-manifiestan-maestros-de-la-politecnica\/#breadcrumb"},"inLanguage":"es","potentialAction":[{"@type":"ReadAction","target":["https:\/\/canal7slp.tv\/2025\/por-afectacion-al-salario-de-manifiestan-maestros-de-la-politecnica\/"]}]},{"@type":"ImageObject","inLanguage":"es","@id":"https:\/\/canal7slp.tv\/2025\/por-afectacion-al-salario-de-manifiestan-maestros-de-la-politecnica\/#primaryimage","url":"https:\/\/canal7slp.tv\/2025\/wp-content\/uploads\/2025\/02\/Claudio05ManifestacionPolitecnica.jpg","contentUrl":"https:\/\/canal7slp.tv\/2025\/wp-content\/uploads\/2025\/02\/Claudio05ManifestacionPolitecnica.jpg","width":640,"height":360},{"@type":"BreadcrumbList","@id":"https:\/\/canal7slp.tv\/2025\/por-afectacion-al-salario-de-manifiestan-maestros-de-la-politecnica\/#breadcrumb","itemListElement":[{"@type":"ListItem","position":1,"name":"Portada","item":"https:\/\/canal7slp.tv\/2025\/"},{"@type":"ListItem","position":2,"name":"Por afectaci\u00f3n al salario de manifiestan maestros de la Polit\u00e9cnica"}]},{"@type":"WebSite","@id":"https:\/\/canal7slp.tv\/2025\/#website","url":"https:\/\/canal7slp.tv\/2025\/","name":"N7 - Noticieros Canal 7","description":"Somos el Medio","publisher":{"@id":"https:\/\/canal7slp.tv\/2025\/#organization"},"potentialAction":[{"@type":"SearchAction","target":{"@type":"EntryPoint","urlTemplate":"https:\/\/canal7slp.tv\/2025\/?s={search_term_string}"},"query-input":{"@type":"PropertyValueSpecification","valueRequired":true,"valueName":"search_term_string"}}],"inLanguage":"es"},{"@type":"Organization","@id":"https:\/\/canal7slp.tv\/2025\/#organization","name":"Noticieros Canal 7","url":"https:\/\/canal7slp.tv\/2025\/","logo":{"@type":"ImageObject","inLanguage":"es","@id":"https:\/\/canal7slp.tv\/2025\/#\/schema\/logo\/image\/","url":"https:\/\/canal7slp.tv\/2025\/wp-content\/uploads\/2021\/01\/logo-noticieros@2x.png","contentUrl":"https:\/\/canal7slp.tv\/2025\/wp-content\/uploads\/2021\/01\/logo-noticieros@2x.png","width":1017,"height":268,"caption":"Noticieros Canal 7"},"image":{"@id":"https:\/\/canal7slp.tv\/2025\/#\/schema\/logo\/image\/"},"sameAs":["https:\/\/www.facebook.com\/noticieroscanal7atencionciudadana\/","https:\/\/x.com\/NOTICIEROS7","https:\/\/www.instagram.com\/canal7_slp","https:\/\/www.youtube.com\/channel\/UCliiYs-gP3JfJeqdPrNdd5A"]},{"@type":"Person","@id":"https:\/\/canal7slp.tv\/2025\/#\/schema\/person\/271e2b60a96e7cc9d9ac296f4d7e414b","name":"Edici\u00f3n Web","image":{"@type":"ImageObject","inLanguage":"es","@id":"https:\/\/secure.gravatar.com\/avatar\/eee448fc3f7164808013b816ba91ac7e43bbe82a70bebac296f8bc6f0addaa1a?s=96&d=mm&r=g","url":"https:\/\/secure.gravatar.com\/avatar\/eee448fc3f7164808013b816ba91ac7e43bbe82a70bebac296f8bc6f0addaa1a?s=96&d=mm&r=g","contentUrl":"https:\/\/secure.gravatar.com\/avatar\/eee448fc3f7164808013b816ba91ac7e43bbe82a70bebac296f8bc6f0addaa1a?s=96&d=mm&r=g","caption":"Edici\u00f3n Web"},"url":"https:\/\/canal7slp.tv\/2025\/author\/edicionweb\/"}]}},"_links":{"self":[{"href":"https:\/\/canal7slp.tv\/2025\/wp-json\/wp\/v2\/posts\/158443","targetHints":{"allow":["GET"]}}],"collection":[{"href":"https:\/\/canal7slp.tv\/2025\/wp-json\/wp\/v2\/posts"}],"about":[{"href":"https:\/\/canal7slp.tv\/2025\/wp-json\/wp\/v2\/types\/post"}],"author":[{"embeddable":true,"href":"https:\/\/canal7slp.tv\/2025\/wp-json\/wp\/v2\/users\/2"}],"replies":[{"embeddable":true,"href":"https:\/\/canal7slp.tv\/2025\/wp-json\/wp\/v2\/comments?post=158443"}],"version-history":[{"count":2,"href":"https:\/\/canal7slp.tv\/2025\/wp-json\/wp\/v2\/posts\/158443\/revisions"}],"predecessor-version":[{"id":158467,"href":"https:\/\/canal7slp.tv\/2025\/wp-json\/wp\/v2\/posts\/158443\/revisions\/158467"}],"wp:featuredmedia":[{"embeddable":true,"href":"https:\/\/canal7slp.tv\/2025\/wp-json\/wp\/v2\/media\/158466"}],"wp:attachment":[{"href":"https:\/\/canal7slp.tv\/2025\/wp-json\/wp\/v2\/media?parent=158443"}],"wp:term":[{"taxonomy":"category","embeddable":true,"href":"https:\/\/canal7slp.tv\/2025\/wp-json\/wp\/v2\/categories?post=158443"},{"taxonomy":"post_tag","embeddable":true,"href":"https:\/\/canal7slp.tv\/2025\/wp-json\/wp\/v2\/tags?post=158443"}],"curies":[{"name":"wp","href":"https:\/\/api.w.org\/{rel}","templated":true}]}}