{"id":158441,"date":"2025-02-17T16:45:10","date_gmt":"2025-02-17T22:45:10","guid":{"rendered":"https:\/\/canal7slp.tv\/2025\/?p=158441"},"modified":"2025-02-17T16:45:10","modified_gmt":"2025-02-17T22:45:10","slug":"fortalecimiento-familiar-vital-en-la-capital","status":"publish","type":"post","link":"https:\/\/canal7slp.tv\/2025\/fortalecimiento-familiar-vital-en-la-capital\/","title":{"rendered":"Fortalecimiento familiar, vital en la Capital"},"content":{"rendered":"<p style=\"text-align: justify;\">SLP.- La Primera Sesi\u00f3n Ordinaria del Comit\u00e9 de Fortalecimiento Familiar se realiz\u00f3 por parte del Ayuntamiento de San Luis Potos\u00ed.<\/p>\n<p style=\"text-align: justify;\">La presidenta del Sistema Municipal DIF de la Capital, Estela Arriaga M\u00e1rquez, explic\u00f3 el objetivo del comit\u00e9.<\/p>\n<p style=\"text-align: justify;\">\u201cLa Capital de San Luis Potos\u00ed es el \u00fanico municipio que ha desarrollado la Coordinaci\u00f3n de Familia dentro del Sistema DIF Municipal (\u2026) impulsamos programas de manera transversal que han tenido un impacto significativo en nuestra comunidad\u201d.<\/p>\n<p style=\"text-align: justify;\">Tres limitaciones buscan ser atacadas.<\/p>\n<p style=\"text-align: justify;\">\u201cLa pobreza econ\u00f3mica, la pobreza de tiempo y la pobreza afectiva (\u2026) los indicadores de prevalencia se mantuvieron y trabajamos para redoblar esfuerzos con programas que se instalen dentro de las comunidades para prevenir estas conductas de riesgo (\u2026) capacitamos hasta el d\u00eda de hoy a m\u00e1s de 400 personas en pol\u00edticas p\u00fablicas con perspectiva de familia (\u2026) hoy damos un paso firme con la instalaci\u00f3n formal del Comit\u00e9 de Fortalecimiento Familiar como parte del eje seis de gobierno, Ciudades Familiarmente Sostenibles\u201d.<\/p>\n<p style=\"text-align: justify;\">Durante esta primera sesi\u00f3n, el edil Enrique Galindo Ceballos, dio la declaraci\u00f3n de valides.<\/p>\n<p style=\"text-align: justify;\">\u201cHoy siendo las 11:30 horas con 53 minutos de este 17 de febrero del 2025, declaro legalmente instalada la primer sesi\u00f3n ordinaria y de instalaci\u00f3n del Comit\u00e9 de Fortalecimiento de Familia del municipio de San Luis Potos\u00ed, siendo validos los acuerdos que en esta sesi\u00f3n se tomen\u201d.<\/p>\n<p style=\"text-align: justify;\">Posterior al acto protocolario, se entr\u00f3 en materia y se habl\u00f3 sobre los objetivos espec\u00edficos del comit\u00e9.<\/p>\n<p style=\"text-align: justify;\">Por: Juan Carlos Contreras<\/p>\n","protected":false},"excerpt":{"rendered":"<p>SLP.- La Primera Sesi\u00f3n Ordinaria del Comit\u00e9 de Fortalecimiento Familiar se realiz\u00f3 por parte del Ayuntamiento de San Luis Potos\u00ed. La presidenta del Sistema Municipal DIF de la Capital, Estela Arriaga M\u00e1rquez, explic\u00f3 el objetivo del comit\u00e9. \u201cLa Capital de San Luis Potos\u00ed es el \u00fanico municipio que ha desarrollado la Coordinaci\u00f3n de Familia dentro del Sistema DIF Municipal (\u2026) impulsamos programas de manera transversal que han tenido un impacto significativo en nuestra comunidad\u201d. Tres limitaciones buscan ser atacadas. \u201cLa pobreza econ\u00f3mica, la pobreza de tiempo y la pobreza afectiva (\u2026) los indicadores de prevalencia se mantuvieron y trabajamos para [&hellip;]<\/p>\n","protected":false},"author":2,"featured_media":158462,"comment_status":"closed","ping_status":"closed","sticky":false,"template":"","format":"video","meta":{"_monsterinsights_skip_tracking":false,"_monsterinsights_sitenote_active":false,"_monsterinsights_sitenote_note":"","_monsterinsights_sitenote_category":0,"footnotes":""},"categories":[66,5,45],"tags":[],"class_list":["post-158441","post","type-post","status-publish","format-video","has-post-thumbnail","hentry","category-ayoslp","category-destacadas","category-localesyregionales","post_format-post-format-video","post--single"],"yoast_head":"<!-- This site is optimized with the Yoast SEO plugin v27.5 - https:\/\/yoast.com\/product\/yoast-seo-wordpress\/ -->\n<title>Fortalecimiento familiar, vital en la Capital - Canal 7 SLP - 2025<\/title>\n<meta name=\"robots\" content=\"index, follow, max-snippet:-1, max-image-preview:large, max-video-preview:-1\" \/>\n<link rel=\"canonical\" href=\"https:\/\/canal7slp.tv\/2025\/fortalecimiento-familiar-vital-en-la-capital\/\" \/>\n<meta property=\"og:locale\" content=\"es_ES\" \/>\n<meta property=\"og:type\" content=\"article\" \/>\n<meta property=\"og:title\" content=\"Fortalecimiento familiar, vital en la Capital - Canal 7 SLP - 2025\" \/>\n<meta property=\"og:description\" content=\"SLP.- La Primera Sesi\u00f3n Ordinaria del Comit\u00e9 de Fortalecimiento Familiar se realiz\u00f3 por parte del Ayuntamiento de San Luis Potos\u00ed. La presidenta del Sistema Municipal DIF de la Capital, Estela Arriaga M\u00e1rquez, explic\u00f3 el objetivo del comit\u00e9. \u201cLa Capital de San Luis Potos\u00ed es el \u00fanico municipio que ha desarrollado la Coordinaci\u00f3n de Familia dentro del Sistema DIF Municipal (\u2026) impulsamos programas de manera transversal que han tenido un impacto significativo en nuestra comunidad\u201d. Tres limitaciones buscan ser atacadas. \u201cLa pobreza econ\u00f3mica, la pobreza de tiempo y la pobreza afectiva (\u2026) los indicadores de prevalencia se mantuvieron y trabajamos para [&hellip;]\" \/>\n<meta property=\"og:url\" content=\"https:\/\/canal7slp.tv\/2025\/fortalecimiento-familiar-vital-en-la-capital\/\" \/>\n<meta property=\"og:site_name\" content=\"Canal 7 SLP - 2025\" \/>\n<meta property=\"article:publisher\" content=\"https:\/\/www.facebook.com\/noticieroscanal7atencionciudadana\/\" \/>\n<meta property=\"article:published_time\" content=\"2025-02-17T22:45:10+00:00\" \/>\n<meta property=\"og:image\" content=\"https:\/\/canal7slp.tv\/2025\/wp-content\/uploads\/2025\/02\/Claudio04FortalecimientoFamiliar.jpg\" \/>\n\t<meta property=\"og:image:width\" content=\"1280\" \/>\n\t<meta property=\"og:image:height\" content=\"720\" \/>\n\t<meta property=\"og:image:type\" content=\"image\/jpeg\" \/>\n<meta name=\"author\" content=\"Edici\u00f3n Web\" \/>\n<meta name=\"twitter:card\" content=\"summary_large_image\" \/>\n<meta name=\"twitter:creator\" content=\"@NOTICIEROS7\" \/>\n<meta name=\"twitter:site\" content=\"@NOTICIEROS7\" \/>\n<meta name=\"twitter:label1\" content=\"Escrito por\" \/>\n\t<meta name=\"twitter:data1\" content=\"Edici\u00f3n Web\" \/>\n\t<meta name=\"twitter:label2\" content=\"Tiempo de lectura\" \/>\n\t<meta name=\"twitter:data2\" content=\"2 minutos\" \/>\n<script type=\"application\/ld+json\" class=\"yoast-schema-graph\">{\"@context\":\"https:\\\/\\\/schema.org\",\"@graph\":[{\"@type\":\"Article\",\"@id\":\"https:\\\/\\\/canal7slp.tv\\\/2025\\\/fortalecimiento-familiar-vital-en-la-capital\\\/#article\",\"isPartOf\":{\"@id\":\"https:\\\/\\\/canal7slp.tv\\\/2025\\\/fortalecimiento-familiar-vital-en-la-capital\\\/\"},\"author\":{\"name\":\"Edici\u00f3n Web\",\"@id\":\"https:\\\/\\\/canal7slp.tv\\\/2025\\\/#\\\/schema\\\/person\\\/271e2b60a96e7cc9d9ac296f4d7e414b\"},\"headline\":\"Fortalecimiento familiar, vital en la Capital\",\"datePublished\":\"2025-02-17T22:45:10+00:00\",\"mainEntityOfPage\":{\"@id\":\"https:\\\/\\\/canal7slp.tv\\\/2025\\\/fortalecimiento-familiar-vital-en-la-capital\\\/\"},\"wordCount\":256,\"publisher\":{\"@id\":\"https:\\\/\\\/canal7slp.tv\\\/2025\\\/#organization\"},\"image\":{\"@id\":\"https:\\\/\\\/canal7slp.tv\\\/2025\\\/fortalecimiento-familiar-vital-en-la-capital\\\/#primaryimage\"},\"thumbnailUrl\":\"https:\\\/\\\/canal7slp.tv\\\/2025\\\/wp-content\\\/uploads\\\/2025\\\/02\\\/Claudio04FortalecimientoFamiliar.jpg\",\"articleSection\":[\"AYOSLP\",\"DESTACADAS\",\"LOCALES Y REGIONALES\"],\"inLanguage\":\"es\"},{\"@type\":\"WebPage\",\"@id\":\"https:\\\/\\\/canal7slp.tv\\\/2025\\\/fortalecimiento-familiar-vital-en-la-capital\\\/\",\"url\":\"https:\\\/\\\/canal7slp.tv\\\/2025\\\/fortalecimiento-familiar-vital-en-la-capital\\\/\",\"name\":\"Fortalecimiento familiar, vital en la Capital - Canal 7 SLP - 2025\",\"isPartOf\":{\"@id\":\"https:\\\/\\\/canal7slp.tv\\\/2025\\\/#website\"},\"primaryImageOfPage\":{\"@id\":\"https:\\\/\\\/canal7slp.tv\\\/2025\\\/fortalecimiento-familiar-vital-en-la-capital\\\/#primaryimage\"},\"image\":{\"@id\":\"https:\\\/\\\/canal7slp.tv\\\/2025\\\/fortalecimiento-familiar-vital-en-la-capital\\\/#primaryimage\"},\"thumbnailUrl\":\"https:\\\/\\\/canal7slp.tv\\\/2025\\\/wp-content\\\/uploads\\\/2025\\\/02\\\/Claudio04FortalecimientoFamiliar.jpg\",\"datePublished\":\"2025-02-17T22:45:10+00:00\",\"breadcrumb\":{\"@id\":\"https:\\\/\\\/canal7slp.tv\\\/2025\\\/fortalecimiento-familiar-vital-en-la-capital\\\/#breadcrumb\"},\"inLanguage\":\"es\",\"potentialAction\":[{\"@type\":\"ReadAction\",\"target\":[\"https:\\\/\\\/canal7slp.tv\\\/2025\\\/fortalecimiento-familiar-vital-en-la-capital\\\/\"]}]},{\"@type\":\"ImageObject\",\"inLanguage\":\"es\",\"@id\":\"https:\\\/\\\/canal7slp.tv\\\/2025\\\/fortalecimiento-familiar-vital-en-la-capital\\\/#primaryimage\",\"url\":\"https:\\\/\\\/canal7slp.tv\\\/2025\\\/wp-content\\\/uploads\\\/2025\\\/02\\\/Claudio04FortalecimientoFamiliar.jpg\",\"contentUrl\":\"https:\\\/\\\/canal7slp.tv\\\/2025\\\/wp-content\\\/uploads\\\/2025\\\/02\\\/Claudio04FortalecimientoFamiliar.jpg\",\"width\":1280,\"height\":720},{\"@type\":\"BreadcrumbList\",\"@id\":\"https:\\\/\\\/canal7slp.tv\\\/2025\\\/fortalecimiento-familiar-vital-en-la-capital\\\/#breadcrumb\",\"itemListElement\":[{\"@type\":\"ListItem\",\"position\":1,\"name\":\"Portada\",\"item\":\"https:\\\/\\\/canal7slp.tv\\\/2025\\\/\"},{\"@type\":\"ListItem\",\"position\":2,\"name\":\"Fortalecimiento familiar, vital en la Capital\"}]},{\"@type\":\"WebSite\",\"@id\":\"https:\\\/\\\/canal7slp.tv\\\/2025\\\/#website\",\"url\":\"https:\\\/\\\/canal7slp.tv\\\/2025\\\/\",\"name\":\"N7 - Noticieros Canal 7\",\"description\":\"Somos el Medio\",\"publisher\":{\"@id\":\"https:\\\/\\\/canal7slp.tv\\\/2025\\\/#organization\"},\"potentialAction\":[{\"@type\":\"SearchAction\",\"target\":{\"@type\":\"EntryPoint\",\"urlTemplate\":\"https:\\\/\\\/canal7slp.tv\\\/2025\\\/?s={search_term_string}\"},\"query-input\":{\"@type\":\"PropertyValueSpecification\",\"valueRequired\":true,\"valueName\":\"search_term_string\"}}],\"inLanguage\":\"es\"},{\"@type\":\"Organization\",\"@id\":\"https:\\\/\\\/canal7slp.tv\\\/2025\\\/#organization\",\"name\":\"Noticieros Canal 7\",\"url\":\"https:\\\/\\\/canal7slp.tv\\\/2025\\\/\",\"logo\":{\"@type\":\"ImageObject\",\"inLanguage\":\"es\",\"@id\":\"https:\\\/\\\/canal7slp.tv\\\/2025\\\/#\\\/schema\\\/logo\\\/image\\\/\",\"url\":\"https:\\\/\\\/canal7slp.tv\\\/2025\\\/wp-content\\\/uploads\\\/2021\\\/01\\\/logo-noticieros@2x.png\",\"contentUrl\":\"https:\\\/\\\/canal7slp.tv\\\/2025\\\/wp-content\\\/uploads\\\/2021\\\/01\\\/logo-noticieros@2x.png\",\"width\":1017,\"height\":268,\"caption\":\"Noticieros Canal 7\"},\"image\":{\"@id\":\"https:\\\/\\\/canal7slp.tv\\\/2025\\\/#\\\/schema\\\/logo\\\/image\\\/\"},\"sameAs\":[\"https:\\\/\\\/www.facebook.com\\\/noticieroscanal7atencionciudadana\\\/\",\"https:\\\/\\\/x.com\\\/NOTICIEROS7\",\"https:\\\/\\\/www.instagram.com\\\/canal7_slp\",\"https:\\\/\\\/www.youtube.com\\\/channel\\\/UCliiYs-gP3JfJeqdPrNdd5A\"]},{\"@type\":\"Person\",\"@id\":\"https:\\\/\\\/canal7slp.tv\\\/2025\\\/#\\\/schema\\\/person\\\/271e2b60a96e7cc9d9ac296f4d7e414b\",\"name\":\"Edici\u00f3n Web\",\"image\":{\"@type\":\"ImageObject\",\"inLanguage\":\"es\",\"@id\":\"https:\\\/\\\/secure.gravatar.com\\\/avatar\\\/eee448fc3f7164808013b816ba91ac7e43bbe82a70bebac296f8bc6f0addaa1a?s=96&d=mm&r=g\",\"url\":\"https:\\\/\\\/secure.gravatar.com\\\/avatar\\\/eee448fc3f7164808013b816ba91ac7e43bbe82a70bebac296f8bc6f0addaa1a?s=96&d=mm&r=g\",\"contentUrl\":\"https:\\\/\\\/secure.gravatar.com\\\/avatar\\\/eee448fc3f7164808013b816ba91ac7e43bbe82a70bebac296f8bc6f0addaa1a?s=96&d=mm&r=g\",\"caption\":\"Edici\u00f3n Web\"},\"url\":\"https:\\\/\\\/canal7slp.tv\\\/2025\\\/author\\\/edicionweb\\\/\"}]}<\/script>\n<!-- \/ Yoast SEO plugin. -->","yoast_head_json":{"title":"Fortalecimiento familiar, vital en la Capital - Canal 7 SLP - 2025","robots":{"index":"index","follow":"follow","max-snippet":"max-snippet:-1","max-image-preview":"max-image-preview:large","max-video-preview":"max-video-preview:-1"},"canonical":"https:\/\/canal7slp.tv\/2025\/fortalecimiento-familiar-vital-en-la-capital\/","og_locale":"es_ES","og_type":"article","og_title":"Fortalecimiento familiar, vital en la Capital - Canal 7 SLP - 2025","og_description":"SLP.- La Primera Sesi\u00f3n Ordinaria del Comit\u00e9 de Fortalecimiento Familiar se realiz\u00f3 por parte del Ayuntamiento de San Luis Potos\u00ed. La presidenta del Sistema Municipal DIF de la Capital, Estela Arriaga M\u00e1rquez, explic\u00f3 el objetivo del comit\u00e9. \u201cLa Capital de San Luis Potos\u00ed es el \u00fanico municipio que ha desarrollado la Coordinaci\u00f3n de Familia dentro del Sistema DIF Municipal (\u2026) impulsamos programas de manera transversal que han tenido un impacto significativo en nuestra comunidad\u201d. Tres limitaciones buscan ser atacadas. \u201cLa pobreza econ\u00f3mica, la pobreza de tiempo y la pobreza afectiva (\u2026) los indicadores de prevalencia se mantuvieron y trabajamos para [&hellip;]","og_url":"https:\/\/canal7slp.tv\/2025\/fortalecimiento-familiar-vital-en-la-capital\/","og_site_name":"Canal 7 SLP - 2025","article_publisher":"https:\/\/www.facebook.com\/noticieroscanal7atencionciudadana\/","article_published_time":"2025-02-17T22:45:10+00:00","og_image":[{"width":1280,"height":720,"url":"https:\/\/canal7slp.tv\/2025\/wp-content\/uploads\/2025\/02\/Claudio04FortalecimientoFamiliar.jpg","type":"image\/jpeg"}],"author":"Edici\u00f3n Web","twitter_card":"summary_large_image","twitter_creator":"@NOTICIEROS7","twitter_site":"@NOTICIEROS7","twitter_misc":{"Escrito por":"Edici\u00f3n Web","Tiempo de lectura":"2 minutos"},"schema":{"@context":"https:\/\/schema.org","@graph":[{"@type":"Article","@id":"https:\/\/canal7slp.tv\/2025\/fortalecimiento-familiar-vital-en-la-capital\/#article","isPartOf":{"@id":"https:\/\/canal7slp.tv\/2025\/fortalecimiento-familiar-vital-en-la-capital\/"},"author":{"name":"Edici\u00f3n Web","@id":"https:\/\/canal7slp.tv\/2025\/#\/schema\/person\/271e2b60a96e7cc9d9ac296f4d7e414b"},"headline":"Fortalecimiento familiar, vital en la Capital","datePublished":"2025-02-17T22:45:10+00:00","mainEntityOfPage":{"@id":"https:\/\/canal7slp.tv\/2025\/fortalecimiento-familiar-vital-en-la-capital\/"},"wordCount":256,"publisher":{"@id":"https:\/\/canal7slp.tv\/2025\/#organization"},"image":{"@id":"https:\/\/canal7slp.tv\/2025\/fortalecimiento-familiar-vital-en-la-capital\/#primaryimage"},"thumbnailUrl":"https:\/\/canal7slp.tv\/2025\/wp-content\/uploads\/2025\/02\/Claudio04FortalecimientoFamiliar.jpg","articleSection":["AYOSLP","DESTACADAS","LOCALES Y REGIONALES"],"inLanguage":"es"},{"@type":"WebPage","@id":"https:\/\/canal7slp.tv\/2025\/fortalecimiento-familiar-vital-en-la-capital\/","url":"https:\/\/canal7slp.tv\/2025\/fortalecimiento-familiar-vital-en-la-capital\/","name":"Fortalecimiento familiar, vital en la Capital - Canal 7 SLP - 2025","isPartOf":{"@id":"https:\/\/canal7slp.tv\/2025\/#website"},"primaryImageOfPage":{"@id":"https:\/\/canal7slp.tv\/2025\/fortalecimiento-familiar-vital-en-la-capital\/#primaryimage"},"image":{"@id":"https:\/\/canal7slp.tv\/2025\/fortalecimiento-familiar-vital-en-la-capital\/#primaryimage"},"thumbnailUrl":"https:\/\/canal7slp.tv\/2025\/wp-content\/uploads\/2025\/02\/Claudio04FortalecimientoFamiliar.jpg","datePublished":"2025-02-17T22:45:10+00:00","breadcrumb":{"@id":"https:\/\/canal7slp.tv\/2025\/fortalecimiento-familiar-vital-en-la-capital\/#breadcrumb"},"inLanguage":"es","potentialAction":[{"@type":"ReadAction","target":["https:\/\/canal7slp.tv\/2025\/fortalecimiento-familiar-vital-en-la-capital\/"]}]},{"@type":"ImageObject","inLanguage":"es","@id":"https:\/\/canal7slp.tv\/2025\/fortalecimiento-familiar-vital-en-la-capital\/#primaryimage","url":"https:\/\/canal7slp.tv\/2025\/wp-content\/uploads\/2025\/02\/Claudio04FortalecimientoFamiliar.jpg","contentUrl":"https:\/\/canal7slp.tv\/2025\/wp-content\/uploads\/2025\/02\/Claudio04FortalecimientoFamiliar.jpg","width":1280,"height":720},{"@type":"BreadcrumbList","@id":"https:\/\/canal7slp.tv\/2025\/fortalecimiento-familiar-vital-en-la-capital\/#breadcrumb","itemListElement":[{"@type":"ListItem","position":1,"name":"Portada","item":"https:\/\/canal7slp.tv\/2025\/"},{"@type":"ListItem","position":2,"name":"Fortalecimiento familiar, vital en la Capital"}]},{"@type":"WebSite","@id":"https:\/\/canal7slp.tv\/2025\/#website","url":"https:\/\/canal7slp.tv\/2025\/","name":"N7 - Noticieros Canal 7","description":"Somos el Medio","publisher":{"@id":"https:\/\/canal7slp.tv\/2025\/#organization"},"potentialAction":[{"@type":"SearchAction","target":{"@type":"EntryPoint","urlTemplate":"https:\/\/canal7slp.tv\/2025\/?s={search_term_string}"},"query-input":{"@type":"PropertyValueSpecification","valueRequired":true,"valueName":"search_term_string"}}],"inLanguage":"es"},{"@type":"Organization","@id":"https:\/\/canal7slp.tv\/2025\/#organization","name":"Noticieros Canal 7","url":"https:\/\/canal7slp.tv\/2025\/","logo":{"@type":"ImageObject","inLanguage":"es","@id":"https:\/\/canal7slp.tv\/2025\/#\/schema\/logo\/image\/","url":"https:\/\/canal7slp.tv\/2025\/wp-content\/uploads\/2021\/01\/logo-noticieros@2x.png","contentUrl":"https:\/\/canal7slp.tv\/2025\/wp-content\/uploads\/2021\/01\/logo-noticieros@2x.png","width":1017,"height":268,"caption":"Noticieros Canal 7"},"image":{"@id":"https:\/\/canal7slp.tv\/2025\/#\/schema\/logo\/image\/"},"sameAs":["https:\/\/www.facebook.com\/noticieroscanal7atencionciudadana\/","https:\/\/x.com\/NOTICIEROS7","https:\/\/www.instagram.com\/canal7_slp","https:\/\/www.youtube.com\/channel\/UCliiYs-gP3JfJeqdPrNdd5A"]},{"@type":"Person","@id":"https:\/\/canal7slp.tv\/2025\/#\/schema\/person\/271e2b60a96e7cc9d9ac296f4d7e414b","name":"Edici\u00f3n Web","image":{"@type":"ImageObject","inLanguage":"es","@id":"https:\/\/secure.gravatar.com\/avatar\/eee448fc3f7164808013b816ba91ac7e43bbe82a70bebac296f8bc6f0addaa1a?s=96&d=mm&r=g","url":"https:\/\/secure.gravatar.com\/avatar\/eee448fc3f7164808013b816ba91ac7e43bbe82a70bebac296f8bc6f0addaa1a?s=96&d=mm&r=g","contentUrl":"https:\/\/secure.gravatar.com\/avatar\/eee448fc3f7164808013b816ba91ac7e43bbe82a70bebac296f8bc6f0addaa1a?s=96&d=mm&r=g","caption":"Edici\u00f3n Web"},"url":"https:\/\/canal7slp.tv\/2025\/author\/edicionweb\/"}]}},"_links":{"self":[{"href":"https:\/\/canal7slp.tv\/2025\/wp-json\/wp\/v2\/posts\/158441","targetHints":{"allow":["GET"]}}],"collection":[{"href":"https:\/\/canal7slp.tv\/2025\/wp-json\/wp\/v2\/posts"}],"about":[{"href":"https:\/\/canal7slp.tv\/2025\/wp-json\/wp\/v2\/types\/post"}],"author":[{"embeddable":true,"href":"https:\/\/canal7slp.tv\/2025\/wp-json\/wp\/v2\/users\/2"}],"replies":[{"embeddable":true,"href":"https:\/\/canal7slp.tv\/2025\/wp-json\/wp\/v2\/comments?post=158441"}],"version-history":[{"count":2,"href":"https:\/\/canal7slp.tv\/2025\/wp-json\/wp\/v2\/posts\/158441\/revisions"}],"predecessor-version":[{"id":158463,"href":"https:\/\/canal7slp.tv\/2025\/wp-json\/wp\/v2\/posts\/158441\/revisions\/158463"}],"wp:featuredmedia":[{"embeddable":true,"href":"https:\/\/canal7slp.tv\/2025\/wp-json\/wp\/v2\/media\/158462"}],"wp:attachment":[{"href":"https:\/\/canal7slp.tv\/2025\/wp-json\/wp\/v2\/media?parent=158441"}],"wp:term":[{"taxonomy":"category","embeddable":true,"href":"https:\/\/canal7slp.tv\/2025\/wp-json\/wp\/v2\/categories?post=158441"},{"taxonomy":"post_tag","embeddable":true,"href":"https:\/\/canal7slp.tv\/2025\/wp-json\/wp\/v2\/tags?post=158441"}],"curies":[{"name":"wp","href":"https:\/\/api.w.org\/{rel}","templated":true}]}}