{"id":158440,"date":"2025-02-17T16:28:44","date_gmt":"2025-02-17T22:28:44","guid":{"rendered":"https:\/\/canal7slp.tv\/2025\/?p=158440"},"modified":"2025-02-17T16:28:44","modified_gmt":"2025-02-17T22:28:44","slug":"ayuntamiento-de-la-capital-celebro-dia-del-pensionado-2025","status":"publish","type":"post","link":"https:\/\/canal7slp.tv\/2025\/ayuntamiento-de-la-capital-celebro-dia-del-pensionado-2025\/","title":{"rendered":"Ayuntamiento de la Capital celebr\u00f3 D\u00eda del Pensionado 2025"},"content":{"rendered":"<p style=\"text-align: justify;\"><span style=\"font-size: 1.21429rem;\">SLP.- El D\u00eda del Pensionado 2025 se celebr\u00f3 por parte del Ayuntamiento de San Luis Potos\u00ed, en evento estuvieron presentes servidores p\u00fablicos y ex colaboradores de la capital.<\/span><\/p>\n<p style=\"text-align: justify;\">El alcalde Enrique Galindo Ceballos, destac\u00f3 la gran labor que realizaron los ex trabajadores mientras estuvieron activos.<\/p>\n<p style=\"text-align: justify;\">\u00abTambi\u00e9n es una manera de decirles que nos importan, que son parte de ayuntamiento, que le dejaron a la ciudad mucha satisfacciones, de una o de otra manera; los que estaban en alumbrado, las que estaban en la presidencia, las que estaban en el DIF que por aqu\u00ed la salud\u00e9, pues son ustedes quienes le dejaron much\u00edsimos a\u00f1os de trabajo, de servicio y dedicaci\u00f3n a la ciudad y no puede pasar desapercibido este d\u00eda\u00bb.<\/p>\n<p style=\"text-align: justify;\">Sostuvo que los ex colaboradores a\u00fan son tomados en cuenta.<\/p>\n<p style=\"text-align: justify;\">\u00abPues la verdad que para nosotros son colaboradores que siguen estando presentes, es el segundo a\u00f1o consecutivo que les organizamos este desayuno, es una manera de agradecer el tiempo, el talento, la colaboraci\u00f3n que tuvieron con nosotros por m\u00e1s de 30 a\u00f1os y que vale mucho la pena decirles que son importantes para nosotros\u00bb.<\/p>\n<p style=\"text-align: justify;\">El testimonio que dejan los pensionados es vital para la Capital.<\/p>\n<p style=\"text-align: justify;\">\u00abA m\u00ed me aportan (&#8230;) no es que f\u00edsicamente est\u00e9n haciendo algo, sino que se mantienen vigentes en el ayuntamiento\u00bb.<\/p>\n<p>Por: Juan Carlos Contreras<\/p>\n","protected":false},"excerpt":{"rendered":"<p>SLP.- El D\u00eda del Pensionado 2025 se celebr\u00f3 por parte del Ayuntamiento de San Luis Potos\u00ed, en evento estuvieron presentes servidores p\u00fablicos y ex colaboradores de la capital. El alcalde Enrique Galindo Ceballos, destac\u00f3 la gran labor que realizaron los ex trabajadores mientras estuvieron activos. \u00abTambi\u00e9n es una manera de decirles que nos importan, que son parte de ayuntamiento, que le dejaron a la ciudad mucha satisfacciones, de una o de otra manera; los que estaban en alumbrado, las que estaban en la presidencia, las que estaban en el DIF que por aqu\u00ed la salud\u00e9, pues son ustedes quienes le [&hellip;]<\/p>\n","protected":false},"author":2,"featured_media":158458,"comment_status":"closed","ping_status":"closed","sticky":false,"template":"","format":"video","meta":{"_monsterinsights_skip_tracking":false,"_monsterinsights_sitenote_active":false,"_monsterinsights_sitenote_note":"","_monsterinsights_sitenote_category":0,"footnotes":""},"categories":[66,5,45],"tags":[],"class_list":["post-158440","post","type-post","status-publish","format-video","has-post-thumbnail","hentry","category-ayoslp","category-destacadas","category-localesyregionales","post_format-post-format-video","post--single"],"yoast_head":"<!-- This site is optimized with the Yoast SEO plugin v27.5 - https:\/\/yoast.com\/product\/yoast-seo-wordpress\/ -->\n<title>Ayuntamiento de la Capital celebr\u00f3 D\u00eda del Pensionado 2025 - Canal 7 SLP - 2025<\/title>\n<meta name=\"robots\" content=\"index, follow, max-snippet:-1, max-image-preview:large, max-video-preview:-1\" \/>\n<link rel=\"canonical\" href=\"https:\/\/canal7slp.tv\/2025\/ayuntamiento-de-la-capital-celebro-dia-del-pensionado-2025\/\" \/>\n<meta property=\"og:locale\" content=\"es_ES\" \/>\n<meta property=\"og:type\" content=\"article\" \/>\n<meta property=\"og:title\" content=\"Ayuntamiento de la Capital celebr\u00f3 D\u00eda del Pensionado 2025 - Canal 7 SLP - 2025\" \/>\n<meta property=\"og:description\" content=\"SLP.- El D\u00eda del Pensionado 2025 se celebr\u00f3 por parte del Ayuntamiento de San Luis Potos\u00ed, en evento estuvieron presentes servidores p\u00fablicos y ex colaboradores de la capital. El alcalde Enrique Galindo Ceballos, destac\u00f3 la gran labor que realizaron los ex trabajadores mientras estuvieron activos. \u00abTambi\u00e9n es una manera de decirles que nos importan, que son parte de ayuntamiento, que le dejaron a la ciudad mucha satisfacciones, de una o de otra manera; los que estaban en alumbrado, las que estaban en la presidencia, las que estaban en el DIF que por aqu\u00ed la salud\u00e9, pues son ustedes quienes le [&hellip;]\" \/>\n<meta property=\"og:url\" content=\"https:\/\/canal7slp.tv\/2025\/ayuntamiento-de-la-capital-celebro-dia-del-pensionado-2025\/\" \/>\n<meta property=\"og:site_name\" content=\"Canal 7 SLP - 2025\" \/>\n<meta property=\"article:publisher\" content=\"https:\/\/www.facebook.com\/noticieroscanal7atencionciudadana\/\" \/>\n<meta property=\"article:published_time\" content=\"2025-02-17T22:28:44+00:00\" \/>\n<meta property=\"og:image\" content=\"https:\/\/canal7slp.tv\/2025\/wp-content\/uploads\/2025\/02\/Claudio03DiaPensionado.jpg\" \/>\n\t<meta property=\"og:image:width\" content=\"1280\" \/>\n\t<meta property=\"og:image:height\" content=\"720\" \/>\n\t<meta property=\"og:image:type\" content=\"image\/jpeg\" \/>\n<meta name=\"author\" content=\"Edici\u00f3n Web\" \/>\n<meta name=\"twitter:card\" content=\"summary_large_image\" \/>\n<meta name=\"twitter:creator\" content=\"@NOTICIEROS7\" \/>\n<meta name=\"twitter:site\" content=\"@NOTICIEROS7\" \/>\n<meta name=\"twitter:label1\" content=\"Escrito por\" \/>\n\t<meta name=\"twitter:data1\" content=\"Edici\u00f3n Web\" \/>\n\t<meta name=\"twitter:label2\" content=\"Tiempo de lectura\" \/>\n\t<meta name=\"twitter:data2\" content=\"2 minutos\" \/>\n<script type=\"application\/ld+json\" class=\"yoast-schema-graph\">{\"@context\":\"https:\\\/\\\/schema.org\",\"@graph\":[{\"@type\":\"Article\",\"@id\":\"https:\\\/\\\/canal7slp.tv\\\/2025\\\/ayuntamiento-de-la-capital-celebro-dia-del-pensionado-2025\\\/#article\",\"isPartOf\":{\"@id\":\"https:\\\/\\\/canal7slp.tv\\\/2025\\\/ayuntamiento-de-la-capital-celebro-dia-del-pensionado-2025\\\/\"},\"author\":{\"name\":\"Edici\u00f3n Web\",\"@id\":\"https:\\\/\\\/canal7slp.tv\\\/2025\\\/#\\\/schema\\\/person\\\/271e2b60a96e7cc9d9ac296f4d7e414b\"},\"headline\":\"Ayuntamiento de la Capital celebr\u00f3 D\u00eda del Pensionado 2025\",\"datePublished\":\"2025-02-17T22:28:44+00:00\",\"mainEntityOfPage\":{\"@id\":\"https:\\\/\\\/canal7slp.tv\\\/2025\\\/ayuntamiento-de-la-capital-celebro-dia-del-pensionado-2025\\\/\"},\"wordCount\":239,\"publisher\":{\"@id\":\"https:\\\/\\\/canal7slp.tv\\\/2025\\\/#organization\"},\"image\":{\"@id\":\"https:\\\/\\\/canal7slp.tv\\\/2025\\\/ayuntamiento-de-la-capital-celebro-dia-del-pensionado-2025\\\/#primaryimage\"},\"thumbnailUrl\":\"https:\\\/\\\/canal7slp.tv\\\/2025\\\/wp-content\\\/uploads\\\/2025\\\/02\\\/Claudio03DiaPensionado.jpg\",\"articleSection\":[\"AYOSLP\",\"DESTACADAS\",\"LOCALES Y REGIONALES\"],\"inLanguage\":\"es\"},{\"@type\":\"WebPage\",\"@id\":\"https:\\\/\\\/canal7slp.tv\\\/2025\\\/ayuntamiento-de-la-capital-celebro-dia-del-pensionado-2025\\\/\",\"url\":\"https:\\\/\\\/canal7slp.tv\\\/2025\\\/ayuntamiento-de-la-capital-celebro-dia-del-pensionado-2025\\\/\",\"name\":\"Ayuntamiento de la Capital celebr\u00f3 D\u00eda del Pensionado 2025 - Canal 7 SLP - 2025\",\"isPartOf\":{\"@id\":\"https:\\\/\\\/canal7slp.tv\\\/2025\\\/#website\"},\"primaryImageOfPage\":{\"@id\":\"https:\\\/\\\/canal7slp.tv\\\/2025\\\/ayuntamiento-de-la-capital-celebro-dia-del-pensionado-2025\\\/#primaryimage\"},\"image\":{\"@id\":\"https:\\\/\\\/canal7slp.tv\\\/2025\\\/ayuntamiento-de-la-capital-celebro-dia-del-pensionado-2025\\\/#primaryimage\"},\"thumbnailUrl\":\"https:\\\/\\\/canal7slp.tv\\\/2025\\\/wp-content\\\/uploads\\\/2025\\\/02\\\/Claudio03DiaPensionado.jpg\",\"datePublished\":\"2025-02-17T22:28:44+00:00\",\"breadcrumb\":{\"@id\":\"https:\\\/\\\/canal7slp.tv\\\/2025\\\/ayuntamiento-de-la-capital-celebro-dia-del-pensionado-2025\\\/#breadcrumb\"},\"inLanguage\":\"es\",\"potentialAction\":[{\"@type\":\"ReadAction\",\"target\":[\"https:\\\/\\\/canal7slp.tv\\\/2025\\\/ayuntamiento-de-la-capital-celebro-dia-del-pensionado-2025\\\/\"]}]},{\"@type\":\"ImageObject\",\"inLanguage\":\"es\",\"@id\":\"https:\\\/\\\/canal7slp.tv\\\/2025\\\/ayuntamiento-de-la-capital-celebro-dia-del-pensionado-2025\\\/#primaryimage\",\"url\":\"https:\\\/\\\/canal7slp.tv\\\/2025\\\/wp-content\\\/uploads\\\/2025\\\/02\\\/Claudio03DiaPensionado.jpg\",\"contentUrl\":\"https:\\\/\\\/canal7slp.tv\\\/2025\\\/wp-content\\\/uploads\\\/2025\\\/02\\\/Claudio03DiaPensionado.jpg\",\"width\":1280,\"height\":720},{\"@type\":\"BreadcrumbList\",\"@id\":\"https:\\\/\\\/canal7slp.tv\\\/2025\\\/ayuntamiento-de-la-capital-celebro-dia-del-pensionado-2025\\\/#breadcrumb\",\"itemListElement\":[{\"@type\":\"ListItem\",\"position\":1,\"name\":\"Portada\",\"item\":\"https:\\\/\\\/canal7slp.tv\\\/2025\\\/\"},{\"@type\":\"ListItem\",\"position\":2,\"name\":\"Ayuntamiento de la Capital celebr\u00f3 D\u00eda del Pensionado 2025\"}]},{\"@type\":\"WebSite\",\"@id\":\"https:\\\/\\\/canal7slp.tv\\\/2025\\\/#website\",\"url\":\"https:\\\/\\\/canal7slp.tv\\\/2025\\\/\",\"name\":\"N7 - Noticieros Canal 7\",\"description\":\"Somos el Medio\",\"publisher\":{\"@id\":\"https:\\\/\\\/canal7slp.tv\\\/2025\\\/#organization\"},\"potentialAction\":[{\"@type\":\"SearchAction\",\"target\":{\"@type\":\"EntryPoint\",\"urlTemplate\":\"https:\\\/\\\/canal7slp.tv\\\/2025\\\/?s={search_term_string}\"},\"query-input\":{\"@type\":\"PropertyValueSpecification\",\"valueRequired\":true,\"valueName\":\"search_term_string\"}}],\"inLanguage\":\"es\"},{\"@type\":\"Organization\",\"@id\":\"https:\\\/\\\/canal7slp.tv\\\/2025\\\/#organization\",\"name\":\"Noticieros Canal 7\",\"url\":\"https:\\\/\\\/canal7slp.tv\\\/2025\\\/\",\"logo\":{\"@type\":\"ImageObject\",\"inLanguage\":\"es\",\"@id\":\"https:\\\/\\\/canal7slp.tv\\\/2025\\\/#\\\/schema\\\/logo\\\/image\\\/\",\"url\":\"https:\\\/\\\/canal7slp.tv\\\/2025\\\/wp-content\\\/uploads\\\/2021\\\/01\\\/logo-noticieros@2x.png\",\"contentUrl\":\"https:\\\/\\\/canal7slp.tv\\\/2025\\\/wp-content\\\/uploads\\\/2021\\\/01\\\/logo-noticieros@2x.png\",\"width\":1017,\"height\":268,\"caption\":\"Noticieros Canal 7\"},\"image\":{\"@id\":\"https:\\\/\\\/canal7slp.tv\\\/2025\\\/#\\\/schema\\\/logo\\\/image\\\/\"},\"sameAs\":[\"https:\\\/\\\/www.facebook.com\\\/noticieroscanal7atencionciudadana\\\/\",\"https:\\\/\\\/x.com\\\/NOTICIEROS7\",\"https:\\\/\\\/www.instagram.com\\\/canal7_slp\",\"https:\\\/\\\/www.youtube.com\\\/channel\\\/UCliiYs-gP3JfJeqdPrNdd5A\"]},{\"@type\":\"Person\",\"@id\":\"https:\\\/\\\/canal7slp.tv\\\/2025\\\/#\\\/schema\\\/person\\\/271e2b60a96e7cc9d9ac296f4d7e414b\",\"name\":\"Edici\u00f3n Web\",\"image\":{\"@type\":\"ImageObject\",\"inLanguage\":\"es\",\"@id\":\"https:\\\/\\\/secure.gravatar.com\\\/avatar\\\/eee448fc3f7164808013b816ba91ac7e43bbe82a70bebac296f8bc6f0addaa1a?s=96&d=mm&r=g\",\"url\":\"https:\\\/\\\/secure.gravatar.com\\\/avatar\\\/eee448fc3f7164808013b816ba91ac7e43bbe82a70bebac296f8bc6f0addaa1a?s=96&d=mm&r=g\",\"contentUrl\":\"https:\\\/\\\/secure.gravatar.com\\\/avatar\\\/eee448fc3f7164808013b816ba91ac7e43bbe82a70bebac296f8bc6f0addaa1a?s=96&d=mm&r=g\",\"caption\":\"Edici\u00f3n Web\"},\"url\":\"https:\\\/\\\/canal7slp.tv\\\/2025\\\/author\\\/edicionweb\\\/\"}]}<\/script>\n<!-- \/ Yoast SEO plugin. -->","yoast_head_json":{"title":"Ayuntamiento de la Capital celebr\u00f3 D\u00eda del Pensionado 2025 - Canal 7 SLP - 2025","robots":{"index":"index","follow":"follow","max-snippet":"max-snippet:-1","max-image-preview":"max-image-preview:large","max-video-preview":"max-video-preview:-1"},"canonical":"https:\/\/canal7slp.tv\/2025\/ayuntamiento-de-la-capital-celebro-dia-del-pensionado-2025\/","og_locale":"es_ES","og_type":"article","og_title":"Ayuntamiento de la Capital celebr\u00f3 D\u00eda del Pensionado 2025 - Canal 7 SLP - 2025","og_description":"SLP.- El D\u00eda del Pensionado 2025 se celebr\u00f3 por parte del Ayuntamiento de San Luis Potos\u00ed, en evento estuvieron presentes servidores p\u00fablicos y ex colaboradores de la capital. El alcalde Enrique Galindo Ceballos, destac\u00f3 la gran labor que realizaron los ex trabajadores mientras estuvieron activos. \u00abTambi\u00e9n es una manera de decirles que nos importan, que son parte de ayuntamiento, que le dejaron a la ciudad mucha satisfacciones, de una o de otra manera; los que estaban en alumbrado, las que estaban en la presidencia, las que estaban en el DIF que por aqu\u00ed la salud\u00e9, pues son ustedes quienes le [&hellip;]","og_url":"https:\/\/canal7slp.tv\/2025\/ayuntamiento-de-la-capital-celebro-dia-del-pensionado-2025\/","og_site_name":"Canal 7 SLP - 2025","article_publisher":"https:\/\/www.facebook.com\/noticieroscanal7atencionciudadana\/","article_published_time":"2025-02-17T22:28:44+00:00","og_image":[{"width":1280,"height":720,"url":"https:\/\/canal7slp.tv\/2025\/wp-content\/uploads\/2025\/02\/Claudio03DiaPensionado.jpg","type":"image\/jpeg"}],"author":"Edici\u00f3n Web","twitter_card":"summary_large_image","twitter_creator":"@NOTICIEROS7","twitter_site":"@NOTICIEROS7","twitter_misc":{"Escrito por":"Edici\u00f3n Web","Tiempo de lectura":"2 minutos"},"schema":{"@context":"https:\/\/schema.org","@graph":[{"@type":"Article","@id":"https:\/\/canal7slp.tv\/2025\/ayuntamiento-de-la-capital-celebro-dia-del-pensionado-2025\/#article","isPartOf":{"@id":"https:\/\/canal7slp.tv\/2025\/ayuntamiento-de-la-capital-celebro-dia-del-pensionado-2025\/"},"author":{"name":"Edici\u00f3n Web","@id":"https:\/\/canal7slp.tv\/2025\/#\/schema\/person\/271e2b60a96e7cc9d9ac296f4d7e414b"},"headline":"Ayuntamiento de la Capital celebr\u00f3 D\u00eda del Pensionado 2025","datePublished":"2025-02-17T22:28:44+00:00","mainEntityOfPage":{"@id":"https:\/\/canal7slp.tv\/2025\/ayuntamiento-de-la-capital-celebro-dia-del-pensionado-2025\/"},"wordCount":239,"publisher":{"@id":"https:\/\/canal7slp.tv\/2025\/#organization"},"image":{"@id":"https:\/\/canal7slp.tv\/2025\/ayuntamiento-de-la-capital-celebro-dia-del-pensionado-2025\/#primaryimage"},"thumbnailUrl":"https:\/\/canal7slp.tv\/2025\/wp-content\/uploads\/2025\/02\/Claudio03DiaPensionado.jpg","articleSection":["AYOSLP","DESTACADAS","LOCALES Y REGIONALES"],"inLanguage":"es"},{"@type":"WebPage","@id":"https:\/\/canal7slp.tv\/2025\/ayuntamiento-de-la-capital-celebro-dia-del-pensionado-2025\/","url":"https:\/\/canal7slp.tv\/2025\/ayuntamiento-de-la-capital-celebro-dia-del-pensionado-2025\/","name":"Ayuntamiento de la Capital celebr\u00f3 D\u00eda del Pensionado 2025 - Canal 7 SLP - 2025","isPartOf":{"@id":"https:\/\/canal7slp.tv\/2025\/#website"},"primaryImageOfPage":{"@id":"https:\/\/canal7slp.tv\/2025\/ayuntamiento-de-la-capital-celebro-dia-del-pensionado-2025\/#primaryimage"},"image":{"@id":"https:\/\/canal7slp.tv\/2025\/ayuntamiento-de-la-capital-celebro-dia-del-pensionado-2025\/#primaryimage"},"thumbnailUrl":"https:\/\/canal7slp.tv\/2025\/wp-content\/uploads\/2025\/02\/Claudio03DiaPensionado.jpg","datePublished":"2025-02-17T22:28:44+00:00","breadcrumb":{"@id":"https:\/\/canal7slp.tv\/2025\/ayuntamiento-de-la-capital-celebro-dia-del-pensionado-2025\/#breadcrumb"},"inLanguage":"es","potentialAction":[{"@type":"ReadAction","target":["https:\/\/canal7slp.tv\/2025\/ayuntamiento-de-la-capital-celebro-dia-del-pensionado-2025\/"]}]},{"@type":"ImageObject","inLanguage":"es","@id":"https:\/\/canal7slp.tv\/2025\/ayuntamiento-de-la-capital-celebro-dia-del-pensionado-2025\/#primaryimage","url":"https:\/\/canal7slp.tv\/2025\/wp-content\/uploads\/2025\/02\/Claudio03DiaPensionado.jpg","contentUrl":"https:\/\/canal7slp.tv\/2025\/wp-content\/uploads\/2025\/02\/Claudio03DiaPensionado.jpg","width":1280,"height":720},{"@type":"BreadcrumbList","@id":"https:\/\/canal7slp.tv\/2025\/ayuntamiento-de-la-capital-celebro-dia-del-pensionado-2025\/#breadcrumb","itemListElement":[{"@type":"ListItem","position":1,"name":"Portada","item":"https:\/\/canal7slp.tv\/2025\/"},{"@type":"ListItem","position":2,"name":"Ayuntamiento de la Capital celebr\u00f3 D\u00eda del Pensionado 2025"}]},{"@type":"WebSite","@id":"https:\/\/canal7slp.tv\/2025\/#website","url":"https:\/\/canal7slp.tv\/2025\/","name":"N7 - Noticieros Canal 7","description":"Somos el Medio","publisher":{"@id":"https:\/\/canal7slp.tv\/2025\/#organization"},"potentialAction":[{"@type":"SearchAction","target":{"@type":"EntryPoint","urlTemplate":"https:\/\/canal7slp.tv\/2025\/?s={search_term_string}"},"query-input":{"@type":"PropertyValueSpecification","valueRequired":true,"valueName":"search_term_string"}}],"inLanguage":"es"},{"@type":"Organization","@id":"https:\/\/canal7slp.tv\/2025\/#organization","name":"Noticieros Canal 7","url":"https:\/\/canal7slp.tv\/2025\/","logo":{"@type":"ImageObject","inLanguage":"es","@id":"https:\/\/canal7slp.tv\/2025\/#\/schema\/logo\/image\/","url":"https:\/\/canal7slp.tv\/2025\/wp-content\/uploads\/2021\/01\/logo-noticieros@2x.png","contentUrl":"https:\/\/canal7slp.tv\/2025\/wp-content\/uploads\/2021\/01\/logo-noticieros@2x.png","width":1017,"height":268,"caption":"Noticieros Canal 7"},"image":{"@id":"https:\/\/canal7slp.tv\/2025\/#\/schema\/logo\/image\/"},"sameAs":["https:\/\/www.facebook.com\/noticieroscanal7atencionciudadana\/","https:\/\/x.com\/NOTICIEROS7","https:\/\/www.instagram.com\/canal7_slp","https:\/\/www.youtube.com\/channel\/UCliiYs-gP3JfJeqdPrNdd5A"]},{"@type":"Person","@id":"https:\/\/canal7slp.tv\/2025\/#\/schema\/person\/271e2b60a96e7cc9d9ac296f4d7e414b","name":"Edici\u00f3n Web","image":{"@type":"ImageObject","inLanguage":"es","@id":"https:\/\/secure.gravatar.com\/avatar\/eee448fc3f7164808013b816ba91ac7e43bbe82a70bebac296f8bc6f0addaa1a?s=96&d=mm&r=g","url":"https:\/\/secure.gravatar.com\/avatar\/eee448fc3f7164808013b816ba91ac7e43bbe82a70bebac296f8bc6f0addaa1a?s=96&d=mm&r=g","contentUrl":"https:\/\/secure.gravatar.com\/avatar\/eee448fc3f7164808013b816ba91ac7e43bbe82a70bebac296f8bc6f0addaa1a?s=96&d=mm&r=g","caption":"Edici\u00f3n Web"},"url":"https:\/\/canal7slp.tv\/2025\/author\/edicionweb\/"}]}},"_links":{"self":[{"href":"https:\/\/canal7slp.tv\/2025\/wp-json\/wp\/v2\/posts\/158440","targetHints":{"allow":["GET"]}}],"collection":[{"href":"https:\/\/canal7slp.tv\/2025\/wp-json\/wp\/v2\/posts"}],"about":[{"href":"https:\/\/canal7slp.tv\/2025\/wp-json\/wp\/v2\/types\/post"}],"author":[{"embeddable":true,"href":"https:\/\/canal7slp.tv\/2025\/wp-json\/wp\/v2\/users\/2"}],"replies":[{"embeddable":true,"href":"https:\/\/canal7slp.tv\/2025\/wp-json\/wp\/v2\/comments?post=158440"}],"version-history":[{"count":2,"href":"https:\/\/canal7slp.tv\/2025\/wp-json\/wp\/v2\/posts\/158440\/revisions"}],"predecessor-version":[{"id":158459,"href":"https:\/\/canal7slp.tv\/2025\/wp-json\/wp\/v2\/posts\/158440\/revisions\/158459"}],"wp:featuredmedia":[{"embeddable":true,"href":"https:\/\/canal7slp.tv\/2025\/wp-json\/wp\/v2\/media\/158458"}],"wp:attachment":[{"href":"https:\/\/canal7slp.tv\/2025\/wp-json\/wp\/v2\/media?parent=158440"}],"wp:term":[{"taxonomy":"category","embeddable":true,"href":"https:\/\/canal7slp.tv\/2025\/wp-json\/wp\/v2\/categories?post=158440"},{"taxonomy":"post_tag","embeddable":true,"href":"https:\/\/canal7slp.tv\/2025\/wp-json\/wp\/v2\/tags?post=158440"}],"curies":[{"name":"wp","href":"https:\/\/api.w.org\/{rel}","templated":true}]}}