{"id":158253,"date":"2025-02-15T12:18:54","date_gmt":"2025-02-15T18:18:54","guid":{"rendered":"https:\/\/canal7slp.tv\/2025\/?p=158253"},"modified":"2025-02-15T12:18:54","modified_gmt":"2025-02-15T18:18:54","slug":"feria-de-las-carreras-2025-llevara-a-cabo-la-uaslp-en-zona-media","status":"publish","type":"post","link":"https:\/\/canal7slp.tv\/2025\/feria-de-las-carreras-2025-llevara-a-cabo-la-uaslp-en-zona-media\/","title":{"rendered":"Feria de las Carreras 2025 llevar\u00e1 a cabo la UASLP en Zona Media"},"content":{"rendered":"<p style=\"text-align: justify;\">Rioverde.-\u00a0El director de la Unidad Acad\u00e9mica Multidisciplinaria de la Zona Media (UAMZM), H\u00e9ctor L\u00f3pez Gama, anunci\u00f3 que el pr\u00f3ximo 17 de febrero se llevar\u00e1 a cabo la Feria de las Carreras 2025, un evento dirigido a estudiantes de preparatoria interesados en continuar su formaci\u00f3n profesional.<\/p>\n<p style=\"text-align: justify;\">Inform\u00f3 que durante la feria, los asistentes podr\u00e1n conocer la oferta acad\u00e9mica de la instituci\u00f3n, que incluye licenciaturas como Enfermer\u00eda, Ingenier\u00eda en Mecatr\u00f3nica y Agroindustrias, entre otras. Adem\u00e1s, tendr\u00e1n la oportunidad de recorrer las instalaciones y recibir orientaci\u00f3n sobre su futuro universitario.<\/p>\n<p style=\"text-align: justify;\">Expres\u00f3 que, aunque el evento est\u00e1 dise\u00f1ado principalmente para alumnos que est\u00e1n por concluir el bachillerato, tambi\u00e9n se invita a padres de familia y a j\u00f3venes que ya cuentan con su certificado de preparatoria.<\/p>\n<p style=\"text-align: justify;\">Para culminar dijo que, como parte de estas actividades, la Universidad Aut\u00f3noma de San Luis Potos\u00ed, campus Rioverde, firmar\u00e1 un convenio de colaboraci\u00f3n con el Gobierno Municipal de Ciudad Fern\u00e1ndez, que tiene como meta el fortalecimiento y la vinculaci\u00f3n entre ambas instituciones, facilitando la colocaci\u00f3n de estudiantes en diversas \u00e1reas para la realizaci\u00f3n de su servicio social y otros proyectos conjuntos.<\/p>\n<p style=\"text-align: justify;\">Por: X\u00f3chitl Morales Castro.<\/p>\n","protected":false},"excerpt":{"rendered":"<p>Rioverde.-\u00a0El director de la Unidad Acad\u00e9mica Multidisciplinaria de la Zona Media (UAMZM), H\u00e9ctor L\u00f3pez Gama, anunci\u00f3 que el pr\u00f3ximo 17 de febrero se llevar\u00e1 a cabo la Feria de las Carreras 2025, un evento dirigido a estudiantes de preparatoria interesados en continuar su formaci\u00f3n profesional. Inform\u00f3 que durante la feria, los asistentes podr\u00e1n conocer la oferta acad\u00e9mica de la instituci\u00f3n, que incluye licenciaturas como Enfermer\u00eda, Ingenier\u00eda en Mecatr\u00f3nica y Agroindustrias, entre otras. Adem\u00e1s, tendr\u00e1n la oportunidad de recorrer las instalaciones y recibir orientaci\u00f3n sobre su futuro universitario. Expres\u00f3 que, aunque el evento est\u00e1 dise\u00f1ado principalmente para alumnos que est\u00e1n por [&hellip;]<\/p>\n","protected":false},"author":2,"featured_media":158254,"comment_status":"closed","ping_status":"closed","sticky":false,"template":"","format":"video","meta":{"_monsterinsights_skip_tracking":false,"_monsterinsights_sitenote_active":false,"_monsterinsights_sitenote_note":"","_monsterinsights_sitenote_category":0,"footnotes":""},"categories":[746,5,43],"tags":[],"class_list":["post-158253","post","type-post","status-publish","format-video","has-post-thumbnail","hentry","category-ayorio","category-destacadas","category-interior","post_format-post-format-video","post--single"],"yoast_head":"<!-- This site is optimized with the Yoast SEO plugin v27.5 - https:\/\/yoast.com\/product\/yoast-seo-wordpress\/ -->\n<title>Feria de las Carreras 2025 llevar\u00e1 a cabo la UASLP en Zona Media - Canal 7 SLP - 2025<\/title>\n<meta name=\"robots\" content=\"index, follow, max-snippet:-1, max-image-preview:large, max-video-preview:-1\" \/>\n<link rel=\"canonical\" href=\"https:\/\/canal7slp.tv\/2025\/feria-de-las-carreras-2025-llevara-a-cabo-la-uaslp-en-zona-media\/\" \/>\n<meta property=\"og:locale\" content=\"es_ES\" \/>\n<meta property=\"og:type\" content=\"article\" \/>\n<meta property=\"og:title\" content=\"Feria de las Carreras 2025 llevar\u00e1 a cabo la UASLP en Zona Media - Canal 7 SLP - 2025\" \/>\n<meta property=\"og:description\" content=\"Rioverde.-\u00a0El director de la Unidad Acad\u00e9mica Multidisciplinaria de la Zona Media (UAMZM), H\u00e9ctor L\u00f3pez Gama, anunci\u00f3 que el pr\u00f3ximo 17 de febrero se llevar\u00e1 a cabo la Feria de las Carreras 2025, un evento dirigido a estudiantes de preparatoria interesados en continuar su formaci\u00f3n profesional. Inform\u00f3 que durante la feria, los asistentes podr\u00e1n conocer la oferta acad\u00e9mica de la instituci\u00f3n, que incluye licenciaturas como Enfermer\u00eda, Ingenier\u00eda en Mecatr\u00f3nica y Agroindustrias, entre otras. Adem\u00e1s, tendr\u00e1n la oportunidad de recorrer las instalaciones y recibir orientaci\u00f3n sobre su futuro universitario. Expres\u00f3 que, aunque el evento est\u00e1 dise\u00f1ado principalmente para alumnos que est\u00e1n por [&hellip;]\" \/>\n<meta property=\"og:url\" content=\"https:\/\/canal7slp.tv\/2025\/feria-de-las-carreras-2025-llevara-a-cabo-la-uaslp-en-zona-media\/\" \/>\n<meta property=\"og:site_name\" content=\"Canal 7 SLP - 2025\" \/>\n<meta property=\"article:publisher\" content=\"https:\/\/www.facebook.com\/noticieroscanal7atencionciudadana\/\" \/>\n<meta property=\"article:published_time\" content=\"2025-02-15T18:18:54+00:00\" \/>\n<meta property=\"og:image\" content=\"https:\/\/canal7slp.tv\/2025\/wp-content\/uploads\/2025\/02\/Xochi02FeriaCarreras.jpg\" \/>\n\t<meta property=\"og:image:width\" content=\"1920\" \/>\n\t<meta property=\"og:image:height\" content=\"1080\" \/>\n\t<meta property=\"og:image:type\" content=\"image\/jpeg\" \/>\n<meta name=\"author\" content=\"Edici\u00f3n Web\" \/>\n<meta name=\"twitter:card\" content=\"summary_large_image\" \/>\n<meta name=\"twitter:creator\" content=\"@NOTICIEROS7\" \/>\n<meta name=\"twitter:site\" content=\"@NOTICIEROS7\" \/>\n<meta name=\"twitter:label1\" content=\"Escrito por\" \/>\n\t<meta name=\"twitter:data1\" content=\"Edici\u00f3n Web\" \/>\n\t<meta name=\"twitter:label2\" content=\"Tiempo de lectura\" \/>\n\t<meta name=\"twitter:data2\" content=\"2 minutos\" \/>\n<script type=\"application\/ld+json\" class=\"yoast-schema-graph\">{\"@context\":\"https:\\\/\\\/schema.org\",\"@graph\":[{\"@type\":\"Article\",\"@id\":\"https:\\\/\\\/canal7slp.tv\\\/2025\\\/feria-de-las-carreras-2025-llevara-a-cabo-la-uaslp-en-zona-media\\\/#article\",\"isPartOf\":{\"@id\":\"https:\\\/\\\/canal7slp.tv\\\/2025\\\/feria-de-las-carreras-2025-llevara-a-cabo-la-uaslp-en-zona-media\\\/\"},\"author\":{\"name\":\"Edici\u00f3n Web\",\"@id\":\"https:\\\/\\\/canal7slp.tv\\\/2025\\\/#\\\/schema\\\/person\\\/271e2b60a96e7cc9d9ac296f4d7e414b\"},\"headline\":\"Feria de las Carreras 2025 llevar\u00e1 a cabo la UASLP en Zona Media\",\"datePublished\":\"2025-02-15T18:18:54+00:00\",\"mainEntityOfPage\":{\"@id\":\"https:\\\/\\\/canal7slp.tv\\\/2025\\\/feria-de-las-carreras-2025-llevara-a-cabo-la-uaslp-en-zona-media\\\/\"},\"wordCount\":223,\"publisher\":{\"@id\":\"https:\\\/\\\/canal7slp.tv\\\/2025\\\/#organization\"},\"image\":{\"@id\":\"https:\\\/\\\/canal7slp.tv\\\/2025\\\/feria-de-las-carreras-2025-llevara-a-cabo-la-uaslp-en-zona-media\\\/#primaryimage\"},\"thumbnailUrl\":\"https:\\\/\\\/canal7slp.tv\\\/2025\\\/wp-content\\\/uploads\\\/2025\\\/02\\\/Xochi02FeriaCarreras.jpg\",\"articleSection\":[\"AYORIO\",\"DESTACADAS\",\"INTERIOR DEL ESTADO\"],\"inLanguage\":\"es\"},{\"@type\":\"WebPage\",\"@id\":\"https:\\\/\\\/canal7slp.tv\\\/2025\\\/feria-de-las-carreras-2025-llevara-a-cabo-la-uaslp-en-zona-media\\\/\",\"url\":\"https:\\\/\\\/canal7slp.tv\\\/2025\\\/feria-de-las-carreras-2025-llevara-a-cabo-la-uaslp-en-zona-media\\\/\",\"name\":\"Feria de las Carreras 2025 llevar\u00e1 a cabo la UASLP en Zona Media - Canal 7 SLP - 2025\",\"isPartOf\":{\"@id\":\"https:\\\/\\\/canal7slp.tv\\\/2025\\\/#website\"},\"primaryImageOfPage\":{\"@id\":\"https:\\\/\\\/canal7slp.tv\\\/2025\\\/feria-de-las-carreras-2025-llevara-a-cabo-la-uaslp-en-zona-media\\\/#primaryimage\"},\"image\":{\"@id\":\"https:\\\/\\\/canal7slp.tv\\\/2025\\\/feria-de-las-carreras-2025-llevara-a-cabo-la-uaslp-en-zona-media\\\/#primaryimage\"},\"thumbnailUrl\":\"https:\\\/\\\/canal7slp.tv\\\/2025\\\/wp-content\\\/uploads\\\/2025\\\/02\\\/Xochi02FeriaCarreras.jpg\",\"datePublished\":\"2025-02-15T18:18:54+00:00\",\"breadcrumb\":{\"@id\":\"https:\\\/\\\/canal7slp.tv\\\/2025\\\/feria-de-las-carreras-2025-llevara-a-cabo-la-uaslp-en-zona-media\\\/#breadcrumb\"},\"inLanguage\":\"es\",\"potentialAction\":[{\"@type\":\"ReadAction\",\"target\":[\"https:\\\/\\\/canal7slp.tv\\\/2025\\\/feria-de-las-carreras-2025-llevara-a-cabo-la-uaslp-en-zona-media\\\/\"]}]},{\"@type\":\"ImageObject\",\"inLanguage\":\"es\",\"@id\":\"https:\\\/\\\/canal7slp.tv\\\/2025\\\/feria-de-las-carreras-2025-llevara-a-cabo-la-uaslp-en-zona-media\\\/#primaryimage\",\"url\":\"https:\\\/\\\/canal7slp.tv\\\/2025\\\/wp-content\\\/uploads\\\/2025\\\/02\\\/Xochi02FeriaCarreras.jpg\",\"contentUrl\":\"https:\\\/\\\/canal7slp.tv\\\/2025\\\/wp-content\\\/uploads\\\/2025\\\/02\\\/Xochi02FeriaCarreras.jpg\",\"width\":1920,\"height\":1080},{\"@type\":\"BreadcrumbList\",\"@id\":\"https:\\\/\\\/canal7slp.tv\\\/2025\\\/feria-de-las-carreras-2025-llevara-a-cabo-la-uaslp-en-zona-media\\\/#breadcrumb\",\"itemListElement\":[{\"@type\":\"ListItem\",\"position\":1,\"name\":\"Portada\",\"item\":\"https:\\\/\\\/canal7slp.tv\\\/2025\\\/\"},{\"@type\":\"ListItem\",\"position\":2,\"name\":\"Feria de las Carreras 2025 llevar\u00e1 a cabo la UASLP en Zona Media\"}]},{\"@type\":\"WebSite\",\"@id\":\"https:\\\/\\\/canal7slp.tv\\\/2025\\\/#website\",\"url\":\"https:\\\/\\\/canal7slp.tv\\\/2025\\\/\",\"name\":\"N7 - Noticieros Canal 7\",\"description\":\"Somos el Medio\",\"publisher\":{\"@id\":\"https:\\\/\\\/canal7slp.tv\\\/2025\\\/#organization\"},\"potentialAction\":[{\"@type\":\"SearchAction\",\"target\":{\"@type\":\"EntryPoint\",\"urlTemplate\":\"https:\\\/\\\/canal7slp.tv\\\/2025\\\/?s={search_term_string}\"},\"query-input\":{\"@type\":\"PropertyValueSpecification\",\"valueRequired\":true,\"valueName\":\"search_term_string\"}}],\"inLanguage\":\"es\"},{\"@type\":\"Organization\",\"@id\":\"https:\\\/\\\/canal7slp.tv\\\/2025\\\/#organization\",\"name\":\"Noticieros Canal 7\",\"url\":\"https:\\\/\\\/canal7slp.tv\\\/2025\\\/\",\"logo\":{\"@type\":\"ImageObject\",\"inLanguage\":\"es\",\"@id\":\"https:\\\/\\\/canal7slp.tv\\\/2025\\\/#\\\/schema\\\/logo\\\/image\\\/\",\"url\":\"https:\\\/\\\/canal7slp.tv\\\/2025\\\/wp-content\\\/uploads\\\/2021\\\/01\\\/logo-noticieros@2x.png\",\"contentUrl\":\"https:\\\/\\\/canal7slp.tv\\\/2025\\\/wp-content\\\/uploads\\\/2021\\\/01\\\/logo-noticieros@2x.png\",\"width\":1017,\"height\":268,\"caption\":\"Noticieros Canal 7\"},\"image\":{\"@id\":\"https:\\\/\\\/canal7slp.tv\\\/2025\\\/#\\\/schema\\\/logo\\\/image\\\/\"},\"sameAs\":[\"https:\\\/\\\/www.facebook.com\\\/noticieroscanal7atencionciudadana\\\/\",\"https:\\\/\\\/x.com\\\/NOTICIEROS7\",\"https:\\\/\\\/www.instagram.com\\\/canal7_slp\",\"https:\\\/\\\/www.youtube.com\\\/channel\\\/UCliiYs-gP3JfJeqdPrNdd5A\"]},{\"@type\":\"Person\",\"@id\":\"https:\\\/\\\/canal7slp.tv\\\/2025\\\/#\\\/schema\\\/person\\\/271e2b60a96e7cc9d9ac296f4d7e414b\",\"name\":\"Edici\u00f3n Web\",\"image\":{\"@type\":\"ImageObject\",\"inLanguage\":\"es\",\"@id\":\"https:\\\/\\\/secure.gravatar.com\\\/avatar\\\/eee448fc3f7164808013b816ba91ac7e43bbe82a70bebac296f8bc6f0addaa1a?s=96&d=mm&r=g\",\"url\":\"https:\\\/\\\/secure.gravatar.com\\\/avatar\\\/eee448fc3f7164808013b816ba91ac7e43bbe82a70bebac296f8bc6f0addaa1a?s=96&d=mm&r=g\",\"contentUrl\":\"https:\\\/\\\/secure.gravatar.com\\\/avatar\\\/eee448fc3f7164808013b816ba91ac7e43bbe82a70bebac296f8bc6f0addaa1a?s=96&d=mm&r=g\",\"caption\":\"Edici\u00f3n Web\"},\"url\":\"https:\\\/\\\/canal7slp.tv\\\/2025\\\/author\\\/edicionweb\\\/\"}]}<\/script>\n<!-- \/ Yoast SEO plugin. -->","yoast_head_json":{"title":"Feria de las Carreras 2025 llevar\u00e1 a cabo la UASLP en Zona Media - Canal 7 SLP - 2025","robots":{"index":"index","follow":"follow","max-snippet":"max-snippet:-1","max-image-preview":"max-image-preview:large","max-video-preview":"max-video-preview:-1"},"canonical":"https:\/\/canal7slp.tv\/2025\/feria-de-las-carreras-2025-llevara-a-cabo-la-uaslp-en-zona-media\/","og_locale":"es_ES","og_type":"article","og_title":"Feria de las Carreras 2025 llevar\u00e1 a cabo la UASLP en Zona Media - Canal 7 SLP - 2025","og_description":"Rioverde.-\u00a0El director de la Unidad Acad\u00e9mica Multidisciplinaria de la Zona Media (UAMZM), H\u00e9ctor L\u00f3pez Gama, anunci\u00f3 que el pr\u00f3ximo 17 de febrero se llevar\u00e1 a cabo la Feria de las Carreras 2025, un evento dirigido a estudiantes de preparatoria interesados en continuar su formaci\u00f3n profesional. Inform\u00f3 que durante la feria, los asistentes podr\u00e1n conocer la oferta acad\u00e9mica de la instituci\u00f3n, que incluye licenciaturas como Enfermer\u00eda, Ingenier\u00eda en Mecatr\u00f3nica y Agroindustrias, entre otras. Adem\u00e1s, tendr\u00e1n la oportunidad de recorrer las instalaciones y recibir orientaci\u00f3n sobre su futuro universitario. Expres\u00f3 que, aunque el evento est\u00e1 dise\u00f1ado principalmente para alumnos que est\u00e1n por [&hellip;]","og_url":"https:\/\/canal7slp.tv\/2025\/feria-de-las-carreras-2025-llevara-a-cabo-la-uaslp-en-zona-media\/","og_site_name":"Canal 7 SLP - 2025","article_publisher":"https:\/\/www.facebook.com\/noticieroscanal7atencionciudadana\/","article_published_time":"2025-02-15T18:18:54+00:00","og_image":[{"width":1920,"height":1080,"url":"https:\/\/canal7slp.tv\/2025\/wp-content\/uploads\/2025\/02\/Xochi02FeriaCarreras.jpg","type":"image\/jpeg"}],"author":"Edici\u00f3n Web","twitter_card":"summary_large_image","twitter_creator":"@NOTICIEROS7","twitter_site":"@NOTICIEROS7","twitter_misc":{"Escrito por":"Edici\u00f3n Web","Tiempo de lectura":"2 minutos"},"schema":{"@context":"https:\/\/schema.org","@graph":[{"@type":"Article","@id":"https:\/\/canal7slp.tv\/2025\/feria-de-las-carreras-2025-llevara-a-cabo-la-uaslp-en-zona-media\/#article","isPartOf":{"@id":"https:\/\/canal7slp.tv\/2025\/feria-de-las-carreras-2025-llevara-a-cabo-la-uaslp-en-zona-media\/"},"author":{"name":"Edici\u00f3n Web","@id":"https:\/\/canal7slp.tv\/2025\/#\/schema\/person\/271e2b60a96e7cc9d9ac296f4d7e414b"},"headline":"Feria de las Carreras 2025 llevar\u00e1 a cabo la UASLP en Zona Media","datePublished":"2025-02-15T18:18:54+00:00","mainEntityOfPage":{"@id":"https:\/\/canal7slp.tv\/2025\/feria-de-las-carreras-2025-llevara-a-cabo-la-uaslp-en-zona-media\/"},"wordCount":223,"publisher":{"@id":"https:\/\/canal7slp.tv\/2025\/#organization"},"image":{"@id":"https:\/\/canal7slp.tv\/2025\/feria-de-las-carreras-2025-llevara-a-cabo-la-uaslp-en-zona-media\/#primaryimage"},"thumbnailUrl":"https:\/\/canal7slp.tv\/2025\/wp-content\/uploads\/2025\/02\/Xochi02FeriaCarreras.jpg","articleSection":["AYORIO","DESTACADAS","INTERIOR DEL ESTADO"],"inLanguage":"es"},{"@type":"WebPage","@id":"https:\/\/canal7slp.tv\/2025\/feria-de-las-carreras-2025-llevara-a-cabo-la-uaslp-en-zona-media\/","url":"https:\/\/canal7slp.tv\/2025\/feria-de-las-carreras-2025-llevara-a-cabo-la-uaslp-en-zona-media\/","name":"Feria de las Carreras 2025 llevar\u00e1 a cabo la UASLP en Zona Media - Canal 7 SLP - 2025","isPartOf":{"@id":"https:\/\/canal7slp.tv\/2025\/#website"},"primaryImageOfPage":{"@id":"https:\/\/canal7slp.tv\/2025\/feria-de-las-carreras-2025-llevara-a-cabo-la-uaslp-en-zona-media\/#primaryimage"},"image":{"@id":"https:\/\/canal7slp.tv\/2025\/feria-de-las-carreras-2025-llevara-a-cabo-la-uaslp-en-zona-media\/#primaryimage"},"thumbnailUrl":"https:\/\/canal7slp.tv\/2025\/wp-content\/uploads\/2025\/02\/Xochi02FeriaCarreras.jpg","datePublished":"2025-02-15T18:18:54+00:00","breadcrumb":{"@id":"https:\/\/canal7slp.tv\/2025\/feria-de-las-carreras-2025-llevara-a-cabo-la-uaslp-en-zona-media\/#breadcrumb"},"inLanguage":"es","potentialAction":[{"@type":"ReadAction","target":["https:\/\/canal7slp.tv\/2025\/feria-de-las-carreras-2025-llevara-a-cabo-la-uaslp-en-zona-media\/"]}]},{"@type":"ImageObject","inLanguage":"es","@id":"https:\/\/canal7slp.tv\/2025\/feria-de-las-carreras-2025-llevara-a-cabo-la-uaslp-en-zona-media\/#primaryimage","url":"https:\/\/canal7slp.tv\/2025\/wp-content\/uploads\/2025\/02\/Xochi02FeriaCarreras.jpg","contentUrl":"https:\/\/canal7slp.tv\/2025\/wp-content\/uploads\/2025\/02\/Xochi02FeriaCarreras.jpg","width":1920,"height":1080},{"@type":"BreadcrumbList","@id":"https:\/\/canal7slp.tv\/2025\/feria-de-las-carreras-2025-llevara-a-cabo-la-uaslp-en-zona-media\/#breadcrumb","itemListElement":[{"@type":"ListItem","position":1,"name":"Portada","item":"https:\/\/canal7slp.tv\/2025\/"},{"@type":"ListItem","position":2,"name":"Feria de las Carreras 2025 llevar\u00e1 a cabo la UASLP en Zona Media"}]},{"@type":"WebSite","@id":"https:\/\/canal7slp.tv\/2025\/#website","url":"https:\/\/canal7slp.tv\/2025\/","name":"N7 - Noticieros Canal 7","description":"Somos el Medio","publisher":{"@id":"https:\/\/canal7slp.tv\/2025\/#organization"},"potentialAction":[{"@type":"SearchAction","target":{"@type":"EntryPoint","urlTemplate":"https:\/\/canal7slp.tv\/2025\/?s={search_term_string}"},"query-input":{"@type":"PropertyValueSpecification","valueRequired":true,"valueName":"search_term_string"}}],"inLanguage":"es"},{"@type":"Organization","@id":"https:\/\/canal7slp.tv\/2025\/#organization","name":"Noticieros Canal 7","url":"https:\/\/canal7slp.tv\/2025\/","logo":{"@type":"ImageObject","inLanguage":"es","@id":"https:\/\/canal7slp.tv\/2025\/#\/schema\/logo\/image\/","url":"https:\/\/canal7slp.tv\/2025\/wp-content\/uploads\/2021\/01\/logo-noticieros@2x.png","contentUrl":"https:\/\/canal7slp.tv\/2025\/wp-content\/uploads\/2021\/01\/logo-noticieros@2x.png","width":1017,"height":268,"caption":"Noticieros Canal 7"},"image":{"@id":"https:\/\/canal7slp.tv\/2025\/#\/schema\/logo\/image\/"},"sameAs":["https:\/\/www.facebook.com\/noticieroscanal7atencionciudadana\/","https:\/\/x.com\/NOTICIEROS7","https:\/\/www.instagram.com\/canal7_slp","https:\/\/www.youtube.com\/channel\/UCliiYs-gP3JfJeqdPrNdd5A"]},{"@type":"Person","@id":"https:\/\/canal7slp.tv\/2025\/#\/schema\/person\/271e2b60a96e7cc9d9ac296f4d7e414b","name":"Edici\u00f3n Web","image":{"@type":"ImageObject","inLanguage":"es","@id":"https:\/\/secure.gravatar.com\/avatar\/eee448fc3f7164808013b816ba91ac7e43bbe82a70bebac296f8bc6f0addaa1a?s=96&d=mm&r=g","url":"https:\/\/secure.gravatar.com\/avatar\/eee448fc3f7164808013b816ba91ac7e43bbe82a70bebac296f8bc6f0addaa1a?s=96&d=mm&r=g","contentUrl":"https:\/\/secure.gravatar.com\/avatar\/eee448fc3f7164808013b816ba91ac7e43bbe82a70bebac296f8bc6f0addaa1a?s=96&d=mm&r=g","caption":"Edici\u00f3n Web"},"url":"https:\/\/canal7slp.tv\/2025\/author\/edicionweb\/"}]}},"_links":{"self":[{"href":"https:\/\/canal7slp.tv\/2025\/wp-json\/wp\/v2\/posts\/158253","targetHints":{"allow":["GET"]}}],"collection":[{"href":"https:\/\/canal7slp.tv\/2025\/wp-json\/wp\/v2\/posts"}],"about":[{"href":"https:\/\/canal7slp.tv\/2025\/wp-json\/wp\/v2\/types\/post"}],"author":[{"embeddable":true,"href":"https:\/\/canal7slp.tv\/2025\/wp-json\/wp\/v2\/users\/2"}],"replies":[{"embeddable":true,"href":"https:\/\/canal7slp.tv\/2025\/wp-json\/wp\/v2\/comments?post=158253"}],"version-history":[{"count":1,"href":"https:\/\/canal7slp.tv\/2025\/wp-json\/wp\/v2\/posts\/158253\/revisions"}],"predecessor-version":[{"id":158255,"href":"https:\/\/canal7slp.tv\/2025\/wp-json\/wp\/v2\/posts\/158253\/revisions\/158255"}],"wp:featuredmedia":[{"embeddable":true,"href":"https:\/\/canal7slp.tv\/2025\/wp-json\/wp\/v2\/media\/158254"}],"wp:attachment":[{"href":"https:\/\/canal7slp.tv\/2025\/wp-json\/wp\/v2\/media?parent=158253"}],"wp:term":[{"taxonomy":"category","embeddable":true,"href":"https:\/\/canal7slp.tv\/2025\/wp-json\/wp\/v2\/categories?post=158253"},{"taxonomy":"post_tag","embeddable":true,"href":"https:\/\/canal7slp.tv\/2025\/wp-json\/wp\/v2\/tags?post=158253"}],"curies":[{"name":"wp","href":"https:\/\/api.w.org\/{rel}","templated":true}]}}