{"id":158214,"date":"2025-02-15T11:56:23","date_gmt":"2025-02-15T17:56:23","guid":{"rendered":"https:\/\/canal7slp.tv\/2025\/?p=158214"},"modified":"2025-02-15T11:56:23","modified_gmt":"2025-02-15T17:56:23","slug":"sep-lanza-nueva-convocatoria-para-bachillerato-tras-desaparicion-del-comipems","status":"publish","type":"post","link":"https:\/\/canal7slp.tv\/2025\/sep-lanza-nueva-convocatoria-para-bachillerato-tras-desaparicion-del-comipems\/","title":{"rendered":"SEP lanza nueva convocatoria para bachillerato tras desaparici\u00f3n del Comipems"},"content":{"rendered":"<p style=\"text-align: justify;\">M\u00e9xico.- La Secretar\u00eda de Educaci\u00f3n P\u00fablica (SEP) anunci\u00f3 la convocatoria para el ingreso a nivel medio superior en la Zona Metropolitana del Valle de M\u00e9xico, tras la desaparici\u00f3n del Comipems. En un comunicado, la dependencia detall\u00f3 el nuevo proceso de inscripci\u00f3n para el bachillerato.<\/p>\n<p style=\"text-align: justify;\">Los estudiantes interesados podr\u00e1n registrarse del 18 de marzo al 15 de abril a trav\u00e9s del portal \u00abMi Derecho, Mi Lugar\u00bb, donde tendr\u00e1n la opci\u00f3n de crear hasta dos listas de preferencias educativas. La asignaci\u00f3n de espacios en las instituciones de bachillerato se realizar\u00e1 con base en las elecciones de los aspirantes y la disponibilidad de cupo en cada plantel.<\/p>\n","protected":false},"excerpt":{"rendered":"<p>M\u00e9xico.- La Secretar\u00eda de Educaci\u00f3n P\u00fablica (SEP) anunci\u00f3 la convocatoria para el ingreso a nivel medio superior en la Zona Metropolitana del Valle de M\u00e9xico, tras la desaparici\u00f3n del Comipems. En un comunicado, la dependencia detall\u00f3 el nuevo proceso de inscripci\u00f3n para el bachillerato. Los estudiantes interesados podr\u00e1n registrarse del 18 de marzo al 15 de abril a trav\u00e9s del portal \u00abMi Derecho, Mi Lugar\u00bb, donde tendr\u00e1n la opci\u00f3n de crear hasta dos listas de preferencias educativas. La asignaci\u00f3n de espacios en las instituciones de bachillerato se realizar\u00e1 con base en las elecciones de los aspirantes y la disponibilidad de [&hellip;]<\/p>\n","protected":false},"author":2,"featured_media":158233,"comment_status":"closed","ping_status":"closed","sticky":false,"template":"","format":"standard","meta":{"_monsterinsights_skip_tracking":false,"_monsterinsights_sitenote_active":false,"_monsterinsights_sitenote_note":"","_monsterinsights_sitenote_category":0,"footnotes":""},"categories":[46],"tags":[],"class_list":["post-158214","post","type-post","status-publish","format-standard","has-post-thumbnail","hentry","category-nacional","post--single"],"yoast_head":"<!-- This site is optimized with the Yoast SEO plugin v27.5 - https:\/\/yoast.com\/product\/yoast-seo-wordpress\/ -->\n<title>SEP lanza nueva convocatoria para bachillerato tras desaparici\u00f3n del Comipems - Canal 7 SLP - 2025<\/title>\n<meta name=\"robots\" content=\"index, follow, max-snippet:-1, max-image-preview:large, max-video-preview:-1\" \/>\n<link rel=\"canonical\" href=\"https:\/\/canal7slp.tv\/2025\/sep-lanza-nueva-convocatoria-para-bachillerato-tras-desaparicion-del-comipems\/\" \/>\n<meta property=\"og:locale\" content=\"es_ES\" \/>\n<meta property=\"og:type\" content=\"article\" \/>\n<meta property=\"og:title\" content=\"SEP lanza nueva convocatoria para bachillerato tras desaparici\u00f3n del Comipems - Canal 7 SLP - 2025\" \/>\n<meta property=\"og:description\" content=\"M\u00e9xico.- La Secretar\u00eda de Educaci\u00f3n P\u00fablica (SEP) anunci\u00f3 la convocatoria para el ingreso a nivel medio superior en la Zona Metropolitana del Valle de M\u00e9xico, tras la desaparici\u00f3n del Comipems. En un comunicado, la dependencia detall\u00f3 el nuevo proceso de inscripci\u00f3n para el bachillerato. Los estudiantes interesados podr\u00e1n registrarse del 18 de marzo al 15 de abril a trav\u00e9s del portal \u00abMi Derecho, Mi Lugar\u00bb, donde tendr\u00e1n la opci\u00f3n de crear hasta dos listas de preferencias educativas. La asignaci\u00f3n de espacios en las instituciones de bachillerato se realizar\u00e1 con base en las elecciones de los aspirantes y la disponibilidad de [&hellip;]\" \/>\n<meta property=\"og:url\" content=\"https:\/\/canal7slp.tv\/2025\/sep-lanza-nueva-convocatoria-para-bachillerato-tras-desaparicion-del-comipems\/\" \/>\n<meta property=\"og:site_name\" content=\"Canal 7 SLP - 2025\" \/>\n<meta property=\"article:publisher\" content=\"https:\/\/www.facebook.com\/noticieroscanal7atencionciudadana\/\" \/>\n<meta property=\"article:published_time\" content=\"2025-02-15T17:56:23+00:00\" \/>\n<meta property=\"og:image\" content=\"https:\/\/canal7slp.tv\/2025\/wp-content\/uploads\/2025\/02\/10-12.jpg\" \/>\n\t<meta property=\"og:image:width\" content=\"888\" \/>\n\t<meta property=\"og:image:height\" content=\"500\" \/>\n\t<meta property=\"og:image:type\" content=\"image\/jpeg\" \/>\n<meta name=\"author\" content=\"Edici\u00f3n Web\" \/>\n<meta name=\"twitter:card\" content=\"summary_large_image\" \/>\n<meta name=\"twitter:creator\" content=\"@NOTICIEROS7\" \/>\n<meta name=\"twitter:site\" content=\"@NOTICIEROS7\" \/>\n<meta name=\"twitter:label1\" content=\"Escrito por\" \/>\n\t<meta name=\"twitter:data1\" content=\"Edici\u00f3n Web\" \/>\n\t<meta name=\"twitter:label2\" content=\"Tiempo de lectura\" \/>\n\t<meta name=\"twitter:data2\" content=\"1 minuto\" \/>\n<script type=\"application\/ld+json\" class=\"yoast-schema-graph\">{\"@context\":\"https:\\\/\\\/schema.org\",\"@graph\":[{\"@type\":\"Article\",\"@id\":\"https:\\\/\\\/canal7slp.tv\\\/2025\\\/sep-lanza-nueva-convocatoria-para-bachillerato-tras-desaparicion-del-comipems\\\/#article\",\"isPartOf\":{\"@id\":\"https:\\\/\\\/canal7slp.tv\\\/2025\\\/sep-lanza-nueva-convocatoria-para-bachillerato-tras-desaparicion-del-comipems\\\/\"},\"author\":{\"name\":\"Edici\u00f3n Web\",\"@id\":\"https:\\\/\\\/canal7slp.tv\\\/2025\\\/#\\\/schema\\\/person\\\/271e2b60a96e7cc9d9ac296f4d7e414b\"},\"headline\":\"SEP lanza nueva convocatoria para bachillerato tras desaparici\u00f3n del Comipems\",\"datePublished\":\"2025-02-15T17:56:23+00:00\",\"mainEntityOfPage\":{\"@id\":\"https:\\\/\\\/canal7slp.tv\\\/2025\\\/sep-lanza-nueva-convocatoria-para-bachillerato-tras-desaparicion-del-comipems\\\/\"},\"wordCount\":126,\"publisher\":{\"@id\":\"https:\\\/\\\/canal7slp.tv\\\/2025\\\/#organization\"},\"image\":{\"@id\":\"https:\\\/\\\/canal7slp.tv\\\/2025\\\/sep-lanza-nueva-convocatoria-para-bachillerato-tras-desaparicion-del-comipems\\\/#primaryimage\"},\"thumbnailUrl\":\"https:\\\/\\\/canal7slp.tv\\\/2025\\\/wp-content\\\/uploads\\\/2025\\\/02\\\/10-12.jpg\",\"articleSection\":[\"NACIONALES\"],\"inLanguage\":\"es\"},{\"@type\":\"WebPage\",\"@id\":\"https:\\\/\\\/canal7slp.tv\\\/2025\\\/sep-lanza-nueva-convocatoria-para-bachillerato-tras-desaparicion-del-comipems\\\/\",\"url\":\"https:\\\/\\\/canal7slp.tv\\\/2025\\\/sep-lanza-nueva-convocatoria-para-bachillerato-tras-desaparicion-del-comipems\\\/\",\"name\":\"SEP lanza nueva convocatoria para bachillerato tras desaparici\u00f3n del Comipems - Canal 7 SLP - 2025\",\"isPartOf\":{\"@id\":\"https:\\\/\\\/canal7slp.tv\\\/2025\\\/#website\"},\"primaryImageOfPage\":{\"@id\":\"https:\\\/\\\/canal7slp.tv\\\/2025\\\/sep-lanza-nueva-convocatoria-para-bachillerato-tras-desaparicion-del-comipems\\\/#primaryimage\"},\"image\":{\"@id\":\"https:\\\/\\\/canal7slp.tv\\\/2025\\\/sep-lanza-nueva-convocatoria-para-bachillerato-tras-desaparicion-del-comipems\\\/#primaryimage\"},\"thumbnailUrl\":\"https:\\\/\\\/canal7slp.tv\\\/2025\\\/wp-content\\\/uploads\\\/2025\\\/02\\\/10-12.jpg\",\"datePublished\":\"2025-02-15T17:56:23+00:00\",\"breadcrumb\":{\"@id\":\"https:\\\/\\\/canal7slp.tv\\\/2025\\\/sep-lanza-nueva-convocatoria-para-bachillerato-tras-desaparicion-del-comipems\\\/#breadcrumb\"},\"inLanguage\":\"es\",\"potentialAction\":[{\"@type\":\"ReadAction\",\"target\":[\"https:\\\/\\\/canal7slp.tv\\\/2025\\\/sep-lanza-nueva-convocatoria-para-bachillerato-tras-desaparicion-del-comipems\\\/\"]}]},{\"@type\":\"ImageObject\",\"inLanguage\":\"es\",\"@id\":\"https:\\\/\\\/canal7slp.tv\\\/2025\\\/sep-lanza-nueva-convocatoria-para-bachillerato-tras-desaparicion-del-comipems\\\/#primaryimage\",\"url\":\"https:\\\/\\\/canal7slp.tv\\\/2025\\\/wp-content\\\/uploads\\\/2025\\\/02\\\/10-12.jpg\",\"contentUrl\":\"https:\\\/\\\/canal7slp.tv\\\/2025\\\/wp-content\\\/uploads\\\/2025\\\/02\\\/10-12.jpg\",\"width\":888,\"height\":500},{\"@type\":\"BreadcrumbList\",\"@id\":\"https:\\\/\\\/canal7slp.tv\\\/2025\\\/sep-lanza-nueva-convocatoria-para-bachillerato-tras-desaparicion-del-comipems\\\/#breadcrumb\",\"itemListElement\":[{\"@type\":\"ListItem\",\"position\":1,\"name\":\"Portada\",\"item\":\"https:\\\/\\\/canal7slp.tv\\\/2025\\\/\"},{\"@type\":\"ListItem\",\"position\":2,\"name\":\"SEP lanza nueva convocatoria para bachillerato tras desaparici\u00f3n del Comipems\"}]},{\"@type\":\"WebSite\",\"@id\":\"https:\\\/\\\/canal7slp.tv\\\/2025\\\/#website\",\"url\":\"https:\\\/\\\/canal7slp.tv\\\/2025\\\/\",\"name\":\"N7 - Noticieros Canal 7\",\"description\":\"Somos el Medio\",\"publisher\":{\"@id\":\"https:\\\/\\\/canal7slp.tv\\\/2025\\\/#organization\"},\"potentialAction\":[{\"@type\":\"SearchAction\",\"target\":{\"@type\":\"EntryPoint\",\"urlTemplate\":\"https:\\\/\\\/canal7slp.tv\\\/2025\\\/?s={search_term_string}\"},\"query-input\":{\"@type\":\"PropertyValueSpecification\",\"valueRequired\":true,\"valueName\":\"search_term_string\"}}],\"inLanguage\":\"es\"},{\"@type\":\"Organization\",\"@id\":\"https:\\\/\\\/canal7slp.tv\\\/2025\\\/#organization\",\"name\":\"Noticieros Canal 7\",\"url\":\"https:\\\/\\\/canal7slp.tv\\\/2025\\\/\",\"logo\":{\"@type\":\"ImageObject\",\"inLanguage\":\"es\",\"@id\":\"https:\\\/\\\/canal7slp.tv\\\/2025\\\/#\\\/schema\\\/logo\\\/image\\\/\",\"url\":\"https:\\\/\\\/canal7slp.tv\\\/2025\\\/wp-content\\\/uploads\\\/2021\\\/01\\\/logo-noticieros@2x.png\",\"contentUrl\":\"https:\\\/\\\/canal7slp.tv\\\/2025\\\/wp-content\\\/uploads\\\/2021\\\/01\\\/logo-noticieros@2x.png\",\"width\":1017,\"height\":268,\"caption\":\"Noticieros Canal 7\"},\"image\":{\"@id\":\"https:\\\/\\\/canal7slp.tv\\\/2025\\\/#\\\/schema\\\/logo\\\/image\\\/\"},\"sameAs\":[\"https:\\\/\\\/www.facebook.com\\\/noticieroscanal7atencionciudadana\\\/\",\"https:\\\/\\\/x.com\\\/NOTICIEROS7\",\"https:\\\/\\\/www.instagram.com\\\/canal7_slp\",\"https:\\\/\\\/www.youtube.com\\\/channel\\\/UCliiYs-gP3JfJeqdPrNdd5A\"]},{\"@type\":\"Person\",\"@id\":\"https:\\\/\\\/canal7slp.tv\\\/2025\\\/#\\\/schema\\\/person\\\/271e2b60a96e7cc9d9ac296f4d7e414b\",\"name\":\"Edici\u00f3n Web\",\"image\":{\"@type\":\"ImageObject\",\"inLanguage\":\"es\",\"@id\":\"https:\\\/\\\/secure.gravatar.com\\\/avatar\\\/eee448fc3f7164808013b816ba91ac7e43bbe82a70bebac296f8bc6f0addaa1a?s=96&d=mm&r=g\",\"url\":\"https:\\\/\\\/secure.gravatar.com\\\/avatar\\\/eee448fc3f7164808013b816ba91ac7e43bbe82a70bebac296f8bc6f0addaa1a?s=96&d=mm&r=g\",\"contentUrl\":\"https:\\\/\\\/secure.gravatar.com\\\/avatar\\\/eee448fc3f7164808013b816ba91ac7e43bbe82a70bebac296f8bc6f0addaa1a?s=96&d=mm&r=g\",\"caption\":\"Edici\u00f3n Web\"},\"url\":\"https:\\\/\\\/canal7slp.tv\\\/2025\\\/author\\\/edicionweb\\\/\"}]}<\/script>\n<!-- \/ Yoast SEO plugin. -->","yoast_head_json":{"title":"SEP lanza nueva convocatoria para bachillerato tras desaparici\u00f3n del Comipems - Canal 7 SLP - 2025","robots":{"index":"index","follow":"follow","max-snippet":"max-snippet:-1","max-image-preview":"max-image-preview:large","max-video-preview":"max-video-preview:-1"},"canonical":"https:\/\/canal7slp.tv\/2025\/sep-lanza-nueva-convocatoria-para-bachillerato-tras-desaparicion-del-comipems\/","og_locale":"es_ES","og_type":"article","og_title":"SEP lanza nueva convocatoria para bachillerato tras desaparici\u00f3n del Comipems - Canal 7 SLP - 2025","og_description":"M\u00e9xico.- La Secretar\u00eda de Educaci\u00f3n P\u00fablica (SEP) anunci\u00f3 la convocatoria para el ingreso a nivel medio superior en la Zona Metropolitana del Valle de M\u00e9xico, tras la desaparici\u00f3n del Comipems. En un comunicado, la dependencia detall\u00f3 el nuevo proceso de inscripci\u00f3n para el bachillerato. Los estudiantes interesados podr\u00e1n registrarse del 18 de marzo al 15 de abril a trav\u00e9s del portal \u00abMi Derecho, Mi Lugar\u00bb, donde tendr\u00e1n la opci\u00f3n de crear hasta dos listas de preferencias educativas. La asignaci\u00f3n de espacios en las instituciones de bachillerato se realizar\u00e1 con base en las elecciones de los aspirantes y la disponibilidad de [&hellip;]","og_url":"https:\/\/canal7slp.tv\/2025\/sep-lanza-nueva-convocatoria-para-bachillerato-tras-desaparicion-del-comipems\/","og_site_name":"Canal 7 SLP - 2025","article_publisher":"https:\/\/www.facebook.com\/noticieroscanal7atencionciudadana\/","article_published_time":"2025-02-15T17:56:23+00:00","og_image":[{"width":888,"height":500,"url":"https:\/\/canal7slp.tv\/2025\/wp-content\/uploads\/2025\/02\/10-12.jpg","type":"image\/jpeg"}],"author":"Edici\u00f3n Web","twitter_card":"summary_large_image","twitter_creator":"@NOTICIEROS7","twitter_site":"@NOTICIEROS7","twitter_misc":{"Escrito por":"Edici\u00f3n Web","Tiempo de lectura":"1 minuto"},"schema":{"@context":"https:\/\/schema.org","@graph":[{"@type":"Article","@id":"https:\/\/canal7slp.tv\/2025\/sep-lanza-nueva-convocatoria-para-bachillerato-tras-desaparicion-del-comipems\/#article","isPartOf":{"@id":"https:\/\/canal7slp.tv\/2025\/sep-lanza-nueva-convocatoria-para-bachillerato-tras-desaparicion-del-comipems\/"},"author":{"name":"Edici\u00f3n Web","@id":"https:\/\/canal7slp.tv\/2025\/#\/schema\/person\/271e2b60a96e7cc9d9ac296f4d7e414b"},"headline":"SEP lanza nueva convocatoria para bachillerato tras desaparici\u00f3n del Comipems","datePublished":"2025-02-15T17:56:23+00:00","mainEntityOfPage":{"@id":"https:\/\/canal7slp.tv\/2025\/sep-lanza-nueva-convocatoria-para-bachillerato-tras-desaparicion-del-comipems\/"},"wordCount":126,"publisher":{"@id":"https:\/\/canal7slp.tv\/2025\/#organization"},"image":{"@id":"https:\/\/canal7slp.tv\/2025\/sep-lanza-nueva-convocatoria-para-bachillerato-tras-desaparicion-del-comipems\/#primaryimage"},"thumbnailUrl":"https:\/\/canal7slp.tv\/2025\/wp-content\/uploads\/2025\/02\/10-12.jpg","articleSection":["NACIONALES"],"inLanguage":"es"},{"@type":"WebPage","@id":"https:\/\/canal7slp.tv\/2025\/sep-lanza-nueva-convocatoria-para-bachillerato-tras-desaparicion-del-comipems\/","url":"https:\/\/canal7slp.tv\/2025\/sep-lanza-nueva-convocatoria-para-bachillerato-tras-desaparicion-del-comipems\/","name":"SEP lanza nueva convocatoria para bachillerato tras desaparici\u00f3n del Comipems - Canal 7 SLP - 2025","isPartOf":{"@id":"https:\/\/canal7slp.tv\/2025\/#website"},"primaryImageOfPage":{"@id":"https:\/\/canal7slp.tv\/2025\/sep-lanza-nueva-convocatoria-para-bachillerato-tras-desaparicion-del-comipems\/#primaryimage"},"image":{"@id":"https:\/\/canal7slp.tv\/2025\/sep-lanza-nueva-convocatoria-para-bachillerato-tras-desaparicion-del-comipems\/#primaryimage"},"thumbnailUrl":"https:\/\/canal7slp.tv\/2025\/wp-content\/uploads\/2025\/02\/10-12.jpg","datePublished":"2025-02-15T17:56:23+00:00","breadcrumb":{"@id":"https:\/\/canal7slp.tv\/2025\/sep-lanza-nueva-convocatoria-para-bachillerato-tras-desaparicion-del-comipems\/#breadcrumb"},"inLanguage":"es","potentialAction":[{"@type":"ReadAction","target":["https:\/\/canal7slp.tv\/2025\/sep-lanza-nueva-convocatoria-para-bachillerato-tras-desaparicion-del-comipems\/"]}]},{"@type":"ImageObject","inLanguage":"es","@id":"https:\/\/canal7slp.tv\/2025\/sep-lanza-nueva-convocatoria-para-bachillerato-tras-desaparicion-del-comipems\/#primaryimage","url":"https:\/\/canal7slp.tv\/2025\/wp-content\/uploads\/2025\/02\/10-12.jpg","contentUrl":"https:\/\/canal7slp.tv\/2025\/wp-content\/uploads\/2025\/02\/10-12.jpg","width":888,"height":500},{"@type":"BreadcrumbList","@id":"https:\/\/canal7slp.tv\/2025\/sep-lanza-nueva-convocatoria-para-bachillerato-tras-desaparicion-del-comipems\/#breadcrumb","itemListElement":[{"@type":"ListItem","position":1,"name":"Portada","item":"https:\/\/canal7slp.tv\/2025\/"},{"@type":"ListItem","position":2,"name":"SEP lanza nueva convocatoria para bachillerato tras desaparici\u00f3n del Comipems"}]},{"@type":"WebSite","@id":"https:\/\/canal7slp.tv\/2025\/#website","url":"https:\/\/canal7slp.tv\/2025\/","name":"N7 - Noticieros Canal 7","description":"Somos el Medio","publisher":{"@id":"https:\/\/canal7slp.tv\/2025\/#organization"},"potentialAction":[{"@type":"SearchAction","target":{"@type":"EntryPoint","urlTemplate":"https:\/\/canal7slp.tv\/2025\/?s={search_term_string}"},"query-input":{"@type":"PropertyValueSpecification","valueRequired":true,"valueName":"search_term_string"}}],"inLanguage":"es"},{"@type":"Organization","@id":"https:\/\/canal7slp.tv\/2025\/#organization","name":"Noticieros Canal 7","url":"https:\/\/canal7slp.tv\/2025\/","logo":{"@type":"ImageObject","inLanguage":"es","@id":"https:\/\/canal7slp.tv\/2025\/#\/schema\/logo\/image\/","url":"https:\/\/canal7slp.tv\/2025\/wp-content\/uploads\/2021\/01\/logo-noticieros@2x.png","contentUrl":"https:\/\/canal7slp.tv\/2025\/wp-content\/uploads\/2021\/01\/logo-noticieros@2x.png","width":1017,"height":268,"caption":"Noticieros Canal 7"},"image":{"@id":"https:\/\/canal7slp.tv\/2025\/#\/schema\/logo\/image\/"},"sameAs":["https:\/\/www.facebook.com\/noticieroscanal7atencionciudadana\/","https:\/\/x.com\/NOTICIEROS7","https:\/\/www.instagram.com\/canal7_slp","https:\/\/www.youtube.com\/channel\/UCliiYs-gP3JfJeqdPrNdd5A"]},{"@type":"Person","@id":"https:\/\/canal7slp.tv\/2025\/#\/schema\/person\/271e2b60a96e7cc9d9ac296f4d7e414b","name":"Edici\u00f3n Web","image":{"@type":"ImageObject","inLanguage":"es","@id":"https:\/\/secure.gravatar.com\/avatar\/eee448fc3f7164808013b816ba91ac7e43bbe82a70bebac296f8bc6f0addaa1a?s=96&d=mm&r=g","url":"https:\/\/secure.gravatar.com\/avatar\/eee448fc3f7164808013b816ba91ac7e43bbe82a70bebac296f8bc6f0addaa1a?s=96&d=mm&r=g","contentUrl":"https:\/\/secure.gravatar.com\/avatar\/eee448fc3f7164808013b816ba91ac7e43bbe82a70bebac296f8bc6f0addaa1a?s=96&d=mm&r=g","caption":"Edici\u00f3n Web"},"url":"https:\/\/canal7slp.tv\/2025\/author\/edicionweb\/"}]}},"_links":{"self":[{"href":"https:\/\/canal7slp.tv\/2025\/wp-json\/wp\/v2\/posts\/158214","targetHints":{"allow":["GET"]}}],"collection":[{"href":"https:\/\/canal7slp.tv\/2025\/wp-json\/wp\/v2\/posts"}],"about":[{"href":"https:\/\/canal7slp.tv\/2025\/wp-json\/wp\/v2\/types\/post"}],"author":[{"embeddable":true,"href":"https:\/\/canal7slp.tv\/2025\/wp-json\/wp\/v2\/users\/2"}],"replies":[{"embeddable":true,"href":"https:\/\/canal7slp.tv\/2025\/wp-json\/wp\/v2\/comments?post=158214"}],"version-history":[{"count":2,"href":"https:\/\/canal7slp.tv\/2025\/wp-json\/wp\/v2\/posts\/158214\/revisions"}],"predecessor-version":[{"id":158245,"href":"https:\/\/canal7slp.tv\/2025\/wp-json\/wp\/v2\/posts\/158214\/revisions\/158245"}],"wp:featuredmedia":[{"embeddable":true,"href":"https:\/\/canal7slp.tv\/2025\/wp-json\/wp\/v2\/media\/158233"}],"wp:attachment":[{"href":"https:\/\/canal7slp.tv\/2025\/wp-json\/wp\/v2\/media?parent=158214"}],"wp:term":[{"taxonomy":"category","embeddable":true,"href":"https:\/\/canal7slp.tv\/2025\/wp-json\/wp\/v2\/categories?post=158214"},{"taxonomy":"post_tag","embeddable":true,"href":"https:\/\/canal7slp.tv\/2025\/wp-json\/wp\/v2\/tags?post=158214"}],"curies":[{"name":"wp","href":"https:\/\/api.w.org\/{rel}","templated":true}]}}