{"id":158213,"date":"2025-02-15T11:56:18","date_gmt":"2025-02-15T17:56:18","guid":{"rendered":"https:\/\/canal7slp.tv\/2025\/?p=158213"},"modified":"2025-02-15T11:56:18","modified_gmt":"2025-02-15T17:56:18","slug":"mas-de-500-parejas-se-casaron-durante-boda-colectiva-en-los-pinos","status":"publish","type":"post","link":"https:\/\/canal7slp.tv\/2025\/mas-de-500-parejas-se-casaron-durante-boda-colectiva-en-los-pinos\/","title":{"rendered":"M\u00e1s de 500 parejas se casaron durante boda colectiva en Los Pinos"},"content":{"rendered":"<p style=\"text-align: justify;\">Ciudad de M\u00e9xico.- M\u00e1s de 500 parejas se unieron en matrimonio durante una boda colectiva celebrada en el Centro Cultural Los Pinos, en la Ciudad de M\u00e9xico, este 14 de febrero, en el marco del D\u00eda de San Valent\u00edn. Desde temprano, los jardines de la exresidencia presidencial se llenaron de emoci\u00f3n, con novios y novias luciendo elegantes atuendos y compartiendo momentos de complicidad.<\/p>\n<p style=\"text-align: justify;\">La alcaldesa Clara Brugada fungi\u00f3 como madrina del evento, acompa\u00f1ando a las parejas en esta fecha especial. Durante la ceremonia, los asistentes celebraron bailando cumbia, mientras Brugada destac\u00f3 en su discurso el deseo de construir una ciudad basada en el amor, la solidaridad y libre de violencia.<\/p>\n<p style=\"text-align: justify;\">El momento m\u00e1s esperado lleg\u00f3 cuando la jueza del Registro Civil, Marsella Lizeth de la Torre Mart\u00ednez, pregunt\u00f3 a los presentes si aceptaban casarse. La respuesta fue un rotundo y emotivo \u00ab\u00a1S\u00ed\u00ed\u00ed!\u00bb, seguido de aplausos y l\u00e1grimas de alegr\u00eda.<\/p>\n<p style=\"text-align: justify;\">Como sorpresa para los reci\u00e9n casados, la jefa de Gobierno present\u00f3 a La Sonora Santanera, lo que convirti\u00f3 la celebraci\u00f3n en una gran fiesta.<\/p>\n<p style=\"text-align: justify;\">\n","protected":false},"excerpt":{"rendered":"<p>Ciudad de M\u00e9xico.- M\u00e1s de 500 parejas se unieron en matrimonio durante una boda colectiva celebrada en el Centro Cultural Los Pinos, en la Ciudad de M\u00e9xico, este 14 de febrero, en el marco del D\u00eda de San Valent\u00edn. Desde temprano, los jardines de la exresidencia presidencial se llenaron de emoci\u00f3n, con novios y novias luciendo elegantes atuendos y compartiendo momentos de complicidad. La alcaldesa Clara Brugada fungi\u00f3 como madrina del evento, acompa\u00f1ando a las parejas en esta fecha especial. Durante la ceremonia, los asistentes celebraron bailando cumbia, mientras Brugada destac\u00f3 en su discurso el deseo de construir una ciudad [&hellip;]<\/p>\n","protected":false},"author":2,"featured_media":158234,"comment_status":"closed","ping_status":"closed","sticky":false,"template":"","format":"standard","meta":{"_monsterinsights_skip_tracking":false,"_monsterinsights_sitenote_active":false,"_monsterinsights_sitenote_note":"","_monsterinsights_sitenote_category":0,"footnotes":""},"categories":[46],"tags":[],"class_list":["post-158213","post","type-post","status-publish","format-standard","has-post-thumbnail","hentry","category-nacional","post--single"],"yoast_head":"<!-- This site is optimized with the Yoast SEO plugin v27.5 - https:\/\/yoast.com\/product\/yoast-seo-wordpress\/ -->\n<title>M\u00e1s de 500 parejas se casaron durante boda colectiva en Los Pinos - Canal 7 SLP - 2025<\/title>\n<meta name=\"robots\" content=\"index, follow, max-snippet:-1, max-image-preview:large, max-video-preview:-1\" \/>\n<link rel=\"canonical\" href=\"https:\/\/canal7slp.tv\/2025\/mas-de-500-parejas-se-casaron-durante-boda-colectiva-en-los-pinos\/\" \/>\n<meta property=\"og:locale\" content=\"es_ES\" \/>\n<meta property=\"og:type\" content=\"article\" \/>\n<meta property=\"og:title\" content=\"M\u00e1s de 500 parejas se casaron durante boda colectiva en Los Pinos - Canal 7 SLP - 2025\" \/>\n<meta property=\"og:description\" content=\"Ciudad de M\u00e9xico.- M\u00e1s de 500 parejas se unieron en matrimonio durante una boda colectiva celebrada en el Centro Cultural Los Pinos, en la Ciudad de M\u00e9xico, este 14 de febrero, en el marco del D\u00eda de San Valent\u00edn. Desde temprano, los jardines de la exresidencia presidencial se llenaron de emoci\u00f3n, con novios y novias luciendo elegantes atuendos y compartiendo momentos de complicidad. La alcaldesa Clara Brugada fungi\u00f3 como madrina del evento, acompa\u00f1ando a las parejas en esta fecha especial. Durante la ceremonia, los asistentes celebraron bailando cumbia, mientras Brugada destac\u00f3 en su discurso el deseo de construir una ciudad [&hellip;]\" \/>\n<meta property=\"og:url\" content=\"https:\/\/canal7slp.tv\/2025\/mas-de-500-parejas-se-casaron-durante-boda-colectiva-en-los-pinos\/\" \/>\n<meta property=\"og:site_name\" content=\"Canal 7 SLP - 2025\" \/>\n<meta property=\"article:publisher\" content=\"https:\/\/www.facebook.com\/noticieroscanal7atencionciudadana\/\" \/>\n<meta property=\"article:published_time\" content=\"2025-02-15T17:56:18+00:00\" \/>\n<meta property=\"og:image\" content=\"https:\/\/canal7slp.tv\/2025\/wp-content\/uploads\/2025\/02\/09-13.jpg\" \/>\n\t<meta property=\"og:image:width\" content=\"888\" \/>\n\t<meta property=\"og:image:height\" content=\"500\" \/>\n\t<meta property=\"og:image:type\" content=\"image\/jpeg\" \/>\n<meta name=\"author\" content=\"Edici\u00f3n Web\" \/>\n<meta name=\"twitter:card\" content=\"summary_large_image\" \/>\n<meta name=\"twitter:creator\" content=\"@NOTICIEROS7\" \/>\n<meta name=\"twitter:site\" content=\"@NOTICIEROS7\" \/>\n<meta name=\"twitter:label1\" content=\"Escrito por\" \/>\n\t<meta name=\"twitter:data1\" content=\"Edici\u00f3n Web\" \/>\n\t<meta name=\"twitter:label2\" content=\"Tiempo de lectura\" \/>\n\t<meta name=\"twitter:data2\" content=\"1 minuto\" \/>\n<script type=\"application\/ld+json\" class=\"yoast-schema-graph\">{\"@context\":\"https:\\\/\\\/schema.org\",\"@graph\":[{\"@type\":\"Article\",\"@id\":\"https:\\\/\\\/canal7slp.tv\\\/2025\\\/mas-de-500-parejas-se-casaron-durante-boda-colectiva-en-los-pinos\\\/#article\",\"isPartOf\":{\"@id\":\"https:\\\/\\\/canal7slp.tv\\\/2025\\\/mas-de-500-parejas-se-casaron-durante-boda-colectiva-en-los-pinos\\\/\"},\"author\":{\"name\":\"Edici\u00f3n Web\",\"@id\":\"https:\\\/\\\/canal7slp.tv\\\/2025\\\/#\\\/schema\\\/person\\\/271e2b60a96e7cc9d9ac296f4d7e414b\"},\"headline\":\"M\u00e1s de 500 parejas se casaron durante boda colectiva en Los Pinos\",\"datePublished\":\"2025-02-15T17:56:18+00:00\",\"mainEntityOfPage\":{\"@id\":\"https:\\\/\\\/canal7slp.tv\\\/2025\\\/mas-de-500-parejas-se-casaron-durante-boda-colectiva-en-los-pinos\\\/\"},\"wordCount\":197,\"publisher\":{\"@id\":\"https:\\\/\\\/canal7slp.tv\\\/2025\\\/#organization\"},\"image\":{\"@id\":\"https:\\\/\\\/canal7slp.tv\\\/2025\\\/mas-de-500-parejas-se-casaron-durante-boda-colectiva-en-los-pinos\\\/#primaryimage\"},\"thumbnailUrl\":\"https:\\\/\\\/canal7slp.tv\\\/2025\\\/wp-content\\\/uploads\\\/2025\\\/02\\\/09-13.jpg\",\"articleSection\":[\"NACIONALES\"],\"inLanguage\":\"es\"},{\"@type\":\"WebPage\",\"@id\":\"https:\\\/\\\/canal7slp.tv\\\/2025\\\/mas-de-500-parejas-se-casaron-durante-boda-colectiva-en-los-pinos\\\/\",\"url\":\"https:\\\/\\\/canal7slp.tv\\\/2025\\\/mas-de-500-parejas-se-casaron-durante-boda-colectiva-en-los-pinos\\\/\",\"name\":\"M\u00e1s de 500 parejas se casaron durante boda colectiva en Los Pinos - Canal 7 SLP - 2025\",\"isPartOf\":{\"@id\":\"https:\\\/\\\/canal7slp.tv\\\/2025\\\/#website\"},\"primaryImageOfPage\":{\"@id\":\"https:\\\/\\\/canal7slp.tv\\\/2025\\\/mas-de-500-parejas-se-casaron-durante-boda-colectiva-en-los-pinos\\\/#primaryimage\"},\"image\":{\"@id\":\"https:\\\/\\\/canal7slp.tv\\\/2025\\\/mas-de-500-parejas-se-casaron-durante-boda-colectiva-en-los-pinos\\\/#primaryimage\"},\"thumbnailUrl\":\"https:\\\/\\\/canal7slp.tv\\\/2025\\\/wp-content\\\/uploads\\\/2025\\\/02\\\/09-13.jpg\",\"datePublished\":\"2025-02-15T17:56:18+00:00\",\"breadcrumb\":{\"@id\":\"https:\\\/\\\/canal7slp.tv\\\/2025\\\/mas-de-500-parejas-se-casaron-durante-boda-colectiva-en-los-pinos\\\/#breadcrumb\"},\"inLanguage\":\"es\",\"potentialAction\":[{\"@type\":\"ReadAction\",\"target\":[\"https:\\\/\\\/canal7slp.tv\\\/2025\\\/mas-de-500-parejas-se-casaron-durante-boda-colectiva-en-los-pinos\\\/\"]}]},{\"@type\":\"ImageObject\",\"inLanguage\":\"es\",\"@id\":\"https:\\\/\\\/canal7slp.tv\\\/2025\\\/mas-de-500-parejas-se-casaron-durante-boda-colectiva-en-los-pinos\\\/#primaryimage\",\"url\":\"https:\\\/\\\/canal7slp.tv\\\/2025\\\/wp-content\\\/uploads\\\/2025\\\/02\\\/09-13.jpg\",\"contentUrl\":\"https:\\\/\\\/canal7slp.tv\\\/2025\\\/wp-content\\\/uploads\\\/2025\\\/02\\\/09-13.jpg\",\"width\":888,\"height\":500},{\"@type\":\"BreadcrumbList\",\"@id\":\"https:\\\/\\\/canal7slp.tv\\\/2025\\\/mas-de-500-parejas-se-casaron-durante-boda-colectiva-en-los-pinos\\\/#breadcrumb\",\"itemListElement\":[{\"@type\":\"ListItem\",\"position\":1,\"name\":\"Portada\",\"item\":\"https:\\\/\\\/canal7slp.tv\\\/2025\\\/\"},{\"@type\":\"ListItem\",\"position\":2,\"name\":\"M\u00e1s de 500 parejas se casaron durante boda colectiva en Los Pinos\"}]},{\"@type\":\"WebSite\",\"@id\":\"https:\\\/\\\/canal7slp.tv\\\/2025\\\/#website\",\"url\":\"https:\\\/\\\/canal7slp.tv\\\/2025\\\/\",\"name\":\"N7 - Noticieros Canal 7\",\"description\":\"Somos el Medio\",\"publisher\":{\"@id\":\"https:\\\/\\\/canal7slp.tv\\\/2025\\\/#organization\"},\"potentialAction\":[{\"@type\":\"SearchAction\",\"target\":{\"@type\":\"EntryPoint\",\"urlTemplate\":\"https:\\\/\\\/canal7slp.tv\\\/2025\\\/?s={search_term_string}\"},\"query-input\":{\"@type\":\"PropertyValueSpecification\",\"valueRequired\":true,\"valueName\":\"search_term_string\"}}],\"inLanguage\":\"es\"},{\"@type\":\"Organization\",\"@id\":\"https:\\\/\\\/canal7slp.tv\\\/2025\\\/#organization\",\"name\":\"Noticieros Canal 7\",\"url\":\"https:\\\/\\\/canal7slp.tv\\\/2025\\\/\",\"logo\":{\"@type\":\"ImageObject\",\"inLanguage\":\"es\",\"@id\":\"https:\\\/\\\/canal7slp.tv\\\/2025\\\/#\\\/schema\\\/logo\\\/image\\\/\",\"url\":\"https:\\\/\\\/canal7slp.tv\\\/2025\\\/wp-content\\\/uploads\\\/2021\\\/01\\\/logo-noticieros@2x.png\",\"contentUrl\":\"https:\\\/\\\/canal7slp.tv\\\/2025\\\/wp-content\\\/uploads\\\/2021\\\/01\\\/logo-noticieros@2x.png\",\"width\":1017,\"height\":268,\"caption\":\"Noticieros Canal 7\"},\"image\":{\"@id\":\"https:\\\/\\\/canal7slp.tv\\\/2025\\\/#\\\/schema\\\/logo\\\/image\\\/\"},\"sameAs\":[\"https:\\\/\\\/www.facebook.com\\\/noticieroscanal7atencionciudadana\\\/\",\"https:\\\/\\\/x.com\\\/NOTICIEROS7\",\"https:\\\/\\\/www.instagram.com\\\/canal7_slp\",\"https:\\\/\\\/www.youtube.com\\\/channel\\\/UCliiYs-gP3JfJeqdPrNdd5A\"]},{\"@type\":\"Person\",\"@id\":\"https:\\\/\\\/canal7slp.tv\\\/2025\\\/#\\\/schema\\\/person\\\/271e2b60a96e7cc9d9ac296f4d7e414b\",\"name\":\"Edici\u00f3n Web\",\"image\":{\"@type\":\"ImageObject\",\"inLanguage\":\"es\",\"@id\":\"https:\\\/\\\/secure.gravatar.com\\\/avatar\\\/eee448fc3f7164808013b816ba91ac7e43bbe82a70bebac296f8bc6f0addaa1a?s=96&d=mm&r=g\",\"url\":\"https:\\\/\\\/secure.gravatar.com\\\/avatar\\\/eee448fc3f7164808013b816ba91ac7e43bbe82a70bebac296f8bc6f0addaa1a?s=96&d=mm&r=g\",\"contentUrl\":\"https:\\\/\\\/secure.gravatar.com\\\/avatar\\\/eee448fc3f7164808013b816ba91ac7e43bbe82a70bebac296f8bc6f0addaa1a?s=96&d=mm&r=g\",\"caption\":\"Edici\u00f3n Web\"},\"url\":\"https:\\\/\\\/canal7slp.tv\\\/2025\\\/author\\\/edicionweb\\\/\"}]}<\/script>\n<!-- \/ Yoast SEO plugin. -->","yoast_head_json":{"title":"M\u00e1s de 500 parejas se casaron durante boda colectiva en Los Pinos - Canal 7 SLP - 2025","robots":{"index":"index","follow":"follow","max-snippet":"max-snippet:-1","max-image-preview":"max-image-preview:large","max-video-preview":"max-video-preview:-1"},"canonical":"https:\/\/canal7slp.tv\/2025\/mas-de-500-parejas-se-casaron-durante-boda-colectiva-en-los-pinos\/","og_locale":"es_ES","og_type":"article","og_title":"M\u00e1s de 500 parejas se casaron durante boda colectiva en Los Pinos - Canal 7 SLP - 2025","og_description":"Ciudad de M\u00e9xico.- M\u00e1s de 500 parejas se unieron en matrimonio durante una boda colectiva celebrada en el Centro Cultural Los Pinos, en la Ciudad de M\u00e9xico, este 14 de febrero, en el marco del D\u00eda de San Valent\u00edn. Desde temprano, los jardines de la exresidencia presidencial se llenaron de emoci\u00f3n, con novios y novias luciendo elegantes atuendos y compartiendo momentos de complicidad. La alcaldesa Clara Brugada fungi\u00f3 como madrina del evento, acompa\u00f1ando a las parejas en esta fecha especial. Durante la ceremonia, los asistentes celebraron bailando cumbia, mientras Brugada destac\u00f3 en su discurso el deseo de construir una ciudad [&hellip;]","og_url":"https:\/\/canal7slp.tv\/2025\/mas-de-500-parejas-se-casaron-durante-boda-colectiva-en-los-pinos\/","og_site_name":"Canal 7 SLP - 2025","article_publisher":"https:\/\/www.facebook.com\/noticieroscanal7atencionciudadana\/","article_published_time":"2025-02-15T17:56:18+00:00","og_image":[{"width":888,"height":500,"url":"https:\/\/canal7slp.tv\/2025\/wp-content\/uploads\/2025\/02\/09-13.jpg","type":"image\/jpeg"}],"author":"Edici\u00f3n Web","twitter_card":"summary_large_image","twitter_creator":"@NOTICIEROS7","twitter_site":"@NOTICIEROS7","twitter_misc":{"Escrito por":"Edici\u00f3n Web","Tiempo de lectura":"1 minuto"},"schema":{"@context":"https:\/\/schema.org","@graph":[{"@type":"Article","@id":"https:\/\/canal7slp.tv\/2025\/mas-de-500-parejas-se-casaron-durante-boda-colectiva-en-los-pinos\/#article","isPartOf":{"@id":"https:\/\/canal7slp.tv\/2025\/mas-de-500-parejas-se-casaron-durante-boda-colectiva-en-los-pinos\/"},"author":{"name":"Edici\u00f3n Web","@id":"https:\/\/canal7slp.tv\/2025\/#\/schema\/person\/271e2b60a96e7cc9d9ac296f4d7e414b"},"headline":"M\u00e1s de 500 parejas se casaron durante boda colectiva en Los Pinos","datePublished":"2025-02-15T17:56:18+00:00","mainEntityOfPage":{"@id":"https:\/\/canal7slp.tv\/2025\/mas-de-500-parejas-se-casaron-durante-boda-colectiva-en-los-pinos\/"},"wordCount":197,"publisher":{"@id":"https:\/\/canal7slp.tv\/2025\/#organization"},"image":{"@id":"https:\/\/canal7slp.tv\/2025\/mas-de-500-parejas-se-casaron-durante-boda-colectiva-en-los-pinos\/#primaryimage"},"thumbnailUrl":"https:\/\/canal7slp.tv\/2025\/wp-content\/uploads\/2025\/02\/09-13.jpg","articleSection":["NACIONALES"],"inLanguage":"es"},{"@type":"WebPage","@id":"https:\/\/canal7slp.tv\/2025\/mas-de-500-parejas-se-casaron-durante-boda-colectiva-en-los-pinos\/","url":"https:\/\/canal7slp.tv\/2025\/mas-de-500-parejas-se-casaron-durante-boda-colectiva-en-los-pinos\/","name":"M\u00e1s de 500 parejas se casaron durante boda colectiva en Los Pinos - Canal 7 SLP - 2025","isPartOf":{"@id":"https:\/\/canal7slp.tv\/2025\/#website"},"primaryImageOfPage":{"@id":"https:\/\/canal7slp.tv\/2025\/mas-de-500-parejas-se-casaron-durante-boda-colectiva-en-los-pinos\/#primaryimage"},"image":{"@id":"https:\/\/canal7slp.tv\/2025\/mas-de-500-parejas-se-casaron-durante-boda-colectiva-en-los-pinos\/#primaryimage"},"thumbnailUrl":"https:\/\/canal7slp.tv\/2025\/wp-content\/uploads\/2025\/02\/09-13.jpg","datePublished":"2025-02-15T17:56:18+00:00","breadcrumb":{"@id":"https:\/\/canal7slp.tv\/2025\/mas-de-500-parejas-se-casaron-durante-boda-colectiva-en-los-pinos\/#breadcrumb"},"inLanguage":"es","potentialAction":[{"@type":"ReadAction","target":["https:\/\/canal7slp.tv\/2025\/mas-de-500-parejas-se-casaron-durante-boda-colectiva-en-los-pinos\/"]}]},{"@type":"ImageObject","inLanguage":"es","@id":"https:\/\/canal7slp.tv\/2025\/mas-de-500-parejas-se-casaron-durante-boda-colectiva-en-los-pinos\/#primaryimage","url":"https:\/\/canal7slp.tv\/2025\/wp-content\/uploads\/2025\/02\/09-13.jpg","contentUrl":"https:\/\/canal7slp.tv\/2025\/wp-content\/uploads\/2025\/02\/09-13.jpg","width":888,"height":500},{"@type":"BreadcrumbList","@id":"https:\/\/canal7slp.tv\/2025\/mas-de-500-parejas-se-casaron-durante-boda-colectiva-en-los-pinos\/#breadcrumb","itemListElement":[{"@type":"ListItem","position":1,"name":"Portada","item":"https:\/\/canal7slp.tv\/2025\/"},{"@type":"ListItem","position":2,"name":"M\u00e1s de 500 parejas se casaron durante boda colectiva en Los Pinos"}]},{"@type":"WebSite","@id":"https:\/\/canal7slp.tv\/2025\/#website","url":"https:\/\/canal7slp.tv\/2025\/","name":"N7 - Noticieros Canal 7","description":"Somos el Medio","publisher":{"@id":"https:\/\/canal7slp.tv\/2025\/#organization"},"potentialAction":[{"@type":"SearchAction","target":{"@type":"EntryPoint","urlTemplate":"https:\/\/canal7slp.tv\/2025\/?s={search_term_string}"},"query-input":{"@type":"PropertyValueSpecification","valueRequired":true,"valueName":"search_term_string"}}],"inLanguage":"es"},{"@type":"Organization","@id":"https:\/\/canal7slp.tv\/2025\/#organization","name":"Noticieros Canal 7","url":"https:\/\/canal7slp.tv\/2025\/","logo":{"@type":"ImageObject","inLanguage":"es","@id":"https:\/\/canal7slp.tv\/2025\/#\/schema\/logo\/image\/","url":"https:\/\/canal7slp.tv\/2025\/wp-content\/uploads\/2021\/01\/logo-noticieros@2x.png","contentUrl":"https:\/\/canal7slp.tv\/2025\/wp-content\/uploads\/2021\/01\/logo-noticieros@2x.png","width":1017,"height":268,"caption":"Noticieros Canal 7"},"image":{"@id":"https:\/\/canal7slp.tv\/2025\/#\/schema\/logo\/image\/"},"sameAs":["https:\/\/www.facebook.com\/noticieroscanal7atencionciudadana\/","https:\/\/x.com\/NOTICIEROS7","https:\/\/www.instagram.com\/canal7_slp","https:\/\/www.youtube.com\/channel\/UCliiYs-gP3JfJeqdPrNdd5A"]},{"@type":"Person","@id":"https:\/\/canal7slp.tv\/2025\/#\/schema\/person\/271e2b60a96e7cc9d9ac296f4d7e414b","name":"Edici\u00f3n Web","image":{"@type":"ImageObject","inLanguage":"es","@id":"https:\/\/secure.gravatar.com\/avatar\/eee448fc3f7164808013b816ba91ac7e43bbe82a70bebac296f8bc6f0addaa1a?s=96&d=mm&r=g","url":"https:\/\/secure.gravatar.com\/avatar\/eee448fc3f7164808013b816ba91ac7e43bbe82a70bebac296f8bc6f0addaa1a?s=96&d=mm&r=g","contentUrl":"https:\/\/secure.gravatar.com\/avatar\/eee448fc3f7164808013b816ba91ac7e43bbe82a70bebac296f8bc6f0addaa1a?s=96&d=mm&r=g","caption":"Edici\u00f3n Web"},"url":"https:\/\/canal7slp.tv\/2025\/author\/edicionweb\/"}]}},"_links":{"self":[{"href":"https:\/\/canal7slp.tv\/2025\/wp-json\/wp\/v2\/posts\/158213","targetHints":{"allow":["GET"]}}],"collection":[{"href":"https:\/\/canal7slp.tv\/2025\/wp-json\/wp\/v2\/posts"}],"about":[{"href":"https:\/\/canal7slp.tv\/2025\/wp-json\/wp\/v2\/types\/post"}],"author":[{"embeddable":true,"href":"https:\/\/canal7slp.tv\/2025\/wp-json\/wp\/v2\/users\/2"}],"replies":[{"embeddable":true,"href":"https:\/\/canal7slp.tv\/2025\/wp-json\/wp\/v2\/comments?post=158213"}],"version-history":[{"count":2,"href":"https:\/\/canal7slp.tv\/2025\/wp-json\/wp\/v2\/posts\/158213\/revisions"}],"predecessor-version":[{"id":158244,"href":"https:\/\/canal7slp.tv\/2025\/wp-json\/wp\/v2\/posts\/158213\/revisions\/158244"}],"wp:featuredmedia":[{"embeddable":true,"href":"https:\/\/canal7slp.tv\/2025\/wp-json\/wp\/v2\/media\/158234"}],"wp:attachment":[{"href":"https:\/\/canal7slp.tv\/2025\/wp-json\/wp\/v2\/media?parent=158213"}],"wp:term":[{"taxonomy":"category","embeddable":true,"href":"https:\/\/canal7slp.tv\/2025\/wp-json\/wp\/v2\/categories?post=158213"},{"taxonomy":"post_tag","embeddable":true,"href":"https:\/\/canal7slp.tv\/2025\/wp-json\/wp\/v2\/tags?post=158213"}],"curies":[{"name":"wp","href":"https:\/\/api.w.org\/{rel}","templated":true}]}}