{"id":158070,"date":"2025-02-14T14:12:36","date_gmt":"2025-02-14T20:12:36","guid":{"rendered":"https:\/\/canal7slp.tv\/2025\/?p=158070"},"modified":"2025-02-14T14:12:36","modified_gmt":"2025-02-14T20:12:36","slug":"juez-bloquea-orden-de-trump-que-negaba-atencion-medica-a-jovenes-trans","status":"publish","type":"post","link":"https:\/\/canal7slp.tv\/2025\/juez-bloquea-orden-de-trump-que-negaba-atencion-medica-a-jovenes-trans\/","title":{"rendered":"Juez bloquea orden de Trump que negaba atenci\u00f3n m\u00e9dica a j\u00f3venes trans"},"content":{"rendered":"<p style=\"text-align: justify;\">EUA.- El 13 de febrero, el juez federal, Brendan Hurson bloque\u00f3 una orden ejecutiva de Donald Trump que buscaba restringir la atenci\u00f3n m\u00e9dica de afirmaci\u00f3n de g\u00e9nero para personas transg\u00e9nero menores de 19 a\u00f1os. Esta decisi\u00f3n se produjo tras una acci\u00f3n legal presentada por familias de ni\u00f1os transg\u00e9neros y no binarios, quienes argumentaron que su atenci\u00f3n m\u00e9dica se hab\u00eda visto afectada por la directriz de la Administraci\u00f3n Trump.<\/p>\n<p style=\"text-align: justify;\">El Hurson, nominado por Biden, emiti\u00f3 una orden de restricci\u00f3n temporal que suspende la directriz mientras avanza el caso. Hurson critic\u00f3 la orden de Trump, afirmando que parece negar la existencia de esta poblaci\u00f3n.<\/p>\n<p style=\"text-align: justify;\">La orden ejecutiva de Trump excluye la cobertura de atenci\u00f3n de afirmaci\u00f3n de g\u00e9nero en programas de seguros federales, incluyendo Medicaid y TRICARE. La demanda sostiene que esta medida es \u00abilegal e inconstitucional\u00bb, ya que retiene fondos federales y viola leyes contra la discriminaci\u00f3n.<\/p>\n<p style=\"text-align: justify;\">Algunos hospitales han suspendido la atenci\u00f3n de afirmaci\u00f3n de g\u00e9nero, incluidos tratamientos como bloqueadores de la pubertad y terapia hormonal, a la espera de clarificaciones sobre la nueva directriz.<\/p>\n<p style=\"text-align: justify;\">El enfoque de Trump contrasta con el del gobierno de Biden, que busc\u00f3 proteger los derechos civiles de las personas transg\u00e9nero. Grupos m\u00e9dicos importantes apoyan el acceso a la atenci\u00f3n de afirmaci\u00f3n de g\u00e9nero y enfatizan que los j\u00f3venes son evaluados por profesionales antes de cualquier tratamiento. La cirug\u00eda de cambio de g\u00e9nero es rara entre menores.<\/p>\n<p style=\"text-align: justify;\">\n","protected":false},"excerpt":{"rendered":"<p>EUA.- El 13 de febrero, el juez federal, Brendan Hurson bloque\u00f3 una orden ejecutiva de Donald Trump que buscaba restringir la atenci\u00f3n m\u00e9dica de afirmaci\u00f3n de g\u00e9nero para personas transg\u00e9nero menores de 19 a\u00f1os. Esta decisi\u00f3n se produjo tras una acci\u00f3n legal presentada por familias de ni\u00f1os transg\u00e9neros y no binarios, quienes argumentaron que su atenci\u00f3n m\u00e9dica se hab\u00eda visto afectada por la directriz de la Administraci\u00f3n Trump. El Hurson, nominado por Biden, emiti\u00f3 una orden de restricci\u00f3n temporal que suspende la directriz mientras avanza el caso. Hurson critic\u00f3 la orden de Trump, afirmando que parece negar la existencia de [&hellip;]<\/p>\n","protected":false},"author":2,"featured_media":158071,"comment_status":"closed","ping_status":"closed","sticky":false,"template":"","format":"standard","meta":{"_monsterinsights_skip_tracking":false,"_monsterinsights_sitenote_active":false,"_monsterinsights_sitenote_note":"","_monsterinsights_sitenote_category":0,"footnotes":""},"categories":[44],"tags":[],"class_list":["post-158070","post","type-post","status-publish","format-standard","has-post-thumbnail","hentry","category-internacional","post--single"],"yoast_head":"<!-- This site is optimized with the Yoast SEO plugin v27.5 - https:\/\/yoast.com\/product\/yoast-seo-wordpress\/ -->\n<title>Juez bloquea orden de Trump que negaba atenci\u00f3n m\u00e9dica a j\u00f3venes trans - Canal 7 SLP - 2025<\/title>\n<meta name=\"robots\" content=\"index, follow, max-snippet:-1, max-image-preview:large, max-video-preview:-1\" \/>\n<link rel=\"canonical\" href=\"https:\/\/canal7slp.tv\/2025\/juez-bloquea-orden-de-trump-que-negaba-atencion-medica-a-jovenes-trans\/\" \/>\n<meta property=\"og:locale\" content=\"es_ES\" \/>\n<meta property=\"og:type\" content=\"article\" \/>\n<meta property=\"og:title\" content=\"Juez bloquea orden de Trump que negaba atenci\u00f3n m\u00e9dica a j\u00f3venes trans - Canal 7 SLP - 2025\" \/>\n<meta property=\"og:description\" content=\"EUA.- El 13 de febrero, el juez federal, Brendan Hurson bloque\u00f3 una orden ejecutiva de Donald Trump que buscaba restringir la atenci\u00f3n m\u00e9dica de afirmaci\u00f3n de g\u00e9nero para personas transg\u00e9nero menores de 19 a\u00f1os. Esta decisi\u00f3n se produjo tras una acci\u00f3n legal presentada por familias de ni\u00f1os transg\u00e9neros y no binarios, quienes argumentaron que su atenci\u00f3n m\u00e9dica se hab\u00eda visto afectada por la directriz de la Administraci\u00f3n Trump. El Hurson, nominado por Biden, emiti\u00f3 una orden de restricci\u00f3n temporal que suspende la directriz mientras avanza el caso. Hurson critic\u00f3 la orden de Trump, afirmando que parece negar la existencia de [&hellip;]\" \/>\n<meta property=\"og:url\" content=\"https:\/\/canal7slp.tv\/2025\/juez-bloquea-orden-de-trump-que-negaba-atencion-medica-a-jovenes-trans\/\" \/>\n<meta property=\"og:site_name\" content=\"Canal 7 SLP - 2025\" \/>\n<meta property=\"article:publisher\" content=\"https:\/\/www.facebook.com\/noticieroscanal7atencionciudadana\/\" \/>\n<meta property=\"article:published_time\" content=\"2025-02-14T20:12:36+00:00\" \/>\n<meta property=\"og:image\" content=\"https:\/\/canal7slp.tv\/2025\/wp-content\/uploads\/2025\/02\/05-13.jpg\" \/>\n\t<meta property=\"og:image:width\" content=\"750\" \/>\n\t<meta property=\"og:image:height\" content=\"500\" \/>\n\t<meta property=\"og:image:type\" content=\"image\/jpeg\" \/>\n<meta name=\"author\" content=\"Edici\u00f3n Web\" \/>\n<meta name=\"twitter:card\" content=\"summary_large_image\" \/>\n<meta name=\"twitter:creator\" content=\"@NOTICIEROS7\" \/>\n<meta name=\"twitter:site\" content=\"@NOTICIEROS7\" \/>\n<meta name=\"twitter:label1\" content=\"Escrito por\" \/>\n\t<meta name=\"twitter:data1\" content=\"Edici\u00f3n Web\" \/>\n\t<meta name=\"twitter:label2\" content=\"Tiempo de lectura\" \/>\n\t<meta name=\"twitter:data2\" content=\"2 minutos\" \/>\n<script type=\"application\/ld+json\" class=\"yoast-schema-graph\">{\"@context\":\"https:\\\/\\\/schema.org\",\"@graph\":[{\"@type\":\"Article\",\"@id\":\"https:\\\/\\\/canal7slp.tv\\\/2025\\\/juez-bloquea-orden-de-trump-que-negaba-atencion-medica-a-jovenes-trans\\\/#article\",\"isPartOf\":{\"@id\":\"https:\\\/\\\/canal7slp.tv\\\/2025\\\/juez-bloquea-orden-de-trump-que-negaba-atencion-medica-a-jovenes-trans\\\/\"},\"author\":{\"name\":\"Edici\u00f3n Web\",\"@id\":\"https:\\\/\\\/canal7slp.tv\\\/2025\\\/#\\\/schema\\\/person\\\/271e2b60a96e7cc9d9ac296f4d7e414b\"},\"headline\":\"Juez bloquea orden de Trump que negaba atenci\u00f3n m\u00e9dica a j\u00f3venes trans\",\"datePublished\":\"2025-02-14T20:12:36+00:00\",\"mainEntityOfPage\":{\"@id\":\"https:\\\/\\\/canal7slp.tv\\\/2025\\\/juez-bloquea-orden-de-trump-que-negaba-atencion-medica-a-jovenes-trans\\\/\"},\"wordCount\":277,\"publisher\":{\"@id\":\"https:\\\/\\\/canal7slp.tv\\\/2025\\\/#organization\"},\"image\":{\"@id\":\"https:\\\/\\\/canal7slp.tv\\\/2025\\\/juez-bloquea-orden-de-trump-que-negaba-atencion-medica-a-jovenes-trans\\\/#primaryimage\"},\"thumbnailUrl\":\"https:\\\/\\\/canal7slp.tv\\\/2025\\\/wp-content\\\/uploads\\\/2025\\\/02\\\/05-13.jpg\",\"articleSection\":[\"INTERNACIONALES\"],\"inLanguage\":\"es\"},{\"@type\":\"WebPage\",\"@id\":\"https:\\\/\\\/canal7slp.tv\\\/2025\\\/juez-bloquea-orden-de-trump-que-negaba-atencion-medica-a-jovenes-trans\\\/\",\"url\":\"https:\\\/\\\/canal7slp.tv\\\/2025\\\/juez-bloquea-orden-de-trump-que-negaba-atencion-medica-a-jovenes-trans\\\/\",\"name\":\"Juez bloquea orden de Trump que negaba atenci\u00f3n m\u00e9dica a j\u00f3venes trans - Canal 7 SLP - 2025\",\"isPartOf\":{\"@id\":\"https:\\\/\\\/canal7slp.tv\\\/2025\\\/#website\"},\"primaryImageOfPage\":{\"@id\":\"https:\\\/\\\/canal7slp.tv\\\/2025\\\/juez-bloquea-orden-de-trump-que-negaba-atencion-medica-a-jovenes-trans\\\/#primaryimage\"},\"image\":{\"@id\":\"https:\\\/\\\/canal7slp.tv\\\/2025\\\/juez-bloquea-orden-de-trump-que-negaba-atencion-medica-a-jovenes-trans\\\/#primaryimage\"},\"thumbnailUrl\":\"https:\\\/\\\/canal7slp.tv\\\/2025\\\/wp-content\\\/uploads\\\/2025\\\/02\\\/05-13.jpg\",\"datePublished\":\"2025-02-14T20:12:36+00:00\",\"breadcrumb\":{\"@id\":\"https:\\\/\\\/canal7slp.tv\\\/2025\\\/juez-bloquea-orden-de-trump-que-negaba-atencion-medica-a-jovenes-trans\\\/#breadcrumb\"},\"inLanguage\":\"es\",\"potentialAction\":[{\"@type\":\"ReadAction\",\"target\":[\"https:\\\/\\\/canal7slp.tv\\\/2025\\\/juez-bloquea-orden-de-trump-que-negaba-atencion-medica-a-jovenes-trans\\\/\"]}]},{\"@type\":\"ImageObject\",\"inLanguage\":\"es\",\"@id\":\"https:\\\/\\\/canal7slp.tv\\\/2025\\\/juez-bloquea-orden-de-trump-que-negaba-atencion-medica-a-jovenes-trans\\\/#primaryimage\",\"url\":\"https:\\\/\\\/canal7slp.tv\\\/2025\\\/wp-content\\\/uploads\\\/2025\\\/02\\\/05-13.jpg\",\"contentUrl\":\"https:\\\/\\\/canal7slp.tv\\\/2025\\\/wp-content\\\/uploads\\\/2025\\\/02\\\/05-13.jpg\",\"width\":750,\"height\":500},{\"@type\":\"BreadcrumbList\",\"@id\":\"https:\\\/\\\/canal7slp.tv\\\/2025\\\/juez-bloquea-orden-de-trump-que-negaba-atencion-medica-a-jovenes-trans\\\/#breadcrumb\",\"itemListElement\":[{\"@type\":\"ListItem\",\"position\":1,\"name\":\"Portada\",\"item\":\"https:\\\/\\\/canal7slp.tv\\\/2025\\\/\"},{\"@type\":\"ListItem\",\"position\":2,\"name\":\"Juez bloquea orden de Trump que negaba atenci\u00f3n m\u00e9dica a j\u00f3venes trans\"}]},{\"@type\":\"WebSite\",\"@id\":\"https:\\\/\\\/canal7slp.tv\\\/2025\\\/#website\",\"url\":\"https:\\\/\\\/canal7slp.tv\\\/2025\\\/\",\"name\":\"N7 - Noticieros Canal 7\",\"description\":\"Somos el Medio\",\"publisher\":{\"@id\":\"https:\\\/\\\/canal7slp.tv\\\/2025\\\/#organization\"},\"potentialAction\":[{\"@type\":\"SearchAction\",\"target\":{\"@type\":\"EntryPoint\",\"urlTemplate\":\"https:\\\/\\\/canal7slp.tv\\\/2025\\\/?s={search_term_string}\"},\"query-input\":{\"@type\":\"PropertyValueSpecification\",\"valueRequired\":true,\"valueName\":\"search_term_string\"}}],\"inLanguage\":\"es\"},{\"@type\":\"Organization\",\"@id\":\"https:\\\/\\\/canal7slp.tv\\\/2025\\\/#organization\",\"name\":\"Noticieros Canal 7\",\"url\":\"https:\\\/\\\/canal7slp.tv\\\/2025\\\/\",\"logo\":{\"@type\":\"ImageObject\",\"inLanguage\":\"es\",\"@id\":\"https:\\\/\\\/canal7slp.tv\\\/2025\\\/#\\\/schema\\\/logo\\\/image\\\/\",\"url\":\"https:\\\/\\\/canal7slp.tv\\\/2025\\\/wp-content\\\/uploads\\\/2021\\\/01\\\/logo-noticieros@2x.png\",\"contentUrl\":\"https:\\\/\\\/canal7slp.tv\\\/2025\\\/wp-content\\\/uploads\\\/2021\\\/01\\\/logo-noticieros@2x.png\",\"width\":1017,\"height\":268,\"caption\":\"Noticieros Canal 7\"},\"image\":{\"@id\":\"https:\\\/\\\/canal7slp.tv\\\/2025\\\/#\\\/schema\\\/logo\\\/image\\\/\"},\"sameAs\":[\"https:\\\/\\\/www.facebook.com\\\/noticieroscanal7atencionciudadana\\\/\",\"https:\\\/\\\/x.com\\\/NOTICIEROS7\",\"https:\\\/\\\/www.instagram.com\\\/canal7_slp\",\"https:\\\/\\\/www.youtube.com\\\/channel\\\/UCliiYs-gP3JfJeqdPrNdd5A\"]},{\"@type\":\"Person\",\"@id\":\"https:\\\/\\\/canal7slp.tv\\\/2025\\\/#\\\/schema\\\/person\\\/271e2b60a96e7cc9d9ac296f4d7e414b\",\"name\":\"Edici\u00f3n Web\",\"image\":{\"@type\":\"ImageObject\",\"inLanguage\":\"es\",\"@id\":\"https:\\\/\\\/secure.gravatar.com\\\/avatar\\\/eee448fc3f7164808013b816ba91ac7e43bbe82a70bebac296f8bc6f0addaa1a?s=96&d=mm&r=g\",\"url\":\"https:\\\/\\\/secure.gravatar.com\\\/avatar\\\/eee448fc3f7164808013b816ba91ac7e43bbe82a70bebac296f8bc6f0addaa1a?s=96&d=mm&r=g\",\"contentUrl\":\"https:\\\/\\\/secure.gravatar.com\\\/avatar\\\/eee448fc3f7164808013b816ba91ac7e43bbe82a70bebac296f8bc6f0addaa1a?s=96&d=mm&r=g\",\"caption\":\"Edici\u00f3n Web\"},\"url\":\"https:\\\/\\\/canal7slp.tv\\\/2025\\\/author\\\/edicionweb\\\/\"}]}<\/script>\n<!-- \/ Yoast SEO plugin. -->","yoast_head_json":{"title":"Juez bloquea orden de Trump que negaba atenci\u00f3n m\u00e9dica a j\u00f3venes trans - Canal 7 SLP - 2025","robots":{"index":"index","follow":"follow","max-snippet":"max-snippet:-1","max-image-preview":"max-image-preview:large","max-video-preview":"max-video-preview:-1"},"canonical":"https:\/\/canal7slp.tv\/2025\/juez-bloquea-orden-de-trump-que-negaba-atencion-medica-a-jovenes-trans\/","og_locale":"es_ES","og_type":"article","og_title":"Juez bloquea orden de Trump que negaba atenci\u00f3n m\u00e9dica a j\u00f3venes trans - Canal 7 SLP - 2025","og_description":"EUA.- El 13 de febrero, el juez federal, Brendan Hurson bloque\u00f3 una orden ejecutiva de Donald Trump que buscaba restringir la atenci\u00f3n m\u00e9dica de afirmaci\u00f3n de g\u00e9nero para personas transg\u00e9nero menores de 19 a\u00f1os. Esta decisi\u00f3n se produjo tras una acci\u00f3n legal presentada por familias de ni\u00f1os transg\u00e9neros y no binarios, quienes argumentaron que su atenci\u00f3n m\u00e9dica se hab\u00eda visto afectada por la directriz de la Administraci\u00f3n Trump. El Hurson, nominado por Biden, emiti\u00f3 una orden de restricci\u00f3n temporal que suspende la directriz mientras avanza el caso. Hurson critic\u00f3 la orden de Trump, afirmando que parece negar la existencia de [&hellip;]","og_url":"https:\/\/canal7slp.tv\/2025\/juez-bloquea-orden-de-trump-que-negaba-atencion-medica-a-jovenes-trans\/","og_site_name":"Canal 7 SLP - 2025","article_publisher":"https:\/\/www.facebook.com\/noticieroscanal7atencionciudadana\/","article_published_time":"2025-02-14T20:12:36+00:00","og_image":[{"width":750,"height":500,"url":"https:\/\/canal7slp.tv\/2025\/wp-content\/uploads\/2025\/02\/05-13.jpg","type":"image\/jpeg"}],"author":"Edici\u00f3n Web","twitter_card":"summary_large_image","twitter_creator":"@NOTICIEROS7","twitter_site":"@NOTICIEROS7","twitter_misc":{"Escrito por":"Edici\u00f3n Web","Tiempo de lectura":"2 minutos"},"schema":{"@context":"https:\/\/schema.org","@graph":[{"@type":"Article","@id":"https:\/\/canal7slp.tv\/2025\/juez-bloquea-orden-de-trump-que-negaba-atencion-medica-a-jovenes-trans\/#article","isPartOf":{"@id":"https:\/\/canal7slp.tv\/2025\/juez-bloquea-orden-de-trump-que-negaba-atencion-medica-a-jovenes-trans\/"},"author":{"name":"Edici\u00f3n Web","@id":"https:\/\/canal7slp.tv\/2025\/#\/schema\/person\/271e2b60a96e7cc9d9ac296f4d7e414b"},"headline":"Juez bloquea orden de Trump que negaba atenci\u00f3n m\u00e9dica a j\u00f3venes trans","datePublished":"2025-02-14T20:12:36+00:00","mainEntityOfPage":{"@id":"https:\/\/canal7slp.tv\/2025\/juez-bloquea-orden-de-trump-que-negaba-atencion-medica-a-jovenes-trans\/"},"wordCount":277,"publisher":{"@id":"https:\/\/canal7slp.tv\/2025\/#organization"},"image":{"@id":"https:\/\/canal7slp.tv\/2025\/juez-bloquea-orden-de-trump-que-negaba-atencion-medica-a-jovenes-trans\/#primaryimage"},"thumbnailUrl":"https:\/\/canal7slp.tv\/2025\/wp-content\/uploads\/2025\/02\/05-13.jpg","articleSection":["INTERNACIONALES"],"inLanguage":"es"},{"@type":"WebPage","@id":"https:\/\/canal7slp.tv\/2025\/juez-bloquea-orden-de-trump-que-negaba-atencion-medica-a-jovenes-trans\/","url":"https:\/\/canal7slp.tv\/2025\/juez-bloquea-orden-de-trump-que-negaba-atencion-medica-a-jovenes-trans\/","name":"Juez bloquea orden de Trump que negaba atenci\u00f3n m\u00e9dica a j\u00f3venes trans - Canal 7 SLP - 2025","isPartOf":{"@id":"https:\/\/canal7slp.tv\/2025\/#website"},"primaryImageOfPage":{"@id":"https:\/\/canal7slp.tv\/2025\/juez-bloquea-orden-de-trump-que-negaba-atencion-medica-a-jovenes-trans\/#primaryimage"},"image":{"@id":"https:\/\/canal7slp.tv\/2025\/juez-bloquea-orden-de-trump-que-negaba-atencion-medica-a-jovenes-trans\/#primaryimage"},"thumbnailUrl":"https:\/\/canal7slp.tv\/2025\/wp-content\/uploads\/2025\/02\/05-13.jpg","datePublished":"2025-02-14T20:12:36+00:00","breadcrumb":{"@id":"https:\/\/canal7slp.tv\/2025\/juez-bloquea-orden-de-trump-que-negaba-atencion-medica-a-jovenes-trans\/#breadcrumb"},"inLanguage":"es","potentialAction":[{"@type":"ReadAction","target":["https:\/\/canal7slp.tv\/2025\/juez-bloquea-orden-de-trump-que-negaba-atencion-medica-a-jovenes-trans\/"]}]},{"@type":"ImageObject","inLanguage":"es","@id":"https:\/\/canal7slp.tv\/2025\/juez-bloquea-orden-de-trump-que-negaba-atencion-medica-a-jovenes-trans\/#primaryimage","url":"https:\/\/canal7slp.tv\/2025\/wp-content\/uploads\/2025\/02\/05-13.jpg","contentUrl":"https:\/\/canal7slp.tv\/2025\/wp-content\/uploads\/2025\/02\/05-13.jpg","width":750,"height":500},{"@type":"BreadcrumbList","@id":"https:\/\/canal7slp.tv\/2025\/juez-bloquea-orden-de-trump-que-negaba-atencion-medica-a-jovenes-trans\/#breadcrumb","itemListElement":[{"@type":"ListItem","position":1,"name":"Portada","item":"https:\/\/canal7slp.tv\/2025\/"},{"@type":"ListItem","position":2,"name":"Juez bloquea orden de Trump que negaba atenci\u00f3n m\u00e9dica a j\u00f3venes trans"}]},{"@type":"WebSite","@id":"https:\/\/canal7slp.tv\/2025\/#website","url":"https:\/\/canal7slp.tv\/2025\/","name":"N7 - Noticieros Canal 7","description":"Somos el Medio","publisher":{"@id":"https:\/\/canal7slp.tv\/2025\/#organization"},"potentialAction":[{"@type":"SearchAction","target":{"@type":"EntryPoint","urlTemplate":"https:\/\/canal7slp.tv\/2025\/?s={search_term_string}"},"query-input":{"@type":"PropertyValueSpecification","valueRequired":true,"valueName":"search_term_string"}}],"inLanguage":"es"},{"@type":"Organization","@id":"https:\/\/canal7slp.tv\/2025\/#organization","name":"Noticieros Canal 7","url":"https:\/\/canal7slp.tv\/2025\/","logo":{"@type":"ImageObject","inLanguage":"es","@id":"https:\/\/canal7slp.tv\/2025\/#\/schema\/logo\/image\/","url":"https:\/\/canal7slp.tv\/2025\/wp-content\/uploads\/2021\/01\/logo-noticieros@2x.png","contentUrl":"https:\/\/canal7slp.tv\/2025\/wp-content\/uploads\/2021\/01\/logo-noticieros@2x.png","width":1017,"height":268,"caption":"Noticieros Canal 7"},"image":{"@id":"https:\/\/canal7slp.tv\/2025\/#\/schema\/logo\/image\/"},"sameAs":["https:\/\/www.facebook.com\/noticieroscanal7atencionciudadana\/","https:\/\/x.com\/NOTICIEROS7","https:\/\/www.instagram.com\/canal7_slp","https:\/\/www.youtube.com\/channel\/UCliiYs-gP3JfJeqdPrNdd5A"]},{"@type":"Person","@id":"https:\/\/canal7slp.tv\/2025\/#\/schema\/person\/271e2b60a96e7cc9d9ac296f4d7e414b","name":"Edici\u00f3n Web","image":{"@type":"ImageObject","inLanguage":"es","@id":"https:\/\/secure.gravatar.com\/avatar\/eee448fc3f7164808013b816ba91ac7e43bbe82a70bebac296f8bc6f0addaa1a?s=96&d=mm&r=g","url":"https:\/\/secure.gravatar.com\/avatar\/eee448fc3f7164808013b816ba91ac7e43bbe82a70bebac296f8bc6f0addaa1a?s=96&d=mm&r=g","contentUrl":"https:\/\/secure.gravatar.com\/avatar\/eee448fc3f7164808013b816ba91ac7e43bbe82a70bebac296f8bc6f0addaa1a?s=96&d=mm&r=g","caption":"Edici\u00f3n Web"},"url":"https:\/\/canal7slp.tv\/2025\/author\/edicionweb\/"}]}},"_links":{"self":[{"href":"https:\/\/canal7slp.tv\/2025\/wp-json\/wp\/v2\/posts\/158070","targetHints":{"allow":["GET"]}}],"collection":[{"href":"https:\/\/canal7slp.tv\/2025\/wp-json\/wp\/v2\/posts"}],"about":[{"href":"https:\/\/canal7slp.tv\/2025\/wp-json\/wp\/v2\/types\/post"}],"author":[{"embeddable":true,"href":"https:\/\/canal7slp.tv\/2025\/wp-json\/wp\/v2\/users\/2"}],"replies":[{"embeddable":true,"href":"https:\/\/canal7slp.tv\/2025\/wp-json\/wp\/v2\/comments?post=158070"}],"version-history":[{"count":1,"href":"https:\/\/canal7slp.tv\/2025\/wp-json\/wp\/v2\/posts\/158070\/revisions"}],"predecessor-version":[{"id":158072,"href":"https:\/\/canal7slp.tv\/2025\/wp-json\/wp\/v2\/posts\/158070\/revisions\/158072"}],"wp:featuredmedia":[{"embeddable":true,"href":"https:\/\/canal7slp.tv\/2025\/wp-json\/wp\/v2\/media\/158071"}],"wp:attachment":[{"href":"https:\/\/canal7slp.tv\/2025\/wp-json\/wp\/v2\/media?parent=158070"}],"wp:term":[{"taxonomy":"category","embeddable":true,"href":"https:\/\/canal7slp.tv\/2025\/wp-json\/wp\/v2\/categories?post=158070"},{"taxonomy":"post_tag","embeddable":true,"href":"https:\/\/canal7slp.tv\/2025\/wp-json\/wp\/v2\/tags?post=158070"}],"curies":[{"name":"wp","href":"https:\/\/api.w.org\/{rel}","templated":true}]}}