{"id":158067,"date":"2025-02-14T14:00:42","date_gmt":"2025-02-14T20:00:42","guid":{"rendered":"https:\/\/canal7slp.tv\/2025\/?p=158067"},"modified":"2025-02-14T14:00:42","modified_gmt":"2025-02-14T20:00:42","slug":"tiktok-vuelve-a-tiendas-de-aplicaciones-en-eua","status":"publish","type":"post","link":"https:\/\/canal7slp.tv\/2025\/tiktok-vuelve-a-tiendas-de-aplicaciones-en-eua\/","title":{"rendered":"TikTok vuelve a tiendas de aplicaciones en EUA"},"content":{"rendered":"<p style=\"text-align: justify;\">EUA.- TikTok ha vuelto a estar disponible en la App Store y Google Play en Estados Unidos, luego de haber sido prohibida durante casi un mes.<\/p>\n<p style=\"text-align: justify;\">La restauraci\u00f3n de la aplicaci\u00f3n ocurri\u00f3 despu\u00e9s de que Pam Bondi, fiscal general de EUA, enviara una carta a Apple asegurando que la empresa no enfrentar\u00eda sanciones por permitir su descarga.<\/p>\n<p style=\"text-align: justify;\">El presidente Donald Trump se\u00f1al\u00f3 que podr\u00eda extender el plazo para que TikTok se desvincule de su empresa matriz, ByteDance, con el fin de evitar una nueva prohibici\u00f3n en el pa\u00eds. Para ello, deleg\u00f3 en el vicepresidente JD Vance la supervisi\u00f3n de las negociaciones para una posible venta de la aplicaci\u00f3n.<\/p>\n<p style=\"text-align: justify;\">TikTok fue retirada de las tiendas en enero como parte de la implementaci\u00f3n de la Ley de Protecci\u00f3n de los Estadounidenses frente a Aplicaciones Controladas de Adversarios Extranjeros. Aunque Trump firm\u00f3 una orden ejecutiva extendiendo la prohibici\u00f3n por 75 d\u00edas, Apple y Google optaron por no alojar la aplicaci\u00f3n para evitar sanciones.<\/p>\n","protected":false},"excerpt":{"rendered":"<p>EUA.- TikTok ha vuelto a estar disponible en la App Store y Google Play en Estados Unidos, luego de haber sido prohibida durante casi un mes. La restauraci\u00f3n de la aplicaci\u00f3n ocurri\u00f3 despu\u00e9s de que Pam Bondi, fiscal general de EUA, enviara una carta a Apple asegurando que la empresa no enfrentar\u00eda sanciones por permitir su descarga. El presidente Donald Trump se\u00f1al\u00f3 que podr\u00eda extender el plazo para que TikTok se desvincule de su empresa matriz, ByteDance, con el fin de evitar una nueva prohibici\u00f3n en el pa\u00eds. Para ello, deleg\u00f3 en el vicepresidente JD Vance la supervisi\u00f3n de las [&hellip;]<\/p>\n","protected":false},"author":2,"featured_media":158068,"comment_status":"closed","ping_status":"closed","sticky":false,"template":"","format":"standard","meta":{"_monsterinsights_skip_tracking":false,"_monsterinsights_sitenote_active":false,"_monsterinsights_sitenote_note":"","_monsterinsights_sitenote_category":0,"footnotes":""},"categories":[44],"tags":[],"class_list":["post-158067","post","type-post","status-publish","format-standard","has-post-thumbnail","hentry","category-internacional","post--single"],"yoast_head":"<!-- This site is optimized with the Yoast SEO plugin v27.5 - https:\/\/yoast.com\/product\/yoast-seo-wordpress\/ -->\n<title>TikTok vuelve a tiendas de aplicaciones en EUA - Canal 7 SLP - 2025<\/title>\n<meta name=\"robots\" content=\"index, follow, max-snippet:-1, max-image-preview:large, max-video-preview:-1\" \/>\n<link rel=\"canonical\" href=\"https:\/\/canal7slp.tv\/2025\/tiktok-vuelve-a-tiendas-de-aplicaciones-en-eua\/\" \/>\n<meta property=\"og:locale\" content=\"es_ES\" \/>\n<meta property=\"og:type\" content=\"article\" \/>\n<meta property=\"og:title\" content=\"TikTok vuelve a tiendas de aplicaciones en EUA - Canal 7 SLP - 2025\" \/>\n<meta property=\"og:description\" content=\"EUA.- TikTok ha vuelto a estar disponible en la App Store y Google Play en Estados Unidos, luego de haber sido prohibida durante casi un mes. La restauraci\u00f3n de la aplicaci\u00f3n ocurri\u00f3 despu\u00e9s de que Pam Bondi, fiscal general de EUA, enviara una carta a Apple asegurando que la empresa no enfrentar\u00eda sanciones por permitir su descarga. El presidente Donald Trump se\u00f1al\u00f3 que podr\u00eda extender el plazo para que TikTok se desvincule de su empresa matriz, ByteDance, con el fin de evitar una nueva prohibici\u00f3n en el pa\u00eds. Para ello, deleg\u00f3 en el vicepresidente JD Vance la supervisi\u00f3n de las [&hellip;]\" \/>\n<meta property=\"og:url\" content=\"https:\/\/canal7slp.tv\/2025\/tiktok-vuelve-a-tiendas-de-aplicaciones-en-eua\/\" \/>\n<meta property=\"og:site_name\" content=\"Canal 7 SLP - 2025\" \/>\n<meta property=\"article:publisher\" content=\"https:\/\/www.facebook.com\/noticieroscanal7atencionciudadana\/\" \/>\n<meta property=\"article:published_time\" content=\"2025-02-14T20:00:42+00:00\" \/>\n<meta property=\"og:image\" content=\"https:\/\/canal7slp.tv\/2025\/wp-content\/uploads\/2025\/02\/04-13.jpg\" \/>\n\t<meta property=\"og:image:width\" content=\"1200\" \/>\n\t<meta property=\"og:image:height\" content=\"655\" \/>\n\t<meta property=\"og:image:type\" content=\"image\/jpeg\" \/>\n<meta name=\"author\" content=\"Edici\u00f3n Web\" \/>\n<meta name=\"twitter:card\" content=\"summary_large_image\" \/>\n<meta name=\"twitter:creator\" content=\"@NOTICIEROS7\" \/>\n<meta name=\"twitter:site\" content=\"@NOTICIEROS7\" \/>\n<meta name=\"twitter:label1\" content=\"Escrito por\" \/>\n\t<meta name=\"twitter:data1\" content=\"Edici\u00f3n Web\" \/>\n\t<meta name=\"twitter:label2\" content=\"Tiempo de lectura\" \/>\n\t<meta name=\"twitter:data2\" content=\"1 minuto\" \/>\n<script type=\"application\/ld+json\" class=\"yoast-schema-graph\">{\"@context\":\"https:\\\/\\\/schema.org\",\"@graph\":[{\"@type\":\"Article\",\"@id\":\"https:\\\/\\\/canal7slp.tv\\\/2025\\\/tiktok-vuelve-a-tiendas-de-aplicaciones-en-eua\\\/#article\",\"isPartOf\":{\"@id\":\"https:\\\/\\\/canal7slp.tv\\\/2025\\\/tiktok-vuelve-a-tiendas-de-aplicaciones-en-eua\\\/\"},\"author\":{\"name\":\"Edici\u00f3n Web\",\"@id\":\"https:\\\/\\\/canal7slp.tv\\\/2025\\\/#\\\/schema\\\/person\\\/271e2b60a96e7cc9d9ac296f4d7e414b\"},\"headline\":\"TikTok vuelve a tiendas de aplicaciones en EUA\",\"datePublished\":\"2025-02-14T20:00:42+00:00\",\"mainEntityOfPage\":{\"@id\":\"https:\\\/\\\/canal7slp.tv\\\/2025\\\/tiktok-vuelve-a-tiendas-de-aplicaciones-en-eua\\\/\"},\"wordCount\":183,\"publisher\":{\"@id\":\"https:\\\/\\\/canal7slp.tv\\\/2025\\\/#organization\"},\"image\":{\"@id\":\"https:\\\/\\\/canal7slp.tv\\\/2025\\\/tiktok-vuelve-a-tiendas-de-aplicaciones-en-eua\\\/#primaryimage\"},\"thumbnailUrl\":\"https:\\\/\\\/canal7slp.tv\\\/2025\\\/wp-content\\\/uploads\\\/2025\\\/02\\\/04-13.jpg\",\"articleSection\":[\"INTERNACIONALES\"],\"inLanguage\":\"es\"},{\"@type\":\"WebPage\",\"@id\":\"https:\\\/\\\/canal7slp.tv\\\/2025\\\/tiktok-vuelve-a-tiendas-de-aplicaciones-en-eua\\\/\",\"url\":\"https:\\\/\\\/canal7slp.tv\\\/2025\\\/tiktok-vuelve-a-tiendas-de-aplicaciones-en-eua\\\/\",\"name\":\"TikTok vuelve a tiendas de aplicaciones en EUA - Canal 7 SLP - 2025\",\"isPartOf\":{\"@id\":\"https:\\\/\\\/canal7slp.tv\\\/2025\\\/#website\"},\"primaryImageOfPage\":{\"@id\":\"https:\\\/\\\/canal7slp.tv\\\/2025\\\/tiktok-vuelve-a-tiendas-de-aplicaciones-en-eua\\\/#primaryimage\"},\"image\":{\"@id\":\"https:\\\/\\\/canal7slp.tv\\\/2025\\\/tiktok-vuelve-a-tiendas-de-aplicaciones-en-eua\\\/#primaryimage\"},\"thumbnailUrl\":\"https:\\\/\\\/canal7slp.tv\\\/2025\\\/wp-content\\\/uploads\\\/2025\\\/02\\\/04-13.jpg\",\"datePublished\":\"2025-02-14T20:00:42+00:00\",\"breadcrumb\":{\"@id\":\"https:\\\/\\\/canal7slp.tv\\\/2025\\\/tiktok-vuelve-a-tiendas-de-aplicaciones-en-eua\\\/#breadcrumb\"},\"inLanguage\":\"es\",\"potentialAction\":[{\"@type\":\"ReadAction\",\"target\":[\"https:\\\/\\\/canal7slp.tv\\\/2025\\\/tiktok-vuelve-a-tiendas-de-aplicaciones-en-eua\\\/\"]}]},{\"@type\":\"ImageObject\",\"inLanguage\":\"es\",\"@id\":\"https:\\\/\\\/canal7slp.tv\\\/2025\\\/tiktok-vuelve-a-tiendas-de-aplicaciones-en-eua\\\/#primaryimage\",\"url\":\"https:\\\/\\\/canal7slp.tv\\\/2025\\\/wp-content\\\/uploads\\\/2025\\\/02\\\/04-13.jpg\",\"contentUrl\":\"https:\\\/\\\/canal7slp.tv\\\/2025\\\/wp-content\\\/uploads\\\/2025\\\/02\\\/04-13.jpg\",\"width\":1200,\"height\":655},{\"@type\":\"BreadcrumbList\",\"@id\":\"https:\\\/\\\/canal7slp.tv\\\/2025\\\/tiktok-vuelve-a-tiendas-de-aplicaciones-en-eua\\\/#breadcrumb\",\"itemListElement\":[{\"@type\":\"ListItem\",\"position\":1,\"name\":\"Portada\",\"item\":\"https:\\\/\\\/canal7slp.tv\\\/2025\\\/\"},{\"@type\":\"ListItem\",\"position\":2,\"name\":\"TikTok vuelve a tiendas de aplicaciones en EUA\"}]},{\"@type\":\"WebSite\",\"@id\":\"https:\\\/\\\/canal7slp.tv\\\/2025\\\/#website\",\"url\":\"https:\\\/\\\/canal7slp.tv\\\/2025\\\/\",\"name\":\"N7 - Noticieros Canal 7\",\"description\":\"Somos el Medio\",\"publisher\":{\"@id\":\"https:\\\/\\\/canal7slp.tv\\\/2025\\\/#organization\"},\"potentialAction\":[{\"@type\":\"SearchAction\",\"target\":{\"@type\":\"EntryPoint\",\"urlTemplate\":\"https:\\\/\\\/canal7slp.tv\\\/2025\\\/?s={search_term_string}\"},\"query-input\":{\"@type\":\"PropertyValueSpecification\",\"valueRequired\":true,\"valueName\":\"search_term_string\"}}],\"inLanguage\":\"es\"},{\"@type\":\"Organization\",\"@id\":\"https:\\\/\\\/canal7slp.tv\\\/2025\\\/#organization\",\"name\":\"Noticieros Canal 7\",\"url\":\"https:\\\/\\\/canal7slp.tv\\\/2025\\\/\",\"logo\":{\"@type\":\"ImageObject\",\"inLanguage\":\"es\",\"@id\":\"https:\\\/\\\/canal7slp.tv\\\/2025\\\/#\\\/schema\\\/logo\\\/image\\\/\",\"url\":\"https:\\\/\\\/canal7slp.tv\\\/2025\\\/wp-content\\\/uploads\\\/2021\\\/01\\\/logo-noticieros@2x.png\",\"contentUrl\":\"https:\\\/\\\/canal7slp.tv\\\/2025\\\/wp-content\\\/uploads\\\/2021\\\/01\\\/logo-noticieros@2x.png\",\"width\":1017,\"height\":268,\"caption\":\"Noticieros Canal 7\"},\"image\":{\"@id\":\"https:\\\/\\\/canal7slp.tv\\\/2025\\\/#\\\/schema\\\/logo\\\/image\\\/\"},\"sameAs\":[\"https:\\\/\\\/www.facebook.com\\\/noticieroscanal7atencionciudadana\\\/\",\"https:\\\/\\\/x.com\\\/NOTICIEROS7\",\"https:\\\/\\\/www.instagram.com\\\/canal7_slp\",\"https:\\\/\\\/www.youtube.com\\\/channel\\\/UCliiYs-gP3JfJeqdPrNdd5A\"]},{\"@type\":\"Person\",\"@id\":\"https:\\\/\\\/canal7slp.tv\\\/2025\\\/#\\\/schema\\\/person\\\/271e2b60a96e7cc9d9ac296f4d7e414b\",\"name\":\"Edici\u00f3n Web\",\"image\":{\"@type\":\"ImageObject\",\"inLanguage\":\"es\",\"@id\":\"https:\\\/\\\/secure.gravatar.com\\\/avatar\\\/eee448fc3f7164808013b816ba91ac7e43bbe82a70bebac296f8bc6f0addaa1a?s=96&d=mm&r=g\",\"url\":\"https:\\\/\\\/secure.gravatar.com\\\/avatar\\\/eee448fc3f7164808013b816ba91ac7e43bbe82a70bebac296f8bc6f0addaa1a?s=96&d=mm&r=g\",\"contentUrl\":\"https:\\\/\\\/secure.gravatar.com\\\/avatar\\\/eee448fc3f7164808013b816ba91ac7e43bbe82a70bebac296f8bc6f0addaa1a?s=96&d=mm&r=g\",\"caption\":\"Edici\u00f3n Web\"},\"url\":\"https:\\\/\\\/canal7slp.tv\\\/2025\\\/author\\\/edicionweb\\\/\"}]}<\/script>\n<!-- \/ Yoast SEO plugin. -->","yoast_head_json":{"title":"TikTok vuelve a tiendas de aplicaciones en EUA - Canal 7 SLP - 2025","robots":{"index":"index","follow":"follow","max-snippet":"max-snippet:-1","max-image-preview":"max-image-preview:large","max-video-preview":"max-video-preview:-1"},"canonical":"https:\/\/canal7slp.tv\/2025\/tiktok-vuelve-a-tiendas-de-aplicaciones-en-eua\/","og_locale":"es_ES","og_type":"article","og_title":"TikTok vuelve a tiendas de aplicaciones en EUA - Canal 7 SLP - 2025","og_description":"EUA.- TikTok ha vuelto a estar disponible en la App Store y Google Play en Estados Unidos, luego de haber sido prohibida durante casi un mes. La restauraci\u00f3n de la aplicaci\u00f3n ocurri\u00f3 despu\u00e9s de que Pam Bondi, fiscal general de EUA, enviara una carta a Apple asegurando que la empresa no enfrentar\u00eda sanciones por permitir su descarga. El presidente Donald Trump se\u00f1al\u00f3 que podr\u00eda extender el plazo para que TikTok se desvincule de su empresa matriz, ByteDance, con el fin de evitar una nueva prohibici\u00f3n en el pa\u00eds. Para ello, deleg\u00f3 en el vicepresidente JD Vance la supervisi\u00f3n de las [&hellip;]","og_url":"https:\/\/canal7slp.tv\/2025\/tiktok-vuelve-a-tiendas-de-aplicaciones-en-eua\/","og_site_name":"Canal 7 SLP - 2025","article_publisher":"https:\/\/www.facebook.com\/noticieroscanal7atencionciudadana\/","article_published_time":"2025-02-14T20:00:42+00:00","og_image":[{"width":1200,"height":655,"url":"https:\/\/canal7slp.tv\/2025\/wp-content\/uploads\/2025\/02\/04-13.jpg","type":"image\/jpeg"}],"author":"Edici\u00f3n Web","twitter_card":"summary_large_image","twitter_creator":"@NOTICIEROS7","twitter_site":"@NOTICIEROS7","twitter_misc":{"Escrito por":"Edici\u00f3n Web","Tiempo de lectura":"1 minuto"},"schema":{"@context":"https:\/\/schema.org","@graph":[{"@type":"Article","@id":"https:\/\/canal7slp.tv\/2025\/tiktok-vuelve-a-tiendas-de-aplicaciones-en-eua\/#article","isPartOf":{"@id":"https:\/\/canal7slp.tv\/2025\/tiktok-vuelve-a-tiendas-de-aplicaciones-en-eua\/"},"author":{"name":"Edici\u00f3n Web","@id":"https:\/\/canal7slp.tv\/2025\/#\/schema\/person\/271e2b60a96e7cc9d9ac296f4d7e414b"},"headline":"TikTok vuelve a tiendas de aplicaciones en EUA","datePublished":"2025-02-14T20:00:42+00:00","mainEntityOfPage":{"@id":"https:\/\/canal7slp.tv\/2025\/tiktok-vuelve-a-tiendas-de-aplicaciones-en-eua\/"},"wordCount":183,"publisher":{"@id":"https:\/\/canal7slp.tv\/2025\/#organization"},"image":{"@id":"https:\/\/canal7slp.tv\/2025\/tiktok-vuelve-a-tiendas-de-aplicaciones-en-eua\/#primaryimage"},"thumbnailUrl":"https:\/\/canal7slp.tv\/2025\/wp-content\/uploads\/2025\/02\/04-13.jpg","articleSection":["INTERNACIONALES"],"inLanguage":"es"},{"@type":"WebPage","@id":"https:\/\/canal7slp.tv\/2025\/tiktok-vuelve-a-tiendas-de-aplicaciones-en-eua\/","url":"https:\/\/canal7slp.tv\/2025\/tiktok-vuelve-a-tiendas-de-aplicaciones-en-eua\/","name":"TikTok vuelve a tiendas de aplicaciones en EUA - Canal 7 SLP - 2025","isPartOf":{"@id":"https:\/\/canal7slp.tv\/2025\/#website"},"primaryImageOfPage":{"@id":"https:\/\/canal7slp.tv\/2025\/tiktok-vuelve-a-tiendas-de-aplicaciones-en-eua\/#primaryimage"},"image":{"@id":"https:\/\/canal7slp.tv\/2025\/tiktok-vuelve-a-tiendas-de-aplicaciones-en-eua\/#primaryimage"},"thumbnailUrl":"https:\/\/canal7slp.tv\/2025\/wp-content\/uploads\/2025\/02\/04-13.jpg","datePublished":"2025-02-14T20:00:42+00:00","breadcrumb":{"@id":"https:\/\/canal7slp.tv\/2025\/tiktok-vuelve-a-tiendas-de-aplicaciones-en-eua\/#breadcrumb"},"inLanguage":"es","potentialAction":[{"@type":"ReadAction","target":["https:\/\/canal7slp.tv\/2025\/tiktok-vuelve-a-tiendas-de-aplicaciones-en-eua\/"]}]},{"@type":"ImageObject","inLanguage":"es","@id":"https:\/\/canal7slp.tv\/2025\/tiktok-vuelve-a-tiendas-de-aplicaciones-en-eua\/#primaryimage","url":"https:\/\/canal7slp.tv\/2025\/wp-content\/uploads\/2025\/02\/04-13.jpg","contentUrl":"https:\/\/canal7slp.tv\/2025\/wp-content\/uploads\/2025\/02\/04-13.jpg","width":1200,"height":655},{"@type":"BreadcrumbList","@id":"https:\/\/canal7slp.tv\/2025\/tiktok-vuelve-a-tiendas-de-aplicaciones-en-eua\/#breadcrumb","itemListElement":[{"@type":"ListItem","position":1,"name":"Portada","item":"https:\/\/canal7slp.tv\/2025\/"},{"@type":"ListItem","position":2,"name":"TikTok vuelve a tiendas de aplicaciones en EUA"}]},{"@type":"WebSite","@id":"https:\/\/canal7slp.tv\/2025\/#website","url":"https:\/\/canal7slp.tv\/2025\/","name":"N7 - Noticieros Canal 7","description":"Somos el Medio","publisher":{"@id":"https:\/\/canal7slp.tv\/2025\/#organization"},"potentialAction":[{"@type":"SearchAction","target":{"@type":"EntryPoint","urlTemplate":"https:\/\/canal7slp.tv\/2025\/?s={search_term_string}"},"query-input":{"@type":"PropertyValueSpecification","valueRequired":true,"valueName":"search_term_string"}}],"inLanguage":"es"},{"@type":"Organization","@id":"https:\/\/canal7slp.tv\/2025\/#organization","name":"Noticieros Canal 7","url":"https:\/\/canal7slp.tv\/2025\/","logo":{"@type":"ImageObject","inLanguage":"es","@id":"https:\/\/canal7slp.tv\/2025\/#\/schema\/logo\/image\/","url":"https:\/\/canal7slp.tv\/2025\/wp-content\/uploads\/2021\/01\/logo-noticieros@2x.png","contentUrl":"https:\/\/canal7slp.tv\/2025\/wp-content\/uploads\/2021\/01\/logo-noticieros@2x.png","width":1017,"height":268,"caption":"Noticieros Canal 7"},"image":{"@id":"https:\/\/canal7slp.tv\/2025\/#\/schema\/logo\/image\/"},"sameAs":["https:\/\/www.facebook.com\/noticieroscanal7atencionciudadana\/","https:\/\/x.com\/NOTICIEROS7","https:\/\/www.instagram.com\/canal7_slp","https:\/\/www.youtube.com\/channel\/UCliiYs-gP3JfJeqdPrNdd5A"]},{"@type":"Person","@id":"https:\/\/canal7slp.tv\/2025\/#\/schema\/person\/271e2b60a96e7cc9d9ac296f4d7e414b","name":"Edici\u00f3n Web","image":{"@type":"ImageObject","inLanguage":"es","@id":"https:\/\/secure.gravatar.com\/avatar\/eee448fc3f7164808013b816ba91ac7e43bbe82a70bebac296f8bc6f0addaa1a?s=96&d=mm&r=g","url":"https:\/\/secure.gravatar.com\/avatar\/eee448fc3f7164808013b816ba91ac7e43bbe82a70bebac296f8bc6f0addaa1a?s=96&d=mm&r=g","contentUrl":"https:\/\/secure.gravatar.com\/avatar\/eee448fc3f7164808013b816ba91ac7e43bbe82a70bebac296f8bc6f0addaa1a?s=96&d=mm&r=g","caption":"Edici\u00f3n Web"},"url":"https:\/\/canal7slp.tv\/2025\/author\/edicionweb\/"}]}},"_links":{"self":[{"href":"https:\/\/canal7slp.tv\/2025\/wp-json\/wp\/v2\/posts\/158067","targetHints":{"allow":["GET"]}}],"collection":[{"href":"https:\/\/canal7slp.tv\/2025\/wp-json\/wp\/v2\/posts"}],"about":[{"href":"https:\/\/canal7slp.tv\/2025\/wp-json\/wp\/v2\/types\/post"}],"author":[{"embeddable":true,"href":"https:\/\/canal7slp.tv\/2025\/wp-json\/wp\/v2\/users\/2"}],"replies":[{"embeddable":true,"href":"https:\/\/canal7slp.tv\/2025\/wp-json\/wp\/v2\/comments?post=158067"}],"version-history":[{"count":1,"href":"https:\/\/canal7slp.tv\/2025\/wp-json\/wp\/v2\/posts\/158067\/revisions"}],"predecessor-version":[{"id":158069,"href":"https:\/\/canal7slp.tv\/2025\/wp-json\/wp\/v2\/posts\/158067\/revisions\/158069"}],"wp:featuredmedia":[{"embeddable":true,"href":"https:\/\/canal7slp.tv\/2025\/wp-json\/wp\/v2\/media\/158068"}],"wp:attachment":[{"href":"https:\/\/canal7slp.tv\/2025\/wp-json\/wp\/v2\/media?parent=158067"}],"wp:term":[{"taxonomy":"category","embeddable":true,"href":"https:\/\/canal7slp.tv\/2025\/wp-json\/wp\/v2\/categories?post=158067"},{"taxonomy":"post_tag","embeddable":true,"href":"https:\/\/canal7slp.tv\/2025\/wp-json\/wp\/v2\/tags?post=158067"}],"curies":[{"name":"wp","href":"https:\/\/api.w.org\/{rel}","templated":true}]}}