{"id":157694,"date":"2025-02-11T15:38:11","date_gmt":"2025-02-11T21:38:11","guid":{"rendered":"https:\/\/canal7slp.tv\/2025\/?p=157694"},"modified":"2025-02-11T15:38:11","modified_gmt":"2025-02-11T21:38:11","slug":"accidentes-viales-y-salud-mental-principales-factores-de-mortalidad-en-poblacion-masculina-de-slp","status":"publish","type":"post","link":"https:\/\/canal7slp.tv\/2025\/accidentes-viales-y-salud-mental-principales-factores-de-mortalidad-en-poblacion-masculina-de-slp\/","title":{"rendered":"Accidentes viales y salud mental, principales factores de mortalidad en poblaci\u00f3n masculina de SLP"},"content":{"rendered":"<p style=\"text-align: justify;\"><span style=\"font-size: 1.21429rem;\">SLP.- Con el prop\u00f3sito de fomentar la prevenci\u00f3n y atenci\u00f3n oportuna de enfermedades entre la poblaci\u00f3n masculina, el Gobierno del Estado de San Luis Potos\u00ed ha designado febrero como el Mes de la Salud del Hombre.<\/span><\/p>\n<p style=\"text-align: justify;\">A trav\u00e9s de los Servicios de Salud, se llevar\u00e1n a cabo campa\u00f1as de concientizaci\u00f3n enfocadas en problemas prioritarios de este sector, como accidentes viales y salud mental.<\/p>\n<p style=\"text-align: justify;\">Y es que seg\u00fan datos del Sistema Estatal de Urgencias M\u00e9dicas, el 59% de los accidentes automovil\u00edsticos registrados involucran a hombres de entre 21 y 30 a\u00f1os.<\/p>\n<p style=\"text-align: justify;\">Ante esta problem\u00e1tica, las autoridades subrayan la importancia de adoptar medidas responsables al conducir, como:<\/p>\n<p style=\"text-align: justify;\">1. Mantener el veh\u00edculo en buen estado mediante revisiones peri\u00f3dicas.<\/p>\n<p style=\"text-align: justify;\">2. Respetar las normas de tr\u00e1nsito y mantener una distancia segura entre veh\u00edculos.<\/p>\n<p style=\"text-align: justify;\">3. Evitar distracciones, especialmente el uso del celular.<\/p>\n<p style=\"text-align: justify;\">4. No conducir bajo los efectos del alcohol o drogas.<\/p>\n<p style=\"text-align: justify;\">5. Usar siempre el cintur\u00f3n de seguridad.<\/p>\n<p style=\"text-align: justify;\">Por otro lado, el suicidio sigue siendo un problema de salud p\u00fablica con una prevalencia alarmante entre los hombres.<\/p>\n<p style=\"text-align: justify;\">Tan solo en 2023, San Luis Potos\u00ed report\u00f3 250 suicidios, de los cuales el 86% correspondieron a varones.<\/p>\n<p style=\"text-align: justify;\">Mencionan que las construcciones tradicionales de la masculinidad, que dificultan la expresi\u00f3n de emociones, son un factor clave en esta crisis.<\/p>\n<p style=\"text-align: justify;\">Para combatir esta problem\u00e1tica, expertos destacan acciones necesarias como promover una educaci\u00f3n emocional inclusiva desde el hogar y las escuelas; es fundamental ense\u00f1ar a los hombres a reconocer y expresar sus emociones de manera saludable.<\/p>\n<p style=\"text-align: justify;\">Tambi\u00e9n eliminar el estigma del cuidado mental, pues resulta crucial generar espacios donde los hombres puedan hablar sobre su bienestar emocional sin temor al juicio social.<\/p>\n<p style=\"text-align: justify;\">Las autoridades recuerdan que la L\u00ednea de la Vida (800-911-2000) est\u00e1 disponible las 24 horas, los siete d\u00edas de la semana, para brindar atenci\u00f3n en salud mental.<\/p>\n<p style=\"text-align: justify;\">El Mes de la Salud del Hombre busca no solo prevenir enfermedades f\u00edsicas, sino tambi\u00e9n generar conciencia sobre la importancia del bienestar emocional, contribuyendo a salvar vidas y mejorar la calidad de vida de la poblaci\u00f3n masculina.<\/p>\n<p>Por: Jos\u00e9 Luis V\u00e1zquez<\/p>\n","protected":false},"excerpt":{"rendered":"<p>SLP.- Con el prop\u00f3sito de fomentar la prevenci\u00f3n y atenci\u00f3n oportuna de enfermedades entre la poblaci\u00f3n masculina, el Gobierno del Estado de San Luis Potos\u00ed ha designado febrero como el Mes de la Salud del Hombre. A trav\u00e9s de los Servicios de Salud, se llevar\u00e1n a cabo campa\u00f1as de concientizaci\u00f3n enfocadas en problemas prioritarios de este sector, como accidentes viales y salud mental. Y es que seg\u00fan datos del Sistema Estatal de Urgencias M\u00e9dicas, el 59% de los accidentes automovil\u00edsticos registrados involucran a hombres de entre 21 y 30 a\u00f1os. Ante esta problem\u00e1tica, las autoridades subrayan la importancia de adoptar [&hellip;]<\/p>\n","protected":false},"author":2,"featured_media":157704,"comment_status":"closed","ping_status":"closed","sticky":false,"template":"","format":"video","meta":{"_monsterinsights_skip_tracking":false,"_monsterinsights_sitenote_active":false,"_monsterinsights_sitenote_note":"","_monsterinsights_sitenote_category":0,"footnotes":""},"categories":[5,510,45],"tags":[],"class_list":["post-157694","post","type-post","status-publish","format-video","has-post-thumbnail","hentry","category-destacadas","category-gobedoslp","category-localesyregionales","post_format-post-format-video","post--single"],"yoast_head":"<!-- This site is optimized with the Yoast SEO plugin v27.5 - https:\/\/yoast.com\/product\/yoast-seo-wordpress\/ -->\n<title>Accidentes viales y salud mental, principales factores de mortalidad en poblaci\u00f3n masculina de SLP - Canal 7 SLP - 2025<\/title>\n<meta name=\"robots\" content=\"index, follow, max-snippet:-1, max-image-preview:large, max-video-preview:-1\" \/>\n<link rel=\"canonical\" href=\"https:\/\/canal7slp.tv\/2025\/accidentes-viales-y-salud-mental-principales-factores-de-mortalidad-en-poblacion-masculina-de-slp\/\" \/>\n<meta property=\"og:locale\" content=\"es_ES\" \/>\n<meta property=\"og:type\" content=\"article\" \/>\n<meta property=\"og:title\" content=\"Accidentes viales y salud mental, principales factores de mortalidad en poblaci\u00f3n masculina de SLP - Canal 7 SLP - 2025\" \/>\n<meta property=\"og:description\" content=\"SLP.- Con el prop\u00f3sito de fomentar la prevenci\u00f3n y atenci\u00f3n oportuna de enfermedades entre la poblaci\u00f3n masculina, el Gobierno del Estado de San Luis Potos\u00ed ha designado febrero como el Mes de la Salud del Hombre. A trav\u00e9s de los Servicios de Salud, se llevar\u00e1n a cabo campa\u00f1as de concientizaci\u00f3n enfocadas en problemas prioritarios de este sector, como accidentes viales y salud mental. Y es que seg\u00fan datos del Sistema Estatal de Urgencias M\u00e9dicas, el 59% de los accidentes automovil\u00edsticos registrados involucran a hombres de entre 21 y 30 a\u00f1os. Ante esta problem\u00e1tica, las autoridades subrayan la importancia de adoptar [&hellip;]\" \/>\n<meta property=\"og:url\" content=\"https:\/\/canal7slp.tv\/2025\/accidentes-viales-y-salud-mental-principales-factores-de-mortalidad-en-poblacion-masculina-de-slp\/\" \/>\n<meta property=\"og:site_name\" content=\"Canal 7 SLP - 2025\" \/>\n<meta property=\"article:publisher\" content=\"https:\/\/www.facebook.com\/noticieroscanal7atencionciudadana\/\" \/>\n<meta property=\"article:published_time\" content=\"2025-02-11T21:38:11+00:00\" \/>\n<meta property=\"og:image\" content=\"https:\/\/canal7slp.tv\/2025\/wp-content\/uploads\/2025\/02\/Vazquez01SaludHombre.jpg\" \/>\n\t<meta property=\"og:image:width\" content=\"1280\" \/>\n\t<meta property=\"og:image:height\" content=\"720\" \/>\n\t<meta property=\"og:image:type\" content=\"image\/jpeg\" \/>\n<meta name=\"author\" content=\"Edici\u00f3n Web\" \/>\n<meta name=\"twitter:card\" content=\"summary_large_image\" \/>\n<meta name=\"twitter:creator\" content=\"@NOTICIEROS7\" \/>\n<meta name=\"twitter:site\" content=\"@NOTICIEROS7\" \/>\n<meta name=\"twitter:label1\" content=\"Escrito por\" \/>\n\t<meta name=\"twitter:data1\" content=\"Edici\u00f3n Web\" \/>\n\t<meta name=\"twitter:label2\" content=\"Tiempo de lectura\" \/>\n\t<meta name=\"twitter:data2\" content=\"2 minutos\" \/>\n<script type=\"application\/ld+json\" class=\"yoast-schema-graph\">{\"@context\":\"https:\\\/\\\/schema.org\",\"@graph\":[{\"@type\":\"Article\",\"@id\":\"https:\\\/\\\/canal7slp.tv\\\/2025\\\/accidentes-viales-y-salud-mental-principales-factores-de-mortalidad-en-poblacion-masculina-de-slp\\\/#article\",\"isPartOf\":{\"@id\":\"https:\\\/\\\/canal7slp.tv\\\/2025\\\/accidentes-viales-y-salud-mental-principales-factores-de-mortalidad-en-poblacion-masculina-de-slp\\\/\"},\"author\":{\"name\":\"Edici\u00f3n Web\",\"@id\":\"https:\\\/\\\/canal7slp.tv\\\/2025\\\/#\\\/schema\\\/person\\\/271e2b60a96e7cc9d9ac296f4d7e414b\"},\"headline\":\"Accidentes viales y salud mental, principales factores de mortalidad en poblaci\u00f3n masculina de SLP\",\"datePublished\":\"2025-02-11T21:38:11+00:00\",\"mainEntityOfPage\":{\"@id\":\"https:\\\/\\\/canal7slp.tv\\\/2025\\\/accidentes-viales-y-salud-mental-principales-factores-de-mortalidad-en-poblacion-masculina-de-slp\\\/\"},\"wordCount\":376,\"publisher\":{\"@id\":\"https:\\\/\\\/canal7slp.tv\\\/2025\\\/#organization\"},\"image\":{\"@id\":\"https:\\\/\\\/canal7slp.tv\\\/2025\\\/accidentes-viales-y-salud-mental-principales-factores-de-mortalidad-en-poblacion-masculina-de-slp\\\/#primaryimage\"},\"thumbnailUrl\":\"https:\\\/\\\/canal7slp.tv\\\/2025\\\/wp-content\\\/uploads\\\/2025\\\/02\\\/Vazquez01SaludHombre.jpg\",\"articleSection\":[\"DESTACADAS\",\"GOBEDOSLP\",\"LOCALES Y REGIONALES\"],\"inLanguage\":\"es\"},{\"@type\":\"WebPage\",\"@id\":\"https:\\\/\\\/canal7slp.tv\\\/2025\\\/accidentes-viales-y-salud-mental-principales-factores-de-mortalidad-en-poblacion-masculina-de-slp\\\/\",\"url\":\"https:\\\/\\\/canal7slp.tv\\\/2025\\\/accidentes-viales-y-salud-mental-principales-factores-de-mortalidad-en-poblacion-masculina-de-slp\\\/\",\"name\":\"Accidentes viales y salud mental, principales factores de mortalidad en poblaci\u00f3n masculina de SLP - Canal 7 SLP - 2025\",\"isPartOf\":{\"@id\":\"https:\\\/\\\/canal7slp.tv\\\/2025\\\/#website\"},\"primaryImageOfPage\":{\"@id\":\"https:\\\/\\\/canal7slp.tv\\\/2025\\\/accidentes-viales-y-salud-mental-principales-factores-de-mortalidad-en-poblacion-masculina-de-slp\\\/#primaryimage\"},\"image\":{\"@id\":\"https:\\\/\\\/canal7slp.tv\\\/2025\\\/accidentes-viales-y-salud-mental-principales-factores-de-mortalidad-en-poblacion-masculina-de-slp\\\/#primaryimage\"},\"thumbnailUrl\":\"https:\\\/\\\/canal7slp.tv\\\/2025\\\/wp-content\\\/uploads\\\/2025\\\/02\\\/Vazquez01SaludHombre.jpg\",\"datePublished\":\"2025-02-11T21:38:11+00:00\",\"breadcrumb\":{\"@id\":\"https:\\\/\\\/canal7slp.tv\\\/2025\\\/accidentes-viales-y-salud-mental-principales-factores-de-mortalidad-en-poblacion-masculina-de-slp\\\/#breadcrumb\"},\"inLanguage\":\"es\",\"potentialAction\":[{\"@type\":\"ReadAction\",\"target\":[\"https:\\\/\\\/canal7slp.tv\\\/2025\\\/accidentes-viales-y-salud-mental-principales-factores-de-mortalidad-en-poblacion-masculina-de-slp\\\/\"]}]},{\"@type\":\"ImageObject\",\"inLanguage\":\"es\",\"@id\":\"https:\\\/\\\/canal7slp.tv\\\/2025\\\/accidentes-viales-y-salud-mental-principales-factores-de-mortalidad-en-poblacion-masculina-de-slp\\\/#primaryimage\",\"url\":\"https:\\\/\\\/canal7slp.tv\\\/2025\\\/wp-content\\\/uploads\\\/2025\\\/02\\\/Vazquez01SaludHombre.jpg\",\"contentUrl\":\"https:\\\/\\\/canal7slp.tv\\\/2025\\\/wp-content\\\/uploads\\\/2025\\\/02\\\/Vazquez01SaludHombre.jpg\",\"width\":1280,\"height\":720},{\"@type\":\"BreadcrumbList\",\"@id\":\"https:\\\/\\\/canal7slp.tv\\\/2025\\\/accidentes-viales-y-salud-mental-principales-factores-de-mortalidad-en-poblacion-masculina-de-slp\\\/#breadcrumb\",\"itemListElement\":[{\"@type\":\"ListItem\",\"position\":1,\"name\":\"Portada\",\"item\":\"https:\\\/\\\/canal7slp.tv\\\/2025\\\/\"},{\"@type\":\"ListItem\",\"position\":2,\"name\":\"Accidentes viales y salud mental, principales factores de mortalidad en poblaci\u00f3n masculina de SLP\"}]},{\"@type\":\"WebSite\",\"@id\":\"https:\\\/\\\/canal7slp.tv\\\/2025\\\/#website\",\"url\":\"https:\\\/\\\/canal7slp.tv\\\/2025\\\/\",\"name\":\"N7 - Noticieros Canal 7\",\"description\":\"Somos el Medio\",\"publisher\":{\"@id\":\"https:\\\/\\\/canal7slp.tv\\\/2025\\\/#organization\"},\"potentialAction\":[{\"@type\":\"SearchAction\",\"target\":{\"@type\":\"EntryPoint\",\"urlTemplate\":\"https:\\\/\\\/canal7slp.tv\\\/2025\\\/?s={search_term_string}\"},\"query-input\":{\"@type\":\"PropertyValueSpecification\",\"valueRequired\":true,\"valueName\":\"search_term_string\"}}],\"inLanguage\":\"es\"},{\"@type\":\"Organization\",\"@id\":\"https:\\\/\\\/canal7slp.tv\\\/2025\\\/#organization\",\"name\":\"Noticieros Canal 7\",\"url\":\"https:\\\/\\\/canal7slp.tv\\\/2025\\\/\",\"logo\":{\"@type\":\"ImageObject\",\"inLanguage\":\"es\",\"@id\":\"https:\\\/\\\/canal7slp.tv\\\/2025\\\/#\\\/schema\\\/logo\\\/image\\\/\",\"url\":\"https:\\\/\\\/canal7slp.tv\\\/2025\\\/wp-content\\\/uploads\\\/2021\\\/01\\\/logo-noticieros@2x.png\",\"contentUrl\":\"https:\\\/\\\/canal7slp.tv\\\/2025\\\/wp-content\\\/uploads\\\/2021\\\/01\\\/logo-noticieros@2x.png\",\"width\":1017,\"height\":268,\"caption\":\"Noticieros Canal 7\"},\"image\":{\"@id\":\"https:\\\/\\\/canal7slp.tv\\\/2025\\\/#\\\/schema\\\/logo\\\/image\\\/\"},\"sameAs\":[\"https:\\\/\\\/www.facebook.com\\\/noticieroscanal7atencionciudadana\\\/\",\"https:\\\/\\\/x.com\\\/NOTICIEROS7\",\"https:\\\/\\\/www.instagram.com\\\/canal7_slp\",\"https:\\\/\\\/www.youtube.com\\\/channel\\\/UCliiYs-gP3JfJeqdPrNdd5A\"]},{\"@type\":\"Person\",\"@id\":\"https:\\\/\\\/canal7slp.tv\\\/2025\\\/#\\\/schema\\\/person\\\/271e2b60a96e7cc9d9ac296f4d7e414b\",\"name\":\"Edici\u00f3n Web\",\"image\":{\"@type\":\"ImageObject\",\"inLanguage\":\"es\",\"@id\":\"https:\\\/\\\/secure.gravatar.com\\\/avatar\\\/eee448fc3f7164808013b816ba91ac7e43bbe82a70bebac296f8bc6f0addaa1a?s=96&d=mm&r=g\",\"url\":\"https:\\\/\\\/secure.gravatar.com\\\/avatar\\\/eee448fc3f7164808013b816ba91ac7e43bbe82a70bebac296f8bc6f0addaa1a?s=96&d=mm&r=g\",\"contentUrl\":\"https:\\\/\\\/secure.gravatar.com\\\/avatar\\\/eee448fc3f7164808013b816ba91ac7e43bbe82a70bebac296f8bc6f0addaa1a?s=96&d=mm&r=g\",\"caption\":\"Edici\u00f3n Web\"},\"url\":\"https:\\\/\\\/canal7slp.tv\\\/2025\\\/author\\\/edicionweb\\\/\"}]}<\/script>\n<!-- \/ Yoast SEO plugin. -->","yoast_head_json":{"title":"Accidentes viales y salud mental, principales factores de mortalidad en poblaci\u00f3n masculina de SLP - Canal 7 SLP - 2025","robots":{"index":"index","follow":"follow","max-snippet":"max-snippet:-1","max-image-preview":"max-image-preview:large","max-video-preview":"max-video-preview:-1"},"canonical":"https:\/\/canal7slp.tv\/2025\/accidentes-viales-y-salud-mental-principales-factores-de-mortalidad-en-poblacion-masculina-de-slp\/","og_locale":"es_ES","og_type":"article","og_title":"Accidentes viales y salud mental, principales factores de mortalidad en poblaci\u00f3n masculina de SLP - Canal 7 SLP - 2025","og_description":"SLP.- Con el prop\u00f3sito de fomentar la prevenci\u00f3n y atenci\u00f3n oportuna de enfermedades entre la poblaci\u00f3n masculina, el Gobierno del Estado de San Luis Potos\u00ed ha designado febrero como el Mes de la Salud del Hombre. A trav\u00e9s de los Servicios de Salud, se llevar\u00e1n a cabo campa\u00f1as de concientizaci\u00f3n enfocadas en problemas prioritarios de este sector, como accidentes viales y salud mental. Y es que seg\u00fan datos del Sistema Estatal de Urgencias M\u00e9dicas, el 59% de los accidentes automovil\u00edsticos registrados involucran a hombres de entre 21 y 30 a\u00f1os. Ante esta problem\u00e1tica, las autoridades subrayan la importancia de adoptar [&hellip;]","og_url":"https:\/\/canal7slp.tv\/2025\/accidentes-viales-y-salud-mental-principales-factores-de-mortalidad-en-poblacion-masculina-de-slp\/","og_site_name":"Canal 7 SLP - 2025","article_publisher":"https:\/\/www.facebook.com\/noticieroscanal7atencionciudadana\/","article_published_time":"2025-02-11T21:38:11+00:00","og_image":[{"width":1280,"height":720,"url":"https:\/\/canal7slp.tv\/2025\/wp-content\/uploads\/2025\/02\/Vazquez01SaludHombre.jpg","type":"image\/jpeg"}],"author":"Edici\u00f3n Web","twitter_card":"summary_large_image","twitter_creator":"@NOTICIEROS7","twitter_site":"@NOTICIEROS7","twitter_misc":{"Escrito por":"Edici\u00f3n Web","Tiempo de lectura":"2 minutos"},"schema":{"@context":"https:\/\/schema.org","@graph":[{"@type":"Article","@id":"https:\/\/canal7slp.tv\/2025\/accidentes-viales-y-salud-mental-principales-factores-de-mortalidad-en-poblacion-masculina-de-slp\/#article","isPartOf":{"@id":"https:\/\/canal7slp.tv\/2025\/accidentes-viales-y-salud-mental-principales-factores-de-mortalidad-en-poblacion-masculina-de-slp\/"},"author":{"name":"Edici\u00f3n Web","@id":"https:\/\/canal7slp.tv\/2025\/#\/schema\/person\/271e2b60a96e7cc9d9ac296f4d7e414b"},"headline":"Accidentes viales y salud mental, principales factores de mortalidad en poblaci\u00f3n masculina de SLP","datePublished":"2025-02-11T21:38:11+00:00","mainEntityOfPage":{"@id":"https:\/\/canal7slp.tv\/2025\/accidentes-viales-y-salud-mental-principales-factores-de-mortalidad-en-poblacion-masculina-de-slp\/"},"wordCount":376,"publisher":{"@id":"https:\/\/canal7slp.tv\/2025\/#organization"},"image":{"@id":"https:\/\/canal7slp.tv\/2025\/accidentes-viales-y-salud-mental-principales-factores-de-mortalidad-en-poblacion-masculina-de-slp\/#primaryimage"},"thumbnailUrl":"https:\/\/canal7slp.tv\/2025\/wp-content\/uploads\/2025\/02\/Vazquez01SaludHombre.jpg","articleSection":["DESTACADAS","GOBEDOSLP","LOCALES Y REGIONALES"],"inLanguage":"es"},{"@type":"WebPage","@id":"https:\/\/canal7slp.tv\/2025\/accidentes-viales-y-salud-mental-principales-factores-de-mortalidad-en-poblacion-masculina-de-slp\/","url":"https:\/\/canal7slp.tv\/2025\/accidentes-viales-y-salud-mental-principales-factores-de-mortalidad-en-poblacion-masculina-de-slp\/","name":"Accidentes viales y salud mental, principales factores de mortalidad en poblaci\u00f3n masculina de SLP - Canal 7 SLP - 2025","isPartOf":{"@id":"https:\/\/canal7slp.tv\/2025\/#website"},"primaryImageOfPage":{"@id":"https:\/\/canal7slp.tv\/2025\/accidentes-viales-y-salud-mental-principales-factores-de-mortalidad-en-poblacion-masculina-de-slp\/#primaryimage"},"image":{"@id":"https:\/\/canal7slp.tv\/2025\/accidentes-viales-y-salud-mental-principales-factores-de-mortalidad-en-poblacion-masculina-de-slp\/#primaryimage"},"thumbnailUrl":"https:\/\/canal7slp.tv\/2025\/wp-content\/uploads\/2025\/02\/Vazquez01SaludHombre.jpg","datePublished":"2025-02-11T21:38:11+00:00","breadcrumb":{"@id":"https:\/\/canal7slp.tv\/2025\/accidentes-viales-y-salud-mental-principales-factores-de-mortalidad-en-poblacion-masculina-de-slp\/#breadcrumb"},"inLanguage":"es","potentialAction":[{"@type":"ReadAction","target":["https:\/\/canal7slp.tv\/2025\/accidentes-viales-y-salud-mental-principales-factores-de-mortalidad-en-poblacion-masculina-de-slp\/"]}]},{"@type":"ImageObject","inLanguage":"es","@id":"https:\/\/canal7slp.tv\/2025\/accidentes-viales-y-salud-mental-principales-factores-de-mortalidad-en-poblacion-masculina-de-slp\/#primaryimage","url":"https:\/\/canal7slp.tv\/2025\/wp-content\/uploads\/2025\/02\/Vazquez01SaludHombre.jpg","contentUrl":"https:\/\/canal7slp.tv\/2025\/wp-content\/uploads\/2025\/02\/Vazquez01SaludHombre.jpg","width":1280,"height":720},{"@type":"BreadcrumbList","@id":"https:\/\/canal7slp.tv\/2025\/accidentes-viales-y-salud-mental-principales-factores-de-mortalidad-en-poblacion-masculina-de-slp\/#breadcrumb","itemListElement":[{"@type":"ListItem","position":1,"name":"Portada","item":"https:\/\/canal7slp.tv\/2025\/"},{"@type":"ListItem","position":2,"name":"Accidentes viales y salud mental, principales factores de mortalidad en poblaci\u00f3n masculina de SLP"}]},{"@type":"WebSite","@id":"https:\/\/canal7slp.tv\/2025\/#website","url":"https:\/\/canal7slp.tv\/2025\/","name":"N7 - Noticieros Canal 7","description":"Somos el Medio","publisher":{"@id":"https:\/\/canal7slp.tv\/2025\/#organization"},"potentialAction":[{"@type":"SearchAction","target":{"@type":"EntryPoint","urlTemplate":"https:\/\/canal7slp.tv\/2025\/?s={search_term_string}"},"query-input":{"@type":"PropertyValueSpecification","valueRequired":true,"valueName":"search_term_string"}}],"inLanguage":"es"},{"@type":"Organization","@id":"https:\/\/canal7slp.tv\/2025\/#organization","name":"Noticieros Canal 7","url":"https:\/\/canal7slp.tv\/2025\/","logo":{"@type":"ImageObject","inLanguage":"es","@id":"https:\/\/canal7slp.tv\/2025\/#\/schema\/logo\/image\/","url":"https:\/\/canal7slp.tv\/2025\/wp-content\/uploads\/2021\/01\/logo-noticieros@2x.png","contentUrl":"https:\/\/canal7slp.tv\/2025\/wp-content\/uploads\/2021\/01\/logo-noticieros@2x.png","width":1017,"height":268,"caption":"Noticieros Canal 7"},"image":{"@id":"https:\/\/canal7slp.tv\/2025\/#\/schema\/logo\/image\/"},"sameAs":["https:\/\/www.facebook.com\/noticieroscanal7atencionciudadana\/","https:\/\/x.com\/NOTICIEROS7","https:\/\/www.instagram.com\/canal7_slp","https:\/\/www.youtube.com\/channel\/UCliiYs-gP3JfJeqdPrNdd5A"]},{"@type":"Person","@id":"https:\/\/canal7slp.tv\/2025\/#\/schema\/person\/271e2b60a96e7cc9d9ac296f4d7e414b","name":"Edici\u00f3n Web","image":{"@type":"ImageObject","inLanguage":"es","@id":"https:\/\/secure.gravatar.com\/avatar\/eee448fc3f7164808013b816ba91ac7e43bbe82a70bebac296f8bc6f0addaa1a?s=96&d=mm&r=g","url":"https:\/\/secure.gravatar.com\/avatar\/eee448fc3f7164808013b816ba91ac7e43bbe82a70bebac296f8bc6f0addaa1a?s=96&d=mm&r=g","contentUrl":"https:\/\/secure.gravatar.com\/avatar\/eee448fc3f7164808013b816ba91ac7e43bbe82a70bebac296f8bc6f0addaa1a?s=96&d=mm&r=g","caption":"Edici\u00f3n Web"},"url":"https:\/\/canal7slp.tv\/2025\/author\/edicionweb\/"}]}},"_links":{"self":[{"href":"https:\/\/canal7slp.tv\/2025\/wp-json\/wp\/v2\/posts\/157694","targetHints":{"allow":["GET"]}}],"collection":[{"href":"https:\/\/canal7slp.tv\/2025\/wp-json\/wp\/v2\/posts"}],"about":[{"href":"https:\/\/canal7slp.tv\/2025\/wp-json\/wp\/v2\/types\/post"}],"author":[{"embeddable":true,"href":"https:\/\/canal7slp.tv\/2025\/wp-json\/wp\/v2\/users\/2"}],"replies":[{"embeddable":true,"href":"https:\/\/canal7slp.tv\/2025\/wp-json\/wp\/v2\/comments?post=157694"}],"version-history":[{"count":3,"href":"https:\/\/canal7slp.tv\/2025\/wp-json\/wp\/v2\/posts\/157694\/revisions"}],"predecessor-version":[{"id":157706,"href":"https:\/\/canal7slp.tv\/2025\/wp-json\/wp\/v2\/posts\/157694\/revisions\/157706"}],"wp:featuredmedia":[{"embeddable":true,"href":"https:\/\/canal7slp.tv\/2025\/wp-json\/wp\/v2\/media\/157704"}],"wp:attachment":[{"href":"https:\/\/canal7slp.tv\/2025\/wp-json\/wp\/v2\/media?parent=157694"}],"wp:term":[{"taxonomy":"category","embeddable":true,"href":"https:\/\/canal7slp.tv\/2025\/wp-json\/wp\/v2\/categories?post=157694"},{"taxonomy":"post_tag","embeddable":true,"href":"https:\/\/canal7slp.tv\/2025\/wp-json\/wp\/v2\/tags?post=157694"}],"curies":[{"name":"wp","href":"https:\/\/api.w.org\/{rel}","templated":true}]}}