{"id":157686,"date":"2025-02-11T14:58:06","date_gmt":"2025-02-11T20:58:06","guid":{"rendered":"https:\/\/canal7slp.tv\/2025\/?p=157686"},"modified":"2025-02-11T15:22:59","modified_gmt":"2025-02-11T21:22:59","slug":"canada-califica-de-injustificados-los-nuevos-aranceles-de-trump-y-advierte-represalias","status":"publish","type":"post","link":"https:\/\/canal7slp.tv\/2025\/canada-califica-de-injustificados-los-nuevos-aranceles-de-trump-y-advierte-represalias\/","title":{"rendered":"Canad\u00e1 califica de \u201cinjustificados\u201d los nuevos aranceles de Trump y advierte represalias"},"content":{"rendered":"<p style=\"text-align: justify;\">Ottawa.- El ministro de Industria de Canad\u00e1, Fran\u00e7ois-Philippe Champagne, anunci\u00f3 que su pa\u00eds responder\u00e1 a los aranceles del 25 % al acero y aluminio impuestos por el presidente de Estados Unidos, Donald Trump, calific\u00e1ndolos de \u00abtotalmente injustificados\u00bb.<\/p>\n<p style=\"text-align: justify;\">Estos nuevos aranceles entrar\u00e1n en vigor el 1 de marzo, y seg\u00fan Champagne, Canad\u00e1 est\u00e1 consultando con socios internacionales mientras eval\u00faa los detalles de la medida. Su respuesta ser\u00e1 \u00abclara y calibrada\u00bb.<\/p>\n<p style=\"text-align: justify;\">La medida impactar\u00e1 directamente el comercio entre ambos pa\u00edses, ya que Canad\u00e1 abastece el 58 % del aluminio y el 23 % del acero que importa EUA, mientras que el 40 % del acero canadiense proviene de Estados Unidos. La Asociaci\u00f3n de Productores de Acero de Canad\u00e1 advirti\u00f3 que esta decisi\u00f3n podr\u00eda provocar la p\u00e9rdida de cientos de empleos en el sector.<\/p>\n<p style=\"text-align: justify;\">Hasta el momento, Champagne ha sido el \u00fanico funcionario canadiense en pronunciarse, mientras que el primer ministro Justin Trudeau, quien participa en reuniones en Europa, se abstuvo de comentar sobre el tema.<\/p>\n","protected":false},"excerpt":{"rendered":"<p>Ottawa.- El ministro de Industria de Canad\u00e1, Fran\u00e7ois-Philippe Champagne, anunci\u00f3 que su pa\u00eds responder\u00e1 a los aranceles del 25 % al acero y aluminio impuestos por el presidente de Estados Unidos, Donald Trump, calific\u00e1ndolos de \u00abtotalmente injustificados\u00bb. Estos nuevos aranceles entrar\u00e1n en vigor el 1 de marzo, y seg\u00fan Champagne, Canad\u00e1 est\u00e1 consultando con socios internacionales mientras eval\u00faa los detalles de la medida. Su respuesta ser\u00e1 \u00abclara y calibrada\u00bb. La medida impactar\u00e1 directamente el comercio entre ambos pa\u00edses, ya que Canad\u00e1 abastece el 58 % del aluminio y el 23 % del acero que importa EUA, mientras que el 40 [&hellip;]<\/p>\n","protected":false},"author":2,"featured_media":157687,"comment_status":"closed","ping_status":"closed","sticky":false,"template":"","format":"standard","meta":{"_monsterinsights_skip_tracking":false,"_monsterinsights_sitenote_active":false,"_monsterinsights_sitenote_note":"","_monsterinsights_sitenote_category":0,"footnotes":""},"categories":[40],"tags":[],"class_list":["post-157686","post","type-post","status-publish","format-standard","has-post-thumbnail","hentry","category-economia","post--single"],"yoast_head":"<!-- This site is optimized with the Yoast SEO plugin v27.5 - https:\/\/yoast.com\/product\/yoast-seo-wordpress\/ -->\n<title>Canad\u00e1 califica de \u201cinjustificados\u201d los nuevos aranceles de Trump y advierte represalias - Canal 7 SLP - 2025<\/title>\n<meta name=\"robots\" content=\"index, follow, max-snippet:-1, max-image-preview:large, max-video-preview:-1\" \/>\n<link rel=\"canonical\" href=\"https:\/\/canal7slp.tv\/2025\/canada-califica-de-injustificados-los-nuevos-aranceles-de-trump-y-advierte-represalias\/\" \/>\n<meta property=\"og:locale\" content=\"es_ES\" \/>\n<meta property=\"og:type\" content=\"article\" \/>\n<meta property=\"og:title\" content=\"Canad\u00e1 califica de \u201cinjustificados\u201d los nuevos aranceles de Trump y advierte represalias - Canal 7 SLP - 2025\" \/>\n<meta property=\"og:description\" content=\"Ottawa.- El ministro de Industria de Canad\u00e1, Fran\u00e7ois-Philippe Champagne, anunci\u00f3 que su pa\u00eds responder\u00e1 a los aranceles del 25 % al acero y aluminio impuestos por el presidente de Estados Unidos, Donald Trump, calific\u00e1ndolos de \u00abtotalmente injustificados\u00bb. Estos nuevos aranceles entrar\u00e1n en vigor el 1 de marzo, y seg\u00fan Champagne, Canad\u00e1 est\u00e1 consultando con socios internacionales mientras eval\u00faa los detalles de la medida. Su respuesta ser\u00e1 \u00abclara y calibrada\u00bb. La medida impactar\u00e1 directamente el comercio entre ambos pa\u00edses, ya que Canad\u00e1 abastece el 58 % del aluminio y el 23 % del acero que importa EUA, mientras que el 40 [&hellip;]\" \/>\n<meta property=\"og:url\" content=\"https:\/\/canal7slp.tv\/2025\/canada-califica-de-injustificados-los-nuevos-aranceles-de-trump-y-advierte-represalias\/\" \/>\n<meta property=\"og:site_name\" content=\"Canal 7 SLP - 2025\" \/>\n<meta property=\"article:publisher\" content=\"https:\/\/www.facebook.com\/noticieroscanal7atencionciudadana\/\" \/>\n<meta property=\"article:published_time\" content=\"2025-02-11T20:58:06+00:00\" \/>\n<meta property=\"article:modified_time\" content=\"2025-02-11T21:22:59+00:00\" \/>\n<meta property=\"og:image\" content=\"https:\/\/canal7slp.tv\/2025\/wp-content\/uploads\/2025\/02\/09-9.jpg\" \/>\n\t<meta property=\"og:image:width\" content=\"888\" \/>\n\t<meta property=\"og:image:height\" content=\"500\" \/>\n\t<meta property=\"og:image:type\" content=\"image\/jpeg\" \/>\n<meta name=\"author\" content=\"Edici\u00f3n Web\" \/>\n<meta name=\"twitter:card\" content=\"summary_large_image\" \/>\n<meta name=\"twitter:creator\" content=\"@NOTICIEROS7\" \/>\n<meta name=\"twitter:site\" content=\"@NOTICIEROS7\" \/>\n<meta name=\"twitter:label1\" content=\"Escrito por\" \/>\n\t<meta name=\"twitter:data1\" content=\"Edici\u00f3n Web\" \/>\n\t<meta name=\"twitter:label2\" content=\"Tiempo de lectura\" \/>\n\t<meta name=\"twitter:data2\" content=\"1 minuto\" \/>\n<script type=\"application\/ld+json\" class=\"yoast-schema-graph\">{\"@context\":\"https:\\\/\\\/schema.org\",\"@graph\":[{\"@type\":\"Article\",\"@id\":\"https:\\\/\\\/canal7slp.tv\\\/2025\\\/canada-califica-de-injustificados-los-nuevos-aranceles-de-trump-y-advierte-represalias\\\/#article\",\"isPartOf\":{\"@id\":\"https:\\\/\\\/canal7slp.tv\\\/2025\\\/canada-califica-de-injustificados-los-nuevos-aranceles-de-trump-y-advierte-represalias\\\/\"},\"author\":{\"name\":\"Edici\u00f3n Web\",\"@id\":\"https:\\\/\\\/canal7slp.tv\\\/2025\\\/#\\\/schema\\\/person\\\/271e2b60a96e7cc9d9ac296f4d7e414b\"},\"headline\":\"Canad\u00e1 califica de \u201cinjustificados\u201d los nuevos aranceles de Trump y advierte represalias\",\"datePublished\":\"2025-02-11T20:58:06+00:00\",\"dateModified\":\"2025-02-11T21:22:59+00:00\",\"mainEntityOfPage\":{\"@id\":\"https:\\\/\\\/canal7slp.tv\\\/2025\\\/canada-califica-de-injustificados-los-nuevos-aranceles-de-trump-y-advierte-represalias\\\/\"},\"wordCount\":178,\"publisher\":{\"@id\":\"https:\\\/\\\/canal7slp.tv\\\/2025\\\/#organization\"},\"image\":{\"@id\":\"https:\\\/\\\/canal7slp.tv\\\/2025\\\/canada-califica-de-injustificados-los-nuevos-aranceles-de-trump-y-advierte-represalias\\\/#primaryimage\"},\"thumbnailUrl\":\"https:\\\/\\\/canal7slp.tv\\\/2025\\\/wp-content\\\/uploads\\\/2025\\\/02\\\/09-9.jpg\",\"articleSection\":[\"ECONOM\u00cdA\"],\"inLanguage\":\"es\"},{\"@type\":\"WebPage\",\"@id\":\"https:\\\/\\\/canal7slp.tv\\\/2025\\\/canada-califica-de-injustificados-los-nuevos-aranceles-de-trump-y-advierte-represalias\\\/\",\"url\":\"https:\\\/\\\/canal7slp.tv\\\/2025\\\/canada-califica-de-injustificados-los-nuevos-aranceles-de-trump-y-advierte-represalias\\\/\",\"name\":\"Canad\u00e1 califica de \u201cinjustificados\u201d los nuevos aranceles de Trump y advierte represalias - Canal 7 SLP - 2025\",\"isPartOf\":{\"@id\":\"https:\\\/\\\/canal7slp.tv\\\/2025\\\/#website\"},\"primaryImageOfPage\":{\"@id\":\"https:\\\/\\\/canal7slp.tv\\\/2025\\\/canada-califica-de-injustificados-los-nuevos-aranceles-de-trump-y-advierte-represalias\\\/#primaryimage\"},\"image\":{\"@id\":\"https:\\\/\\\/canal7slp.tv\\\/2025\\\/canada-califica-de-injustificados-los-nuevos-aranceles-de-trump-y-advierte-represalias\\\/#primaryimage\"},\"thumbnailUrl\":\"https:\\\/\\\/canal7slp.tv\\\/2025\\\/wp-content\\\/uploads\\\/2025\\\/02\\\/09-9.jpg\",\"datePublished\":\"2025-02-11T20:58:06+00:00\",\"dateModified\":\"2025-02-11T21:22:59+00:00\",\"breadcrumb\":{\"@id\":\"https:\\\/\\\/canal7slp.tv\\\/2025\\\/canada-califica-de-injustificados-los-nuevos-aranceles-de-trump-y-advierte-represalias\\\/#breadcrumb\"},\"inLanguage\":\"es\",\"potentialAction\":[{\"@type\":\"ReadAction\",\"target\":[\"https:\\\/\\\/canal7slp.tv\\\/2025\\\/canada-califica-de-injustificados-los-nuevos-aranceles-de-trump-y-advierte-represalias\\\/\"]}]},{\"@type\":\"ImageObject\",\"inLanguage\":\"es\",\"@id\":\"https:\\\/\\\/canal7slp.tv\\\/2025\\\/canada-califica-de-injustificados-los-nuevos-aranceles-de-trump-y-advierte-represalias\\\/#primaryimage\",\"url\":\"https:\\\/\\\/canal7slp.tv\\\/2025\\\/wp-content\\\/uploads\\\/2025\\\/02\\\/09-9.jpg\",\"contentUrl\":\"https:\\\/\\\/canal7slp.tv\\\/2025\\\/wp-content\\\/uploads\\\/2025\\\/02\\\/09-9.jpg\",\"width\":888,\"height\":500},{\"@type\":\"BreadcrumbList\",\"@id\":\"https:\\\/\\\/canal7slp.tv\\\/2025\\\/canada-califica-de-injustificados-los-nuevos-aranceles-de-trump-y-advierte-represalias\\\/#breadcrumb\",\"itemListElement\":[{\"@type\":\"ListItem\",\"position\":1,\"name\":\"Portada\",\"item\":\"https:\\\/\\\/canal7slp.tv\\\/2025\\\/\"},{\"@type\":\"ListItem\",\"position\":2,\"name\":\"Canad\u00e1 califica de \u201cinjustificados\u201d los nuevos aranceles de Trump y advierte represalias\"}]},{\"@type\":\"WebSite\",\"@id\":\"https:\\\/\\\/canal7slp.tv\\\/2025\\\/#website\",\"url\":\"https:\\\/\\\/canal7slp.tv\\\/2025\\\/\",\"name\":\"N7 - Noticieros Canal 7\",\"description\":\"Somos el Medio\",\"publisher\":{\"@id\":\"https:\\\/\\\/canal7slp.tv\\\/2025\\\/#organization\"},\"potentialAction\":[{\"@type\":\"SearchAction\",\"target\":{\"@type\":\"EntryPoint\",\"urlTemplate\":\"https:\\\/\\\/canal7slp.tv\\\/2025\\\/?s={search_term_string}\"},\"query-input\":{\"@type\":\"PropertyValueSpecification\",\"valueRequired\":true,\"valueName\":\"search_term_string\"}}],\"inLanguage\":\"es\"},{\"@type\":\"Organization\",\"@id\":\"https:\\\/\\\/canal7slp.tv\\\/2025\\\/#organization\",\"name\":\"Noticieros Canal 7\",\"url\":\"https:\\\/\\\/canal7slp.tv\\\/2025\\\/\",\"logo\":{\"@type\":\"ImageObject\",\"inLanguage\":\"es\",\"@id\":\"https:\\\/\\\/canal7slp.tv\\\/2025\\\/#\\\/schema\\\/logo\\\/image\\\/\",\"url\":\"https:\\\/\\\/canal7slp.tv\\\/2025\\\/wp-content\\\/uploads\\\/2021\\\/01\\\/logo-noticieros@2x.png\",\"contentUrl\":\"https:\\\/\\\/canal7slp.tv\\\/2025\\\/wp-content\\\/uploads\\\/2021\\\/01\\\/logo-noticieros@2x.png\",\"width\":1017,\"height\":268,\"caption\":\"Noticieros Canal 7\"},\"image\":{\"@id\":\"https:\\\/\\\/canal7slp.tv\\\/2025\\\/#\\\/schema\\\/logo\\\/image\\\/\"},\"sameAs\":[\"https:\\\/\\\/www.facebook.com\\\/noticieroscanal7atencionciudadana\\\/\",\"https:\\\/\\\/x.com\\\/NOTICIEROS7\",\"https:\\\/\\\/www.instagram.com\\\/canal7_slp\",\"https:\\\/\\\/www.youtube.com\\\/channel\\\/UCliiYs-gP3JfJeqdPrNdd5A\"]},{\"@type\":\"Person\",\"@id\":\"https:\\\/\\\/canal7slp.tv\\\/2025\\\/#\\\/schema\\\/person\\\/271e2b60a96e7cc9d9ac296f4d7e414b\",\"name\":\"Edici\u00f3n Web\",\"image\":{\"@type\":\"ImageObject\",\"inLanguage\":\"es\",\"@id\":\"https:\\\/\\\/secure.gravatar.com\\\/avatar\\\/eee448fc3f7164808013b816ba91ac7e43bbe82a70bebac296f8bc6f0addaa1a?s=96&d=mm&r=g\",\"url\":\"https:\\\/\\\/secure.gravatar.com\\\/avatar\\\/eee448fc3f7164808013b816ba91ac7e43bbe82a70bebac296f8bc6f0addaa1a?s=96&d=mm&r=g\",\"contentUrl\":\"https:\\\/\\\/secure.gravatar.com\\\/avatar\\\/eee448fc3f7164808013b816ba91ac7e43bbe82a70bebac296f8bc6f0addaa1a?s=96&d=mm&r=g\",\"caption\":\"Edici\u00f3n Web\"},\"url\":\"https:\\\/\\\/canal7slp.tv\\\/2025\\\/author\\\/edicionweb\\\/\"}]}<\/script>\n<!-- \/ Yoast SEO plugin. -->","yoast_head_json":{"title":"Canad\u00e1 califica de \u201cinjustificados\u201d los nuevos aranceles de Trump y advierte represalias - Canal 7 SLP - 2025","robots":{"index":"index","follow":"follow","max-snippet":"max-snippet:-1","max-image-preview":"max-image-preview:large","max-video-preview":"max-video-preview:-1"},"canonical":"https:\/\/canal7slp.tv\/2025\/canada-califica-de-injustificados-los-nuevos-aranceles-de-trump-y-advierte-represalias\/","og_locale":"es_ES","og_type":"article","og_title":"Canad\u00e1 califica de \u201cinjustificados\u201d los nuevos aranceles de Trump y advierte represalias - Canal 7 SLP - 2025","og_description":"Ottawa.- El ministro de Industria de Canad\u00e1, Fran\u00e7ois-Philippe Champagne, anunci\u00f3 que su pa\u00eds responder\u00e1 a los aranceles del 25 % al acero y aluminio impuestos por el presidente de Estados Unidos, Donald Trump, calific\u00e1ndolos de \u00abtotalmente injustificados\u00bb. Estos nuevos aranceles entrar\u00e1n en vigor el 1 de marzo, y seg\u00fan Champagne, Canad\u00e1 est\u00e1 consultando con socios internacionales mientras eval\u00faa los detalles de la medida. Su respuesta ser\u00e1 \u00abclara y calibrada\u00bb. La medida impactar\u00e1 directamente el comercio entre ambos pa\u00edses, ya que Canad\u00e1 abastece el 58 % del aluminio y el 23 % del acero que importa EUA, mientras que el 40 [&hellip;]","og_url":"https:\/\/canal7slp.tv\/2025\/canada-califica-de-injustificados-los-nuevos-aranceles-de-trump-y-advierte-represalias\/","og_site_name":"Canal 7 SLP - 2025","article_publisher":"https:\/\/www.facebook.com\/noticieroscanal7atencionciudadana\/","article_published_time":"2025-02-11T20:58:06+00:00","article_modified_time":"2025-02-11T21:22:59+00:00","og_image":[{"width":888,"height":500,"url":"https:\/\/canal7slp.tv\/2025\/wp-content\/uploads\/2025\/02\/09-9.jpg","type":"image\/jpeg"}],"author":"Edici\u00f3n Web","twitter_card":"summary_large_image","twitter_creator":"@NOTICIEROS7","twitter_site":"@NOTICIEROS7","twitter_misc":{"Escrito por":"Edici\u00f3n Web","Tiempo de lectura":"1 minuto"},"schema":{"@context":"https:\/\/schema.org","@graph":[{"@type":"Article","@id":"https:\/\/canal7slp.tv\/2025\/canada-califica-de-injustificados-los-nuevos-aranceles-de-trump-y-advierte-represalias\/#article","isPartOf":{"@id":"https:\/\/canal7slp.tv\/2025\/canada-califica-de-injustificados-los-nuevos-aranceles-de-trump-y-advierte-represalias\/"},"author":{"name":"Edici\u00f3n Web","@id":"https:\/\/canal7slp.tv\/2025\/#\/schema\/person\/271e2b60a96e7cc9d9ac296f4d7e414b"},"headline":"Canad\u00e1 califica de \u201cinjustificados\u201d los nuevos aranceles de Trump y advierte represalias","datePublished":"2025-02-11T20:58:06+00:00","dateModified":"2025-02-11T21:22:59+00:00","mainEntityOfPage":{"@id":"https:\/\/canal7slp.tv\/2025\/canada-califica-de-injustificados-los-nuevos-aranceles-de-trump-y-advierte-represalias\/"},"wordCount":178,"publisher":{"@id":"https:\/\/canal7slp.tv\/2025\/#organization"},"image":{"@id":"https:\/\/canal7slp.tv\/2025\/canada-califica-de-injustificados-los-nuevos-aranceles-de-trump-y-advierte-represalias\/#primaryimage"},"thumbnailUrl":"https:\/\/canal7slp.tv\/2025\/wp-content\/uploads\/2025\/02\/09-9.jpg","articleSection":["ECONOM\u00cdA"],"inLanguage":"es"},{"@type":"WebPage","@id":"https:\/\/canal7slp.tv\/2025\/canada-califica-de-injustificados-los-nuevos-aranceles-de-trump-y-advierte-represalias\/","url":"https:\/\/canal7slp.tv\/2025\/canada-califica-de-injustificados-los-nuevos-aranceles-de-trump-y-advierte-represalias\/","name":"Canad\u00e1 califica de \u201cinjustificados\u201d los nuevos aranceles de Trump y advierte represalias - Canal 7 SLP - 2025","isPartOf":{"@id":"https:\/\/canal7slp.tv\/2025\/#website"},"primaryImageOfPage":{"@id":"https:\/\/canal7slp.tv\/2025\/canada-califica-de-injustificados-los-nuevos-aranceles-de-trump-y-advierte-represalias\/#primaryimage"},"image":{"@id":"https:\/\/canal7slp.tv\/2025\/canada-califica-de-injustificados-los-nuevos-aranceles-de-trump-y-advierte-represalias\/#primaryimage"},"thumbnailUrl":"https:\/\/canal7slp.tv\/2025\/wp-content\/uploads\/2025\/02\/09-9.jpg","datePublished":"2025-02-11T20:58:06+00:00","dateModified":"2025-02-11T21:22:59+00:00","breadcrumb":{"@id":"https:\/\/canal7slp.tv\/2025\/canada-califica-de-injustificados-los-nuevos-aranceles-de-trump-y-advierte-represalias\/#breadcrumb"},"inLanguage":"es","potentialAction":[{"@type":"ReadAction","target":["https:\/\/canal7slp.tv\/2025\/canada-califica-de-injustificados-los-nuevos-aranceles-de-trump-y-advierte-represalias\/"]}]},{"@type":"ImageObject","inLanguage":"es","@id":"https:\/\/canal7slp.tv\/2025\/canada-califica-de-injustificados-los-nuevos-aranceles-de-trump-y-advierte-represalias\/#primaryimage","url":"https:\/\/canal7slp.tv\/2025\/wp-content\/uploads\/2025\/02\/09-9.jpg","contentUrl":"https:\/\/canal7slp.tv\/2025\/wp-content\/uploads\/2025\/02\/09-9.jpg","width":888,"height":500},{"@type":"BreadcrumbList","@id":"https:\/\/canal7slp.tv\/2025\/canada-califica-de-injustificados-los-nuevos-aranceles-de-trump-y-advierte-represalias\/#breadcrumb","itemListElement":[{"@type":"ListItem","position":1,"name":"Portada","item":"https:\/\/canal7slp.tv\/2025\/"},{"@type":"ListItem","position":2,"name":"Canad\u00e1 califica de \u201cinjustificados\u201d los nuevos aranceles de Trump y advierte represalias"}]},{"@type":"WebSite","@id":"https:\/\/canal7slp.tv\/2025\/#website","url":"https:\/\/canal7slp.tv\/2025\/","name":"N7 - Noticieros Canal 7","description":"Somos el Medio","publisher":{"@id":"https:\/\/canal7slp.tv\/2025\/#organization"},"potentialAction":[{"@type":"SearchAction","target":{"@type":"EntryPoint","urlTemplate":"https:\/\/canal7slp.tv\/2025\/?s={search_term_string}"},"query-input":{"@type":"PropertyValueSpecification","valueRequired":true,"valueName":"search_term_string"}}],"inLanguage":"es"},{"@type":"Organization","@id":"https:\/\/canal7slp.tv\/2025\/#organization","name":"Noticieros Canal 7","url":"https:\/\/canal7slp.tv\/2025\/","logo":{"@type":"ImageObject","inLanguage":"es","@id":"https:\/\/canal7slp.tv\/2025\/#\/schema\/logo\/image\/","url":"https:\/\/canal7slp.tv\/2025\/wp-content\/uploads\/2021\/01\/logo-noticieros@2x.png","contentUrl":"https:\/\/canal7slp.tv\/2025\/wp-content\/uploads\/2021\/01\/logo-noticieros@2x.png","width":1017,"height":268,"caption":"Noticieros Canal 7"},"image":{"@id":"https:\/\/canal7slp.tv\/2025\/#\/schema\/logo\/image\/"},"sameAs":["https:\/\/www.facebook.com\/noticieroscanal7atencionciudadana\/","https:\/\/x.com\/NOTICIEROS7","https:\/\/www.instagram.com\/canal7_slp","https:\/\/www.youtube.com\/channel\/UCliiYs-gP3JfJeqdPrNdd5A"]},{"@type":"Person","@id":"https:\/\/canal7slp.tv\/2025\/#\/schema\/person\/271e2b60a96e7cc9d9ac296f4d7e414b","name":"Edici\u00f3n Web","image":{"@type":"ImageObject","inLanguage":"es","@id":"https:\/\/secure.gravatar.com\/avatar\/eee448fc3f7164808013b816ba91ac7e43bbe82a70bebac296f8bc6f0addaa1a?s=96&d=mm&r=g","url":"https:\/\/secure.gravatar.com\/avatar\/eee448fc3f7164808013b816ba91ac7e43bbe82a70bebac296f8bc6f0addaa1a?s=96&d=mm&r=g","contentUrl":"https:\/\/secure.gravatar.com\/avatar\/eee448fc3f7164808013b816ba91ac7e43bbe82a70bebac296f8bc6f0addaa1a?s=96&d=mm&r=g","caption":"Edici\u00f3n Web"},"url":"https:\/\/canal7slp.tv\/2025\/author\/edicionweb\/"}]}},"_links":{"self":[{"href":"https:\/\/canal7slp.tv\/2025\/wp-json\/wp\/v2\/posts\/157686","targetHints":{"allow":["GET"]}}],"collection":[{"href":"https:\/\/canal7slp.tv\/2025\/wp-json\/wp\/v2\/posts"}],"about":[{"href":"https:\/\/canal7slp.tv\/2025\/wp-json\/wp\/v2\/types\/post"}],"author":[{"embeddable":true,"href":"https:\/\/canal7slp.tv\/2025\/wp-json\/wp\/v2\/users\/2"}],"replies":[{"embeddable":true,"href":"https:\/\/canal7slp.tv\/2025\/wp-json\/wp\/v2\/comments?post=157686"}],"version-history":[{"count":2,"href":"https:\/\/canal7slp.tv\/2025\/wp-json\/wp\/v2\/posts\/157686\/revisions"}],"predecessor-version":[{"id":157693,"href":"https:\/\/canal7slp.tv\/2025\/wp-json\/wp\/v2\/posts\/157686\/revisions\/157693"}],"wp:featuredmedia":[{"embeddable":true,"href":"https:\/\/canal7slp.tv\/2025\/wp-json\/wp\/v2\/media\/157687"}],"wp:attachment":[{"href":"https:\/\/canal7slp.tv\/2025\/wp-json\/wp\/v2\/media?parent=157686"}],"wp:term":[{"taxonomy":"category","embeddable":true,"href":"https:\/\/canal7slp.tv\/2025\/wp-json\/wp\/v2\/categories?post=157686"},{"taxonomy":"post_tag","embeddable":true,"href":"https:\/\/canal7slp.tv\/2025\/wp-json\/wp\/v2\/tags?post=157686"}],"curies":[{"name":"wp","href":"https:\/\/api.w.org\/{rel}","templated":true}]}}