{"id":157670,"date":"2025-02-11T14:01:55","date_gmt":"2025-02-11T20:01:55","guid":{"rendered":"https:\/\/canal7slp.tv\/2025\/?p=157670"},"modified":"2025-02-11T14:01:55","modified_gmt":"2025-02-11T20:01:55","slug":"todo-listo-para-la-fase-nacional-del-torneo-de-la-calle-a-la-cancha","status":"publish","type":"post","link":"https:\/\/canal7slp.tv\/2025\/todo-listo-para-la-fase-nacional-del-torneo-de-la-calle-a-la-cancha\/","title":{"rendered":"Todo listo para la Fase Nacional del Torneo de la Calle a la Cancha"},"content":{"rendered":"<p style=\"text-align: justify;\">SLP.- Se llev\u00f3 a cabo la presentaci\u00f3n oficial de la etapa nacional del torneo de la calle a la cancha el cual por primera vez se realizar\u00e1 en su fase nacional en la capital potosina, adem\u00e1s donde se contar\u00e1 con la presencia de m\u00e1s de 800 futbolistas<\/p>\n<p style=\"text-align: justify;\">Cabe destacar que De esta fase nacional surgir\u00e1 la Selecci\u00f3n Mexicana, que buscar\u00e1 defender los t\u00edtulos mundiales ante 70 pa\u00edses, en Noruega.<\/p>\n<p style=\"text-align: justify;\">Fue el director nacional del programa de la calle a la cancha quien dio detalles del evento que se realizar\u00e1 del 13 al 16 de febrero<\/p>\n<p style=\"text-align: justify;\">Finalmente el alcalde capitalino destac\u00f3 la relevancia de este evento en la sociedad potosina, Adem\u00e1s de la importante derrama econ\u00f3mica que tendr\u00e1 la capital potosina<\/p>\n","protected":false},"excerpt":{"rendered":"<p>SLP.- Se llev\u00f3 a cabo la presentaci\u00f3n oficial de la etapa nacional del torneo de la calle a la cancha el cual por primera vez se realizar\u00e1 en su fase nacional en la capital potosina, adem\u00e1s donde se contar\u00e1 con la presencia de m\u00e1s de 800 futbolistas Cabe destacar que De esta fase nacional surgir\u00e1 la Selecci\u00f3n Mexicana, que buscar\u00e1 defender los t\u00edtulos mundiales ante 70 pa\u00edses, en Noruega. Fue el director nacional del programa de la calle a la cancha quien dio detalles del evento que se realizar\u00e1 del 13 al 16 de febrero Finalmente el alcalde capitalino destac\u00f3 [&hellip;]<\/p>\n","protected":false},"author":2,"featured_media":157674,"comment_status":"closed","ping_status":"closed","sticky":false,"template":"","format":"standard","meta":{"_monsterinsights_skip_tracking":false,"_monsterinsights_sitenote_active":false,"_monsterinsights_sitenote_note":"","_monsterinsights_sitenote_category":0,"footnotes":""},"categories":[66,7,5],"tags":[],"class_list":["post-157670","post","type-post","status-publish","format-standard","has-post-thumbnail","hentry","category-ayoslp","category-deportes","category-destacadas","post--single"],"yoast_head":"<!-- This site is optimized with the Yoast SEO plugin v27.5 - https:\/\/yoast.com\/product\/yoast-seo-wordpress\/ -->\n<title>Todo listo para la Fase Nacional del Torneo de la Calle a la Cancha - Canal 7 SLP - 2025<\/title>\n<meta name=\"robots\" content=\"index, follow, max-snippet:-1, max-image-preview:large, max-video-preview:-1\" \/>\n<link rel=\"canonical\" href=\"https:\/\/canal7slp.tv\/2025\/todo-listo-para-la-fase-nacional-del-torneo-de-la-calle-a-la-cancha\/\" \/>\n<meta property=\"og:locale\" content=\"es_ES\" \/>\n<meta property=\"og:type\" content=\"article\" \/>\n<meta property=\"og:title\" content=\"Todo listo para la Fase Nacional del Torneo de la Calle a la Cancha - Canal 7 SLP - 2025\" \/>\n<meta property=\"og:description\" content=\"SLP.- Se llev\u00f3 a cabo la presentaci\u00f3n oficial de la etapa nacional del torneo de la calle a la cancha el cual por primera vez se realizar\u00e1 en su fase nacional en la capital potosina, adem\u00e1s donde se contar\u00e1 con la presencia de m\u00e1s de 800 futbolistas Cabe destacar que De esta fase nacional surgir\u00e1 la Selecci\u00f3n Mexicana, que buscar\u00e1 defender los t\u00edtulos mundiales ante 70 pa\u00edses, en Noruega. Fue el director nacional del programa de la calle a la cancha quien dio detalles del evento que se realizar\u00e1 del 13 al 16 de febrero Finalmente el alcalde capitalino destac\u00f3 [&hellip;]\" \/>\n<meta property=\"og:url\" content=\"https:\/\/canal7slp.tv\/2025\/todo-listo-para-la-fase-nacional-del-torneo-de-la-calle-a-la-cancha\/\" \/>\n<meta property=\"og:site_name\" content=\"Canal 7 SLP - 2025\" \/>\n<meta property=\"article:publisher\" content=\"https:\/\/www.facebook.com\/noticieroscanal7atencionciudadana\/\" \/>\n<meta property=\"article:published_time\" content=\"2025-02-11T20:01:55+00:00\" \/>\n<meta property=\"og:image\" content=\"https:\/\/canal7slp.tv\/2025\/wp-content\/uploads\/2025\/02\/Froi01Futbol.jpg\" \/>\n\t<meta property=\"og:image:width\" content=\"1280\" \/>\n\t<meta property=\"og:image:height\" content=\"720\" \/>\n\t<meta property=\"og:image:type\" content=\"image\/jpeg\" \/>\n<meta name=\"author\" content=\"Edici\u00f3n Web\" \/>\n<meta name=\"twitter:card\" content=\"summary_large_image\" \/>\n<meta name=\"twitter:creator\" content=\"@NOTICIEROS7\" \/>\n<meta name=\"twitter:site\" content=\"@NOTICIEROS7\" \/>\n<meta name=\"twitter:label1\" content=\"Escrito por\" \/>\n\t<meta name=\"twitter:data1\" content=\"Edici\u00f3n Web\" \/>\n\t<meta name=\"twitter:label2\" content=\"Tiempo de lectura\" \/>\n\t<meta name=\"twitter:data2\" content=\"1 minuto\" \/>\n<script type=\"application\/ld+json\" class=\"yoast-schema-graph\">{\"@context\":\"https:\\\/\\\/schema.org\",\"@graph\":[{\"@type\":\"Article\",\"@id\":\"https:\\\/\\\/canal7slp.tv\\\/2025\\\/todo-listo-para-la-fase-nacional-del-torneo-de-la-calle-a-la-cancha\\\/#article\",\"isPartOf\":{\"@id\":\"https:\\\/\\\/canal7slp.tv\\\/2025\\\/todo-listo-para-la-fase-nacional-del-torneo-de-la-calle-a-la-cancha\\\/\"},\"author\":{\"name\":\"Edici\u00f3n Web\",\"@id\":\"https:\\\/\\\/canal7slp.tv\\\/2025\\\/#\\\/schema\\\/person\\\/271e2b60a96e7cc9d9ac296f4d7e414b\"},\"headline\":\"Todo listo para la Fase Nacional del Torneo de la Calle a la Cancha\",\"datePublished\":\"2025-02-11T20:01:55+00:00\",\"mainEntityOfPage\":{\"@id\":\"https:\\\/\\\/canal7slp.tv\\\/2025\\\/todo-listo-para-la-fase-nacional-del-torneo-de-la-calle-a-la-cancha\\\/\"},\"wordCount\":139,\"publisher\":{\"@id\":\"https:\\\/\\\/canal7slp.tv\\\/2025\\\/#organization\"},\"image\":{\"@id\":\"https:\\\/\\\/canal7slp.tv\\\/2025\\\/todo-listo-para-la-fase-nacional-del-torneo-de-la-calle-a-la-cancha\\\/#primaryimage\"},\"thumbnailUrl\":\"https:\\\/\\\/canal7slp.tv\\\/2025\\\/wp-content\\\/uploads\\\/2025\\\/02\\\/Froi01Futbol.jpg\",\"articleSection\":[\"AYOSLP\",\"DEPORTES\",\"DESTACADAS\"],\"inLanguage\":\"es\"},{\"@type\":\"WebPage\",\"@id\":\"https:\\\/\\\/canal7slp.tv\\\/2025\\\/todo-listo-para-la-fase-nacional-del-torneo-de-la-calle-a-la-cancha\\\/\",\"url\":\"https:\\\/\\\/canal7slp.tv\\\/2025\\\/todo-listo-para-la-fase-nacional-del-torneo-de-la-calle-a-la-cancha\\\/\",\"name\":\"Todo listo para la Fase Nacional del Torneo de la Calle a la Cancha - Canal 7 SLP - 2025\",\"isPartOf\":{\"@id\":\"https:\\\/\\\/canal7slp.tv\\\/2025\\\/#website\"},\"primaryImageOfPage\":{\"@id\":\"https:\\\/\\\/canal7slp.tv\\\/2025\\\/todo-listo-para-la-fase-nacional-del-torneo-de-la-calle-a-la-cancha\\\/#primaryimage\"},\"image\":{\"@id\":\"https:\\\/\\\/canal7slp.tv\\\/2025\\\/todo-listo-para-la-fase-nacional-del-torneo-de-la-calle-a-la-cancha\\\/#primaryimage\"},\"thumbnailUrl\":\"https:\\\/\\\/canal7slp.tv\\\/2025\\\/wp-content\\\/uploads\\\/2025\\\/02\\\/Froi01Futbol.jpg\",\"datePublished\":\"2025-02-11T20:01:55+00:00\",\"breadcrumb\":{\"@id\":\"https:\\\/\\\/canal7slp.tv\\\/2025\\\/todo-listo-para-la-fase-nacional-del-torneo-de-la-calle-a-la-cancha\\\/#breadcrumb\"},\"inLanguage\":\"es\",\"potentialAction\":[{\"@type\":\"ReadAction\",\"target\":[\"https:\\\/\\\/canal7slp.tv\\\/2025\\\/todo-listo-para-la-fase-nacional-del-torneo-de-la-calle-a-la-cancha\\\/\"]}]},{\"@type\":\"ImageObject\",\"inLanguage\":\"es\",\"@id\":\"https:\\\/\\\/canal7slp.tv\\\/2025\\\/todo-listo-para-la-fase-nacional-del-torneo-de-la-calle-a-la-cancha\\\/#primaryimage\",\"url\":\"https:\\\/\\\/canal7slp.tv\\\/2025\\\/wp-content\\\/uploads\\\/2025\\\/02\\\/Froi01Futbol.jpg\",\"contentUrl\":\"https:\\\/\\\/canal7slp.tv\\\/2025\\\/wp-content\\\/uploads\\\/2025\\\/02\\\/Froi01Futbol.jpg\",\"width\":1280,\"height\":720},{\"@type\":\"BreadcrumbList\",\"@id\":\"https:\\\/\\\/canal7slp.tv\\\/2025\\\/todo-listo-para-la-fase-nacional-del-torneo-de-la-calle-a-la-cancha\\\/#breadcrumb\",\"itemListElement\":[{\"@type\":\"ListItem\",\"position\":1,\"name\":\"Portada\",\"item\":\"https:\\\/\\\/canal7slp.tv\\\/2025\\\/\"},{\"@type\":\"ListItem\",\"position\":2,\"name\":\"Todo listo para la Fase Nacional del Torneo de la Calle a la Cancha\"}]},{\"@type\":\"WebSite\",\"@id\":\"https:\\\/\\\/canal7slp.tv\\\/2025\\\/#website\",\"url\":\"https:\\\/\\\/canal7slp.tv\\\/2025\\\/\",\"name\":\"N7 - Noticieros Canal 7\",\"description\":\"Somos el Medio\",\"publisher\":{\"@id\":\"https:\\\/\\\/canal7slp.tv\\\/2025\\\/#organization\"},\"potentialAction\":[{\"@type\":\"SearchAction\",\"target\":{\"@type\":\"EntryPoint\",\"urlTemplate\":\"https:\\\/\\\/canal7slp.tv\\\/2025\\\/?s={search_term_string}\"},\"query-input\":{\"@type\":\"PropertyValueSpecification\",\"valueRequired\":true,\"valueName\":\"search_term_string\"}}],\"inLanguage\":\"es\"},{\"@type\":\"Organization\",\"@id\":\"https:\\\/\\\/canal7slp.tv\\\/2025\\\/#organization\",\"name\":\"Noticieros Canal 7\",\"url\":\"https:\\\/\\\/canal7slp.tv\\\/2025\\\/\",\"logo\":{\"@type\":\"ImageObject\",\"inLanguage\":\"es\",\"@id\":\"https:\\\/\\\/canal7slp.tv\\\/2025\\\/#\\\/schema\\\/logo\\\/image\\\/\",\"url\":\"https:\\\/\\\/canal7slp.tv\\\/2025\\\/wp-content\\\/uploads\\\/2021\\\/01\\\/logo-noticieros@2x.png\",\"contentUrl\":\"https:\\\/\\\/canal7slp.tv\\\/2025\\\/wp-content\\\/uploads\\\/2021\\\/01\\\/logo-noticieros@2x.png\",\"width\":1017,\"height\":268,\"caption\":\"Noticieros Canal 7\"},\"image\":{\"@id\":\"https:\\\/\\\/canal7slp.tv\\\/2025\\\/#\\\/schema\\\/logo\\\/image\\\/\"},\"sameAs\":[\"https:\\\/\\\/www.facebook.com\\\/noticieroscanal7atencionciudadana\\\/\",\"https:\\\/\\\/x.com\\\/NOTICIEROS7\",\"https:\\\/\\\/www.instagram.com\\\/canal7_slp\",\"https:\\\/\\\/www.youtube.com\\\/channel\\\/UCliiYs-gP3JfJeqdPrNdd5A\"]},{\"@type\":\"Person\",\"@id\":\"https:\\\/\\\/canal7slp.tv\\\/2025\\\/#\\\/schema\\\/person\\\/271e2b60a96e7cc9d9ac296f4d7e414b\",\"name\":\"Edici\u00f3n Web\",\"image\":{\"@type\":\"ImageObject\",\"inLanguage\":\"es\",\"@id\":\"https:\\\/\\\/secure.gravatar.com\\\/avatar\\\/eee448fc3f7164808013b816ba91ac7e43bbe82a70bebac296f8bc6f0addaa1a?s=96&d=mm&r=g\",\"url\":\"https:\\\/\\\/secure.gravatar.com\\\/avatar\\\/eee448fc3f7164808013b816ba91ac7e43bbe82a70bebac296f8bc6f0addaa1a?s=96&d=mm&r=g\",\"contentUrl\":\"https:\\\/\\\/secure.gravatar.com\\\/avatar\\\/eee448fc3f7164808013b816ba91ac7e43bbe82a70bebac296f8bc6f0addaa1a?s=96&d=mm&r=g\",\"caption\":\"Edici\u00f3n Web\"},\"url\":\"https:\\\/\\\/canal7slp.tv\\\/2025\\\/author\\\/edicionweb\\\/\"}]}<\/script>\n<!-- \/ Yoast SEO plugin. -->","yoast_head_json":{"title":"Todo listo para la Fase Nacional del Torneo de la Calle a la Cancha - Canal 7 SLP - 2025","robots":{"index":"index","follow":"follow","max-snippet":"max-snippet:-1","max-image-preview":"max-image-preview:large","max-video-preview":"max-video-preview:-1"},"canonical":"https:\/\/canal7slp.tv\/2025\/todo-listo-para-la-fase-nacional-del-torneo-de-la-calle-a-la-cancha\/","og_locale":"es_ES","og_type":"article","og_title":"Todo listo para la Fase Nacional del Torneo de la Calle a la Cancha - Canal 7 SLP - 2025","og_description":"SLP.- Se llev\u00f3 a cabo la presentaci\u00f3n oficial de la etapa nacional del torneo de la calle a la cancha el cual por primera vez se realizar\u00e1 en su fase nacional en la capital potosina, adem\u00e1s donde se contar\u00e1 con la presencia de m\u00e1s de 800 futbolistas Cabe destacar que De esta fase nacional surgir\u00e1 la Selecci\u00f3n Mexicana, que buscar\u00e1 defender los t\u00edtulos mundiales ante 70 pa\u00edses, en Noruega. Fue el director nacional del programa de la calle a la cancha quien dio detalles del evento que se realizar\u00e1 del 13 al 16 de febrero Finalmente el alcalde capitalino destac\u00f3 [&hellip;]","og_url":"https:\/\/canal7slp.tv\/2025\/todo-listo-para-la-fase-nacional-del-torneo-de-la-calle-a-la-cancha\/","og_site_name":"Canal 7 SLP - 2025","article_publisher":"https:\/\/www.facebook.com\/noticieroscanal7atencionciudadana\/","article_published_time":"2025-02-11T20:01:55+00:00","og_image":[{"width":1280,"height":720,"url":"https:\/\/canal7slp.tv\/2025\/wp-content\/uploads\/2025\/02\/Froi01Futbol.jpg","type":"image\/jpeg"}],"author":"Edici\u00f3n Web","twitter_card":"summary_large_image","twitter_creator":"@NOTICIEROS7","twitter_site":"@NOTICIEROS7","twitter_misc":{"Escrito por":"Edici\u00f3n Web","Tiempo de lectura":"1 minuto"},"schema":{"@context":"https:\/\/schema.org","@graph":[{"@type":"Article","@id":"https:\/\/canal7slp.tv\/2025\/todo-listo-para-la-fase-nacional-del-torneo-de-la-calle-a-la-cancha\/#article","isPartOf":{"@id":"https:\/\/canal7slp.tv\/2025\/todo-listo-para-la-fase-nacional-del-torneo-de-la-calle-a-la-cancha\/"},"author":{"name":"Edici\u00f3n Web","@id":"https:\/\/canal7slp.tv\/2025\/#\/schema\/person\/271e2b60a96e7cc9d9ac296f4d7e414b"},"headline":"Todo listo para la Fase Nacional del Torneo de la Calle a la Cancha","datePublished":"2025-02-11T20:01:55+00:00","mainEntityOfPage":{"@id":"https:\/\/canal7slp.tv\/2025\/todo-listo-para-la-fase-nacional-del-torneo-de-la-calle-a-la-cancha\/"},"wordCount":139,"publisher":{"@id":"https:\/\/canal7slp.tv\/2025\/#organization"},"image":{"@id":"https:\/\/canal7slp.tv\/2025\/todo-listo-para-la-fase-nacional-del-torneo-de-la-calle-a-la-cancha\/#primaryimage"},"thumbnailUrl":"https:\/\/canal7slp.tv\/2025\/wp-content\/uploads\/2025\/02\/Froi01Futbol.jpg","articleSection":["AYOSLP","DEPORTES","DESTACADAS"],"inLanguage":"es"},{"@type":"WebPage","@id":"https:\/\/canal7slp.tv\/2025\/todo-listo-para-la-fase-nacional-del-torneo-de-la-calle-a-la-cancha\/","url":"https:\/\/canal7slp.tv\/2025\/todo-listo-para-la-fase-nacional-del-torneo-de-la-calle-a-la-cancha\/","name":"Todo listo para la Fase Nacional del Torneo de la Calle a la Cancha - Canal 7 SLP - 2025","isPartOf":{"@id":"https:\/\/canal7slp.tv\/2025\/#website"},"primaryImageOfPage":{"@id":"https:\/\/canal7slp.tv\/2025\/todo-listo-para-la-fase-nacional-del-torneo-de-la-calle-a-la-cancha\/#primaryimage"},"image":{"@id":"https:\/\/canal7slp.tv\/2025\/todo-listo-para-la-fase-nacional-del-torneo-de-la-calle-a-la-cancha\/#primaryimage"},"thumbnailUrl":"https:\/\/canal7slp.tv\/2025\/wp-content\/uploads\/2025\/02\/Froi01Futbol.jpg","datePublished":"2025-02-11T20:01:55+00:00","breadcrumb":{"@id":"https:\/\/canal7slp.tv\/2025\/todo-listo-para-la-fase-nacional-del-torneo-de-la-calle-a-la-cancha\/#breadcrumb"},"inLanguage":"es","potentialAction":[{"@type":"ReadAction","target":["https:\/\/canal7slp.tv\/2025\/todo-listo-para-la-fase-nacional-del-torneo-de-la-calle-a-la-cancha\/"]}]},{"@type":"ImageObject","inLanguage":"es","@id":"https:\/\/canal7slp.tv\/2025\/todo-listo-para-la-fase-nacional-del-torneo-de-la-calle-a-la-cancha\/#primaryimage","url":"https:\/\/canal7slp.tv\/2025\/wp-content\/uploads\/2025\/02\/Froi01Futbol.jpg","contentUrl":"https:\/\/canal7slp.tv\/2025\/wp-content\/uploads\/2025\/02\/Froi01Futbol.jpg","width":1280,"height":720},{"@type":"BreadcrumbList","@id":"https:\/\/canal7slp.tv\/2025\/todo-listo-para-la-fase-nacional-del-torneo-de-la-calle-a-la-cancha\/#breadcrumb","itemListElement":[{"@type":"ListItem","position":1,"name":"Portada","item":"https:\/\/canal7slp.tv\/2025\/"},{"@type":"ListItem","position":2,"name":"Todo listo para la Fase Nacional del Torneo de la Calle a la Cancha"}]},{"@type":"WebSite","@id":"https:\/\/canal7slp.tv\/2025\/#website","url":"https:\/\/canal7slp.tv\/2025\/","name":"N7 - Noticieros Canal 7","description":"Somos el Medio","publisher":{"@id":"https:\/\/canal7slp.tv\/2025\/#organization"},"potentialAction":[{"@type":"SearchAction","target":{"@type":"EntryPoint","urlTemplate":"https:\/\/canal7slp.tv\/2025\/?s={search_term_string}"},"query-input":{"@type":"PropertyValueSpecification","valueRequired":true,"valueName":"search_term_string"}}],"inLanguage":"es"},{"@type":"Organization","@id":"https:\/\/canal7slp.tv\/2025\/#organization","name":"Noticieros Canal 7","url":"https:\/\/canal7slp.tv\/2025\/","logo":{"@type":"ImageObject","inLanguage":"es","@id":"https:\/\/canal7slp.tv\/2025\/#\/schema\/logo\/image\/","url":"https:\/\/canal7slp.tv\/2025\/wp-content\/uploads\/2021\/01\/logo-noticieros@2x.png","contentUrl":"https:\/\/canal7slp.tv\/2025\/wp-content\/uploads\/2021\/01\/logo-noticieros@2x.png","width":1017,"height":268,"caption":"Noticieros Canal 7"},"image":{"@id":"https:\/\/canal7slp.tv\/2025\/#\/schema\/logo\/image\/"},"sameAs":["https:\/\/www.facebook.com\/noticieroscanal7atencionciudadana\/","https:\/\/x.com\/NOTICIEROS7","https:\/\/www.instagram.com\/canal7_slp","https:\/\/www.youtube.com\/channel\/UCliiYs-gP3JfJeqdPrNdd5A"]},{"@type":"Person","@id":"https:\/\/canal7slp.tv\/2025\/#\/schema\/person\/271e2b60a96e7cc9d9ac296f4d7e414b","name":"Edici\u00f3n Web","image":{"@type":"ImageObject","inLanguage":"es","@id":"https:\/\/secure.gravatar.com\/avatar\/eee448fc3f7164808013b816ba91ac7e43bbe82a70bebac296f8bc6f0addaa1a?s=96&d=mm&r=g","url":"https:\/\/secure.gravatar.com\/avatar\/eee448fc3f7164808013b816ba91ac7e43bbe82a70bebac296f8bc6f0addaa1a?s=96&d=mm&r=g","contentUrl":"https:\/\/secure.gravatar.com\/avatar\/eee448fc3f7164808013b816ba91ac7e43bbe82a70bebac296f8bc6f0addaa1a?s=96&d=mm&r=g","caption":"Edici\u00f3n Web"},"url":"https:\/\/canal7slp.tv\/2025\/author\/edicionweb\/"}]}},"_links":{"self":[{"href":"https:\/\/canal7slp.tv\/2025\/wp-json\/wp\/v2\/posts\/157670","targetHints":{"allow":["GET"]}}],"collection":[{"href":"https:\/\/canal7slp.tv\/2025\/wp-json\/wp\/v2\/posts"}],"about":[{"href":"https:\/\/canal7slp.tv\/2025\/wp-json\/wp\/v2\/types\/post"}],"author":[{"embeddable":true,"href":"https:\/\/canal7slp.tv\/2025\/wp-json\/wp\/v2\/users\/2"}],"replies":[{"embeddable":true,"href":"https:\/\/canal7slp.tv\/2025\/wp-json\/wp\/v2\/comments?post=157670"}],"version-history":[{"count":1,"href":"https:\/\/canal7slp.tv\/2025\/wp-json\/wp\/v2\/posts\/157670\/revisions"}],"predecessor-version":[{"id":157676,"href":"https:\/\/canal7slp.tv\/2025\/wp-json\/wp\/v2\/posts\/157670\/revisions\/157676"}],"wp:featuredmedia":[{"embeddable":true,"href":"https:\/\/canal7slp.tv\/2025\/wp-json\/wp\/v2\/media\/157674"}],"wp:attachment":[{"href":"https:\/\/canal7slp.tv\/2025\/wp-json\/wp\/v2\/media?parent=157670"}],"wp:term":[{"taxonomy":"category","embeddable":true,"href":"https:\/\/canal7slp.tv\/2025\/wp-json\/wp\/v2\/categories?post=157670"},{"taxonomy":"post_tag","embeddable":true,"href":"https:\/\/canal7slp.tv\/2025\/wp-json\/wp\/v2\/tags?post=157670"}],"curies":[{"name":"wp","href":"https:\/\/api.w.org\/{rel}","templated":true}]}}