{"id":157634,"date":"2025-02-11T10:19:41","date_gmt":"2025-02-11T16:19:41","guid":{"rendered":"https:\/\/canal7slp.tv\/2025\/?p=157634"},"modified":"2025-02-11T10:20:06","modified_gmt":"2025-02-11T16:20:06","slug":"inauguran-autoridades-de-rioverde-calle-pino-suarez-tras-ejecucion-de-obra-de-pavimentacion","status":"publish","type":"post","link":"https:\/\/canal7slp.tv\/2025\/inauguran-autoridades-de-rioverde-calle-pino-suarez-tras-ejecucion-de-obra-de-pavimentacion\/","title":{"rendered":"Inauguran autoridades de Rioverde, calle Pino Su\u00e1rez, tras ejecuci\u00f3n de obra de pavimentaci\u00f3n"},"content":{"rendered":"<p style=\"text-align: justify;\">Rioverde.-\u00a0El presidente municipal de Rioverde, Arnulfo Urbiola Rom\u00e1n y la titular del DIF, Karina Quintero, inauguraron la pavimentaci\u00f3n de la calle Pino Su\u00e1rez en el ejido Puente del Carmen, mejorando la movilidad en la zona y facilitando el tr\u00e1nsito de peatones y veh\u00edculos.<\/p>\n<p style=\"text-align: justify;\">La obra abarca el tramo entre las calles P\u00edpila y Carranza e incluye la construcci\u00f3n de rampas para personas con discapacidad, lo que contribuye a la accesibilidad y seguridad de esta comunidad, externaron los funcionarios.<\/p>\n<p style=\"text-align: justify;\">En el evento tambi\u00e9n participaron el regidor Sergio Villanueva P\u00e9rez, presidente de la Comisi\u00f3n de Obras P\u00fablicas en el Cabildo, y la regidora Rosa Mar\u00eda Huerta Valdez, secretaria de la misma comisi\u00f3n.<\/p>\n<p style=\"text-align: justify;\">Las autoridades municipales destacaron que esta rehabilitaci\u00f3n forma parte de un conjunto de proyectos de urbanizaci\u00f3n que buscan mejorar la infraestructura vial tanto en la zona urbana como en comunidades rurales, fortaleciendo el desarrollo y bienestar de los habitantes del municipio.<\/p>\n<p style=\"text-align: justify;\">Por: X\u00f3chitl Morales Castro.<\/p>\n","protected":false},"excerpt":{"rendered":"<p>Rioverde.-\u00a0El presidente municipal de Rioverde, Arnulfo Urbiola Rom\u00e1n y la titular del DIF, Karina Quintero, inauguraron la pavimentaci\u00f3n de la calle Pino Su\u00e1rez en el ejido Puente del Carmen, mejorando la movilidad en la zona y facilitando el tr\u00e1nsito de peatones y veh\u00edculos. La obra abarca el tramo entre las calles P\u00edpila y Carranza e incluye la construcci\u00f3n de rampas para personas con discapacidad, lo que contribuye a la accesibilidad y seguridad de esta comunidad, externaron los funcionarios. En el evento tambi\u00e9n participaron el regidor Sergio Villanueva P\u00e9rez, presidente de la Comisi\u00f3n de Obras P\u00fablicas en el Cabildo, y la [&hellip;]<\/p>\n","protected":false},"author":2,"featured_media":157637,"comment_status":"closed","ping_status":"closed","sticky":false,"template":"","format":"video","meta":{"_monsterinsights_skip_tracking":false,"_monsterinsights_sitenote_active":false,"_monsterinsights_sitenote_note":"","_monsterinsights_sitenote_category":0,"footnotes":""},"categories":[746,5,43],"tags":[],"class_list":["post-157634","post","type-post","status-publish","format-video","has-post-thumbnail","hentry","category-ayorio","category-destacadas","category-interior","post_format-post-format-video","post--single"],"yoast_head":"<!-- This site is optimized with the Yoast SEO plugin v27.5 - https:\/\/yoast.com\/product\/yoast-seo-wordpress\/ -->\n<title>Inauguran autoridades de Rioverde, calle Pino Su\u00e1rez, tras ejecuci\u00f3n de obra de pavimentaci\u00f3n - Canal 7 SLP - 2025<\/title>\n<meta name=\"robots\" content=\"index, follow, max-snippet:-1, max-image-preview:large, max-video-preview:-1\" \/>\n<link rel=\"canonical\" href=\"https:\/\/canal7slp.tv\/2025\/inauguran-autoridades-de-rioverde-calle-pino-suarez-tras-ejecucion-de-obra-de-pavimentacion\/\" \/>\n<meta property=\"og:locale\" content=\"es_ES\" \/>\n<meta property=\"og:type\" content=\"article\" \/>\n<meta property=\"og:title\" content=\"Inauguran autoridades de Rioverde, calle Pino Su\u00e1rez, tras ejecuci\u00f3n de obra de pavimentaci\u00f3n - Canal 7 SLP - 2025\" \/>\n<meta property=\"og:description\" content=\"Rioverde.-\u00a0El presidente municipal de Rioverde, Arnulfo Urbiola Rom\u00e1n y la titular del DIF, Karina Quintero, inauguraron la pavimentaci\u00f3n de la calle Pino Su\u00e1rez en el ejido Puente del Carmen, mejorando la movilidad en la zona y facilitando el tr\u00e1nsito de peatones y veh\u00edculos. La obra abarca el tramo entre las calles P\u00edpila y Carranza e incluye la construcci\u00f3n de rampas para personas con discapacidad, lo que contribuye a la accesibilidad y seguridad de esta comunidad, externaron los funcionarios. En el evento tambi\u00e9n participaron el regidor Sergio Villanueva P\u00e9rez, presidente de la Comisi\u00f3n de Obras P\u00fablicas en el Cabildo, y la [&hellip;]\" \/>\n<meta property=\"og:url\" content=\"https:\/\/canal7slp.tv\/2025\/inauguran-autoridades-de-rioverde-calle-pino-suarez-tras-ejecucion-de-obra-de-pavimentacion\/\" \/>\n<meta property=\"og:site_name\" content=\"Canal 7 SLP - 2025\" \/>\n<meta property=\"article:publisher\" content=\"https:\/\/www.facebook.com\/noticieroscanal7atencionciudadana\/\" \/>\n<meta property=\"article:published_time\" content=\"2025-02-11T16:19:41+00:00\" \/>\n<meta property=\"article:modified_time\" content=\"2025-02-11T16:20:06+00:00\" \/>\n<meta property=\"og:image\" content=\"https:\/\/canal7slp.tv\/2025\/wp-content\/uploads\/2025\/02\/Xochi01Inauguracion.jpg\" \/>\n\t<meta property=\"og:image:width\" content=\"1920\" \/>\n\t<meta property=\"og:image:height\" content=\"1080\" \/>\n\t<meta property=\"og:image:type\" content=\"image\/jpeg\" \/>\n<meta name=\"author\" content=\"Edici\u00f3n Web\" \/>\n<meta name=\"twitter:card\" content=\"summary_large_image\" \/>\n<meta name=\"twitter:creator\" content=\"@NOTICIEROS7\" \/>\n<meta name=\"twitter:site\" content=\"@NOTICIEROS7\" \/>\n<meta name=\"twitter:label1\" content=\"Escrito por\" \/>\n\t<meta name=\"twitter:data1\" content=\"Edici\u00f3n Web\" \/>\n\t<meta name=\"twitter:label2\" content=\"Tiempo de lectura\" \/>\n\t<meta name=\"twitter:data2\" content=\"1 minuto\" \/>\n<script type=\"application\/ld+json\" class=\"yoast-schema-graph\">{\"@context\":\"https:\\\/\\\/schema.org\",\"@graph\":[{\"@type\":\"Article\",\"@id\":\"https:\\\/\\\/canal7slp.tv\\\/2025\\\/inauguran-autoridades-de-rioverde-calle-pino-suarez-tras-ejecucion-de-obra-de-pavimentacion\\\/#article\",\"isPartOf\":{\"@id\":\"https:\\\/\\\/canal7slp.tv\\\/2025\\\/inauguran-autoridades-de-rioverde-calle-pino-suarez-tras-ejecucion-de-obra-de-pavimentacion\\\/\"},\"author\":{\"name\":\"Edici\u00f3n Web\",\"@id\":\"https:\\\/\\\/canal7slp.tv\\\/2025\\\/#\\\/schema\\\/person\\\/271e2b60a96e7cc9d9ac296f4d7e414b\"},\"headline\":\"Inauguran autoridades de Rioverde, calle Pino Su\u00e1rez, tras ejecuci\u00f3n de obra de pavimentaci\u00f3n\",\"datePublished\":\"2025-02-11T16:19:41+00:00\",\"dateModified\":\"2025-02-11T16:20:06+00:00\",\"mainEntityOfPage\":{\"@id\":\"https:\\\/\\\/canal7slp.tv\\\/2025\\\/inauguran-autoridades-de-rioverde-calle-pino-suarez-tras-ejecucion-de-obra-de-pavimentacion\\\/\"},\"wordCount\":189,\"publisher\":{\"@id\":\"https:\\\/\\\/canal7slp.tv\\\/2025\\\/#organization\"},\"image\":{\"@id\":\"https:\\\/\\\/canal7slp.tv\\\/2025\\\/inauguran-autoridades-de-rioverde-calle-pino-suarez-tras-ejecucion-de-obra-de-pavimentacion\\\/#primaryimage\"},\"thumbnailUrl\":\"https:\\\/\\\/canal7slp.tv\\\/2025\\\/wp-content\\\/uploads\\\/2025\\\/02\\\/Xochi01Inauguracion.jpg\",\"articleSection\":[\"AYORIO\",\"DESTACADAS\",\"INTERIOR DEL ESTADO\"],\"inLanguage\":\"es\"},{\"@type\":\"WebPage\",\"@id\":\"https:\\\/\\\/canal7slp.tv\\\/2025\\\/inauguran-autoridades-de-rioverde-calle-pino-suarez-tras-ejecucion-de-obra-de-pavimentacion\\\/\",\"url\":\"https:\\\/\\\/canal7slp.tv\\\/2025\\\/inauguran-autoridades-de-rioverde-calle-pino-suarez-tras-ejecucion-de-obra-de-pavimentacion\\\/\",\"name\":\"Inauguran autoridades de Rioverde, calle Pino Su\u00e1rez, tras ejecuci\u00f3n de obra de pavimentaci\u00f3n - Canal 7 SLP - 2025\",\"isPartOf\":{\"@id\":\"https:\\\/\\\/canal7slp.tv\\\/2025\\\/#website\"},\"primaryImageOfPage\":{\"@id\":\"https:\\\/\\\/canal7slp.tv\\\/2025\\\/inauguran-autoridades-de-rioverde-calle-pino-suarez-tras-ejecucion-de-obra-de-pavimentacion\\\/#primaryimage\"},\"image\":{\"@id\":\"https:\\\/\\\/canal7slp.tv\\\/2025\\\/inauguran-autoridades-de-rioverde-calle-pino-suarez-tras-ejecucion-de-obra-de-pavimentacion\\\/#primaryimage\"},\"thumbnailUrl\":\"https:\\\/\\\/canal7slp.tv\\\/2025\\\/wp-content\\\/uploads\\\/2025\\\/02\\\/Xochi01Inauguracion.jpg\",\"datePublished\":\"2025-02-11T16:19:41+00:00\",\"dateModified\":\"2025-02-11T16:20:06+00:00\",\"breadcrumb\":{\"@id\":\"https:\\\/\\\/canal7slp.tv\\\/2025\\\/inauguran-autoridades-de-rioverde-calle-pino-suarez-tras-ejecucion-de-obra-de-pavimentacion\\\/#breadcrumb\"},\"inLanguage\":\"es\",\"potentialAction\":[{\"@type\":\"ReadAction\",\"target\":[\"https:\\\/\\\/canal7slp.tv\\\/2025\\\/inauguran-autoridades-de-rioverde-calle-pino-suarez-tras-ejecucion-de-obra-de-pavimentacion\\\/\"]}]},{\"@type\":\"ImageObject\",\"inLanguage\":\"es\",\"@id\":\"https:\\\/\\\/canal7slp.tv\\\/2025\\\/inauguran-autoridades-de-rioverde-calle-pino-suarez-tras-ejecucion-de-obra-de-pavimentacion\\\/#primaryimage\",\"url\":\"https:\\\/\\\/canal7slp.tv\\\/2025\\\/wp-content\\\/uploads\\\/2025\\\/02\\\/Xochi01Inauguracion.jpg\",\"contentUrl\":\"https:\\\/\\\/canal7slp.tv\\\/2025\\\/wp-content\\\/uploads\\\/2025\\\/02\\\/Xochi01Inauguracion.jpg\",\"width\":1920,\"height\":1080},{\"@type\":\"BreadcrumbList\",\"@id\":\"https:\\\/\\\/canal7slp.tv\\\/2025\\\/inauguran-autoridades-de-rioverde-calle-pino-suarez-tras-ejecucion-de-obra-de-pavimentacion\\\/#breadcrumb\",\"itemListElement\":[{\"@type\":\"ListItem\",\"position\":1,\"name\":\"Portada\",\"item\":\"https:\\\/\\\/canal7slp.tv\\\/2025\\\/\"},{\"@type\":\"ListItem\",\"position\":2,\"name\":\"Inauguran autoridades de Rioverde, calle Pino Su\u00e1rez, tras ejecuci\u00f3n de obra de pavimentaci\u00f3n\"}]},{\"@type\":\"WebSite\",\"@id\":\"https:\\\/\\\/canal7slp.tv\\\/2025\\\/#website\",\"url\":\"https:\\\/\\\/canal7slp.tv\\\/2025\\\/\",\"name\":\"N7 - Noticieros Canal 7\",\"description\":\"Somos el Medio\",\"publisher\":{\"@id\":\"https:\\\/\\\/canal7slp.tv\\\/2025\\\/#organization\"},\"potentialAction\":[{\"@type\":\"SearchAction\",\"target\":{\"@type\":\"EntryPoint\",\"urlTemplate\":\"https:\\\/\\\/canal7slp.tv\\\/2025\\\/?s={search_term_string}\"},\"query-input\":{\"@type\":\"PropertyValueSpecification\",\"valueRequired\":true,\"valueName\":\"search_term_string\"}}],\"inLanguage\":\"es\"},{\"@type\":\"Organization\",\"@id\":\"https:\\\/\\\/canal7slp.tv\\\/2025\\\/#organization\",\"name\":\"Noticieros Canal 7\",\"url\":\"https:\\\/\\\/canal7slp.tv\\\/2025\\\/\",\"logo\":{\"@type\":\"ImageObject\",\"inLanguage\":\"es\",\"@id\":\"https:\\\/\\\/canal7slp.tv\\\/2025\\\/#\\\/schema\\\/logo\\\/image\\\/\",\"url\":\"https:\\\/\\\/canal7slp.tv\\\/2025\\\/wp-content\\\/uploads\\\/2021\\\/01\\\/logo-noticieros@2x.png\",\"contentUrl\":\"https:\\\/\\\/canal7slp.tv\\\/2025\\\/wp-content\\\/uploads\\\/2021\\\/01\\\/logo-noticieros@2x.png\",\"width\":1017,\"height\":268,\"caption\":\"Noticieros Canal 7\"},\"image\":{\"@id\":\"https:\\\/\\\/canal7slp.tv\\\/2025\\\/#\\\/schema\\\/logo\\\/image\\\/\"},\"sameAs\":[\"https:\\\/\\\/www.facebook.com\\\/noticieroscanal7atencionciudadana\\\/\",\"https:\\\/\\\/x.com\\\/NOTICIEROS7\",\"https:\\\/\\\/www.instagram.com\\\/canal7_slp\",\"https:\\\/\\\/www.youtube.com\\\/channel\\\/UCliiYs-gP3JfJeqdPrNdd5A\"]},{\"@type\":\"Person\",\"@id\":\"https:\\\/\\\/canal7slp.tv\\\/2025\\\/#\\\/schema\\\/person\\\/271e2b60a96e7cc9d9ac296f4d7e414b\",\"name\":\"Edici\u00f3n Web\",\"image\":{\"@type\":\"ImageObject\",\"inLanguage\":\"es\",\"@id\":\"https:\\\/\\\/secure.gravatar.com\\\/avatar\\\/eee448fc3f7164808013b816ba91ac7e43bbe82a70bebac296f8bc6f0addaa1a?s=96&d=mm&r=g\",\"url\":\"https:\\\/\\\/secure.gravatar.com\\\/avatar\\\/eee448fc3f7164808013b816ba91ac7e43bbe82a70bebac296f8bc6f0addaa1a?s=96&d=mm&r=g\",\"contentUrl\":\"https:\\\/\\\/secure.gravatar.com\\\/avatar\\\/eee448fc3f7164808013b816ba91ac7e43bbe82a70bebac296f8bc6f0addaa1a?s=96&d=mm&r=g\",\"caption\":\"Edici\u00f3n Web\"},\"url\":\"https:\\\/\\\/canal7slp.tv\\\/2025\\\/author\\\/edicionweb\\\/\"}]}<\/script>\n<!-- \/ Yoast SEO plugin. -->","yoast_head_json":{"title":"Inauguran autoridades de Rioverde, calle Pino Su\u00e1rez, tras ejecuci\u00f3n de obra de pavimentaci\u00f3n - Canal 7 SLP - 2025","robots":{"index":"index","follow":"follow","max-snippet":"max-snippet:-1","max-image-preview":"max-image-preview:large","max-video-preview":"max-video-preview:-1"},"canonical":"https:\/\/canal7slp.tv\/2025\/inauguran-autoridades-de-rioverde-calle-pino-suarez-tras-ejecucion-de-obra-de-pavimentacion\/","og_locale":"es_ES","og_type":"article","og_title":"Inauguran autoridades de Rioverde, calle Pino Su\u00e1rez, tras ejecuci\u00f3n de obra de pavimentaci\u00f3n - Canal 7 SLP - 2025","og_description":"Rioverde.-\u00a0El presidente municipal de Rioverde, Arnulfo Urbiola Rom\u00e1n y la titular del DIF, Karina Quintero, inauguraron la pavimentaci\u00f3n de la calle Pino Su\u00e1rez en el ejido Puente del Carmen, mejorando la movilidad en la zona y facilitando el tr\u00e1nsito de peatones y veh\u00edculos. La obra abarca el tramo entre las calles P\u00edpila y Carranza e incluye la construcci\u00f3n de rampas para personas con discapacidad, lo que contribuye a la accesibilidad y seguridad de esta comunidad, externaron los funcionarios. En el evento tambi\u00e9n participaron el regidor Sergio Villanueva P\u00e9rez, presidente de la Comisi\u00f3n de Obras P\u00fablicas en el Cabildo, y la [&hellip;]","og_url":"https:\/\/canal7slp.tv\/2025\/inauguran-autoridades-de-rioverde-calle-pino-suarez-tras-ejecucion-de-obra-de-pavimentacion\/","og_site_name":"Canal 7 SLP - 2025","article_publisher":"https:\/\/www.facebook.com\/noticieroscanal7atencionciudadana\/","article_published_time":"2025-02-11T16:19:41+00:00","article_modified_time":"2025-02-11T16:20:06+00:00","og_image":[{"width":1920,"height":1080,"url":"https:\/\/canal7slp.tv\/2025\/wp-content\/uploads\/2025\/02\/Xochi01Inauguracion.jpg","type":"image\/jpeg"}],"author":"Edici\u00f3n Web","twitter_card":"summary_large_image","twitter_creator":"@NOTICIEROS7","twitter_site":"@NOTICIEROS7","twitter_misc":{"Escrito por":"Edici\u00f3n Web","Tiempo de lectura":"1 minuto"},"schema":{"@context":"https:\/\/schema.org","@graph":[{"@type":"Article","@id":"https:\/\/canal7slp.tv\/2025\/inauguran-autoridades-de-rioverde-calle-pino-suarez-tras-ejecucion-de-obra-de-pavimentacion\/#article","isPartOf":{"@id":"https:\/\/canal7slp.tv\/2025\/inauguran-autoridades-de-rioverde-calle-pino-suarez-tras-ejecucion-de-obra-de-pavimentacion\/"},"author":{"name":"Edici\u00f3n Web","@id":"https:\/\/canal7slp.tv\/2025\/#\/schema\/person\/271e2b60a96e7cc9d9ac296f4d7e414b"},"headline":"Inauguran autoridades de Rioverde, calle Pino Su\u00e1rez, tras ejecuci\u00f3n de obra de pavimentaci\u00f3n","datePublished":"2025-02-11T16:19:41+00:00","dateModified":"2025-02-11T16:20:06+00:00","mainEntityOfPage":{"@id":"https:\/\/canal7slp.tv\/2025\/inauguran-autoridades-de-rioverde-calle-pino-suarez-tras-ejecucion-de-obra-de-pavimentacion\/"},"wordCount":189,"publisher":{"@id":"https:\/\/canal7slp.tv\/2025\/#organization"},"image":{"@id":"https:\/\/canal7slp.tv\/2025\/inauguran-autoridades-de-rioverde-calle-pino-suarez-tras-ejecucion-de-obra-de-pavimentacion\/#primaryimage"},"thumbnailUrl":"https:\/\/canal7slp.tv\/2025\/wp-content\/uploads\/2025\/02\/Xochi01Inauguracion.jpg","articleSection":["AYORIO","DESTACADAS","INTERIOR DEL ESTADO"],"inLanguage":"es"},{"@type":"WebPage","@id":"https:\/\/canal7slp.tv\/2025\/inauguran-autoridades-de-rioverde-calle-pino-suarez-tras-ejecucion-de-obra-de-pavimentacion\/","url":"https:\/\/canal7slp.tv\/2025\/inauguran-autoridades-de-rioverde-calle-pino-suarez-tras-ejecucion-de-obra-de-pavimentacion\/","name":"Inauguran autoridades de Rioverde, calle Pino Su\u00e1rez, tras ejecuci\u00f3n de obra de pavimentaci\u00f3n - Canal 7 SLP - 2025","isPartOf":{"@id":"https:\/\/canal7slp.tv\/2025\/#website"},"primaryImageOfPage":{"@id":"https:\/\/canal7slp.tv\/2025\/inauguran-autoridades-de-rioverde-calle-pino-suarez-tras-ejecucion-de-obra-de-pavimentacion\/#primaryimage"},"image":{"@id":"https:\/\/canal7slp.tv\/2025\/inauguran-autoridades-de-rioverde-calle-pino-suarez-tras-ejecucion-de-obra-de-pavimentacion\/#primaryimage"},"thumbnailUrl":"https:\/\/canal7slp.tv\/2025\/wp-content\/uploads\/2025\/02\/Xochi01Inauguracion.jpg","datePublished":"2025-02-11T16:19:41+00:00","dateModified":"2025-02-11T16:20:06+00:00","breadcrumb":{"@id":"https:\/\/canal7slp.tv\/2025\/inauguran-autoridades-de-rioverde-calle-pino-suarez-tras-ejecucion-de-obra-de-pavimentacion\/#breadcrumb"},"inLanguage":"es","potentialAction":[{"@type":"ReadAction","target":["https:\/\/canal7slp.tv\/2025\/inauguran-autoridades-de-rioverde-calle-pino-suarez-tras-ejecucion-de-obra-de-pavimentacion\/"]}]},{"@type":"ImageObject","inLanguage":"es","@id":"https:\/\/canal7slp.tv\/2025\/inauguran-autoridades-de-rioverde-calle-pino-suarez-tras-ejecucion-de-obra-de-pavimentacion\/#primaryimage","url":"https:\/\/canal7slp.tv\/2025\/wp-content\/uploads\/2025\/02\/Xochi01Inauguracion.jpg","contentUrl":"https:\/\/canal7slp.tv\/2025\/wp-content\/uploads\/2025\/02\/Xochi01Inauguracion.jpg","width":1920,"height":1080},{"@type":"BreadcrumbList","@id":"https:\/\/canal7slp.tv\/2025\/inauguran-autoridades-de-rioverde-calle-pino-suarez-tras-ejecucion-de-obra-de-pavimentacion\/#breadcrumb","itemListElement":[{"@type":"ListItem","position":1,"name":"Portada","item":"https:\/\/canal7slp.tv\/2025\/"},{"@type":"ListItem","position":2,"name":"Inauguran autoridades de Rioverde, calle Pino Su\u00e1rez, tras ejecuci\u00f3n de obra de pavimentaci\u00f3n"}]},{"@type":"WebSite","@id":"https:\/\/canal7slp.tv\/2025\/#website","url":"https:\/\/canal7slp.tv\/2025\/","name":"N7 - Noticieros Canal 7","description":"Somos el Medio","publisher":{"@id":"https:\/\/canal7slp.tv\/2025\/#organization"},"potentialAction":[{"@type":"SearchAction","target":{"@type":"EntryPoint","urlTemplate":"https:\/\/canal7slp.tv\/2025\/?s={search_term_string}"},"query-input":{"@type":"PropertyValueSpecification","valueRequired":true,"valueName":"search_term_string"}}],"inLanguage":"es"},{"@type":"Organization","@id":"https:\/\/canal7slp.tv\/2025\/#organization","name":"Noticieros Canal 7","url":"https:\/\/canal7slp.tv\/2025\/","logo":{"@type":"ImageObject","inLanguage":"es","@id":"https:\/\/canal7slp.tv\/2025\/#\/schema\/logo\/image\/","url":"https:\/\/canal7slp.tv\/2025\/wp-content\/uploads\/2021\/01\/logo-noticieros@2x.png","contentUrl":"https:\/\/canal7slp.tv\/2025\/wp-content\/uploads\/2021\/01\/logo-noticieros@2x.png","width":1017,"height":268,"caption":"Noticieros Canal 7"},"image":{"@id":"https:\/\/canal7slp.tv\/2025\/#\/schema\/logo\/image\/"},"sameAs":["https:\/\/www.facebook.com\/noticieroscanal7atencionciudadana\/","https:\/\/x.com\/NOTICIEROS7","https:\/\/www.instagram.com\/canal7_slp","https:\/\/www.youtube.com\/channel\/UCliiYs-gP3JfJeqdPrNdd5A"]},{"@type":"Person","@id":"https:\/\/canal7slp.tv\/2025\/#\/schema\/person\/271e2b60a96e7cc9d9ac296f4d7e414b","name":"Edici\u00f3n Web","image":{"@type":"ImageObject","inLanguage":"es","@id":"https:\/\/secure.gravatar.com\/avatar\/eee448fc3f7164808013b816ba91ac7e43bbe82a70bebac296f8bc6f0addaa1a?s=96&d=mm&r=g","url":"https:\/\/secure.gravatar.com\/avatar\/eee448fc3f7164808013b816ba91ac7e43bbe82a70bebac296f8bc6f0addaa1a?s=96&d=mm&r=g","contentUrl":"https:\/\/secure.gravatar.com\/avatar\/eee448fc3f7164808013b816ba91ac7e43bbe82a70bebac296f8bc6f0addaa1a?s=96&d=mm&r=g","caption":"Edici\u00f3n Web"},"url":"https:\/\/canal7slp.tv\/2025\/author\/edicionweb\/"}]}},"_links":{"self":[{"href":"https:\/\/canal7slp.tv\/2025\/wp-json\/wp\/v2\/posts\/157634","targetHints":{"allow":["GET"]}}],"collection":[{"href":"https:\/\/canal7slp.tv\/2025\/wp-json\/wp\/v2\/posts"}],"about":[{"href":"https:\/\/canal7slp.tv\/2025\/wp-json\/wp\/v2\/types\/post"}],"author":[{"embeddable":true,"href":"https:\/\/canal7slp.tv\/2025\/wp-json\/wp\/v2\/users\/2"}],"replies":[{"embeddable":true,"href":"https:\/\/canal7slp.tv\/2025\/wp-json\/wp\/v2\/comments?post=157634"}],"version-history":[{"count":1,"href":"https:\/\/canal7slp.tv\/2025\/wp-json\/wp\/v2\/posts\/157634\/revisions"}],"predecessor-version":[{"id":157635,"href":"https:\/\/canal7slp.tv\/2025\/wp-json\/wp\/v2\/posts\/157634\/revisions\/157635"}],"wp:featuredmedia":[{"embeddable":true,"href":"https:\/\/canal7slp.tv\/2025\/wp-json\/wp\/v2\/media\/157637"}],"wp:attachment":[{"href":"https:\/\/canal7slp.tv\/2025\/wp-json\/wp\/v2\/media?parent=157634"}],"wp:term":[{"taxonomy":"category","embeddable":true,"href":"https:\/\/canal7slp.tv\/2025\/wp-json\/wp\/v2\/categories?post=157634"},{"taxonomy":"post_tag","embeddable":true,"href":"https:\/\/canal7slp.tv\/2025\/wp-json\/wp\/v2\/tags?post=157634"}],"curies":[{"name":"wp","href":"https:\/\/api.w.org\/{rel}","templated":true}]}}