{"id":157622,"date":"2025-02-11T05:00:22","date_gmt":"2025-02-11T11:00:22","guid":{"rendered":"https:\/\/canal7slp.tv\/2025\/?p=157622"},"modified":"2025-02-11T03:02:22","modified_gmt":"2025-02-11T09:02:22","slug":"afirma-activista-que-autoridades-presuntamente-extrajeron-agua-para-habilitar-tiradero-de-basura-en-charcas","status":"publish","type":"post","link":"https:\/\/canal7slp.tv\/2025\/afirma-activista-que-autoridades-presuntamente-extrajeron-agua-para-habilitar-tiradero-de-basura-en-charcas\/","title":{"rendered":"Afirma activista que autoridades presuntamente extrajeron agua para habilitar tiradero de basura en Charcas"},"content":{"rendered":"<p style=\"text-align: justify;\">Charcas.-\u00a0Luego de que la Presidente Municipal de Charcas, Marisol N\u00e1jera, utilizara las redes sociales para desmentir que el nuevo tiradero municipal que se encuentra planeando abrir en la localidad estar\u00eda ubicado en el mismo sitio que ocupa un presunto manto acu\u00edfero, la activista social, Mireya Hern\u00e1ndez, acudi\u00f3 al lugar donde denunci\u00f3 que trabajadores del ayuntamiento se encontraban bombeando el liquido vital para sacarlo de la zona.<\/p>\n<p style=\"text-align: justify;\">\u201cAqu\u00ed va el agua corriendo, lo \u00fanico que est\u00e1n haciendo es desperdiciar el agua, bombe\u00e1ndola, la est\u00e1n desperdiciando en lugar de que la gente la use, todas esas casas no tienen los servicios y prefieren desperdiciar el agua\u201d, dijo.<\/p>\n<p style=\"text-align: justify;\">La activista se\u00f1al\u00f3 que los trabajadores del ayuntamiento llevaban varios d\u00edas laborando en el sitio con el objetivo de sacar el liquido, misma que de acuerdo a palabras de las autoridades municipales, era agua de lluvia y no proveniente de alg\u00fan tipo de manantial, \u201caqu\u00ed est\u00e1n sacando toda el agua, que puede servir para animales, para riego, esto es lo peor que puede haber hecho, querer sacar toda esta agua cuando le pueden dar uso, si es de lluvia, de manantial, se trata y se le da un uso, por dios\u201d.<\/p>\n<p style=\"text-align: justify;\">Al final, se\u00f1al\u00f3 al Secretario del Ayuntamiento, Carlos Herrera, de ser quien presuntamente orquest\u00f3 la acci\u00f3n de bombear el agua, \u201cque l\u00e1stima que ninguna persona se atreva a decirle que esto es lo peor, seg\u00fan \u00e9l esto es lo mejor y se ahoga m\u00e1s con sus problemas que ordena, seg\u00fan \u00e9l quiere ser el salvador del pueblo y lo est\u00e1 acabando de matar con todo esto y que bueno que est\u00e1 sacando el agua porque as\u00ed el manantial va a fluir m\u00e1s\u201d.<\/p>\n<p>Por: Jes\u00fas Valencia<\/p>\n","protected":false},"excerpt":{"rendered":"<p>Charcas.-\u00a0Luego de que la Presidente Municipal de Charcas, Marisol N\u00e1jera, utilizara las redes sociales para desmentir que el nuevo tiradero municipal que se encuentra planeando abrir en la localidad estar\u00eda ubicado en el mismo sitio que ocupa un presunto manto acu\u00edfero, la activista social, Mireya Hern\u00e1ndez, acudi\u00f3 al lugar donde denunci\u00f3 que trabajadores del ayuntamiento se encontraban bombeando el liquido vital para sacarlo de la zona. \u201cAqu\u00ed va el agua corriendo, lo \u00fanico que est\u00e1n haciendo es desperdiciar el agua, bombe\u00e1ndola, la est\u00e1n desperdiciando en lugar de que la gente la use, todas esas casas no tienen los servicios y [&hellip;]<\/p>\n","protected":false},"author":2,"featured_media":157629,"comment_status":"closed","ping_status":"closed","sticky":false,"template":"","format":"video","meta":{"_monsterinsights_skip_tracking":false,"_monsterinsights_sitenote_active":false,"_monsterinsights_sitenote_note":"","_monsterinsights_sitenote_category":0,"footnotes":""},"categories":[5,43],"tags":[],"class_list":["post-157622","post","type-post","status-publish","format-video","has-post-thumbnail","hentry","category-destacadas","category-interior","post_format-post-format-video","post--single"],"yoast_head":"<!-- This site is optimized with the Yoast SEO plugin v27.5 - https:\/\/yoast.com\/product\/yoast-seo-wordpress\/ -->\n<title>Afirma activista que autoridades presuntamente extrajeron agua para habilitar tiradero de basura en Charcas - Canal 7 SLP - 2025<\/title>\n<meta name=\"robots\" content=\"index, follow, max-snippet:-1, max-image-preview:large, max-video-preview:-1\" \/>\n<link rel=\"canonical\" href=\"https:\/\/canal7slp.tv\/2025\/afirma-activista-que-autoridades-presuntamente-extrajeron-agua-para-habilitar-tiradero-de-basura-en-charcas\/\" \/>\n<meta property=\"og:locale\" content=\"es_ES\" \/>\n<meta property=\"og:type\" content=\"article\" \/>\n<meta property=\"og:title\" content=\"Afirma activista que autoridades presuntamente extrajeron agua para habilitar tiradero de basura en Charcas - Canal 7 SLP - 2025\" \/>\n<meta property=\"og:description\" content=\"Charcas.-\u00a0Luego de que la Presidente Municipal de Charcas, Marisol N\u00e1jera, utilizara las redes sociales para desmentir que el nuevo tiradero municipal que se encuentra planeando abrir en la localidad estar\u00eda ubicado en el mismo sitio que ocupa un presunto manto acu\u00edfero, la activista social, Mireya Hern\u00e1ndez, acudi\u00f3 al lugar donde denunci\u00f3 que trabajadores del ayuntamiento se encontraban bombeando el liquido vital para sacarlo de la zona. \u201cAqu\u00ed va el agua corriendo, lo \u00fanico que est\u00e1n haciendo es desperdiciar el agua, bombe\u00e1ndola, la est\u00e1n desperdiciando en lugar de que la gente la use, todas esas casas no tienen los servicios y [&hellip;]\" \/>\n<meta property=\"og:url\" content=\"https:\/\/canal7slp.tv\/2025\/afirma-activista-que-autoridades-presuntamente-extrajeron-agua-para-habilitar-tiradero-de-basura-en-charcas\/\" \/>\n<meta property=\"og:site_name\" content=\"Canal 7 SLP - 2025\" \/>\n<meta property=\"article:publisher\" content=\"https:\/\/www.facebook.com\/noticieroscanal7atencionciudadana\/\" \/>\n<meta property=\"article:published_time\" content=\"2025-02-11T11:00:22+00:00\" \/>\n<meta property=\"og:image\" content=\"https:\/\/canal7slp.tv\/2025\/wp-content\/uploads\/2025\/02\/Valencia01AguaTiradero-1.jpg\" \/>\n\t<meta property=\"og:image:width\" content=\"1920\" \/>\n\t<meta property=\"og:image:height\" content=\"1080\" \/>\n\t<meta property=\"og:image:type\" content=\"image\/jpeg\" \/>\n<meta name=\"author\" content=\"Edici\u00f3n Web\" \/>\n<meta name=\"twitter:card\" content=\"summary_large_image\" \/>\n<meta name=\"twitter:creator\" content=\"@NOTICIEROS7\" \/>\n<meta name=\"twitter:site\" content=\"@NOTICIEROS7\" \/>\n<meta name=\"twitter:label1\" content=\"Escrito por\" \/>\n\t<meta name=\"twitter:data1\" content=\"Edici\u00f3n Web\" \/>\n\t<meta name=\"twitter:label2\" content=\"Tiempo de lectura\" \/>\n\t<meta name=\"twitter:data2\" content=\"2 minutos\" \/>\n<script type=\"application\/ld+json\" class=\"yoast-schema-graph\">{\"@context\":\"https:\\\/\\\/schema.org\",\"@graph\":[{\"@type\":\"Article\",\"@id\":\"https:\\\/\\\/canal7slp.tv\\\/2025\\\/afirma-activista-que-autoridades-presuntamente-extrajeron-agua-para-habilitar-tiradero-de-basura-en-charcas\\\/#article\",\"isPartOf\":{\"@id\":\"https:\\\/\\\/canal7slp.tv\\\/2025\\\/afirma-activista-que-autoridades-presuntamente-extrajeron-agua-para-habilitar-tiradero-de-basura-en-charcas\\\/\"},\"author\":{\"name\":\"Edici\u00f3n Web\",\"@id\":\"https:\\\/\\\/canal7slp.tv\\\/2025\\\/#\\\/schema\\\/person\\\/271e2b60a96e7cc9d9ac296f4d7e414b\"},\"headline\":\"Afirma activista que autoridades presuntamente extrajeron agua para habilitar tiradero de basura en Charcas\",\"datePublished\":\"2025-02-11T11:00:22+00:00\",\"mainEntityOfPage\":{\"@id\":\"https:\\\/\\\/canal7slp.tv\\\/2025\\\/afirma-activista-que-autoridades-presuntamente-extrajeron-agua-para-habilitar-tiradero-de-basura-en-charcas\\\/\"},\"wordCount\":316,\"publisher\":{\"@id\":\"https:\\\/\\\/canal7slp.tv\\\/2025\\\/#organization\"},\"image\":{\"@id\":\"https:\\\/\\\/canal7slp.tv\\\/2025\\\/afirma-activista-que-autoridades-presuntamente-extrajeron-agua-para-habilitar-tiradero-de-basura-en-charcas\\\/#primaryimage\"},\"thumbnailUrl\":\"https:\\\/\\\/canal7slp.tv\\\/2025\\\/wp-content\\\/uploads\\\/2025\\\/02\\\/Valencia01AguaTiradero-1.jpg\",\"articleSection\":[\"DESTACADAS\",\"INTERIOR DEL ESTADO\"],\"inLanguage\":\"es\"},{\"@type\":\"WebPage\",\"@id\":\"https:\\\/\\\/canal7slp.tv\\\/2025\\\/afirma-activista-que-autoridades-presuntamente-extrajeron-agua-para-habilitar-tiradero-de-basura-en-charcas\\\/\",\"url\":\"https:\\\/\\\/canal7slp.tv\\\/2025\\\/afirma-activista-que-autoridades-presuntamente-extrajeron-agua-para-habilitar-tiradero-de-basura-en-charcas\\\/\",\"name\":\"Afirma activista que autoridades presuntamente extrajeron agua para habilitar tiradero de basura en Charcas - Canal 7 SLP - 2025\",\"isPartOf\":{\"@id\":\"https:\\\/\\\/canal7slp.tv\\\/2025\\\/#website\"},\"primaryImageOfPage\":{\"@id\":\"https:\\\/\\\/canal7slp.tv\\\/2025\\\/afirma-activista-que-autoridades-presuntamente-extrajeron-agua-para-habilitar-tiradero-de-basura-en-charcas\\\/#primaryimage\"},\"image\":{\"@id\":\"https:\\\/\\\/canal7slp.tv\\\/2025\\\/afirma-activista-que-autoridades-presuntamente-extrajeron-agua-para-habilitar-tiradero-de-basura-en-charcas\\\/#primaryimage\"},\"thumbnailUrl\":\"https:\\\/\\\/canal7slp.tv\\\/2025\\\/wp-content\\\/uploads\\\/2025\\\/02\\\/Valencia01AguaTiradero-1.jpg\",\"datePublished\":\"2025-02-11T11:00:22+00:00\",\"breadcrumb\":{\"@id\":\"https:\\\/\\\/canal7slp.tv\\\/2025\\\/afirma-activista-que-autoridades-presuntamente-extrajeron-agua-para-habilitar-tiradero-de-basura-en-charcas\\\/#breadcrumb\"},\"inLanguage\":\"es\",\"potentialAction\":[{\"@type\":\"ReadAction\",\"target\":[\"https:\\\/\\\/canal7slp.tv\\\/2025\\\/afirma-activista-que-autoridades-presuntamente-extrajeron-agua-para-habilitar-tiradero-de-basura-en-charcas\\\/\"]}]},{\"@type\":\"ImageObject\",\"inLanguage\":\"es\",\"@id\":\"https:\\\/\\\/canal7slp.tv\\\/2025\\\/afirma-activista-que-autoridades-presuntamente-extrajeron-agua-para-habilitar-tiradero-de-basura-en-charcas\\\/#primaryimage\",\"url\":\"https:\\\/\\\/canal7slp.tv\\\/2025\\\/wp-content\\\/uploads\\\/2025\\\/02\\\/Valencia01AguaTiradero-1.jpg\",\"contentUrl\":\"https:\\\/\\\/canal7slp.tv\\\/2025\\\/wp-content\\\/uploads\\\/2025\\\/02\\\/Valencia01AguaTiradero-1.jpg\",\"width\":1920,\"height\":1080},{\"@type\":\"BreadcrumbList\",\"@id\":\"https:\\\/\\\/canal7slp.tv\\\/2025\\\/afirma-activista-que-autoridades-presuntamente-extrajeron-agua-para-habilitar-tiradero-de-basura-en-charcas\\\/#breadcrumb\",\"itemListElement\":[{\"@type\":\"ListItem\",\"position\":1,\"name\":\"Portada\",\"item\":\"https:\\\/\\\/canal7slp.tv\\\/2025\\\/\"},{\"@type\":\"ListItem\",\"position\":2,\"name\":\"Afirma activista que autoridades presuntamente extrajeron agua para habilitar tiradero de basura en Charcas\"}]},{\"@type\":\"WebSite\",\"@id\":\"https:\\\/\\\/canal7slp.tv\\\/2025\\\/#website\",\"url\":\"https:\\\/\\\/canal7slp.tv\\\/2025\\\/\",\"name\":\"N7 - Noticieros Canal 7\",\"description\":\"Somos el Medio\",\"publisher\":{\"@id\":\"https:\\\/\\\/canal7slp.tv\\\/2025\\\/#organization\"},\"potentialAction\":[{\"@type\":\"SearchAction\",\"target\":{\"@type\":\"EntryPoint\",\"urlTemplate\":\"https:\\\/\\\/canal7slp.tv\\\/2025\\\/?s={search_term_string}\"},\"query-input\":{\"@type\":\"PropertyValueSpecification\",\"valueRequired\":true,\"valueName\":\"search_term_string\"}}],\"inLanguage\":\"es\"},{\"@type\":\"Organization\",\"@id\":\"https:\\\/\\\/canal7slp.tv\\\/2025\\\/#organization\",\"name\":\"Noticieros Canal 7\",\"url\":\"https:\\\/\\\/canal7slp.tv\\\/2025\\\/\",\"logo\":{\"@type\":\"ImageObject\",\"inLanguage\":\"es\",\"@id\":\"https:\\\/\\\/canal7slp.tv\\\/2025\\\/#\\\/schema\\\/logo\\\/image\\\/\",\"url\":\"https:\\\/\\\/canal7slp.tv\\\/2025\\\/wp-content\\\/uploads\\\/2021\\\/01\\\/logo-noticieros@2x.png\",\"contentUrl\":\"https:\\\/\\\/canal7slp.tv\\\/2025\\\/wp-content\\\/uploads\\\/2021\\\/01\\\/logo-noticieros@2x.png\",\"width\":1017,\"height\":268,\"caption\":\"Noticieros Canal 7\"},\"image\":{\"@id\":\"https:\\\/\\\/canal7slp.tv\\\/2025\\\/#\\\/schema\\\/logo\\\/image\\\/\"},\"sameAs\":[\"https:\\\/\\\/www.facebook.com\\\/noticieroscanal7atencionciudadana\\\/\",\"https:\\\/\\\/x.com\\\/NOTICIEROS7\",\"https:\\\/\\\/www.instagram.com\\\/canal7_slp\",\"https:\\\/\\\/www.youtube.com\\\/channel\\\/UCliiYs-gP3JfJeqdPrNdd5A\"]},{\"@type\":\"Person\",\"@id\":\"https:\\\/\\\/canal7slp.tv\\\/2025\\\/#\\\/schema\\\/person\\\/271e2b60a96e7cc9d9ac296f4d7e414b\",\"name\":\"Edici\u00f3n Web\",\"image\":{\"@type\":\"ImageObject\",\"inLanguage\":\"es\",\"@id\":\"https:\\\/\\\/secure.gravatar.com\\\/avatar\\\/eee448fc3f7164808013b816ba91ac7e43bbe82a70bebac296f8bc6f0addaa1a?s=96&d=mm&r=g\",\"url\":\"https:\\\/\\\/secure.gravatar.com\\\/avatar\\\/eee448fc3f7164808013b816ba91ac7e43bbe82a70bebac296f8bc6f0addaa1a?s=96&d=mm&r=g\",\"contentUrl\":\"https:\\\/\\\/secure.gravatar.com\\\/avatar\\\/eee448fc3f7164808013b816ba91ac7e43bbe82a70bebac296f8bc6f0addaa1a?s=96&d=mm&r=g\",\"caption\":\"Edici\u00f3n Web\"},\"url\":\"https:\\\/\\\/canal7slp.tv\\\/2025\\\/author\\\/edicionweb\\\/\"}]}<\/script>\n<!-- \/ Yoast SEO plugin. -->","yoast_head_json":{"title":"Afirma activista que autoridades presuntamente extrajeron agua para habilitar tiradero de basura en Charcas - Canal 7 SLP - 2025","robots":{"index":"index","follow":"follow","max-snippet":"max-snippet:-1","max-image-preview":"max-image-preview:large","max-video-preview":"max-video-preview:-1"},"canonical":"https:\/\/canal7slp.tv\/2025\/afirma-activista-que-autoridades-presuntamente-extrajeron-agua-para-habilitar-tiradero-de-basura-en-charcas\/","og_locale":"es_ES","og_type":"article","og_title":"Afirma activista que autoridades presuntamente extrajeron agua para habilitar tiradero de basura en Charcas - Canal 7 SLP - 2025","og_description":"Charcas.-\u00a0Luego de que la Presidente Municipal de Charcas, Marisol N\u00e1jera, utilizara las redes sociales para desmentir que el nuevo tiradero municipal que se encuentra planeando abrir en la localidad estar\u00eda ubicado en el mismo sitio que ocupa un presunto manto acu\u00edfero, la activista social, Mireya Hern\u00e1ndez, acudi\u00f3 al lugar donde denunci\u00f3 que trabajadores del ayuntamiento se encontraban bombeando el liquido vital para sacarlo de la zona. \u201cAqu\u00ed va el agua corriendo, lo \u00fanico que est\u00e1n haciendo es desperdiciar el agua, bombe\u00e1ndola, la est\u00e1n desperdiciando en lugar de que la gente la use, todas esas casas no tienen los servicios y [&hellip;]","og_url":"https:\/\/canal7slp.tv\/2025\/afirma-activista-que-autoridades-presuntamente-extrajeron-agua-para-habilitar-tiradero-de-basura-en-charcas\/","og_site_name":"Canal 7 SLP - 2025","article_publisher":"https:\/\/www.facebook.com\/noticieroscanal7atencionciudadana\/","article_published_time":"2025-02-11T11:00:22+00:00","og_image":[{"width":1920,"height":1080,"url":"https:\/\/canal7slp.tv\/2025\/wp-content\/uploads\/2025\/02\/Valencia01AguaTiradero-1.jpg","type":"image\/jpeg"}],"author":"Edici\u00f3n Web","twitter_card":"summary_large_image","twitter_creator":"@NOTICIEROS7","twitter_site":"@NOTICIEROS7","twitter_misc":{"Escrito por":"Edici\u00f3n Web","Tiempo de lectura":"2 minutos"},"schema":{"@context":"https:\/\/schema.org","@graph":[{"@type":"Article","@id":"https:\/\/canal7slp.tv\/2025\/afirma-activista-que-autoridades-presuntamente-extrajeron-agua-para-habilitar-tiradero-de-basura-en-charcas\/#article","isPartOf":{"@id":"https:\/\/canal7slp.tv\/2025\/afirma-activista-que-autoridades-presuntamente-extrajeron-agua-para-habilitar-tiradero-de-basura-en-charcas\/"},"author":{"name":"Edici\u00f3n Web","@id":"https:\/\/canal7slp.tv\/2025\/#\/schema\/person\/271e2b60a96e7cc9d9ac296f4d7e414b"},"headline":"Afirma activista que autoridades presuntamente extrajeron agua para habilitar tiradero de basura en Charcas","datePublished":"2025-02-11T11:00:22+00:00","mainEntityOfPage":{"@id":"https:\/\/canal7slp.tv\/2025\/afirma-activista-que-autoridades-presuntamente-extrajeron-agua-para-habilitar-tiradero-de-basura-en-charcas\/"},"wordCount":316,"publisher":{"@id":"https:\/\/canal7slp.tv\/2025\/#organization"},"image":{"@id":"https:\/\/canal7slp.tv\/2025\/afirma-activista-que-autoridades-presuntamente-extrajeron-agua-para-habilitar-tiradero-de-basura-en-charcas\/#primaryimage"},"thumbnailUrl":"https:\/\/canal7slp.tv\/2025\/wp-content\/uploads\/2025\/02\/Valencia01AguaTiradero-1.jpg","articleSection":["DESTACADAS","INTERIOR DEL ESTADO"],"inLanguage":"es"},{"@type":"WebPage","@id":"https:\/\/canal7slp.tv\/2025\/afirma-activista-que-autoridades-presuntamente-extrajeron-agua-para-habilitar-tiradero-de-basura-en-charcas\/","url":"https:\/\/canal7slp.tv\/2025\/afirma-activista-que-autoridades-presuntamente-extrajeron-agua-para-habilitar-tiradero-de-basura-en-charcas\/","name":"Afirma activista que autoridades presuntamente extrajeron agua para habilitar tiradero de basura en Charcas - Canal 7 SLP - 2025","isPartOf":{"@id":"https:\/\/canal7slp.tv\/2025\/#website"},"primaryImageOfPage":{"@id":"https:\/\/canal7slp.tv\/2025\/afirma-activista-que-autoridades-presuntamente-extrajeron-agua-para-habilitar-tiradero-de-basura-en-charcas\/#primaryimage"},"image":{"@id":"https:\/\/canal7slp.tv\/2025\/afirma-activista-que-autoridades-presuntamente-extrajeron-agua-para-habilitar-tiradero-de-basura-en-charcas\/#primaryimage"},"thumbnailUrl":"https:\/\/canal7slp.tv\/2025\/wp-content\/uploads\/2025\/02\/Valencia01AguaTiradero-1.jpg","datePublished":"2025-02-11T11:00:22+00:00","breadcrumb":{"@id":"https:\/\/canal7slp.tv\/2025\/afirma-activista-que-autoridades-presuntamente-extrajeron-agua-para-habilitar-tiradero-de-basura-en-charcas\/#breadcrumb"},"inLanguage":"es","potentialAction":[{"@type":"ReadAction","target":["https:\/\/canal7slp.tv\/2025\/afirma-activista-que-autoridades-presuntamente-extrajeron-agua-para-habilitar-tiradero-de-basura-en-charcas\/"]}]},{"@type":"ImageObject","inLanguage":"es","@id":"https:\/\/canal7slp.tv\/2025\/afirma-activista-que-autoridades-presuntamente-extrajeron-agua-para-habilitar-tiradero-de-basura-en-charcas\/#primaryimage","url":"https:\/\/canal7slp.tv\/2025\/wp-content\/uploads\/2025\/02\/Valencia01AguaTiradero-1.jpg","contentUrl":"https:\/\/canal7slp.tv\/2025\/wp-content\/uploads\/2025\/02\/Valencia01AguaTiradero-1.jpg","width":1920,"height":1080},{"@type":"BreadcrumbList","@id":"https:\/\/canal7slp.tv\/2025\/afirma-activista-que-autoridades-presuntamente-extrajeron-agua-para-habilitar-tiradero-de-basura-en-charcas\/#breadcrumb","itemListElement":[{"@type":"ListItem","position":1,"name":"Portada","item":"https:\/\/canal7slp.tv\/2025\/"},{"@type":"ListItem","position":2,"name":"Afirma activista que autoridades presuntamente extrajeron agua para habilitar tiradero de basura en Charcas"}]},{"@type":"WebSite","@id":"https:\/\/canal7slp.tv\/2025\/#website","url":"https:\/\/canal7slp.tv\/2025\/","name":"N7 - Noticieros Canal 7","description":"Somos el Medio","publisher":{"@id":"https:\/\/canal7slp.tv\/2025\/#organization"},"potentialAction":[{"@type":"SearchAction","target":{"@type":"EntryPoint","urlTemplate":"https:\/\/canal7slp.tv\/2025\/?s={search_term_string}"},"query-input":{"@type":"PropertyValueSpecification","valueRequired":true,"valueName":"search_term_string"}}],"inLanguage":"es"},{"@type":"Organization","@id":"https:\/\/canal7slp.tv\/2025\/#organization","name":"Noticieros Canal 7","url":"https:\/\/canal7slp.tv\/2025\/","logo":{"@type":"ImageObject","inLanguage":"es","@id":"https:\/\/canal7slp.tv\/2025\/#\/schema\/logo\/image\/","url":"https:\/\/canal7slp.tv\/2025\/wp-content\/uploads\/2021\/01\/logo-noticieros@2x.png","contentUrl":"https:\/\/canal7slp.tv\/2025\/wp-content\/uploads\/2021\/01\/logo-noticieros@2x.png","width":1017,"height":268,"caption":"Noticieros Canal 7"},"image":{"@id":"https:\/\/canal7slp.tv\/2025\/#\/schema\/logo\/image\/"},"sameAs":["https:\/\/www.facebook.com\/noticieroscanal7atencionciudadana\/","https:\/\/x.com\/NOTICIEROS7","https:\/\/www.instagram.com\/canal7_slp","https:\/\/www.youtube.com\/channel\/UCliiYs-gP3JfJeqdPrNdd5A"]},{"@type":"Person","@id":"https:\/\/canal7slp.tv\/2025\/#\/schema\/person\/271e2b60a96e7cc9d9ac296f4d7e414b","name":"Edici\u00f3n Web","image":{"@type":"ImageObject","inLanguage":"es","@id":"https:\/\/secure.gravatar.com\/avatar\/eee448fc3f7164808013b816ba91ac7e43bbe82a70bebac296f8bc6f0addaa1a?s=96&d=mm&r=g","url":"https:\/\/secure.gravatar.com\/avatar\/eee448fc3f7164808013b816ba91ac7e43bbe82a70bebac296f8bc6f0addaa1a?s=96&d=mm&r=g","contentUrl":"https:\/\/secure.gravatar.com\/avatar\/eee448fc3f7164808013b816ba91ac7e43bbe82a70bebac296f8bc6f0addaa1a?s=96&d=mm&r=g","caption":"Edici\u00f3n Web"},"url":"https:\/\/canal7slp.tv\/2025\/author\/edicionweb\/"}]}},"_links":{"self":[{"href":"https:\/\/canal7slp.tv\/2025\/wp-json\/wp\/v2\/posts\/157622","targetHints":{"allow":["GET"]}}],"collection":[{"href":"https:\/\/canal7slp.tv\/2025\/wp-json\/wp\/v2\/posts"}],"about":[{"href":"https:\/\/canal7slp.tv\/2025\/wp-json\/wp\/v2\/types\/post"}],"author":[{"embeddable":true,"href":"https:\/\/canal7slp.tv\/2025\/wp-json\/wp\/v2\/users\/2"}],"replies":[{"embeddable":true,"href":"https:\/\/canal7slp.tv\/2025\/wp-json\/wp\/v2\/comments?post=157622"}],"version-history":[{"count":2,"href":"https:\/\/canal7slp.tv\/2025\/wp-json\/wp\/v2\/posts\/157622\/revisions"}],"predecessor-version":[{"id":157632,"href":"https:\/\/canal7slp.tv\/2025\/wp-json\/wp\/v2\/posts\/157622\/revisions\/157632"}],"wp:featuredmedia":[{"embeddable":true,"href":"https:\/\/canal7slp.tv\/2025\/wp-json\/wp\/v2\/media\/157629"}],"wp:attachment":[{"href":"https:\/\/canal7slp.tv\/2025\/wp-json\/wp\/v2\/media?parent=157622"}],"wp:term":[{"taxonomy":"category","embeddable":true,"href":"https:\/\/canal7slp.tv\/2025\/wp-json\/wp\/v2\/categories?post=157622"},{"taxonomy":"post_tag","embeddable":true,"href":"https:\/\/canal7slp.tv\/2025\/wp-json\/wp\/v2\/tags?post=157622"}],"curies":[{"name":"wp","href":"https:\/\/api.w.org\/{rel}","templated":true}]}}