{"id":157619,"date":"2025-02-11T02:48:23","date_gmt":"2025-02-11T08:48:23","guid":{"rendered":"https:\/\/canal7slp.tv\/2025\/?p=157619"},"modified":"2025-02-11T02:48:23","modified_gmt":"2025-02-11T08:48:23","slug":"cae-por-barranco-trailer-con-doble-plataforma-y-se-incendia-chofer-pierde-la-vida","status":"publish","type":"post","link":"https:\/\/canal7slp.tv\/2025\/cae-por-barranco-trailer-con-doble-plataforma-y-se-incendia-chofer-pierde-la-vida\/","title":{"rendered":"Cae por barranco tr\u00e1iler con doble plataforma y se incendia; chofer pierde la vida"},"content":{"rendered":"<p style=\"text-align: justify;\">Rioverde.- Un tr\u00e1gico accidente ocurri\u00f3 en la carretera federal 70, entre los municipios de Ray\u00f3n y Rioverde, donde un tr\u00e1iler con doble plataforma cay\u00f3 a un barranco y se incendi\u00f3, cobrando la vida de su conductor.<\/p>\n<p style=\"text-align: justify;\">El accidente fue reportado a los servicios de emergencia, lo que moviliz\u00f3 a los cuerpos de rescate, entre ellos el Honorable Cuerpo de Bomberos de Rioverde, que despleg\u00f3 las unidades M5 y M14 hasta el sitio conocido como Cuesta del Tigre.<\/p>\n<p style=\"text-align: justify;\">Al llegar, encontraron el tractocami\u00f3n en llamas a aproximadamente a 95 metros de profundidad, por lo que iniciaron de inmediato las maniobras para sofocar el fuego y recuperar el cuerpo del conductor.<\/p>\n<p style=\"text-align: justify;\">La v\u00edctima, que a\u00fan no ha sido identificada, viajaba en un tr\u00e1iler vac\u00edo de la empresa Textla con direcci\u00f3n a Tampico. Lamentablemente, qued\u00f3 prensado dentro de la cabina y su cuerpo fue calcinado por el incendio.<\/p>\n<p style=\"text-align: justify;\">Elementos de la Guardia Nacional y Servicios Periciales acudieron al lugar para tomar conocimiento del hecho y realizar las investigaciones correspondientes. Hasta el momento, no se han determinado las causas exactas del accidente.<\/p>\n<p style=\"text-align: justify;\">Por: X\u00f3chitl Morales Castro.<\/p>\n","protected":false},"excerpt":{"rendered":"<p>Rioverde.- Un tr\u00e1gico accidente ocurri\u00f3 en la carretera federal 70, entre los municipios de Ray\u00f3n y Rioverde, donde un tr\u00e1iler con doble plataforma cay\u00f3 a un barranco y se incendi\u00f3, cobrando la vida de su conductor. El accidente fue reportado a los servicios de emergencia, lo que moviliz\u00f3 a los cuerpos de rescate, entre ellos el Honorable Cuerpo de Bomberos de Rioverde, que despleg\u00f3 las unidades M5 y M14 hasta el sitio conocido como Cuesta del Tigre. Al llegar, encontraron el tractocami\u00f3n en llamas a aproximadamente a 95 metros de profundidad, por lo que iniciaron de inmediato las maniobras para [&hellip;]<\/p>\n","protected":false},"author":2,"featured_media":157620,"comment_status":"closed","ping_status":"closed","sticky":false,"template":"","format":"video","meta":{"_monsterinsights_skip_tracking":false,"_monsterinsights_sitenote_active":false,"_monsterinsights_sitenote_note":"","_monsterinsights_sitenote_category":0,"footnotes":""},"categories":[746,5,43],"tags":[],"class_list":["post-157619","post","type-post","status-publish","format-video","has-post-thumbnail","hentry","category-ayorio","category-destacadas","category-interior","post_format-post-format-video","post--single"],"yoast_head":"<!-- This site is optimized with the Yoast SEO plugin v27.5 - https:\/\/yoast.com\/product\/yoast-seo-wordpress\/ -->\n<title>Cae por barranco tr\u00e1iler con doble plataforma y se incendia; chofer pierde la vida - Canal 7 SLP - 2025<\/title>\n<meta name=\"robots\" content=\"index, follow, max-snippet:-1, max-image-preview:large, max-video-preview:-1\" \/>\n<link rel=\"canonical\" href=\"https:\/\/canal7slp.tv\/2025\/cae-por-barranco-trailer-con-doble-plataforma-y-se-incendia-chofer-pierde-la-vida\/\" \/>\n<meta property=\"og:locale\" content=\"es_ES\" \/>\n<meta property=\"og:type\" content=\"article\" \/>\n<meta property=\"og:title\" content=\"Cae por barranco tr\u00e1iler con doble plataforma y se incendia; chofer pierde la vida - Canal 7 SLP - 2025\" \/>\n<meta property=\"og:description\" content=\"Rioverde.- Un tr\u00e1gico accidente ocurri\u00f3 en la carretera federal 70, entre los municipios de Ray\u00f3n y Rioverde, donde un tr\u00e1iler con doble plataforma cay\u00f3 a un barranco y se incendi\u00f3, cobrando la vida de su conductor. El accidente fue reportado a los servicios de emergencia, lo que moviliz\u00f3 a los cuerpos de rescate, entre ellos el Honorable Cuerpo de Bomberos de Rioverde, que despleg\u00f3 las unidades M5 y M14 hasta el sitio conocido como Cuesta del Tigre. Al llegar, encontraron el tractocami\u00f3n en llamas a aproximadamente a 95 metros de profundidad, por lo que iniciaron de inmediato las maniobras para [&hellip;]\" \/>\n<meta property=\"og:url\" content=\"https:\/\/canal7slp.tv\/2025\/cae-por-barranco-trailer-con-doble-plataforma-y-se-incendia-chofer-pierde-la-vida\/\" \/>\n<meta property=\"og:site_name\" content=\"Canal 7 SLP - 2025\" \/>\n<meta property=\"article:publisher\" content=\"https:\/\/www.facebook.com\/noticieroscanal7atencionciudadana\/\" \/>\n<meta property=\"article:published_time\" content=\"2025-02-11T08:48:23+00:00\" \/>\n<meta property=\"og:image\" content=\"https:\/\/canal7slp.tv\/2025\/wp-content\/uploads\/2025\/02\/Xochi01AccidenteTrailer.jpg\" \/>\n\t<meta property=\"og:image:width\" content=\"1920\" \/>\n\t<meta property=\"og:image:height\" content=\"1080\" \/>\n\t<meta property=\"og:image:type\" content=\"image\/jpeg\" \/>\n<meta name=\"author\" content=\"Edici\u00f3n Web\" \/>\n<meta name=\"twitter:card\" content=\"summary_large_image\" \/>\n<meta name=\"twitter:creator\" content=\"@NOTICIEROS7\" \/>\n<meta name=\"twitter:site\" content=\"@NOTICIEROS7\" \/>\n<meta name=\"twitter:label1\" content=\"Escrito por\" \/>\n\t<meta name=\"twitter:data1\" content=\"Edici\u00f3n Web\" \/>\n\t<meta name=\"twitter:label2\" content=\"Tiempo de lectura\" \/>\n\t<meta name=\"twitter:data2\" content=\"2 minutos\" \/>\n<script type=\"application\/ld+json\" class=\"yoast-schema-graph\">{\"@context\":\"https:\\\/\\\/schema.org\",\"@graph\":[{\"@type\":\"Article\",\"@id\":\"https:\\\/\\\/canal7slp.tv\\\/2025\\\/cae-por-barranco-trailer-con-doble-plataforma-y-se-incendia-chofer-pierde-la-vida\\\/#article\",\"isPartOf\":{\"@id\":\"https:\\\/\\\/canal7slp.tv\\\/2025\\\/cae-por-barranco-trailer-con-doble-plataforma-y-se-incendia-chofer-pierde-la-vida\\\/\"},\"author\":{\"name\":\"Edici\u00f3n Web\",\"@id\":\"https:\\\/\\\/canal7slp.tv\\\/2025\\\/#\\\/schema\\\/person\\\/271e2b60a96e7cc9d9ac296f4d7e414b\"},\"headline\":\"Cae por barranco tr\u00e1iler con doble plataforma y se incendia; chofer pierde la vida\",\"datePublished\":\"2025-02-11T08:48:23+00:00\",\"mainEntityOfPage\":{\"@id\":\"https:\\\/\\\/canal7slp.tv\\\/2025\\\/cae-por-barranco-trailer-con-doble-plataforma-y-se-incendia-chofer-pierde-la-vida\\\/\"},\"wordCount\":206,\"publisher\":{\"@id\":\"https:\\\/\\\/canal7slp.tv\\\/2025\\\/#organization\"},\"image\":{\"@id\":\"https:\\\/\\\/canal7slp.tv\\\/2025\\\/cae-por-barranco-trailer-con-doble-plataforma-y-se-incendia-chofer-pierde-la-vida\\\/#primaryimage\"},\"thumbnailUrl\":\"https:\\\/\\\/canal7slp.tv\\\/2025\\\/wp-content\\\/uploads\\\/2025\\\/02\\\/Xochi01AccidenteTrailer.jpg\",\"articleSection\":[\"AYORIO\",\"DESTACADAS\",\"INTERIOR DEL ESTADO\"],\"inLanguage\":\"es\"},{\"@type\":\"WebPage\",\"@id\":\"https:\\\/\\\/canal7slp.tv\\\/2025\\\/cae-por-barranco-trailer-con-doble-plataforma-y-se-incendia-chofer-pierde-la-vida\\\/\",\"url\":\"https:\\\/\\\/canal7slp.tv\\\/2025\\\/cae-por-barranco-trailer-con-doble-plataforma-y-se-incendia-chofer-pierde-la-vida\\\/\",\"name\":\"Cae por barranco tr\u00e1iler con doble plataforma y se incendia; chofer pierde la vida - Canal 7 SLP - 2025\",\"isPartOf\":{\"@id\":\"https:\\\/\\\/canal7slp.tv\\\/2025\\\/#website\"},\"primaryImageOfPage\":{\"@id\":\"https:\\\/\\\/canal7slp.tv\\\/2025\\\/cae-por-barranco-trailer-con-doble-plataforma-y-se-incendia-chofer-pierde-la-vida\\\/#primaryimage\"},\"image\":{\"@id\":\"https:\\\/\\\/canal7slp.tv\\\/2025\\\/cae-por-barranco-trailer-con-doble-plataforma-y-se-incendia-chofer-pierde-la-vida\\\/#primaryimage\"},\"thumbnailUrl\":\"https:\\\/\\\/canal7slp.tv\\\/2025\\\/wp-content\\\/uploads\\\/2025\\\/02\\\/Xochi01AccidenteTrailer.jpg\",\"datePublished\":\"2025-02-11T08:48:23+00:00\",\"breadcrumb\":{\"@id\":\"https:\\\/\\\/canal7slp.tv\\\/2025\\\/cae-por-barranco-trailer-con-doble-plataforma-y-se-incendia-chofer-pierde-la-vida\\\/#breadcrumb\"},\"inLanguage\":\"es\",\"potentialAction\":[{\"@type\":\"ReadAction\",\"target\":[\"https:\\\/\\\/canal7slp.tv\\\/2025\\\/cae-por-barranco-trailer-con-doble-plataforma-y-se-incendia-chofer-pierde-la-vida\\\/\"]}]},{\"@type\":\"ImageObject\",\"inLanguage\":\"es\",\"@id\":\"https:\\\/\\\/canal7slp.tv\\\/2025\\\/cae-por-barranco-trailer-con-doble-plataforma-y-se-incendia-chofer-pierde-la-vida\\\/#primaryimage\",\"url\":\"https:\\\/\\\/canal7slp.tv\\\/2025\\\/wp-content\\\/uploads\\\/2025\\\/02\\\/Xochi01AccidenteTrailer.jpg\",\"contentUrl\":\"https:\\\/\\\/canal7slp.tv\\\/2025\\\/wp-content\\\/uploads\\\/2025\\\/02\\\/Xochi01AccidenteTrailer.jpg\",\"width\":1920,\"height\":1080},{\"@type\":\"BreadcrumbList\",\"@id\":\"https:\\\/\\\/canal7slp.tv\\\/2025\\\/cae-por-barranco-trailer-con-doble-plataforma-y-se-incendia-chofer-pierde-la-vida\\\/#breadcrumb\",\"itemListElement\":[{\"@type\":\"ListItem\",\"position\":1,\"name\":\"Portada\",\"item\":\"https:\\\/\\\/canal7slp.tv\\\/2025\\\/\"},{\"@type\":\"ListItem\",\"position\":2,\"name\":\"Cae por barranco tr\u00e1iler con doble plataforma y se incendia; chofer pierde la vida\"}]},{\"@type\":\"WebSite\",\"@id\":\"https:\\\/\\\/canal7slp.tv\\\/2025\\\/#website\",\"url\":\"https:\\\/\\\/canal7slp.tv\\\/2025\\\/\",\"name\":\"N7 - Noticieros Canal 7\",\"description\":\"Somos el Medio\",\"publisher\":{\"@id\":\"https:\\\/\\\/canal7slp.tv\\\/2025\\\/#organization\"},\"potentialAction\":[{\"@type\":\"SearchAction\",\"target\":{\"@type\":\"EntryPoint\",\"urlTemplate\":\"https:\\\/\\\/canal7slp.tv\\\/2025\\\/?s={search_term_string}\"},\"query-input\":{\"@type\":\"PropertyValueSpecification\",\"valueRequired\":true,\"valueName\":\"search_term_string\"}}],\"inLanguage\":\"es\"},{\"@type\":\"Organization\",\"@id\":\"https:\\\/\\\/canal7slp.tv\\\/2025\\\/#organization\",\"name\":\"Noticieros Canal 7\",\"url\":\"https:\\\/\\\/canal7slp.tv\\\/2025\\\/\",\"logo\":{\"@type\":\"ImageObject\",\"inLanguage\":\"es\",\"@id\":\"https:\\\/\\\/canal7slp.tv\\\/2025\\\/#\\\/schema\\\/logo\\\/image\\\/\",\"url\":\"https:\\\/\\\/canal7slp.tv\\\/2025\\\/wp-content\\\/uploads\\\/2021\\\/01\\\/logo-noticieros@2x.png\",\"contentUrl\":\"https:\\\/\\\/canal7slp.tv\\\/2025\\\/wp-content\\\/uploads\\\/2021\\\/01\\\/logo-noticieros@2x.png\",\"width\":1017,\"height\":268,\"caption\":\"Noticieros Canal 7\"},\"image\":{\"@id\":\"https:\\\/\\\/canal7slp.tv\\\/2025\\\/#\\\/schema\\\/logo\\\/image\\\/\"},\"sameAs\":[\"https:\\\/\\\/www.facebook.com\\\/noticieroscanal7atencionciudadana\\\/\",\"https:\\\/\\\/x.com\\\/NOTICIEROS7\",\"https:\\\/\\\/www.instagram.com\\\/canal7_slp\",\"https:\\\/\\\/www.youtube.com\\\/channel\\\/UCliiYs-gP3JfJeqdPrNdd5A\"]},{\"@type\":\"Person\",\"@id\":\"https:\\\/\\\/canal7slp.tv\\\/2025\\\/#\\\/schema\\\/person\\\/271e2b60a96e7cc9d9ac296f4d7e414b\",\"name\":\"Edici\u00f3n Web\",\"image\":{\"@type\":\"ImageObject\",\"inLanguage\":\"es\",\"@id\":\"https:\\\/\\\/secure.gravatar.com\\\/avatar\\\/eee448fc3f7164808013b816ba91ac7e43bbe82a70bebac296f8bc6f0addaa1a?s=96&d=mm&r=g\",\"url\":\"https:\\\/\\\/secure.gravatar.com\\\/avatar\\\/eee448fc3f7164808013b816ba91ac7e43bbe82a70bebac296f8bc6f0addaa1a?s=96&d=mm&r=g\",\"contentUrl\":\"https:\\\/\\\/secure.gravatar.com\\\/avatar\\\/eee448fc3f7164808013b816ba91ac7e43bbe82a70bebac296f8bc6f0addaa1a?s=96&d=mm&r=g\",\"caption\":\"Edici\u00f3n Web\"},\"url\":\"https:\\\/\\\/canal7slp.tv\\\/2025\\\/author\\\/edicionweb\\\/\"}]}<\/script>\n<!-- \/ Yoast SEO plugin. -->","yoast_head_json":{"title":"Cae por barranco tr\u00e1iler con doble plataforma y se incendia; chofer pierde la vida - Canal 7 SLP - 2025","robots":{"index":"index","follow":"follow","max-snippet":"max-snippet:-1","max-image-preview":"max-image-preview:large","max-video-preview":"max-video-preview:-1"},"canonical":"https:\/\/canal7slp.tv\/2025\/cae-por-barranco-trailer-con-doble-plataforma-y-se-incendia-chofer-pierde-la-vida\/","og_locale":"es_ES","og_type":"article","og_title":"Cae por barranco tr\u00e1iler con doble plataforma y se incendia; chofer pierde la vida - Canal 7 SLP - 2025","og_description":"Rioverde.- Un tr\u00e1gico accidente ocurri\u00f3 en la carretera federal 70, entre los municipios de Ray\u00f3n y Rioverde, donde un tr\u00e1iler con doble plataforma cay\u00f3 a un barranco y se incendi\u00f3, cobrando la vida de su conductor. El accidente fue reportado a los servicios de emergencia, lo que moviliz\u00f3 a los cuerpos de rescate, entre ellos el Honorable Cuerpo de Bomberos de Rioverde, que despleg\u00f3 las unidades M5 y M14 hasta el sitio conocido como Cuesta del Tigre. Al llegar, encontraron el tractocami\u00f3n en llamas a aproximadamente a 95 metros de profundidad, por lo que iniciaron de inmediato las maniobras para [&hellip;]","og_url":"https:\/\/canal7slp.tv\/2025\/cae-por-barranco-trailer-con-doble-plataforma-y-se-incendia-chofer-pierde-la-vida\/","og_site_name":"Canal 7 SLP - 2025","article_publisher":"https:\/\/www.facebook.com\/noticieroscanal7atencionciudadana\/","article_published_time":"2025-02-11T08:48:23+00:00","og_image":[{"width":1920,"height":1080,"url":"https:\/\/canal7slp.tv\/2025\/wp-content\/uploads\/2025\/02\/Xochi01AccidenteTrailer.jpg","type":"image\/jpeg"}],"author":"Edici\u00f3n Web","twitter_card":"summary_large_image","twitter_creator":"@NOTICIEROS7","twitter_site":"@NOTICIEROS7","twitter_misc":{"Escrito por":"Edici\u00f3n Web","Tiempo de lectura":"2 minutos"},"schema":{"@context":"https:\/\/schema.org","@graph":[{"@type":"Article","@id":"https:\/\/canal7slp.tv\/2025\/cae-por-barranco-trailer-con-doble-plataforma-y-se-incendia-chofer-pierde-la-vida\/#article","isPartOf":{"@id":"https:\/\/canal7slp.tv\/2025\/cae-por-barranco-trailer-con-doble-plataforma-y-se-incendia-chofer-pierde-la-vida\/"},"author":{"name":"Edici\u00f3n Web","@id":"https:\/\/canal7slp.tv\/2025\/#\/schema\/person\/271e2b60a96e7cc9d9ac296f4d7e414b"},"headline":"Cae por barranco tr\u00e1iler con doble plataforma y se incendia; chofer pierde la vida","datePublished":"2025-02-11T08:48:23+00:00","mainEntityOfPage":{"@id":"https:\/\/canal7slp.tv\/2025\/cae-por-barranco-trailer-con-doble-plataforma-y-se-incendia-chofer-pierde-la-vida\/"},"wordCount":206,"publisher":{"@id":"https:\/\/canal7slp.tv\/2025\/#organization"},"image":{"@id":"https:\/\/canal7slp.tv\/2025\/cae-por-barranco-trailer-con-doble-plataforma-y-se-incendia-chofer-pierde-la-vida\/#primaryimage"},"thumbnailUrl":"https:\/\/canal7slp.tv\/2025\/wp-content\/uploads\/2025\/02\/Xochi01AccidenteTrailer.jpg","articleSection":["AYORIO","DESTACADAS","INTERIOR DEL ESTADO"],"inLanguage":"es"},{"@type":"WebPage","@id":"https:\/\/canal7slp.tv\/2025\/cae-por-barranco-trailer-con-doble-plataforma-y-se-incendia-chofer-pierde-la-vida\/","url":"https:\/\/canal7slp.tv\/2025\/cae-por-barranco-trailer-con-doble-plataforma-y-se-incendia-chofer-pierde-la-vida\/","name":"Cae por barranco tr\u00e1iler con doble plataforma y se incendia; chofer pierde la vida - Canal 7 SLP - 2025","isPartOf":{"@id":"https:\/\/canal7slp.tv\/2025\/#website"},"primaryImageOfPage":{"@id":"https:\/\/canal7slp.tv\/2025\/cae-por-barranco-trailer-con-doble-plataforma-y-se-incendia-chofer-pierde-la-vida\/#primaryimage"},"image":{"@id":"https:\/\/canal7slp.tv\/2025\/cae-por-barranco-trailer-con-doble-plataforma-y-se-incendia-chofer-pierde-la-vida\/#primaryimage"},"thumbnailUrl":"https:\/\/canal7slp.tv\/2025\/wp-content\/uploads\/2025\/02\/Xochi01AccidenteTrailer.jpg","datePublished":"2025-02-11T08:48:23+00:00","breadcrumb":{"@id":"https:\/\/canal7slp.tv\/2025\/cae-por-barranco-trailer-con-doble-plataforma-y-se-incendia-chofer-pierde-la-vida\/#breadcrumb"},"inLanguage":"es","potentialAction":[{"@type":"ReadAction","target":["https:\/\/canal7slp.tv\/2025\/cae-por-barranco-trailer-con-doble-plataforma-y-se-incendia-chofer-pierde-la-vida\/"]}]},{"@type":"ImageObject","inLanguage":"es","@id":"https:\/\/canal7slp.tv\/2025\/cae-por-barranco-trailer-con-doble-plataforma-y-se-incendia-chofer-pierde-la-vida\/#primaryimage","url":"https:\/\/canal7slp.tv\/2025\/wp-content\/uploads\/2025\/02\/Xochi01AccidenteTrailer.jpg","contentUrl":"https:\/\/canal7slp.tv\/2025\/wp-content\/uploads\/2025\/02\/Xochi01AccidenteTrailer.jpg","width":1920,"height":1080},{"@type":"BreadcrumbList","@id":"https:\/\/canal7slp.tv\/2025\/cae-por-barranco-trailer-con-doble-plataforma-y-se-incendia-chofer-pierde-la-vida\/#breadcrumb","itemListElement":[{"@type":"ListItem","position":1,"name":"Portada","item":"https:\/\/canal7slp.tv\/2025\/"},{"@type":"ListItem","position":2,"name":"Cae por barranco tr\u00e1iler con doble plataforma y se incendia; chofer pierde la vida"}]},{"@type":"WebSite","@id":"https:\/\/canal7slp.tv\/2025\/#website","url":"https:\/\/canal7slp.tv\/2025\/","name":"N7 - Noticieros Canal 7","description":"Somos el Medio","publisher":{"@id":"https:\/\/canal7slp.tv\/2025\/#organization"},"potentialAction":[{"@type":"SearchAction","target":{"@type":"EntryPoint","urlTemplate":"https:\/\/canal7slp.tv\/2025\/?s={search_term_string}"},"query-input":{"@type":"PropertyValueSpecification","valueRequired":true,"valueName":"search_term_string"}}],"inLanguage":"es"},{"@type":"Organization","@id":"https:\/\/canal7slp.tv\/2025\/#organization","name":"Noticieros Canal 7","url":"https:\/\/canal7slp.tv\/2025\/","logo":{"@type":"ImageObject","inLanguage":"es","@id":"https:\/\/canal7slp.tv\/2025\/#\/schema\/logo\/image\/","url":"https:\/\/canal7slp.tv\/2025\/wp-content\/uploads\/2021\/01\/logo-noticieros@2x.png","contentUrl":"https:\/\/canal7slp.tv\/2025\/wp-content\/uploads\/2021\/01\/logo-noticieros@2x.png","width":1017,"height":268,"caption":"Noticieros Canal 7"},"image":{"@id":"https:\/\/canal7slp.tv\/2025\/#\/schema\/logo\/image\/"},"sameAs":["https:\/\/www.facebook.com\/noticieroscanal7atencionciudadana\/","https:\/\/x.com\/NOTICIEROS7","https:\/\/www.instagram.com\/canal7_slp","https:\/\/www.youtube.com\/channel\/UCliiYs-gP3JfJeqdPrNdd5A"]},{"@type":"Person","@id":"https:\/\/canal7slp.tv\/2025\/#\/schema\/person\/271e2b60a96e7cc9d9ac296f4d7e414b","name":"Edici\u00f3n Web","image":{"@type":"ImageObject","inLanguage":"es","@id":"https:\/\/secure.gravatar.com\/avatar\/eee448fc3f7164808013b816ba91ac7e43bbe82a70bebac296f8bc6f0addaa1a?s=96&d=mm&r=g","url":"https:\/\/secure.gravatar.com\/avatar\/eee448fc3f7164808013b816ba91ac7e43bbe82a70bebac296f8bc6f0addaa1a?s=96&d=mm&r=g","contentUrl":"https:\/\/secure.gravatar.com\/avatar\/eee448fc3f7164808013b816ba91ac7e43bbe82a70bebac296f8bc6f0addaa1a?s=96&d=mm&r=g","caption":"Edici\u00f3n Web"},"url":"https:\/\/canal7slp.tv\/2025\/author\/edicionweb\/"}]}},"_links":{"self":[{"href":"https:\/\/canal7slp.tv\/2025\/wp-json\/wp\/v2\/posts\/157619","targetHints":{"allow":["GET"]}}],"collection":[{"href":"https:\/\/canal7slp.tv\/2025\/wp-json\/wp\/v2\/posts"}],"about":[{"href":"https:\/\/canal7slp.tv\/2025\/wp-json\/wp\/v2\/types\/post"}],"author":[{"embeddable":true,"href":"https:\/\/canal7slp.tv\/2025\/wp-json\/wp\/v2\/users\/2"}],"replies":[{"embeddable":true,"href":"https:\/\/canal7slp.tv\/2025\/wp-json\/wp\/v2\/comments?post=157619"}],"version-history":[{"count":2,"href":"https:\/\/canal7slp.tv\/2025\/wp-json\/wp\/v2\/posts\/157619\/revisions"}],"predecessor-version":[{"id":157624,"href":"https:\/\/canal7slp.tv\/2025\/wp-json\/wp\/v2\/posts\/157619\/revisions\/157624"}],"wp:featuredmedia":[{"embeddable":true,"href":"https:\/\/canal7slp.tv\/2025\/wp-json\/wp\/v2\/media\/157620"}],"wp:attachment":[{"href":"https:\/\/canal7slp.tv\/2025\/wp-json\/wp\/v2\/media?parent=157619"}],"wp:term":[{"taxonomy":"category","embeddable":true,"href":"https:\/\/canal7slp.tv\/2025\/wp-json\/wp\/v2\/categories?post=157619"},{"taxonomy":"post_tag","embeddable":true,"href":"https:\/\/canal7slp.tv\/2025\/wp-json\/wp\/v2\/tags?post=157619"}],"curies":[{"name":"wp","href":"https:\/\/api.w.org\/{rel}","templated":true}]}}