{"id":157586,"date":"2025-02-11T02:00:58","date_gmt":"2025-02-11T08:00:58","guid":{"rendered":"https:\/\/canal7slp.tv\/2025\/?p=157586"},"modified":"2025-02-10T17:36:34","modified_gmt":"2025-02-10T23:36:34","slug":"incompleto-muro-de-contencion-en-anillo-periferico","status":"publish","type":"post","link":"https:\/\/canal7slp.tv\/2025\/incompleto-muro-de-contencion-en-anillo-periferico\/","title":{"rendered":"Incompleto, muro de contenci\u00f3n en anillo perif\u00e9rico"},"content":{"rendered":"<ul>\n<li style=\"text-align: justify;\">Deterioro de infraestructura conlleva riesgo.<\/li>\n<\/ul>\n<p style=\"text-align: justify;\">SLP.- En la intersecci\u00f3n que conecta el Anillo Perif\u00e9rico con la carretera 57, en el municipio de San Luis Potos\u00ed, el deterioro del muro de contenci\u00f3n ha generado preocupaci\u00f3n entre los conductores que atraviesan la zona.<\/p>\n<p style=\"text-align: justify;\">Esta estructura, que originalmente ten\u00eda como funci\u00f3n evitar accidentes, deslizamientos de tierra o ca\u00eddas de autom\u00f3viles, se encuentra ahora incompleta en varias secciones.<\/p>\n<p style=\"text-align: justify;\">En particular, el desperfecto es m\u00e1s notorio en una curva, donde la ausencia del muro podr\u00eda provocar que los veh\u00edculos pierdan el control, especialmente cuando transitan a alta velocidad.<\/p>\n<p style=\"text-align: justify;\">En este punto estrat\u00e9gico, la ausencia de la infraestructura met\u00e1lica deja una abertura que pone en riesgo la seguridad de los conductores.<\/p>\n<p style=\"text-align: justify;\">Seg\u00fan residentes cercanos al \u00e1rea, la problem\u00e1tica persiste desde hace meses sin que las autoridades intervengan a pesar de las quejas.<\/p>\n<p style=\"text-align: justify;\">Ante esta situaci\u00f3n, transe\u00fantes piden que se repongan las partes que faltan con urgencia, debido a que temen un incidente ocurra si no toman las medidas necesarias.<\/p>\n<p style=\"text-align: justify;\">Por lo pronto, la vialidad contin\u00faa como un espacio de gran afluencia vehicular, donde los automovilistas deben estar alertas y reducir la velocidad al pasar por la curvatura que carece de un resguardo adecuado.<\/p>\n<p style=\"text-align: justify;\">Por: Sof\u00eda Mayela Mata<\/p>\n","protected":false},"excerpt":{"rendered":"<p>Deterioro de infraestructura conlleva riesgo. SLP.- En la intersecci\u00f3n que conecta el Anillo Perif\u00e9rico con la carretera 57, en el municipio de San Luis Potos\u00ed, el deterioro del muro de contenci\u00f3n ha generado preocupaci\u00f3n entre los conductores que atraviesan la zona. Esta estructura, que originalmente ten\u00eda como funci\u00f3n evitar accidentes, deslizamientos de tierra o ca\u00eddas de autom\u00f3viles, se encuentra ahora incompleta en varias secciones. En particular, el desperfecto es m\u00e1s notorio en una curva, donde la ausencia del muro podr\u00eda provocar que los veh\u00edculos pierdan el control, especialmente cuando transitan a alta velocidad. En este punto estrat\u00e9gico, la ausencia de [&hellip;]<\/p>\n","protected":false},"author":2,"featured_media":157594,"comment_status":"closed","ping_status":"closed","sticky":false,"template":"","format":"video","meta":{"_monsterinsights_skip_tracking":false,"_monsterinsights_sitenote_active":false,"_monsterinsights_sitenote_note":"","_monsterinsights_sitenote_category":0,"footnotes":""},"categories":[5,45],"tags":[],"class_list":["post-157586","post","type-post","status-publish","format-video","has-post-thumbnail","hentry","category-destacadas","category-localesyregionales","post_format-post-format-video","post--single"],"yoast_head":"<!-- This site is optimized with the Yoast SEO plugin v27.5 - https:\/\/yoast.com\/product\/yoast-seo-wordpress\/ -->\n<title>Incompleto, muro de contenci\u00f3n en anillo perif\u00e9rico - Canal 7 SLP - 2025<\/title>\n<meta name=\"robots\" content=\"index, follow, max-snippet:-1, max-image-preview:large, max-video-preview:-1\" \/>\n<link rel=\"canonical\" href=\"https:\/\/canal7slp.tv\/2025\/incompleto-muro-de-contencion-en-anillo-periferico\/\" \/>\n<meta property=\"og:locale\" content=\"es_ES\" \/>\n<meta property=\"og:type\" content=\"article\" \/>\n<meta property=\"og:title\" content=\"Incompleto, muro de contenci\u00f3n en anillo perif\u00e9rico - Canal 7 SLP - 2025\" \/>\n<meta property=\"og:description\" content=\"Deterioro de infraestructura conlleva riesgo. SLP.- En la intersecci\u00f3n que conecta el Anillo Perif\u00e9rico con la carretera 57, en el municipio de San Luis Potos\u00ed, el deterioro del muro de contenci\u00f3n ha generado preocupaci\u00f3n entre los conductores que atraviesan la zona. Esta estructura, que originalmente ten\u00eda como funci\u00f3n evitar accidentes, deslizamientos de tierra o ca\u00eddas de autom\u00f3viles, se encuentra ahora incompleta en varias secciones. En particular, el desperfecto es m\u00e1s notorio en una curva, donde la ausencia del muro podr\u00eda provocar que los veh\u00edculos pierdan el control, especialmente cuando transitan a alta velocidad. En este punto estrat\u00e9gico, la ausencia de [&hellip;]\" \/>\n<meta property=\"og:url\" content=\"https:\/\/canal7slp.tv\/2025\/incompleto-muro-de-contencion-en-anillo-periferico\/\" \/>\n<meta property=\"og:site_name\" content=\"Canal 7 SLP - 2025\" \/>\n<meta property=\"article:publisher\" content=\"https:\/\/www.facebook.com\/noticieroscanal7atencionciudadana\/\" \/>\n<meta property=\"article:published_time\" content=\"2025-02-11T08:00:58+00:00\" \/>\n<meta property=\"og:image\" content=\"https:\/\/canal7slp.tv\/2025\/wp-content\/uploads\/2025\/02\/Atencion0MuroContencion.jpg\" \/>\n\t<meta property=\"og:image:width\" content=\"640\" \/>\n\t<meta property=\"og:image:height\" content=\"360\" \/>\n\t<meta property=\"og:image:type\" content=\"image\/jpeg\" \/>\n<meta name=\"author\" content=\"Edici\u00f3n Web\" \/>\n<meta name=\"twitter:card\" content=\"summary_large_image\" \/>\n<meta name=\"twitter:creator\" content=\"@NOTICIEROS7\" \/>\n<meta name=\"twitter:site\" content=\"@NOTICIEROS7\" \/>\n<meta name=\"twitter:label1\" content=\"Escrito por\" \/>\n\t<meta name=\"twitter:data1\" content=\"Edici\u00f3n Web\" \/>\n\t<meta name=\"twitter:label2\" content=\"Tiempo de lectura\" \/>\n\t<meta name=\"twitter:data2\" content=\"1 minuto\" \/>\n<script type=\"application\/ld+json\" class=\"yoast-schema-graph\">{\"@context\":\"https:\\\/\\\/schema.org\",\"@graph\":[{\"@type\":\"Article\",\"@id\":\"https:\\\/\\\/canal7slp.tv\\\/2025\\\/incompleto-muro-de-contencion-en-anillo-periferico\\\/#article\",\"isPartOf\":{\"@id\":\"https:\\\/\\\/canal7slp.tv\\\/2025\\\/incompleto-muro-de-contencion-en-anillo-periferico\\\/\"},\"author\":{\"name\":\"Edici\u00f3n Web\",\"@id\":\"https:\\\/\\\/canal7slp.tv\\\/2025\\\/#\\\/schema\\\/person\\\/271e2b60a96e7cc9d9ac296f4d7e414b\"},\"headline\":\"Incompleto, muro de contenci\u00f3n en anillo perif\u00e9rico\",\"datePublished\":\"2025-02-11T08:00:58+00:00\",\"mainEntityOfPage\":{\"@id\":\"https:\\\/\\\/canal7slp.tv\\\/2025\\\/incompleto-muro-de-contencion-en-anillo-periferico\\\/\"},\"wordCount\":229,\"publisher\":{\"@id\":\"https:\\\/\\\/canal7slp.tv\\\/2025\\\/#organization\"},\"image\":{\"@id\":\"https:\\\/\\\/canal7slp.tv\\\/2025\\\/incompleto-muro-de-contencion-en-anillo-periferico\\\/#primaryimage\"},\"thumbnailUrl\":\"https:\\\/\\\/canal7slp.tv\\\/2025\\\/wp-content\\\/uploads\\\/2025\\\/02\\\/Atencion0MuroContencion.jpg\",\"articleSection\":[\"DESTACADAS\",\"LOCALES Y REGIONALES\"],\"inLanguage\":\"es\"},{\"@type\":\"WebPage\",\"@id\":\"https:\\\/\\\/canal7slp.tv\\\/2025\\\/incompleto-muro-de-contencion-en-anillo-periferico\\\/\",\"url\":\"https:\\\/\\\/canal7slp.tv\\\/2025\\\/incompleto-muro-de-contencion-en-anillo-periferico\\\/\",\"name\":\"Incompleto, muro de contenci\u00f3n en anillo perif\u00e9rico - Canal 7 SLP - 2025\",\"isPartOf\":{\"@id\":\"https:\\\/\\\/canal7slp.tv\\\/2025\\\/#website\"},\"primaryImageOfPage\":{\"@id\":\"https:\\\/\\\/canal7slp.tv\\\/2025\\\/incompleto-muro-de-contencion-en-anillo-periferico\\\/#primaryimage\"},\"image\":{\"@id\":\"https:\\\/\\\/canal7slp.tv\\\/2025\\\/incompleto-muro-de-contencion-en-anillo-periferico\\\/#primaryimage\"},\"thumbnailUrl\":\"https:\\\/\\\/canal7slp.tv\\\/2025\\\/wp-content\\\/uploads\\\/2025\\\/02\\\/Atencion0MuroContencion.jpg\",\"datePublished\":\"2025-02-11T08:00:58+00:00\",\"breadcrumb\":{\"@id\":\"https:\\\/\\\/canal7slp.tv\\\/2025\\\/incompleto-muro-de-contencion-en-anillo-periferico\\\/#breadcrumb\"},\"inLanguage\":\"es\",\"potentialAction\":[{\"@type\":\"ReadAction\",\"target\":[\"https:\\\/\\\/canal7slp.tv\\\/2025\\\/incompleto-muro-de-contencion-en-anillo-periferico\\\/\"]}]},{\"@type\":\"ImageObject\",\"inLanguage\":\"es\",\"@id\":\"https:\\\/\\\/canal7slp.tv\\\/2025\\\/incompleto-muro-de-contencion-en-anillo-periferico\\\/#primaryimage\",\"url\":\"https:\\\/\\\/canal7slp.tv\\\/2025\\\/wp-content\\\/uploads\\\/2025\\\/02\\\/Atencion0MuroContencion.jpg\",\"contentUrl\":\"https:\\\/\\\/canal7slp.tv\\\/2025\\\/wp-content\\\/uploads\\\/2025\\\/02\\\/Atencion0MuroContencion.jpg\",\"width\":640,\"height\":360},{\"@type\":\"BreadcrumbList\",\"@id\":\"https:\\\/\\\/canal7slp.tv\\\/2025\\\/incompleto-muro-de-contencion-en-anillo-periferico\\\/#breadcrumb\",\"itemListElement\":[{\"@type\":\"ListItem\",\"position\":1,\"name\":\"Portada\",\"item\":\"https:\\\/\\\/canal7slp.tv\\\/2025\\\/\"},{\"@type\":\"ListItem\",\"position\":2,\"name\":\"Incompleto, muro de contenci\u00f3n en anillo perif\u00e9rico\"}]},{\"@type\":\"WebSite\",\"@id\":\"https:\\\/\\\/canal7slp.tv\\\/2025\\\/#website\",\"url\":\"https:\\\/\\\/canal7slp.tv\\\/2025\\\/\",\"name\":\"N7 - Noticieros Canal 7\",\"description\":\"Somos el Medio\",\"publisher\":{\"@id\":\"https:\\\/\\\/canal7slp.tv\\\/2025\\\/#organization\"},\"potentialAction\":[{\"@type\":\"SearchAction\",\"target\":{\"@type\":\"EntryPoint\",\"urlTemplate\":\"https:\\\/\\\/canal7slp.tv\\\/2025\\\/?s={search_term_string}\"},\"query-input\":{\"@type\":\"PropertyValueSpecification\",\"valueRequired\":true,\"valueName\":\"search_term_string\"}}],\"inLanguage\":\"es\"},{\"@type\":\"Organization\",\"@id\":\"https:\\\/\\\/canal7slp.tv\\\/2025\\\/#organization\",\"name\":\"Noticieros Canal 7\",\"url\":\"https:\\\/\\\/canal7slp.tv\\\/2025\\\/\",\"logo\":{\"@type\":\"ImageObject\",\"inLanguage\":\"es\",\"@id\":\"https:\\\/\\\/canal7slp.tv\\\/2025\\\/#\\\/schema\\\/logo\\\/image\\\/\",\"url\":\"https:\\\/\\\/canal7slp.tv\\\/2025\\\/wp-content\\\/uploads\\\/2021\\\/01\\\/logo-noticieros@2x.png\",\"contentUrl\":\"https:\\\/\\\/canal7slp.tv\\\/2025\\\/wp-content\\\/uploads\\\/2021\\\/01\\\/logo-noticieros@2x.png\",\"width\":1017,\"height\":268,\"caption\":\"Noticieros Canal 7\"},\"image\":{\"@id\":\"https:\\\/\\\/canal7slp.tv\\\/2025\\\/#\\\/schema\\\/logo\\\/image\\\/\"},\"sameAs\":[\"https:\\\/\\\/www.facebook.com\\\/noticieroscanal7atencionciudadana\\\/\",\"https:\\\/\\\/x.com\\\/NOTICIEROS7\",\"https:\\\/\\\/www.instagram.com\\\/canal7_slp\",\"https:\\\/\\\/www.youtube.com\\\/channel\\\/UCliiYs-gP3JfJeqdPrNdd5A\"]},{\"@type\":\"Person\",\"@id\":\"https:\\\/\\\/canal7slp.tv\\\/2025\\\/#\\\/schema\\\/person\\\/271e2b60a96e7cc9d9ac296f4d7e414b\",\"name\":\"Edici\u00f3n Web\",\"image\":{\"@type\":\"ImageObject\",\"inLanguage\":\"es\",\"@id\":\"https:\\\/\\\/secure.gravatar.com\\\/avatar\\\/eee448fc3f7164808013b816ba91ac7e43bbe82a70bebac296f8bc6f0addaa1a?s=96&d=mm&r=g\",\"url\":\"https:\\\/\\\/secure.gravatar.com\\\/avatar\\\/eee448fc3f7164808013b816ba91ac7e43bbe82a70bebac296f8bc6f0addaa1a?s=96&d=mm&r=g\",\"contentUrl\":\"https:\\\/\\\/secure.gravatar.com\\\/avatar\\\/eee448fc3f7164808013b816ba91ac7e43bbe82a70bebac296f8bc6f0addaa1a?s=96&d=mm&r=g\",\"caption\":\"Edici\u00f3n Web\"},\"url\":\"https:\\\/\\\/canal7slp.tv\\\/2025\\\/author\\\/edicionweb\\\/\"}]}<\/script>\n<!-- \/ Yoast SEO plugin. -->","yoast_head_json":{"title":"Incompleto, muro de contenci\u00f3n en anillo perif\u00e9rico - Canal 7 SLP - 2025","robots":{"index":"index","follow":"follow","max-snippet":"max-snippet:-1","max-image-preview":"max-image-preview:large","max-video-preview":"max-video-preview:-1"},"canonical":"https:\/\/canal7slp.tv\/2025\/incompleto-muro-de-contencion-en-anillo-periferico\/","og_locale":"es_ES","og_type":"article","og_title":"Incompleto, muro de contenci\u00f3n en anillo perif\u00e9rico - Canal 7 SLP - 2025","og_description":"Deterioro de infraestructura conlleva riesgo. SLP.- En la intersecci\u00f3n que conecta el Anillo Perif\u00e9rico con la carretera 57, en el municipio de San Luis Potos\u00ed, el deterioro del muro de contenci\u00f3n ha generado preocupaci\u00f3n entre los conductores que atraviesan la zona. Esta estructura, que originalmente ten\u00eda como funci\u00f3n evitar accidentes, deslizamientos de tierra o ca\u00eddas de autom\u00f3viles, se encuentra ahora incompleta en varias secciones. En particular, el desperfecto es m\u00e1s notorio en una curva, donde la ausencia del muro podr\u00eda provocar que los veh\u00edculos pierdan el control, especialmente cuando transitan a alta velocidad. En este punto estrat\u00e9gico, la ausencia de [&hellip;]","og_url":"https:\/\/canal7slp.tv\/2025\/incompleto-muro-de-contencion-en-anillo-periferico\/","og_site_name":"Canal 7 SLP - 2025","article_publisher":"https:\/\/www.facebook.com\/noticieroscanal7atencionciudadana\/","article_published_time":"2025-02-11T08:00:58+00:00","og_image":[{"width":640,"height":360,"url":"https:\/\/canal7slp.tv\/2025\/wp-content\/uploads\/2025\/02\/Atencion0MuroContencion.jpg","type":"image\/jpeg"}],"author":"Edici\u00f3n Web","twitter_card":"summary_large_image","twitter_creator":"@NOTICIEROS7","twitter_site":"@NOTICIEROS7","twitter_misc":{"Escrito por":"Edici\u00f3n Web","Tiempo de lectura":"1 minuto"},"schema":{"@context":"https:\/\/schema.org","@graph":[{"@type":"Article","@id":"https:\/\/canal7slp.tv\/2025\/incompleto-muro-de-contencion-en-anillo-periferico\/#article","isPartOf":{"@id":"https:\/\/canal7slp.tv\/2025\/incompleto-muro-de-contencion-en-anillo-periferico\/"},"author":{"name":"Edici\u00f3n Web","@id":"https:\/\/canal7slp.tv\/2025\/#\/schema\/person\/271e2b60a96e7cc9d9ac296f4d7e414b"},"headline":"Incompleto, muro de contenci\u00f3n en anillo perif\u00e9rico","datePublished":"2025-02-11T08:00:58+00:00","mainEntityOfPage":{"@id":"https:\/\/canal7slp.tv\/2025\/incompleto-muro-de-contencion-en-anillo-periferico\/"},"wordCount":229,"publisher":{"@id":"https:\/\/canal7slp.tv\/2025\/#organization"},"image":{"@id":"https:\/\/canal7slp.tv\/2025\/incompleto-muro-de-contencion-en-anillo-periferico\/#primaryimage"},"thumbnailUrl":"https:\/\/canal7slp.tv\/2025\/wp-content\/uploads\/2025\/02\/Atencion0MuroContencion.jpg","articleSection":["DESTACADAS","LOCALES Y REGIONALES"],"inLanguage":"es"},{"@type":"WebPage","@id":"https:\/\/canal7slp.tv\/2025\/incompleto-muro-de-contencion-en-anillo-periferico\/","url":"https:\/\/canal7slp.tv\/2025\/incompleto-muro-de-contencion-en-anillo-periferico\/","name":"Incompleto, muro de contenci\u00f3n en anillo perif\u00e9rico - Canal 7 SLP - 2025","isPartOf":{"@id":"https:\/\/canal7slp.tv\/2025\/#website"},"primaryImageOfPage":{"@id":"https:\/\/canal7slp.tv\/2025\/incompleto-muro-de-contencion-en-anillo-periferico\/#primaryimage"},"image":{"@id":"https:\/\/canal7slp.tv\/2025\/incompleto-muro-de-contencion-en-anillo-periferico\/#primaryimage"},"thumbnailUrl":"https:\/\/canal7slp.tv\/2025\/wp-content\/uploads\/2025\/02\/Atencion0MuroContencion.jpg","datePublished":"2025-02-11T08:00:58+00:00","breadcrumb":{"@id":"https:\/\/canal7slp.tv\/2025\/incompleto-muro-de-contencion-en-anillo-periferico\/#breadcrumb"},"inLanguage":"es","potentialAction":[{"@type":"ReadAction","target":["https:\/\/canal7slp.tv\/2025\/incompleto-muro-de-contencion-en-anillo-periferico\/"]}]},{"@type":"ImageObject","inLanguage":"es","@id":"https:\/\/canal7slp.tv\/2025\/incompleto-muro-de-contencion-en-anillo-periferico\/#primaryimage","url":"https:\/\/canal7slp.tv\/2025\/wp-content\/uploads\/2025\/02\/Atencion0MuroContencion.jpg","contentUrl":"https:\/\/canal7slp.tv\/2025\/wp-content\/uploads\/2025\/02\/Atencion0MuroContencion.jpg","width":640,"height":360},{"@type":"BreadcrumbList","@id":"https:\/\/canal7slp.tv\/2025\/incompleto-muro-de-contencion-en-anillo-periferico\/#breadcrumb","itemListElement":[{"@type":"ListItem","position":1,"name":"Portada","item":"https:\/\/canal7slp.tv\/2025\/"},{"@type":"ListItem","position":2,"name":"Incompleto, muro de contenci\u00f3n en anillo perif\u00e9rico"}]},{"@type":"WebSite","@id":"https:\/\/canal7slp.tv\/2025\/#website","url":"https:\/\/canal7slp.tv\/2025\/","name":"N7 - Noticieros Canal 7","description":"Somos el Medio","publisher":{"@id":"https:\/\/canal7slp.tv\/2025\/#organization"},"potentialAction":[{"@type":"SearchAction","target":{"@type":"EntryPoint","urlTemplate":"https:\/\/canal7slp.tv\/2025\/?s={search_term_string}"},"query-input":{"@type":"PropertyValueSpecification","valueRequired":true,"valueName":"search_term_string"}}],"inLanguage":"es"},{"@type":"Organization","@id":"https:\/\/canal7slp.tv\/2025\/#organization","name":"Noticieros Canal 7","url":"https:\/\/canal7slp.tv\/2025\/","logo":{"@type":"ImageObject","inLanguage":"es","@id":"https:\/\/canal7slp.tv\/2025\/#\/schema\/logo\/image\/","url":"https:\/\/canal7slp.tv\/2025\/wp-content\/uploads\/2021\/01\/logo-noticieros@2x.png","contentUrl":"https:\/\/canal7slp.tv\/2025\/wp-content\/uploads\/2021\/01\/logo-noticieros@2x.png","width":1017,"height":268,"caption":"Noticieros Canal 7"},"image":{"@id":"https:\/\/canal7slp.tv\/2025\/#\/schema\/logo\/image\/"},"sameAs":["https:\/\/www.facebook.com\/noticieroscanal7atencionciudadana\/","https:\/\/x.com\/NOTICIEROS7","https:\/\/www.instagram.com\/canal7_slp","https:\/\/www.youtube.com\/channel\/UCliiYs-gP3JfJeqdPrNdd5A"]},{"@type":"Person","@id":"https:\/\/canal7slp.tv\/2025\/#\/schema\/person\/271e2b60a96e7cc9d9ac296f4d7e414b","name":"Edici\u00f3n Web","image":{"@type":"ImageObject","inLanguage":"es","@id":"https:\/\/secure.gravatar.com\/avatar\/eee448fc3f7164808013b816ba91ac7e43bbe82a70bebac296f8bc6f0addaa1a?s=96&d=mm&r=g","url":"https:\/\/secure.gravatar.com\/avatar\/eee448fc3f7164808013b816ba91ac7e43bbe82a70bebac296f8bc6f0addaa1a?s=96&d=mm&r=g","contentUrl":"https:\/\/secure.gravatar.com\/avatar\/eee448fc3f7164808013b816ba91ac7e43bbe82a70bebac296f8bc6f0addaa1a?s=96&d=mm&r=g","caption":"Edici\u00f3n Web"},"url":"https:\/\/canal7slp.tv\/2025\/author\/edicionweb\/"}]}},"_links":{"self":[{"href":"https:\/\/canal7slp.tv\/2025\/wp-json\/wp\/v2\/posts\/157586","targetHints":{"allow":["GET"]}}],"collection":[{"href":"https:\/\/canal7slp.tv\/2025\/wp-json\/wp\/v2\/posts"}],"about":[{"href":"https:\/\/canal7slp.tv\/2025\/wp-json\/wp\/v2\/types\/post"}],"author":[{"embeddable":true,"href":"https:\/\/canal7slp.tv\/2025\/wp-json\/wp\/v2\/users\/2"}],"replies":[{"embeddable":true,"href":"https:\/\/canal7slp.tv\/2025\/wp-json\/wp\/v2\/comments?post=157586"}],"version-history":[{"count":2,"href":"https:\/\/canal7slp.tv\/2025\/wp-json\/wp\/v2\/posts\/157586\/revisions"}],"predecessor-version":[{"id":157595,"href":"https:\/\/canal7slp.tv\/2025\/wp-json\/wp\/v2\/posts\/157586\/revisions\/157595"}],"wp:featuredmedia":[{"embeddable":true,"href":"https:\/\/canal7slp.tv\/2025\/wp-json\/wp\/v2\/media\/157594"}],"wp:attachment":[{"href":"https:\/\/canal7slp.tv\/2025\/wp-json\/wp\/v2\/media?parent=157586"}],"wp:term":[{"taxonomy":"category","embeddable":true,"href":"https:\/\/canal7slp.tv\/2025\/wp-json\/wp\/v2\/categories?post=157586"},{"taxonomy":"post_tag","embeddable":true,"href":"https:\/\/canal7slp.tv\/2025\/wp-json\/wp\/v2\/tags?post=157586"}],"curies":[{"name":"wp","href":"https:\/\/api.w.org\/{rel}","templated":true}]}}