{"id":157581,"date":"2025-02-10T18:24:37","date_gmt":"2025-02-11T00:24:37","guid":{"rendered":"https:\/\/canal7slp.tv\/2025\/?p=157581"},"modified":"2025-02-10T18:24:37","modified_gmt":"2025-02-11T00:24:37","slug":"este-lunes-10-de-febrero-ultimo-dia-para-actualizar-la-credencial-del-ine","status":"publish","type":"post","link":"https:\/\/canal7slp.tv\/2025\/este-lunes-10-de-febrero-ultimo-dia-para-actualizar-la-credencial-del-ine\/","title":{"rendered":"Este lunes 10 de febrero \u00faltimo d\u00eda para actualizar la credencial del INE"},"content":{"rendered":"<p style=\"text-align: justify;\"><span style=\"font-size: 1.21429rem;\">SLP.- Este lunes 10 de Febrero fue el \u00faltimo d\u00eda para que los ciudadanos actualizaran su credencial de elector del Instituto Nacional Electoral.<\/span><\/p>\n<p style=\"text-align: justify;\">Y con el objetivo de que se pueda brindar la atenci\u00f3n al mayor n\u00famero posible de personas este lunes las oficinas \u00f3 m\u00f3dulos del INE, cerrar\u00e1n hasta las 12 de la noche.<\/p>\n<p style=\"text-align: justify;\">Adem\u00e1s, en los m\u00f3dulos del INE se estar\u00e1n recibiendo a personas con \u00f3 sin cita para que m\u00e1s ciudadanos ejerzan su derecho a votar, en el pr\u00f3ximo proceso extraordinario.<\/p>\n<p style=\"text-align: justify;\">Cabe recordar que oficialmente la campa\u00f1a para actualizar la credencial de elector se cerr\u00f3 el pasado 15 de Diciembre, pero ante el proceso electoral extraordinario para la elecci\u00f3n judicial, se ampli\u00f3 hasta este 10 de Febrero.<\/p>\n<p>Por: Claudio Ibarra<\/p>\n","protected":false},"excerpt":{"rendered":"<p>SLP.- Este lunes 10 de Febrero fue el \u00faltimo d\u00eda para que los ciudadanos actualizaran su credencial de elector del Instituto Nacional Electoral. Y con el objetivo de que se pueda brindar la atenci\u00f3n al mayor n\u00famero posible de personas este lunes las oficinas \u00f3 m\u00f3dulos del INE, cerrar\u00e1n hasta las 12 de la noche. Adem\u00e1s, en los m\u00f3dulos del INE se estar\u00e1n recibiendo a personas con \u00f3 sin cita para que m\u00e1s ciudadanos ejerzan su derecho a votar, en el pr\u00f3ximo proceso extraordinario. Cabe recordar que oficialmente la campa\u00f1a para actualizar la credencial de elector se cerr\u00f3 el pasado [&hellip;]<\/p>\n","protected":false},"author":2,"featured_media":157602,"comment_status":"closed","ping_status":"closed","sticky":false,"template":"","format":"video","meta":{"_monsterinsights_skip_tracking":false,"_monsterinsights_sitenote_active":false,"_monsterinsights_sitenote_note":"","_monsterinsights_sitenote_category":0,"footnotes":""},"categories":[5,45],"tags":[],"class_list":["post-157581","post","type-post","status-publish","format-video","has-post-thumbnail","hentry","category-destacadas","category-localesyregionales","post_format-post-format-video","post--single"],"yoast_head":"<!-- This site is optimized with the Yoast SEO plugin v27.5 - https:\/\/yoast.com\/product\/yoast-seo-wordpress\/ -->\n<title>Este lunes 10 de febrero \u00faltimo d\u00eda para actualizar la credencial del INE - Canal 7 SLP - 2025<\/title>\n<meta name=\"robots\" content=\"index, follow, max-snippet:-1, max-image-preview:large, max-video-preview:-1\" \/>\n<link rel=\"canonical\" href=\"https:\/\/canal7slp.tv\/2025\/este-lunes-10-de-febrero-ultimo-dia-para-actualizar-la-credencial-del-ine\/\" \/>\n<meta property=\"og:locale\" content=\"es_ES\" \/>\n<meta property=\"og:type\" content=\"article\" \/>\n<meta property=\"og:title\" content=\"Este lunes 10 de febrero \u00faltimo d\u00eda para actualizar la credencial del INE - Canal 7 SLP - 2025\" \/>\n<meta property=\"og:description\" content=\"SLP.- Este lunes 10 de Febrero fue el \u00faltimo d\u00eda para que los ciudadanos actualizaran su credencial de elector del Instituto Nacional Electoral. Y con el objetivo de que se pueda brindar la atenci\u00f3n al mayor n\u00famero posible de personas este lunes las oficinas \u00f3 m\u00f3dulos del INE, cerrar\u00e1n hasta las 12 de la noche. Adem\u00e1s, en los m\u00f3dulos del INE se estar\u00e1n recibiendo a personas con \u00f3 sin cita para que m\u00e1s ciudadanos ejerzan su derecho a votar, en el pr\u00f3ximo proceso extraordinario. Cabe recordar que oficialmente la campa\u00f1a para actualizar la credencial de elector se cerr\u00f3 el pasado [&hellip;]\" \/>\n<meta property=\"og:url\" content=\"https:\/\/canal7slp.tv\/2025\/este-lunes-10-de-febrero-ultimo-dia-para-actualizar-la-credencial-del-ine\/\" \/>\n<meta property=\"og:site_name\" content=\"Canal 7 SLP - 2025\" \/>\n<meta property=\"article:publisher\" content=\"https:\/\/www.facebook.com\/noticieroscanal7atencionciudadana\/\" \/>\n<meta property=\"article:published_time\" content=\"2025-02-11T00:24:37+00:00\" \/>\n<meta property=\"og:image\" content=\"https:\/\/canal7slp.tv\/2025\/wp-content\/uploads\/2025\/02\/Claudio0UltimoDia.jpg\" \/>\n\t<meta property=\"og:image:width\" content=\"1280\" \/>\n\t<meta property=\"og:image:height\" content=\"720\" \/>\n\t<meta property=\"og:image:type\" content=\"image\/jpeg\" \/>\n<meta name=\"author\" content=\"Edici\u00f3n Web\" \/>\n<meta name=\"twitter:card\" content=\"summary_large_image\" \/>\n<meta name=\"twitter:creator\" content=\"@NOTICIEROS7\" \/>\n<meta name=\"twitter:site\" content=\"@NOTICIEROS7\" \/>\n<meta name=\"twitter:label1\" content=\"Escrito por\" \/>\n\t<meta name=\"twitter:data1\" content=\"Edici\u00f3n Web\" \/>\n\t<meta name=\"twitter:label2\" content=\"Tiempo de lectura\" \/>\n\t<meta name=\"twitter:data2\" content=\"1 minuto\" \/>\n<script type=\"application\/ld+json\" class=\"yoast-schema-graph\">{\"@context\":\"https:\\\/\\\/schema.org\",\"@graph\":[{\"@type\":\"Article\",\"@id\":\"https:\\\/\\\/canal7slp.tv\\\/2025\\\/este-lunes-10-de-febrero-ultimo-dia-para-actualizar-la-credencial-del-ine\\\/#article\",\"isPartOf\":{\"@id\":\"https:\\\/\\\/canal7slp.tv\\\/2025\\\/este-lunes-10-de-febrero-ultimo-dia-para-actualizar-la-credencial-del-ine\\\/\"},\"author\":{\"name\":\"Edici\u00f3n Web\",\"@id\":\"https:\\\/\\\/canal7slp.tv\\\/2025\\\/#\\\/schema\\\/person\\\/271e2b60a96e7cc9d9ac296f4d7e414b\"},\"headline\":\"Este lunes 10 de febrero \u00faltimo d\u00eda para actualizar la credencial del INE\",\"datePublished\":\"2025-02-11T00:24:37+00:00\",\"mainEntityOfPage\":{\"@id\":\"https:\\\/\\\/canal7slp.tv\\\/2025\\\/este-lunes-10-de-febrero-ultimo-dia-para-actualizar-la-credencial-del-ine\\\/\"},\"wordCount\":143,\"publisher\":{\"@id\":\"https:\\\/\\\/canal7slp.tv\\\/2025\\\/#organization\"},\"image\":{\"@id\":\"https:\\\/\\\/canal7slp.tv\\\/2025\\\/este-lunes-10-de-febrero-ultimo-dia-para-actualizar-la-credencial-del-ine\\\/#primaryimage\"},\"thumbnailUrl\":\"https:\\\/\\\/canal7slp.tv\\\/2025\\\/wp-content\\\/uploads\\\/2025\\\/02\\\/Claudio0UltimoDia.jpg\",\"articleSection\":[\"DESTACADAS\",\"LOCALES Y REGIONALES\"],\"inLanguage\":\"es\"},{\"@type\":\"WebPage\",\"@id\":\"https:\\\/\\\/canal7slp.tv\\\/2025\\\/este-lunes-10-de-febrero-ultimo-dia-para-actualizar-la-credencial-del-ine\\\/\",\"url\":\"https:\\\/\\\/canal7slp.tv\\\/2025\\\/este-lunes-10-de-febrero-ultimo-dia-para-actualizar-la-credencial-del-ine\\\/\",\"name\":\"Este lunes 10 de febrero \u00faltimo d\u00eda para actualizar la credencial del INE - Canal 7 SLP - 2025\",\"isPartOf\":{\"@id\":\"https:\\\/\\\/canal7slp.tv\\\/2025\\\/#website\"},\"primaryImageOfPage\":{\"@id\":\"https:\\\/\\\/canal7slp.tv\\\/2025\\\/este-lunes-10-de-febrero-ultimo-dia-para-actualizar-la-credencial-del-ine\\\/#primaryimage\"},\"image\":{\"@id\":\"https:\\\/\\\/canal7slp.tv\\\/2025\\\/este-lunes-10-de-febrero-ultimo-dia-para-actualizar-la-credencial-del-ine\\\/#primaryimage\"},\"thumbnailUrl\":\"https:\\\/\\\/canal7slp.tv\\\/2025\\\/wp-content\\\/uploads\\\/2025\\\/02\\\/Claudio0UltimoDia.jpg\",\"datePublished\":\"2025-02-11T00:24:37+00:00\",\"breadcrumb\":{\"@id\":\"https:\\\/\\\/canal7slp.tv\\\/2025\\\/este-lunes-10-de-febrero-ultimo-dia-para-actualizar-la-credencial-del-ine\\\/#breadcrumb\"},\"inLanguage\":\"es\",\"potentialAction\":[{\"@type\":\"ReadAction\",\"target\":[\"https:\\\/\\\/canal7slp.tv\\\/2025\\\/este-lunes-10-de-febrero-ultimo-dia-para-actualizar-la-credencial-del-ine\\\/\"]}]},{\"@type\":\"ImageObject\",\"inLanguage\":\"es\",\"@id\":\"https:\\\/\\\/canal7slp.tv\\\/2025\\\/este-lunes-10-de-febrero-ultimo-dia-para-actualizar-la-credencial-del-ine\\\/#primaryimage\",\"url\":\"https:\\\/\\\/canal7slp.tv\\\/2025\\\/wp-content\\\/uploads\\\/2025\\\/02\\\/Claudio0UltimoDia.jpg\",\"contentUrl\":\"https:\\\/\\\/canal7slp.tv\\\/2025\\\/wp-content\\\/uploads\\\/2025\\\/02\\\/Claudio0UltimoDia.jpg\",\"width\":1280,\"height\":720},{\"@type\":\"BreadcrumbList\",\"@id\":\"https:\\\/\\\/canal7slp.tv\\\/2025\\\/este-lunes-10-de-febrero-ultimo-dia-para-actualizar-la-credencial-del-ine\\\/#breadcrumb\",\"itemListElement\":[{\"@type\":\"ListItem\",\"position\":1,\"name\":\"Portada\",\"item\":\"https:\\\/\\\/canal7slp.tv\\\/2025\\\/\"},{\"@type\":\"ListItem\",\"position\":2,\"name\":\"Este lunes 10 de febrero \u00faltimo d\u00eda para actualizar la credencial del INE\"}]},{\"@type\":\"WebSite\",\"@id\":\"https:\\\/\\\/canal7slp.tv\\\/2025\\\/#website\",\"url\":\"https:\\\/\\\/canal7slp.tv\\\/2025\\\/\",\"name\":\"N7 - Noticieros Canal 7\",\"description\":\"Somos el Medio\",\"publisher\":{\"@id\":\"https:\\\/\\\/canal7slp.tv\\\/2025\\\/#organization\"},\"potentialAction\":[{\"@type\":\"SearchAction\",\"target\":{\"@type\":\"EntryPoint\",\"urlTemplate\":\"https:\\\/\\\/canal7slp.tv\\\/2025\\\/?s={search_term_string}\"},\"query-input\":{\"@type\":\"PropertyValueSpecification\",\"valueRequired\":true,\"valueName\":\"search_term_string\"}}],\"inLanguage\":\"es\"},{\"@type\":\"Organization\",\"@id\":\"https:\\\/\\\/canal7slp.tv\\\/2025\\\/#organization\",\"name\":\"Noticieros Canal 7\",\"url\":\"https:\\\/\\\/canal7slp.tv\\\/2025\\\/\",\"logo\":{\"@type\":\"ImageObject\",\"inLanguage\":\"es\",\"@id\":\"https:\\\/\\\/canal7slp.tv\\\/2025\\\/#\\\/schema\\\/logo\\\/image\\\/\",\"url\":\"https:\\\/\\\/canal7slp.tv\\\/2025\\\/wp-content\\\/uploads\\\/2021\\\/01\\\/logo-noticieros@2x.png\",\"contentUrl\":\"https:\\\/\\\/canal7slp.tv\\\/2025\\\/wp-content\\\/uploads\\\/2021\\\/01\\\/logo-noticieros@2x.png\",\"width\":1017,\"height\":268,\"caption\":\"Noticieros Canal 7\"},\"image\":{\"@id\":\"https:\\\/\\\/canal7slp.tv\\\/2025\\\/#\\\/schema\\\/logo\\\/image\\\/\"},\"sameAs\":[\"https:\\\/\\\/www.facebook.com\\\/noticieroscanal7atencionciudadana\\\/\",\"https:\\\/\\\/x.com\\\/NOTICIEROS7\",\"https:\\\/\\\/www.instagram.com\\\/canal7_slp\",\"https:\\\/\\\/www.youtube.com\\\/channel\\\/UCliiYs-gP3JfJeqdPrNdd5A\"]},{\"@type\":\"Person\",\"@id\":\"https:\\\/\\\/canal7slp.tv\\\/2025\\\/#\\\/schema\\\/person\\\/271e2b60a96e7cc9d9ac296f4d7e414b\",\"name\":\"Edici\u00f3n Web\",\"image\":{\"@type\":\"ImageObject\",\"inLanguage\":\"es\",\"@id\":\"https:\\\/\\\/secure.gravatar.com\\\/avatar\\\/eee448fc3f7164808013b816ba91ac7e43bbe82a70bebac296f8bc6f0addaa1a?s=96&d=mm&r=g\",\"url\":\"https:\\\/\\\/secure.gravatar.com\\\/avatar\\\/eee448fc3f7164808013b816ba91ac7e43bbe82a70bebac296f8bc6f0addaa1a?s=96&d=mm&r=g\",\"contentUrl\":\"https:\\\/\\\/secure.gravatar.com\\\/avatar\\\/eee448fc3f7164808013b816ba91ac7e43bbe82a70bebac296f8bc6f0addaa1a?s=96&d=mm&r=g\",\"caption\":\"Edici\u00f3n Web\"},\"url\":\"https:\\\/\\\/canal7slp.tv\\\/2025\\\/author\\\/edicionweb\\\/\"}]}<\/script>\n<!-- \/ Yoast SEO plugin. -->","yoast_head_json":{"title":"Este lunes 10 de febrero \u00faltimo d\u00eda para actualizar la credencial del INE - Canal 7 SLP - 2025","robots":{"index":"index","follow":"follow","max-snippet":"max-snippet:-1","max-image-preview":"max-image-preview:large","max-video-preview":"max-video-preview:-1"},"canonical":"https:\/\/canal7slp.tv\/2025\/este-lunes-10-de-febrero-ultimo-dia-para-actualizar-la-credencial-del-ine\/","og_locale":"es_ES","og_type":"article","og_title":"Este lunes 10 de febrero \u00faltimo d\u00eda para actualizar la credencial del INE - Canal 7 SLP - 2025","og_description":"SLP.- Este lunes 10 de Febrero fue el \u00faltimo d\u00eda para que los ciudadanos actualizaran su credencial de elector del Instituto Nacional Electoral. Y con el objetivo de que se pueda brindar la atenci\u00f3n al mayor n\u00famero posible de personas este lunes las oficinas \u00f3 m\u00f3dulos del INE, cerrar\u00e1n hasta las 12 de la noche. Adem\u00e1s, en los m\u00f3dulos del INE se estar\u00e1n recibiendo a personas con \u00f3 sin cita para que m\u00e1s ciudadanos ejerzan su derecho a votar, en el pr\u00f3ximo proceso extraordinario. Cabe recordar que oficialmente la campa\u00f1a para actualizar la credencial de elector se cerr\u00f3 el pasado [&hellip;]","og_url":"https:\/\/canal7slp.tv\/2025\/este-lunes-10-de-febrero-ultimo-dia-para-actualizar-la-credencial-del-ine\/","og_site_name":"Canal 7 SLP - 2025","article_publisher":"https:\/\/www.facebook.com\/noticieroscanal7atencionciudadana\/","article_published_time":"2025-02-11T00:24:37+00:00","og_image":[{"width":1280,"height":720,"url":"https:\/\/canal7slp.tv\/2025\/wp-content\/uploads\/2025\/02\/Claudio0UltimoDia.jpg","type":"image\/jpeg"}],"author":"Edici\u00f3n Web","twitter_card":"summary_large_image","twitter_creator":"@NOTICIEROS7","twitter_site":"@NOTICIEROS7","twitter_misc":{"Escrito por":"Edici\u00f3n Web","Tiempo de lectura":"1 minuto"},"schema":{"@context":"https:\/\/schema.org","@graph":[{"@type":"Article","@id":"https:\/\/canal7slp.tv\/2025\/este-lunes-10-de-febrero-ultimo-dia-para-actualizar-la-credencial-del-ine\/#article","isPartOf":{"@id":"https:\/\/canal7slp.tv\/2025\/este-lunes-10-de-febrero-ultimo-dia-para-actualizar-la-credencial-del-ine\/"},"author":{"name":"Edici\u00f3n Web","@id":"https:\/\/canal7slp.tv\/2025\/#\/schema\/person\/271e2b60a96e7cc9d9ac296f4d7e414b"},"headline":"Este lunes 10 de febrero \u00faltimo d\u00eda para actualizar la credencial del INE","datePublished":"2025-02-11T00:24:37+00:00","mainEntityOfPage":{"@id":"https:\/\/canal7slp.tv\/2025\/este-lunes-10-de-febrero-ultimo-dia-para-actualizar-la-credencial-del-ine\/"},"wordCount":143,"publisher":{"@id":"https:\/\/canal7slp.tv\/2025\/#organization"},"image":{"@id":"https:\/\/canal7slp.tv\/2025\/este-lunes-10-de-febrero-ultimo-dia-para-actualizar-la-credencial-del-ine\/#primaryimage"},"thumbnailUrl":"https:\/\/canal7slp.tv\/2025\/wp-content\/uploads\/2025\/02\/Claudio0UltimoDia.jpg","articleSection":["DESTACADAS","LOCALES Y REGIONALES"],"inLanguage":"es"},{"@type":"WebPage","@id":"https:\/\/canal7slp.tv\/2025\/este-lunes-10-de-febrero-ultimo-dia-para-actualizar-la-credencial-del-ine\/","url":"https:\/\/canal7slp.tv\/2025\/este-lunes-10-de-febrero-ultimo-dia-para-actualizar-la-credencial-del-ine\/","name":"Este lunes 10 de febrero \u00faltimo d\u00eda para actualizar la credencial del INE - Canal 7 SLP - 2025","isPartOf":{"@id":"https:\/\/canal7slp.tv\/2025\/#website"},"primaryImageOfPage":{"@id":"https:\/\/canal7slp.tv\/2025\/este-lunes-10-de-febrero-ultimo-dia-para-actualizar-la-credencial-del-ine\/#primaryimage"},"image":{"@id":"https:\/\/canal7slp.tv\/2025\/este-lunes-10-de-febrero-ultimo-dia-para-actualizar-la-credencial-del-ine\/#primaryimage"},"thumbnailUrl":"https:\/\/canal7slp.tv\/2025\/wp-content\/uploads\/2025\/02\/Claudio0UltimoDia.jpg","datePublished":"2025-02-11T00:24:37+00:00","breadcrumb":{"@id":"https:\/\/canal7slp.tv\/2025\/este-lunes-10-de-febrero-ultimo-dia-para-actualizar-la-credencial-del-ine\/#breadcrumb"},"inLanguage":"es","potentialAction":[{"@type":"ReadAction","target":["https:\/\/canal7slp.tv\/2025\/este-lunes-10-de-febrero-ultimo-dia-para-actualizar-la-credencial-del-ine\/"]}]},{"@type":"ImageObject","inLanguage":"es","@id":"https:\/\/canal7slp.tv\/2025\/este-lunes-10-de-febrero-ultimo-dia-para-actualizar-la-credencial-del-ine\/#primaryimage","url":"https:\/\/canal7slp.tv\/2025\/wp-content\/uploads\/2025\/02\/Claudio0UltimoDia.jpg","contentUrl":"https:\/\/canal7slp.tv\/2025\/wp-content\/uploads\/2025\/02\/Claudio0UltimoDia.jpg","width":1280,"height":720},{"@type":"BreadcrumbList","@id":"https:\/\/canal7slp.tv\/2025\/este-lunes-10-de-febrero-ultimo-dia-para-actualizar-la-credencial-del-ine\/#breadcrumb","itemListElement":[{"@type":"ListItem","position":1,"name":"Portada","item":"https:\/\/canal7slp.tv\/2025\/"},{"@type":"ListItem","position":2,"name":"Este lunes 10 de febrero \u00faltimo d\u00eda para actualizar la credencial del INE"}]},{"@type":"WebSite","@id":"https:\/\/canal7slp.tv\/2025\/#website","url":"https:\/\/canal7slp.tv\/2025\/","name":"N7 - Noticieros Canal 7","description":"Somos el Medio","publisher":{"@id":"https:\/\/canal7slp.tv\/2025\/#organization"},"potentialAction":[{"@type":"SearchAction","target":{"@type":"EntryPoint","urlTemplate":"https:\/\/canal7slp.tv\/2025\/?s={search_term_string}"},"query-input":{"@type":"PropertyValueSpecification","valueRequired":true,"valueName":"search_term_string"}}],"inLanguage":"es"},{"@type":"Organization","@id":"https:\/\/canal7slp.tv\/2025\/#organization","name":"Noticieros Canal 7","url":"https:\/\/canal7slp.tv\/2025\/","logo":{"@type":"ImageObject","inLanguage":"es","@id":"https:\/\/canal7slp.tv\/2025\/#\/schema\/logo\/image\/","url":"https:\/\/canal7slp.tv\/2025\/wp-content\/uploads\/2021\/01\/logo-noticieros@2x.png","contentUrl":"https:\/\/canal7slp.tv\/2025\/wp-content\/uploads\/2021\/01\/logo-noticieros@2x.png","width":1017,"height":268,"caption":"Noticieros Canal 7"},"image":{"@id":"https:\/\/canal7slp.tv\/2025\/#\/schema\/logo\/image\/"},"sameAs":["https:\/\/www.facebook.com\/noticieroscanal7atencionciudadana\/","https:\/\/x.com\/NOTICIEROS7","https:\/\/www.instagram.com\/canal7_slp","https:\/\/www.youtube.com\/channel\/UCliiYs-gP3JfJeqdPrNdd5A"]},{"@type":"Person","@id":"https:\/\/canal7slp.tv\/2025\/#\/schema\/person\/271e2b60a96e7cc9d9ac296f4d7e414b","name":"Edici\u00f3n Web","image":{"@type":"ImageObject","inLanguage":"es","@id":"https:\/\/secure.gravatar.com\/avatar\/eee448fc3f7164808013b816ba91ac7e43bbe82a70bebac296f8bc6f0addaa1a?s=96&d=mm&r=g","url":"https:\/\/secure.gravatar.com\/avatar\/eee448fc3f7164808013b816ba91ac7e43bbe82a70bebac296f8bc6f0addaa1a?s=96&d=mm&r=g","contentUrl":"https:\/\/secure.gravatar.com\/avatar\/eee448fc3f7164808013b816ba91ac7e43bbe82a70bebac296f8bc6f0addaa1a?s=96&d=mm&r=g","caption":"Edici\u00f3n Web"},"url":"https:\/\/canal7slp.tv\/2025\/author\/edicionweb\/"}]}},"_links":{"self":[{"href":"https:\/\/canal7slp.tv\/2025\/wp-json\/wp\/v2\/posts\/157581","targetHints":{"allow":["GET"]}}],"collection":[{"href":"https:\/\/canal7slp.tv\/2025\/wp-json\/wp\/v2\/posts"}],"about":[{"href":"https:\/\/canal7slp.tv\/2025\/wp-json\/wp\/v2\/types\/post"}],"author":[{"embeddable":true,"href":"https:\/\/canal7slp.tv\/2025\/wp-json\/wp\/v2\/users\/2"}],"replies":[{"embeddable":true,"href":"https:\/\/canal7slp.tv\/2025\/wp-json\/wp\/v2\/comments?post=157581"}],"version-history":[{"count":2,"href":"https:\/\/canal7slp.tv\/2025\/wp-json\/wp\/v2\/posts\/157581\/revisions"}],"predecessor-version":[{"id":157610,"href":"https:\/\/canal7slp.tv\/2025\/wp-json\/wp\/v2\/posts\/157581\/revisions\/157610"}],"wp:featuredmedia":[{"embeddable":true,"href":"https:\/\/canal7slp.tv\/2025\/wp-json\/wp\/v2\/media\/157602"}],"wp:attachment":[{"href":"https:\/\/canal7slp.tv\/2025\/wp-json\/wp\/v2\/media?parent=157581"}],"wp:term":[{"taxonomy":"category","embeddable":true,"href":"https:\/\/canal7slp.tv\/2025\/wp-json\/wp\/v2\/categories?post=157581"},{"taxonomy":"post_tag","embeddable":true,"href":"https:\/\/canal7slp.tv\/2025\/wp-json\/wp\/v2\/tags?post=157581"}],"curies":[{"name":"wp","href":"https:\/\/api.w.org\/{rel}","templated":true}]}}