{"id":157524,"date":"2025-02-10T16:05:38","date_gmt":"2025-02-10T22:05:38","guid":{"rendered":"https:\/\/canal7slp.tv\/2025\/?p=157524"},"modified":"2025-02-10T16:05:38","modified_gmt":"2025-02-10T22:05:38","slug":"continua-busqueda-de-doctor-desaparecido-en-la-sierra-de-san-miguelito","status":"publish","type":"post","link":"https:\/\/canal7slp.tv\/2025\/continua-busqueda-de-doctor-desaparecido-en-la-sierra-de-san-miguelito\/","title":{"rendered":"Contin\u00faa b\u00fasqueda de doctor desaparecido en la Sierra de San Miguelito"},"content":{"rendered":"<p style=\"text-align: justify;\">SLP.- La b\u00fasqueda del doctor Felipe Tapia Jurado, quien se encuentra desaparecido en la Sierra de San Miguelito, se mantiene activa y con operativos m\u00e1s intensos, inform\u00f3 el director de Protecci\u00f3n Civil Estatal, Mauricio Ordaz Flores.<\/p>\n<p style=\"text-align: justify;\">\u00abNosotros seguimos en la b\u00fasqueda, esta b\u00fasqueda se ha intensificado m\u00e1s, hemos subido drones, hemos subido inclusive con senderismos, hemos subido con senderistas, perd\u00f3n, personas que participaron con \u00e9l, se han recorrido varios lugares, como es la Sierra de la Amapola, camino hacia el Cerro del Potos\u00ed, El \u00d3rgano, Maderas, Pozuelo, Sierra del Durazno\u00bb, detall\u00f3.<\/p>\n<p style=\"text-align: justify;\">El especialista desapareci\u00f3 desde el pasado 2 de febrero y aunque se tiene registrada una \u00faltima llamada suya, los esfuerzos por localizarlo no han dado resultados concluyentes.<\/p>\n<p style=\"text-align: justify;\">\u00abLa \u00faltima llamada que tenemos de la persona fue a las 9 de la noche, fue por un lugar de las antenas en la parte de atr\u00e1s de la presa, ah\u00ed tambi\u00e9n ya lo hicimos a pie tierra\u00bb, se\u00f1al\u00f3.<\/p>\n<p style=\"text-align: justify;\">Continu\u00f3: \u00abDuramos hasta diariamente 6 u 8 horas la b\u00fasqueda de la persona, no hemos tenido un \u00e9xito, sin embargo, estamos haci\u00e9ndolo, todav\u00eda habr\u00e1 una junta y estaremos estableciendo otras estrategias\u00bb.<\/p>\n<p style=\"text-align: justify;\">De acuerdo con el funcionario, el doctor cuenta con conocimientos b\u00e1sicos de supervivencia, por lo que se que mantiene la esperanza de encontrarlo con vida.<\/p>\n<p style=\"text-align: justify;\">\u00abLa persona ten\u00eda capacitaci\u00f3n, ten\u00eda un poquito de experiencia de supervivencia, nosotros tenemos la esperanza de todav\u00eda encontrarlo con vida, nosotros seguiremos intensificando la b\u00fasqueda y no descansaremos hasta encontrarlo, es parte de nuestras obligaciones\u00bb, afirm\u00f3.<\/p>\n<p style=\"text-align: justify;\">Se espera que las autoridades definan nuevas estrategias en las pr\u00f3ximas horas para dar con el paradero del m\u00e9dico, cuyo caso ha movilizado tanto a personal especializado como a voluntarios conocedores de la zona.<\/p>\n<p style=\"text-align: justify;\">Por: Jos\u00e9 Luis V\u00e1zquez<\/p>\n","protected":false},"excerpt":{"rendered":"<p>SLP.- La b\u00fasqueda del doctor Felipe Tapia Jurado, quien se encuentra desaparecido en la Sierra de San Miguelito, se mantiene activa y con operativos m\u00e1s intensos, inform\u00f3 el director de Protecci\u00f3n Civil Estatal, Mauricio Ordaz Flores. \u00abNosotros seguimos en la b\u00fasqueda, esta b\u00fasqueda se ha intensificado m\u00e1s, hemos subido drones, hemos subido inclusive con senderismos, hemos subido con senderistas, perd\u00f3n, personas que participaron con \u00e9l, se han recorrido varios lugares, como es la Sierra de la Amapola, camino hacia el Cerro del Potos\u00ed, El \u00d3rgano, Maderas, Pozuelo, Sierra del Durazno\u00bb, detall\u00f3. El especialista desapareci\u00f3 desde el pasado 2 de febrero [&hellip;]<\/p>\n","protected":false},"author":2,"featured_media":157566,"comment_status":"closed","ping_status":"closed","sticky":false,"template":"","format":"video","meta":{"_monsterinsights_skip_tracking":false,"_monsterinsights_sitenote_active":false,"_monsterinsights_sitenote_note":"","_monsterinsights_sitenote_category":0,"footnotes":""},"categories":[5,510,45],"tags":[],"class_list":["post-157524","post","type-post","status-publish","format-video","has-post-thumbnail","hentry","category-destacadas","category-gobedoslp","category-localesyregionales","post_format-post-format-video","post--single"],"yoast_head":"<!-- This site is optimized with the Yoast SEO plugin v27.5 - https:\/\/yoast.com\/product\/yoast-seo-wordpress\/ -->\n<title>Contin\u00faa b\u00fasqueda de doctor desaparecido en la Sierra de San Miguelito - Canal 7 SLP - 2025<\/title>\n<meta name=\"robots\" content=\"index, follow, max-snippet:-1, max-image-preview:large, max-video-preview:-1\" \/>\n<link rel=\"canonical\" href=\"https:\/\/canal7slp.tv\/2025\/continua-busqueda-de-doctor-desaparecido-en-la-sierra-de-san-miguelito\/\" \/>\n<meta property=\"og:locale\" content=\"es_ES\" \/>\n<meta property=\"og:type\" content=\"article\" \/>\n<meta property=\"og:title\" content=\"Contin\u00faa b\u00fasqueda de doctor desaparecido en la Sierra de San Miguelito - Canal 7 SLP - 2025\" \/>\n<meta property=\"og:description\" content=\"SLP.- La b\u00fasqueda del doctor Felipe Tapia Jurado, quien se encuentra desaparecido en la Sierra de San Miguelito, se mantiene activa y con operativos m\u00e1s intensos, inform\u00f3 el director de Protecci\u00f3n Civil Estatal, Mauricio Ordaz Flores. \u00abNosotros seguimos en la b\u00fasqueda, esta b\u00fasqueda se ha intensificado m\u00e1s, hemos subido drones, hemos subido inclusive con senderismos, hemos subido con senderistas, perd\u00f3n, personas que participaron con \u00e9l, se han recorrido varios lugares, como es la Sierra de la Amapola, camino hacia el Cerro del Potos\u00ed, El \u00d3rgano, Maderas, Pozuelo, Sierra del Durazno\u00bb, detall\u00f3. El especialista desapareci\u00f3 desde el pasado 2 de febrero [&hellip;]\" \/>\n<meta property=\"og:url\" content=\"https:\/\/canal7slp.tv\/2025\/continua-busqueda-de-doctor-desaparecido-en-la-sierra-de-san-miguelito\/\" \/>\n<meta property=\"og:site_name\" content=\"Canal 7 SLP - 2025\" \/>\n<meta property=\"article:publisher\" content=\"https:\/\/www.facebook.com\/noticieroscanal7atencionciudadana\/\" \/>\n<meta property=\"article:published_time\" content=\"2025-02-10T22:05:38+00:00\" \/>\n<meta property=\"og:image\" content=\"https:\/\/canal7slp.tv\/2025\/wp-content\/uploads\/2025\/02\/Vazquez03Senderista.jpg\" \/>\n\t<meta property=\"og:image:width\" content=\"1280\" \/>\n\t<meta property=\"og:image:height\" content=\"720\" \/>\n\t<meta property=\"og:image:type\" content=\"image\/jpeg\" \/>\n<meta name=\"author\" content=\"Edici\u00f3n Web\" \/>\n<meta name=\"twitter:card\" content=\"summary_large_image\" \/>\n<meta name=\"twitter:creator\" content=\"@NOTICIEROS7\" \/>\n<meta name=\"twitter:site\" content=\"@NOTICIEROS7\" \/>\n<meta name=\"twitter:label1\" content=\"Escrito por\" \/>\n\t<meta name=\"twitter:data1\" content=\"Edici\u00f3n Web\" \/>\n\t<meta name=\"twitter:label2\" content=\"Tiempo de lectura\" \/>\n\t<meta name=\"twitter:data2\" content=\"2 minutos\" \/>\n<script type=\"application\/ld+json\" class=\"yoast-schema-graph\">{\"@context\":\"https:\\\/\\\/schema.org\",\"@graph\":[{\"@type\":\"Article\",\"@id\":\"https:\\\/\\\/canal7slp.tv\\\/2025\\\/continua-busqueda-de-doctor-desaparecido-en-la-sierra-de-san-miguelito\\\/#article\",\"isPartOf\":{\"@id\":\"https:\\\/\\\/canal7slp.tv\\\/2025\\\/continua-busqueda-de-doctor-desaparecido-en-la-sierra-de-san-miguelito\\\/\"},\"author\":{\"name\":\"Edici\u00f3n Web\",\"@id\":\"https:\\\/\\\/canal7slp.tv\\\/2025\\\/#\\\/schema\\\/person\\\/271e2b60a96e7cc9d9ac296f4d7e414b\"},\"headline\":\"Contin\u00faa b\u00fasqueda de doctor desaparecido en la Sierra de San Miguelito\",\"datePublished\":\"2025-02-10T22:05:38+00:00\",\"mainEntityOfPage\":{\"@id\":\"https:\\\/\\\/canal7slp.tv\\\/2025\\\/continua-busqueda-de-doctor-desaparecido-en-la-sierra-de-san-miguelito\\\/\"},\"wordCount\":319,\"publisher\":{\"@id\":\"https:\\\/\\\/canal7slp.tv\\\/2025\\\/#organization\"},\"image\":{\"@id\":\"https:\\\/\\\/canal7slp.tv\\\/2025\\\/continua-busqueda-de-doctor-desaparecido-en-la-sierra-de-san-miguelito\\\/#primaryimage\"},\"thumbnailUrl\":\"https:\\\/\\\/canal7slp.tv\\\/2025\\\/wp-content\\\/uploads\\\/2025\\\/02\\\/Vazquez03Senderista.jpg\",\"articleSection\":[\"DESTACADAS\",\"GOBEDOSLP\",\"LOCALES Y REGIONALES\"],\"inLanguage\":\"es\"},{\"@type\":\"WebPage\",\"@id\":\"https:\\\/\\\/canal7slp.tv\\\/2025\\\/continua-busqueda-de-doctor-desaparecido-en-la-sierra-de-san-miguelito\\\/\",\"url\":\"https:\\\/\\\/canal7slp.tv\\\/2025\\\/continua-busqueda-de-doctor-desaparecido-en-la-sierra-de-san-miguelito\\\/\",\"name\":\"Contin\u00faa b\u00fasqueda de doctor desaparecido en la Sierra de San Miguelito - Canal 7 SLP - 2025\",\"isPartOf\":{\"@id\":\"https:\\\/\\\/canal7slp.tv\\\/2025\\\/#website\"},\"primaryImageOfPage\":{\"@id\":\"https:\\\/\\\/canal7slp.tv\\\/2025\\\/continua-busqueda-de-doctor-desaparecido-en-la-sierra-de-san-miguelito\\\/#primaryimage\"},\"image\":{\"@id\":\"https:\\\/\\\/canal7slp.tv\\\/2025\\\/continua-busqueda-de-doctor-desaparecido-en-la-sierra-de-san-miguelito\\\/#primaryimage\"},\"thumbnailUrl\":\"https:\\\/\\\/canal7slp.tv\\\/2025\\\/wp-content\\\/uploads\\\/2025\\\/02\\\/Vazquez03Senderista.jpg\",\"datePublished\":\"2025-02-10T22:05:38+00:00\",\"breadcrumb\":{\"@id\":\"https:\\\/\\\/canal7slp.tv\\\/2025\\\/continua-busqueda-de-doctor-desaparecido-en-la-sierra-de-san-miguelito\\\/#breadcrumb\"},\"inLanguage\":\"es\",\"potentialAction\":[{\"@type\":\"ReadAction\",\"target\":[\"https:\\\/\\\/canal7slp.tv\\\/2025\\\/continua-busqueda-de-doctor-desaparecido-en-la-sierra-de-san-miguelito\\\/\"]}]},{\"@type\":\"ImageObject\",\"inLanguage\":\"es\",\"@id\":\"https:\\\/\\\/canal7slp.tv\\\/2025\\\/continua-busqueda-de-doctor-desaparecido-en-la-sierra-de-san-miguelito\\\/#primaryimage\",\"url\":\"https:\\\/\\\/canal7slp.tv\\\/2025\\\/wp-content\\\/uploads\\\/2025\\\/02\\\/Vazquez03Senderista.jpg\",\"contentUrl\":\"https:\\\/\\\/canal7slp.tv\\\/2025\\\/wp-content\\\/uploads\\\/2025\\\/02\\\/Vazquez03Senderista.jpg\",\"width\":1280,\"height\":720},{\"@type\":\"BreadcrumbList\",\"@id\":\"https:\\\/\\\/canal7slp.tv\\\/2025\\\/continua-busqueda-de-doctor-desaparecido-en-la-sierra-de-san-miguelito\\\/#breadcrumb\",\"itemListElement\":[{\"@type\":\"ListItem\",\"position\":1,\"name\":\"Portada\",\"item\":\"https:\\\/\\\/canal7slp.tv\\\/2025\\\/\"},{\"@type\":\"ListItem\",\"position\":2,\"name\":\"Contin\u00faa b\u00fasqueda de doctor desaparecido en la Sierra de San Miguelito\"}]},{\"@type\":\"WebSite\",\"@id\":\"https:\\\/\\\/canal7slp.tv\\\/2025\\\/#website\",\"url\":\"https:\\\/\\\/canal7slp.tv\\\/2025\\\/\",\"name\":\"N7 - Noticieros Canal 7\",\"description\":\"Somos el Medio\",\"publisher\":{\"@id\":\"https:\\\/\\\/canal7slp.tv\\\/2025\\\/#organization\"},\"potentialAction\":[{\"@type\":\"SearchAction\",\"target\":{\"@type\":\"EntryPoint\",\"urlTemplate\":\"https:\\\/\\\/canal7slp.tv\\\/2025\\\/?s={search_term_string}\"},\"query-input\":{\"@type\":\"PropertyValueSpecification\",\"valueRequired\":true,\"valueName\":\"search_term_string\"}}],\"inLanguage\":\"es\"},{\"@type\":\"Organization\",\"@id\":\"https:\\\/\\\/canal7slp.tv\\\/2025\\\/#organization\",\"name\":\"Noticieros Canal 7\",\"url\":\"https:\\\/\\\/canal7slp.tv\\\/2025\\\/\",\"logo\":{\"@type\":\"ImageObject\",\"inLanguage\":\"es\",\"@id\":\"https:\\\/\\\/canal7slp.tv\\\/2025\\\/#\\\/schema\\\/logo\\\/image\\\/\",\"url\":\"https:\\\/\\\/canal7slp.tv\\\/2025\\\/wp-content\\\/uploads\\\/2021\\\/01\\\/logo-noticieros@2x.png\",\"contentUrl\":\"https:\\\/\\\/canal7slp.tv\\\/2025\\\/wp-content\\\/uploads\\\/2021\\\/01\\\/logo-noticieros@2x.png\",\"width\":1017,\"height\":268,\"caption\":\"Noticieros Canal 7\"},\"image\":{\"@id\":\"https:\\\/\\\/canal7slp.tv\\\/2025\\\/#\\\/schema\\\/logo\\\/image\\\/\"},\"sameAs\":[\"https:\\\/\\\/www.facebook.com\\\/noticieroscanal7atencionciudadana\\\/\",\"https:\\\/\\\/x.com\\\/NOTICIEROS7\",\"https:\\\/\\\/www.instagram.com\\\/canal7_slp\",\"https:\\\/\\\/www.youtube.com\\\/channel\\\/UCliiYs-gP3JfJeqdPrNdd5A\"]},{\"@type\":\"Person\",\"@id\":\"https:\\\/\\\/canal7slp.tv\\\/2025\\\/#\\\/schema\\\/person\\\/271e2b60a96e7cc9d9ac296f4d7e414b\",\"name\":\"Edici\u00f3n Web\",\"image\":{\"@type\":\"ImageObject\",\"inLanguage\":\"es\",\"@id\":\"https:\\\/\\\/secure.gravatar.com\\\/avatar\\\/eee448fc3f7164808013b816ba91ac7e43bbe82a70bebac296f8bc6f0addaa1a?s=96&d=mm&r=g\",\"url\":\"https:\\\/\\\/secure.gravatar.com\\\/avatar\\\/eee448fc3f7164808013b816ba91ac7e43bbe82a70bebac296f8bc6f0addaa1a?s=96&d=mm&r=g\",\"contentUrl\":\"https:\\\/\\\/secure.gravatar.com\\\/avatar\\\/eee448fc3f7164808013b816ba91ac7e43bbe82a70bebac296f8bc6f0addaa1a?s=96&d=mm&r=g\",\"caption\":\"Edici\u00f3n Web\"},\"url\":\"https:\\\/\\\/canal7slp.tv\\\/2025\\\/author\\\/edicionweb\\\/\"}]}<\/script>\n<!-- \/ Yoast SEO plugin. -->","yoast_head_json":{"title":"Contin\u00faa b\u00fasqueda de doctor desaparecido en la Sierra de San Miguelito - Canal 7 SLP - 2025","robots":{"index":"index","follow":"follow","max-snippet":"max-snippet:-1","max-image-preview":"max-image-preview:large","max-video-preview":"max-video-preview:-1"},"canonical":"https:\/\/canal7slp.tv\/2025\/continua-busqueda-de-doctor-desaparecido-en-la-sierra-de-san-miguelito\/","og_locale":"es_ES","og_type":"article","og_title":"Contin\u00faa b\u00fasqueda de doctor desaparecido en la Sierra de San Miguelito - Canal 7 SLP - 2025","og_description":"SLP.- La b\u00fasqueda del doctor Felipe Tapia Jurado, quien se encuentra desaparecido en la Sierra de San Miguelito, se mantiene activa y con operativos m\u00e1s intensos, inform\u00f3 el director de Protecci\u00f3n Civil Estatal, Mauricio Ordaz Flores. \u00abNosotros seguimos en la b\u00fasqueda, esta b\u00fasqueda se ha intensificado m\u00e1s, hemos subido drones, hemos subido inclusive con senderismos, hemos subido con senderistas, perd\u00f3n, personas que participaron con \u00e9l, se han recorrido varios lugares, como es la Sierra de la Amapola, camino hacia el Cerro del Potos\u00ed, El \u00d3rgano, Maderas, Pozuelo, Sierra del Durazno\u00bb, detall\u00f3. El especialista desapareci\u00f3 desde el pasado 2 de febrero [&hellip;]","og_url":"https:\/\/canal7slp.tv\/2025\/continua-busqueda-de-doctor-desaparecido-en-la-sierra-de-san-miguelito\/","og_site_name":"Canal 7 SLP - 2025","article_publisher":"https:\/\/www.facebook.com\/noticieroscanal7atencionciudadana\/","article_published_time":"2025-02-10T22:05:38+00:00","og_image":[{"width":1280,"height":720,"url":"https:\/\/canal7slp.tv\/2025\/wp-content\/uploads\/2025\/02\/Vazquez03Senderista.jpg","type":"image\/jpeg"}],"author":"Edici\u00f3n Web","twitter_card":"summary_large_image","twitter_creator":"@NOTICIEROS7","twitter_site":"@NOTICIEROS7","twitter_misc":{"Escrito por":"Edici\u00f3n Web","Tiempo de lectura":"2 minutos"},"schema":{"@context":"https:\/\/schema.org","@graph":[{"@type":"Article","@id":"https:\/\/canal7slp.tv\/2025\/continua-busqueda-de-doctor-desaparecido-en-la-sierra-de-san-miguelito\/#article","isPartOf":{"@id":"https:\/\/canal7slp.tv\/2025\/continua-busqueda-de-doctor-desaparecido-en-la-sierra-de-san-miguelito\/"},"author":{"name":"Edici\u00f3n Web","@id":"https:\/\/canal7slp.tv\/2025\/#\/schema\/person\/271e2b60a96e7cc9d9ac296f4d7e414b"},"headline":"Contin\u00faa b\u00fasqueda de doctor desaparecido en la Sierra de San Miguelito","datePublished":"2025-02-10T22:05:38+00:00","mainEntityOfPage":{"@id":"https:\/\/canal7slp.tv\/2025\/continua-busqueda-de-doctor-desaparecido-en-la-sierra-de-san-miguelito\/"},"wordCount":319,"publisher":{"@id":"https:\/\/canal7slp.tv\/2025\/#organization"},"image":{"@id":"https:\/\/canal7slp.tv\/2025\/continua-busqueda-de-doctor-desaparecido-en-la-sierra-de-san-miguelito\/#primaryimage"},"thumbnailUrl":"https:\/\/canal7slp.tv\/2025\/wp-content\/uploads\/2025\/02\/Vazquez03Senderista.jpg","articleSection":["DESTACADAS","GOBEDOSLP","LOCALES Y REGIONALES"],"inLanguage":"es"},{"@type":"WebPage","@id":"https:\/\/canal7slp.tv\/2025\/continua-busqueda-de-doctor-desaparecido-en-la-sierra-de-san-miguelito\/","url":"https:\/\/canal7slp.tv\/2025\/continua-busqueda-de-doctor-desaparecido-en-la-sierra-de-san-miguelito\/","name":"Contin\u00faa b\u00fasqueda de doctor desaparecido en la Sierra de San Miguelito - Canal 7 SLP - 2025","isPartOf":{"@id":"https:\/\/canal7slp.tv\/2025\/#website"},"primaryImageOfPage":{"@id":"https:\/\/canal7slp.tv\/2025\/continua-busqueda-de-doctor-desaparecido-en-la-sierra-de-san-miguelito\/#primaryimage"},"image":{"@id":"https:\/\/canal7slp.tv\/2025\/continua-busqueda-de-doctor-desaparecido-en-la-sierra-de-san-miguelito\/#primaryimage"},"thumbnailUrl":"https:\/\/canal7slp.tv\/2025\/wp-content\/uploads\/2025\/02\/Vazquez03Senderista.jpg","datePublished":"2025-02-10T22:05:38+00:00","breadcrumb":{"@id":"https:\/\/canal7slp.tv\/2025\/continua-busqueda-de-doctor-desaparecido-en-la-sierra-de-san-miguelito\/#breadcrumb"},"inLanguage":"es","potentialAction":[{"@type":"ReadAction","target":["https:\/\/canal7slp.tv\/2025\/continua-busqueda-de-doctor-desaparecido-en-la-sierra-de-san-miguelito\/"]}]},{"@type":"ImageObject","inLanguage":"es","@id":"https:\/\/canal7slp.tv\/2025\/continua-busqueda-de-doctor-desaparecido-en-la-sierra-de-san-miguelito\/#primaryimage","url":"https:\/\/canal7slp.tv\/2025\/wp-content\/uploads\/2025\/02\/Vazquez03Senderista.jpg","contentUrl":"https:\/\/canal7slp.tv\/2025\/wp-content\/uploads\/2025\/02\/Vazquez03Senderista.jpg","width":1280,"height":720},{"@type":"BreadcrumbList","@id":"https:\/\/canal7slp.tv\/2025\/continua-busqueda-de-doctor-desaparecido-en-la-sierra-de-san-miguelito\/#breadcrumb","itemListElement":[{"@type":"ListItem","position":1,"name":"Portada","item":"https:\/\/canal7slp.tv\/2025\/"},{"@type":"ListItem","position":2,"name":"Contin\u00faa b\u00fasqueda de doctor desaparecido en la Sierra de San Miguelito"}]},{"@type":"WebSite","@id":"https:\/\/canal7slp.tv\/2025\/#website","url":"https:\/\/canal7slp.tv\/2025\/","name":"N7 - Noticieros Canal 7","description":"Somos el Medio","publisher":{"@id":"https:\/\/canal7slp.tv\/2025\/#organization"},"potentialAction":[{"@type":"SearchAction","target":{"@type":"EntryPoint","urlTemplate":"https:\/\/canal7slp.tv\/2025\/?s={search_term_string}"},"query-input":{"@type":"PropertyValueSpecification","valueRequired":true,"valueName":"search_term_string"}}],"inLanguage":"es"},{"@type":"Organization","@id":"https:\/\/canal7slp.tv\/2025\/#organization","name":"Noticieros Canal 7","url":"https:\/\/canal7slp.tv\/2025\/","logo":{"@type":"ImageObject","inLanguage":"es","@id":"https:\/\/canal7slp.tv\/2025\/#\/schema\/logo\/image\/","url":"https:\/\/canal7slp.tv\/2025\/wp-content\/uploads\/2021\/01\/logo-noticieros@2x.png","contentUrl":"https:\/\/canal7slp.tv\/2025\/wp-content\/uploads\/2021\/01\/logo-noticieros@2x.png","width":1017,"height":268,"caption":"Noticieros Canal 7"},"image":{"@id":"https:\/\/canal7slp.tv\/2025\/#\/schema\/logo\/image\/"},"sameAs":["https:\/\/www.facebook.com\/noticieroscanal7atencionciudadana\/","https:\/\/x.com\/NOTICIEROS7","https:\/\/www.instagram.com\/canal7_slp","https:\/\/www.youtube.com\/channel\/UCliiYs-gP3JfJeqdPrNdd5A"]},{"@type":"Person","@id":"https:\/\/canal7slp.tv\/2025\/#\/schema\/person\/271e2b60a96e7cc9d9ac296f4d7e414b","name":"Edici\u00f3n Web","image":{"@type":"ImageObject","inLanguage":"es","@id":"https:\/\/secure.gravatar.com\/avatar\/eee448fc3f7164808013b816ba91ac7e43bbe82a70bebac296f8bc6f0addaa1a?s=96&d=mm&r=g","url":"https:\/\/secure.gravatar.com\/avatar\/eee448fc3f7164808013b816ba91ac7e43bbe82a70bebac296f8bc6f0addaa1a?s=96&d=mm&r=g","contentUrl":"https:\/\/secure.gravatar.com\/avatar\/eee448fc3f7164808013b816ba91ac7e43bbe82a70bebac296f8bc6f0addaa1a?s=96&d=mm&r=g","caption":"Edici\u00f3n Web"},"url":"https:\/\/canal7slp.tv\/2025\/author\/edicionweb\/"}]}},"_links":{"self":[{"href":"https:\/\/canal7slp.tv\/2025\/wp-json\/wp\/v2\/posts\/157524","targetHints":{"allow":["GET"]}}],"collection":[{"href":"https:\/\/canal7slp.tv\/2025\/wp-json\/wp\/v2\/posts"}],"about":[{"href":"https:\/\/canal7slp.tv\/2025\/wp-json\/wp\/v2\/types\/post"}],"author":[{"embeddable":true,"href":"https:\/\/canal7slp.tv\/2025\/wp-json\/wp\/v2\/users\/2"}],"replies":[{"embeddable":true,"href":"https:\/\/canal7slp.tv\/2025\/wp-json\/wp\/v2\/comments?post=157524"}],"version-history":[{"count":3,"href":"https:\/\/canal7slp.tv\/2025\/wp-json\/wp\/v2\/posts\/157524\/revisions"}],"predecessor-version":[{"id":157567,"href":"https:\/\/canal7slp.tv\/2025\/wp-json\/wp\/v2\/posts\/157524\/revisions\/157567"}],"wp:featuredmedia":[{"embeddable":true,"href":"https:\/\/canal7slp.tv\/2025\/wp-json\/wp\/v2\/media\/157566"}],"wp:attachment":[{"href":"https:\/\/canal7slp.tv\/2025\/wp-json\/wp\/v2\/media?parent=157524"}],"wp:term":[{"taxonomy":"category","embeddable":true,"href":"https:\/\/canal7slp.tv\/2025\/wp-json\/wp\/v2\/categories?post=157524"},{"taxonomy":"post_tag","embeddable":true,"href":"https:\/\/canal7slp.tv\/2025\/wp-json\/wp\/v2\/tags?post=157524"}],"curies":[{"name":"wp","href":"https:\/\/api.w.org\/{rel}","templated":true}]}}