{"id":157495,"date":"2025-02-10T14:17:11","date_gmt":"2025-02-10T20:17:11","guid":{"rendered":"https:\/\/canal7slp.tv\/2025\/?p=157495"},"modified":"2025-02-10T14:17:11","modified_gmt":"2025-02-10T20:17:11","slug":"arranco-la-etapa-estatal-de-los-nacionales-conade-2025","status":"publish","type":"post","link":"https:\/\/canal7slp.tv\/2025\/arranco-la-etapa-estatal-de-los-nacionales-conade-2025\/","title":{"rendered":"Arranc\u00f3 la Etapa Estatal de los Nacionales CONADE 2025"},"content":{"rendered":"<p style=\"text-align: justify;\">SLP.- Se defini\u00f3 el calendario para la etapa estatal de los Nacionales CONADE 2025, en la que participar\u00e1n un total de 37 disciplinas con la representaci\u00f3n de atletas provenientes de 23 municipios del estado.<\/p>\n<p style=\"text-align: justify;\">El mes de febrero ser\u00e1 el inicio de esta fase de competencias, con 17 disciplinas que estar\u00e1n en acci\u00f3n, comenzando las eliminatorias con karate, continuar\u00e1n del 14 al 16 de febrero en disciplinas como voleibol, ajedrez, boxeo, b\u00e1dminton, basquetbol 3X3, basquetbol, b\u00e9isbol, triatl\u00f3n y judo.<\/p>\n<p style=\"text-align: justify;\">Del 21 al 23 de febrero, ser\u00e1 el turno de atletismo, f\u00fatbol, handball, s\u00f3ftbol, voleibol de playa, luchas asociadas, siguiendo con taekwondo los d\u00edas 26 y 27 de febrero, cerrando el r\u00e1quetbol del 25 de febrero al 1 de marzo.<\/p>\n<p style=\"text-align: justify;\">Adem\u00e1s de las eliminatorias locales, se llevar\u00e1 a cabo la clasificaci\u00f3n en varias disciplinas dentro de eventos nacionales, que ser\u00e1n convocados por la Comisi\u00f3n Nacional de Cultura F\u00edsica y Deporte (CONADE). Estas disciplinas incluyen ciclismo, aguas abiertas, gimnasia art\u00edstica y r\u00edtmica, nataci\u00f3n, nataci\u00f3n art\u00edstica, patinaje de velocidad y art\u00edstico, hockey en l\u00ednea y squash. Asimismo, se clasifican por ranking nacional la Charrer\u00eda, el Tiro con Arco y el Golf.<\/p>\n<p style=\"text-align: justify;\">\n","protected":false},"excerpt":{"rendered":"<p>SLP.- Se defini\u00f3 el calendario para la etapa estatal de los Nacionales CONADE 2025, en la que participar\u00e1n un total de 37 disciplinas con la representaci\u00f3n de atletas provenientes de 23 municipios del estado. El mes de febrero ser\u00e1 el inicio de esta fase de competencias, con 17 disciplinas que estar\u00e1n en acci\u00f3n, comenzando las eliminatorias con karate, continuar\u00e1n del 14 al 16 de febrero en disciplinas como voleibol, ajedrez, boxeo, b\u00e1dminton, basquetbol 3X3, basquetbol, b\u00e9isbol, triatl\u00f3n y judo. Del 21 al 23 de febrero, ser\u00e1 el turno de atletismo, f\u00fatbol, handball, s\u00f3ftbol, voleibol de playa, luchas asociadas, siguiendo con [&hellip;]<\/p>\n","protected":false},"author":2,"featured_media":157498,"comment_status":"closed","ping_status":"closed","sticky":false,"template":"","format":"video","meta":{"_monsterinsights_skip_tracking":false,"_monsterinsights_sitenote_active":false,"_monsterinsights_sitenote_note":"","_monsterinsights_sitenote_category":0,"footnotes":""},"categories":[7,5],"tags":[],"class_list":["post-157495","post","type-post","status-publish","format-video","has-post-thumbnail","hentry","category-deportes","category-destacadas","post_format-post-format-video","post--single"],"yoast_head":"<!-- This site is optimized with the Yoast SEO plugin v27.5 - https:\/\/yoast.com\/product\/yoast-seo-wordpress\/ -->\n<title>Arranc\u00f3 la Etapa Estatal de los Nacionales CONADE 2025 - Canal 7 SLP - 2025<\/title>\n<meta name=\"robots\" content=\"index, follow, max-snippet:-1, max-image-preview:large, max-video-preview:-1\" \/>\n<link rel=\"canonical\" href=\"https:\/\/canal7slp.tv\/2025\/arranco-la-etapa-estatal-de-los-nacionales-conade-2025\/\" \/>\n<meta property=\"og:locale\" content=\"es_ES\" \/>\n<meta property=\"og:type\" content=\"article\" \/>\n<meta property=\"og:title\" content=\"Arranc\u00f3 la Etapa Estatal de los Nacionales CONADE 2025 - Canal 7 SLP - 2025\" \/>\n<meta property=\"og:description\" content=\"SLP.- Se defini\u00f3 el calendario para la etapa estatal de los Nacionales CONADE 2025, en la que participar\u00e1n un total de 37 disciplinas con la representaci\u00f3n de atletas provenientes de 23 municipios del estado. El mes de febrero ser\u00e1 el inicio de esta fase de competencias, con 17 disciplinas que estar\u00e1n en acci\u00f3n, comenzando las eliminatorias con karate, continuar\u00e1n del 14 al 16 de febrero en disciplinas como voleibol, ajedrez, boxeo, b\u00e1dminton, basquetbol 3X3, basquetbol, b\u00e9isbol, triatl\u00f3n y judo. Del 21 al 23 de febrero, ser\u00e1 el turno de atletismo, f\u00fatbol, handball, s\u00f3ftbol, voleibol de playa, luchas asociadas, siguiendo con [&hellip;]\" \/>\n<meta property=\"og:url\" content=\"https:\/\/canal7slp.tv\/2025\/arranco-la-etapa-estatal-de-los-nacionales-conade-2025\/\" \/>\n<meta property=\"og:site_name\" content=\"Canal 7 SLP - 2025\" \/>\n<meta property=\"article:publisher\" content=\"https:\/\/www.facebook.com\/noticieroscanal7atencionciudadana\/\" \/>\n<meta property=\"article:published_time\" content=\"2025-02-10T20:17:11+00:00\" \/>\n<meta property=\"og:image\" content=\"https:\/\/canal7slp.tv\/2025\/wp-content\/uploads\/2025\/02\/Froi03Estatales.jpg\" \/>\n\t<meta property=\"og:image:width\" content=\"1280\" \/>\n\t<meta property=\"og:image:height\" content=\"720\" \/>\n\t<meta property=\"og:image:type\" content=\"image\/jpeg\" \/>\n<meta name=\"author\" content=\"Edici\u00f3n Web\" \/>\n<meta name=\"twitter:card\" content=\"summary_large_image\" \/>\n<meta name=\"twitter:creator\" content=\"@NOTICIEROS7\" \/>\n<meta name=\"twitter:site\" content=\"@NOTICIEROS7\" \/>\n<meta name=\"twitter:label1\" content=\"Escrito por\" \/>\n\t<meta name=\"twitter:data1\" content=\"Edici\u00f3n Web\" \/>\n\t<meta name=\"twitter:label2\" content=\"Tiempo de lectura\" \/>\n\t<meta name=\"twitter:data2\" content=\"2 minutos\" \/>\n<script type=\"application\/ld+json\" class=\"yoast-schema-graph\">{\"@context\":\"https:\\\/\\\/schema.org\",\"@graph\":[{\"@type\":\"Article\",\"@id\":\"https:\\\/\\\/canal7slp.tv\\\/2025\\\/arranco-la-etapa-estatal-de-los-nacionales-conade-2025\\\/#article\",\"isPartOf\":{\"@id\":\"https:\\\/\\\/canal7slp.tv\\\/2025\\\/arranco-la-etapa-estatal-de-los-nacionales-conade-2025\\\/\"},\"author\":{\"name\":\"Edici\u00f3n Web\",\"@id\":\"https:\\\/\\\/canal7slp.tv\\\/2025\\\/#\\\/schema\\\/person\\\/271e2b60a96e7cc9d9ac296f4d7e414b\"},\"headline\":\"Arranc\u00f3 la Etapa Estatal de los Nacionales CONADE 2025\",\"datePublished\":\"2025-02-10T20:17:11+00:00\",\"mainEntityOfPage\":{\"@id\":\"https:\\\/\\\/canal7slp.tv\\\/2025\\\/arranco-la-etapa-estatal-de-los-nacionales-conade-2025\\\/\"},\"wordCount\":210,\"publisher\":{\"@id\":\"https:\\\/\\\/canal7slp.tv\\\/2025\\\/#organization\"},\"image\":{\"@id\":\"https:\\\/\\\/canal7slp.tv\\\/2025\\\/arranco-la-etapa-estatal-de-los-nacionales-conade-2025\\\/#primaryimage\"},\"thumbnailUrl\":\"https:\\\/\\\/canal7slp.tv\\\/2025\\\/wp-content\\\/uploads\\\/2025\\\/02\\\/Froi03Estatales.jpg\",\"articleSection\":[\"DEPORTES\",\"DESTACADAS\"],\"inLanguage\":\"es\"},{\"@type\":\"WebPage\",\"@id\":\"https:\\\/\\\/canal7slp.tv\\\/2025\\\/arranco-la-etapa-estatal-de-los-nacionales-conade-2025\\\/\",\"url\":\"https:\\\/\\\/canal7slp.tv\\\/2025\\\/arranco-la-etapa-estatal-de-los-nacionales-conade-2025\\\/\",\"name\":\"Arranc\u00f3 la Etapa Estatal de los Nacionales CONADE 2025 - Canal 7 SLP - 2025\",\"isPartOf\":{\"@id\":\"https:\\\/\\\/canal7slp.tv\\\/2025\\\/#website\"},\"primaryImageOfPage\":{\"@id\":\"https:\\\/\\\/canal7slp.tv\\\/2025\\\/arranco-la-etapa-estatal-de-los-nacionales-conade-2025\\\/#primaryimage\"},\"image\":{\"@id\":\"https:\\\/\\\/canal7slp.tv\\\/2025\\\/arranco-la-etapa-estatal-de-los-nacionales-conade-2025\\\/#primaryimage\"},\"thumbnailUrl\":\"https:\\\/\\\/canal7slp.tv\\\/2025\\\/wp-content\\\/uploads\\\/2025\\\/02\\\/Froi03Estatales.jpg\",\"datePublished\":\"2025-02-10T20:17:11+00:00\",\"breadcrumb\":{\"@id\":\"https:\\\/\\\/canal7slp.tv\\\/2025\\\/arranco-la-etapa-estatal-de-los-nacionales-conade-2025\\\/#breadcrumb\"},\"inLanguage\":\"es\",\"potentialAction\":[{\"@type\":\"ReadAction\",\"target\":[\"https:\\\/\\\/canal7slp.tv\\\/2025\\\/arranco-la-etapa-estatal-de-los-nacionales-conade-2025\\\/\"]}]},{\"@type\":\"ImageObject\",\"inLanguage\":\"es\",\"@id\":\"https:\\\/\\\/canal7slp.tv\\\/2025\\\/arranco-la-etapa-estatal-de-los-nacionales-conade-2025\\\/#primaryimage\",\"url\":\"https:\\\/\\\/canal7slp.tv\\\/2025\\\/wp-content\\\/uploads\\\/2025\\\/02\\\/Froi03Estatales.jpg\",\"contentUrl\":\"https:\\\/\\\/canal7slp.tv\\\/2025\\\/wp-content\\\/uploads\\\/2025\\\/02\\\/Froi03Estatales.jpg\",\"width\":1280,\"height\":720},{\"@type\":\"BreadcrumbList\",\"@id\":\"https:\\\/\\\/canal7slp.tv\\\/2025\\\/arranco-la-etapa-estatal-de-los-nacionales-conade-2025\\\/#breadcrumb\",\"itemListElement\":[{\"@type\":\"ListItem\",\"position\":1,\"name\":\"Portada\",\"item\":\"https:\\\/\\\/canal7slp.tv\\\/2025\\\/\"},{\"@type\":\"ListItem\",\"position\":2,\"name\":\"Arranc\u00f3 la Etapa Estatal de los Nacionales CONADE 2025\"}]},{\"@type\":\"WebSite\",\"@id\":\"https:\\\/\\\/canal7slp.tv\\\/2025\\\/#website\",\"url\":\"https:\\\/\\\/canal7slp.tv\\\/2025\\\/\",\"name\":\"N7 - Noticieros Canal 7\",\"description\":\"Somos el Medio\",\"publisher\":{\"@id\":\"https:\\\/\\\/canal7slp.tv\\\/2025\\\/#organization\"},\"potentialAction\":[{\"@type\":\"SearchAction\",\"target\":{\"@type\":\"EntryPoint\",\"urlTemplate\":\"https:\\\/\\\/canal7slp.tv\\\/2025\\\/?s={search_term_string}\"},\"query-input\":{\"@type\":\"PropertyValueSpecification\",\"valueRequired\":true,\"valueName\":\"search_term_string\"}}],\"inLanguage\":\"es\"},{\"@type\":\"Organization\",\"@id\":\"https:\\\/\\\/canal7slp.tv\\\/2025\\\/#organization\",\"name\":\"Noticieros Canal 7\",\"url\":\"https:\\\/\\\/canal7slp.tv\\\/2025\\\/\",\"logo\":{\"@type\":\"ImageObject\",\"inLanguage\":\"es\",\"@id\":\"https:\\\/\\\/canal7slp.tv\\\/2025\\\/#\\\/schema\\\/logo\\\/image\\\/\",\"url\":\"https:\\\/\\\/canal7slp.tv\\\/2025\\\/wp-content\\\/uploads\\\/2021\\\/01\\\/logo-noticieros@2x.png\",\"contentUrl\":\"https:\\\/\\\/canal7slp.tv\\\/2025\\\/wp-content\\\/uploads\\\/2021\\\/01\\\/logo-noticieros@2x.png\",\"width\":1017,\"height\":268,\"caption\":\"Noticieros Canal 7\"},\"image\":{\"@id\":\"https:\\\/\\\/canal7slp.tv\\\/2025\\\/#\\\/schema\\\/logo\\\/image\\\/\"},\"sameAs\":[\"https:\\\/\\\/www.facebook.com\\\/noticieroscanal7atencionciudadana\\\/\",\"https:\\\/\\\/x.com\\\/NOTICIEROS7\",\"https:\\\/\\\/www.instagram.com\\\/canal7_slp\",\"https:\\\/\\\/www.youtube.com\\\/channel\\\/UCliiYs-gP3JfJeqdPrNdd5A\"]},{\"@type\":\"Person\",\"@id\":\"https:\\\/\\\/canal7slp.tv\\\/2025\\\/#\\\/schema\\\/person\\\/271e2b60a96e7cc9d9ac296f4d7e414b\",\"name\":\"Edici\u00f3n Web\",\"image\":{\"@type\":\"ImageObject\",\"inLanguage\":\"es\",\"@id\":\"https:\\\/\\\/secure.gravatar.com\\\/avatar\\\/eee448fc3f7164808013b816ba91ac7e43bbe82a70bebac296f8bc6f0addaa1a?s=96&d=mm&r=g\",\"url\":\"https:\\\/\\\/secure.gravatar.com\\\/avatar\\\/eee448fc3f7164808013b816ba91ac7e43bbe82a70bebac296f8bc6f0addaa1a?s=96&d=mm&r=g\",\"contentUrl\":\"https:\\\/\\\/secure.gravatar.com\\\/avatar\\\/eee448fc3f7164808013b816ba91ac7e43bbe82a70bebac296f8bc6f0addaa1a?s=96&d=mm&r=g\",\"caption\":\"Edici\u00f3n Web\"},\"url\":\"https:\\\/\\\/canal7slp.tv\\\/2025\\\/author\\\/edicionweb\\\/\"}]}<\/script>\n<!-- \/ Yoast SEO plugin. -->","yoast_head_json":{"title":"Arranc\u00f3 la Etapa Estatal de los Nacionales CONADE 2025 - Canal 7 SLP - 2025","robots":{"index":"index","follow":"follow","max-snippet":"max-snippet:-1","max-image-preview":"max-image-preview:large","max-video-preview":"max-video-preview:-1"},"canonical":"https:\/\/canal7slp.tv\/2025\/arranco-la-etapa-estatal-de-los-nacionales-conade-2025\/","og_locale":"es_ES","og_type":"article","og_title":"Arranc\u00f3 la Etapa Estatal de los Nacionales CONADE 2025 - Canal 7 SLP - 2025","og_description":"SLP.- Se defini\u00f3 el calendario para la etapa estatal de los Nacionales CONADE 2025, en la que participar\u00e1n un total de 37 disciplinas con la representaci\u00f3n de atletas provenientes de 23 municipios del estado. El mes de febrero ser\u00e1 el inicio de esta fase de competencias, con 17 disciplinas que estar\u00e1n en acci\u00f3n, comenzando las eliminatorias con karate, continuar\u00e1n del 14 al 16 de febrero en disciplinas como voleibol, ajedrez, boxeo, b\u00e1dminton, basquetbol 3X3, basquetbol, b\u00e9isbol, triatl\u00f3n y judo. Del 21 al 23 de febrero, ser\u00e1 el turno de atletismo, f\u00fatbol, handball, s\u00f3ftbol, voleibol de playa, luchas asociadas, siguiendo con [&hellip;]","og_url":"https:\/\/canal7slp.tv\/2025\/arranco-la-etapa-estatal-de-los-nacionales-conade-2025\/","og_site_name":"Canal 7 SLP - 2025","article_publisher":"https:\/\/www.facebook.com\/noticieroscanal7atencionciudadana\/","article_published_time":"2025-02-10T20:17:11+00:00","og_image":[{"width":1280,"height":720,"url":"https:\/\/canal7slp.tv\/2025\/wp-content\/uploads\/2025\/02\/Froi03Estatales.jpg","type":"image\/jpeg"}],"author":"Edici\u00f3n Web","twitter_card":"summary_large_image","twitter_creator":"@NOTICIEROS7","twitter_site":"@NOTICIEROS7","twitter_misc":{"Escrito por":"Edici\u00f3n Web","Tiempo de lectura":"2 minutos"},"schema":{"@context":"https:\/\/schema.org","@graph":[{"@type":"Article","@id":"https:\/\/canal7slp.tv\/2025\/arranco-la-etapa-estatal-de-los-nacionales-conade-2025\/#article","isPartOf":{"@id":"https:\/\/canal7slp.tv\/2025\/arranco-la-etapa-estatal-de-los-nacionales-conade-2025\/"},"author":{"name":"Edici\u00f3n Web","@id":"https:\/\/canal7slp.tv\/2025\/#\/schema\/person\/271e2b60a96e7cc9d9ac296f4d7e414b"},"headline":"Arranc\u00f3 la Etapa Estatal de los Nacionales CONADE 2025","datePublished":"2025-02-10T20:17:11+00:00","mainEntityOfPage":{"@id":"https:\/\/canal7slp.tv\/2025\/arranco-la-etapa-estatal-de-los-nacionales-conade-2025\/"},"wordCount":210,"publisher":{"@id":"https:\/\/canal7slp.tv\/2025\/#organization"},"image":{"@id":"https:\/\/canal7slp.tv\/2025\/arranco-la-etapa-estatal-de-los-nacionales-conade-2025\/#primaryimage"},"thumbnailUrl":"https:\/\/canal7slp.tv\/2025\/wp-content\/uploads\/2025\/02\/Froi03Estatales.jpg","articleSection":["DEPORTES","DESTACADAS"],"inLanguage":"es"},{"@type":"WebPage","@id":"https:\/\/canal7slp.tv\/2025\/arranco-la-etapa-estatal-de-los-nacionales-conade-2025\/","url":"https:\/\/canal7slp.tv\/2025\/arranco-la-etapa-estatal-de-los-nacionales-conade-2025\/","name":"Arranc\u00f3 la Etapa Estatal de los Nacionales CONADE 2025 - Canal 7 SLP - 2025","isPartOf":{"@id":"https:\/\/canal7slp.tv\/2025\/#website"},"primaryImageOfPage":{"@id":"https:\/\/canal7slp.tv\/2025\/arranco-la-etapa-estatal-de-los-nacionales-conade-2025\/#primaryimage"},"image":{"@id":"https:\/\/canal7slp.tv\/2025\/arranco-la-etapa-estatal-de-los-nacionales-conade-2025\/#primaryimage"},"thumbnailUrl":"https:\/\/canal7slp.tv\/2025\/wp-content\/uploads\/2025\/02\/Froi03Estatales.jpg","datePublished":"2025-02-10T20:17:11+00:00","breadcrumb":{"@id":"https:\/\/canal7slp.tv\/2025\/arranco-la-etapa-estatal-de-los-nacionales-conade-2025\/#breadcrumb"},"inLanguage":"es","potentialAction":[{"@type":"ReadAction","target":["https:\/\/canal7slp.tv\/2025\/arranco-la-etapa-estatal-de-los-nacionales-conade-2025\/"]}]},{"@type":"ImageObject","inLanguage":"es","@id":"https:\/\/canal7slp.tv\/2025\/arranco-la-etapa-estatal-de-los-nacionales-conade-2025\/#primaryimage","url":"https:\/\/canal7slp.tv\/2025\/wp-content\/uploads\/2025\/02\/Froi03Estatales.jpg","contentUrl":"https:\/\/canal7slp.tv\/2025\/wp-content\/uploads\/2025\/02\/Froi03Estatales.jpg","width":1280,"height":720},{"@type":"BreadcrumbList","@id":"https:\/\/canal7slp.tv\/2025\/arranco-la-etapa-estatal-de-los-nacionales-conade-2025\/#breadcrumb","itemListElement":[{"@type":"ListItem","position":1,"name":"Portada","item":"https:\/\/canal7slp.tv\/2025\/"},{"@type":"ListItem","position":2,"name":"Arranc\u00f3 la Etapa Estatal de los Nacionales CONADE 2025"}]},{"@type":"WebSite","@id":"https:\/\/canal7slp.tv\/2025\/#website","url":"https:\/\/canal7slp.tv\/2025\/","name":"N7 - Noticieros Canal 7","description":"Somos el Medio","publisher":{"@id":"https:\/\/canal7slp.tv\/2025\/#organization"},"potentialAction":[{"@type":"SearchAction","target":{"@type":"EntryPoint","urlTemplate":"https:\/\/canal7slp.tv\/2025\/?s={search_term_string}"},"query-input":{"@type":"PropertyValueSpecification","valueRequired":true,"valueName":"search_term_string"}}],"inLanguage":"es"},{"@type":"Organization","@id":"https:\/\/canal7slp.tv\/2025\/#organization","name":"Noticieros Canal 7","url":"https:\/\/canal7slp.tv\/2025\/","logo":{"@type":"ImageObject","inLanguage":"es","@id":"https:\/\/canal7slp.tv\/2025\/#\/schema\/logo\/image\/","url":"https:\/\/canal7slp.tv\/2025\/wp-content\/uploads\/2021\/01\/logo-noticieros@2x.png","contentUrl":"https:\/\/canal7slp.tv\/2025\/wp-content\/uploads\/2021\/01\/logo-noticieros@2x.png","width":1017,"height":268,"caption":"Noticieros Canal 7"},"image":{"@id":"https:\/\/canal7slp.tv\/2025\/#\/schema\/logo\/image\/"},"sameAs":["https:\/\/www.facebook.com\/noticieroscanal7atencionciudadana\/","https:\/\/x.com\/NOTICIEROS7","https:\/\/www.instagram.com\/canal7_slp","https:\/\/www.youtube.com\/channel\/UCliiYs-gP3JfJeqdPrNdd5A"]},{"@type":"Person","@id":"https:\/\/canal7slp.tv\/2025\/#\/schema\/person\/271e2b60a96e7cc9d9ac296f4d7e414b","name":"Edici\u00f3n Web","image":{"@type":"ImageObject","inLanguage":"es","@id":"https:\/\/secure.gravatar.com\/avatar\/eee448fc3f7164808013b816ba91ac7e43bbe82a70bebac296f8bc6f0addaa1a?s=96&d=mm&r=g","url":"https:\/\/secure.gravatar.com\/avatar\/eee448fc3f7164808013b816ba91ac7e43bbe82a70bebac296f8bc6f0addaa1a?s=96&d=mm&r=g","contentUrl":"https:\/\/secure.gravatar.com\/avatar\/eee448fc3f7164808013b816ba91ac7e43bbe82a70bebac296f8bc6f0addaa1a?s=96&d=mm&r=g","caption":"Edici\u00f3n Web"},"url":"https:\/\/canal7slp.tv\/2025\/author\/edicionweb\/"}]}},"_links":{"self":[{"href":"https:\/\/canal7slp.tv\/2025\/wp-json\/wp\/v2\/posts\/157495","targetHints":{"allow":["GET"]}}],"collection":[{"href":"https:\/\/canal7slp.tv\/2025\/wp-json\/wp\/v2\/posts"}],"about":[{"href":"https:\/\/canal7slp.tv\/2025\/wp-json\/wp\/v2\/types\/post"}],"author":[{"embeddable":true,"href":"https:\/\/canal7slp.tv\/2025\/wp-json\/wp\/v2\/users\/2"}],"replies":[{"embeddable":true,"href":"https:\/\/canal7slp.tv\/2025\/wp-json\/wp\/v2\/comments?post=157495"}],"version-history":[{"count":2,"href":"https:\/\/canal7slp.tv\/2025\/wp-json\/wp\/v2\/posts\/157495\/revisions"}],"predecessor-version":[{"id":157507,"href":"https:\/\/canal7slp.tv\/2025\/wp-json\/wp\/v2\/posts\/157495\/revisions\/157507"}],"wp:featuredmedia":[{"embeddable":true,"href":"https:\/\/canal7slp.tv\/2025\/wp-json\/wp\/v2\/media\/157498"}],"wp:attachment":[{"href":"https:\/\/canal7slp.tv\/2025\/wp-json\/wp\/v2\/media?parent=157495"}],"wp:term":[{"taxonomy":"category","embeddable":true,"href":"https:\/\/canal7slp.tv\/2025\/wp-json\/wp\/v2\/categories?post=157495"},{"taxonomy":"post_tag","embeddable":true,"href":"https:\/\/canal7slp.tv\/2025\/wp-json\/wp\/v2\/tags?post=157495"}],"curies":[{"name":"wp","href":"https:\/\/api.w.org\/{rel}","templated":true}]}}