{"id":157462,"date":"2025-02-10T06:19:44","date_gmt":"2025-02-10T12:19:44","guid":{"rendered":"https:\/\/canal7slp.tv\/2025\/?p=157462"},"modified":"2025-02-10T06:19:44","modified_gmt":"2025-02-10T12:19:44","slug":"encabezan-autoridades-y-sector-educativo-jornada-de-donacion-de-500-arboles","status":"publish","type":"post","link":"https:\/\/canal7slp.tv\/2025\/encabezan-autoridades-y-sector-educativo-jornada-de-donacion-de-500-arboles\/","title":{"rendered":"Encabezan autoridades y sector educativo, jornada de donaci\u00f3n de 500 \u00e1rboles"},"content":{"rendered":"<p style=\"text-align: justify;\">Rioverde.-\u00a0El titular de la Secretar\u00eda de Desarrollo Agropecuario y Recursos Hidr\u00e1ulicos (SEDARH), Jorge Luis D\u00edaz Salinas, el alcalde de Rioverde, Arnulfo Urbiola Rom\u00e1n, y la directora del Instituto Tecnol\u00f3gico Superior de Rioverde (ITSRV), Rosa Mar\u00eda Mart\u00ednez Robles, encabezaron una jornada de donaci\u00f3n de 500 arbolitos.<\/p>\n<p style=\"text-align: justify;\">Esta jornada forma parte de una campa\u00f1a de reforestaci\u00f3n impulsada por el gobierno del estado, y es resultado de un convenio de colaboraci\u00f3n entre el ITSRV y la SEDARH. Gracias a este convenio, mediante el vivero en el \u00e1rea de Innovaci\u00f3n Agr\u00edcola Sustentable del instituto, bajo la supervisi\u00f3n de docentes y alumnos, se han producido m\u00e1s de 8,000 arbolitos hasta la fecha.<\/p>\n<p style=\"text-align: justify;\">Los arbolitos donados en esta jornada incluyen especies end\u00e9micas como el mezquite y el \u00e1rbol \u00ablluvia de oro\u00bb, as\u00ed como plantas de acelga. Fueron producidos por los estudiantes del tecnol\u00f3gico utilizando diferentes t\u00e9cnicas de germinaci\u00f3n, y se donaron a alumnos de primero a sexto grado de algunas escuelas primarias, as\u00ed como a maestros y p\u00fablico en general.<\/p>\n<p style=\"text-align: justify;\">El secretario de la SEDARH destac\u00f3 la importancia del trabajo interinstitucional para la reforestaci\u00f3n de la Zona Media del estado, y agreg\u00f3 que, gracias a este trabajo en equipo, se ha promovido el cuidado del medio ambiente entre los ni\u00f1os y se ha generado conciencia social.<\/p>\n<p style=\"text-align: justify;\">Por: X\u00f3chitl Morales Castro.<\/p>\n","protected":false},"excerpt":{"rendered":"<p>Rioverde.-\u00a0El titular de la Secretar\u00eda de Desarrollo Agropecuario y Recursos Hidr\u00e1ulicos (SEDARH), Jorge Luis D\u00edaz Salinas, el alcalde de Rioverde, Arnulfo Urbiola Rom\u00e1n, y la directora del Instituto Tecnol\u00f3gico Superior de Rioverde (ITSRV), Rosa Mar\u00eda Mart\u00ednez Robles, encabezaron una jornada de donaci\u00f3n de 500 arbolitos. Esta jornada forma parte de una campa\u00f1a de reforestaci\u00f3n impulsada por el gobierno del estado, y es resultado de un convenio de colaboraci\u00f3n entre el ITSRV y la SEDARH. Gracias a este convenio, mediante el vivero en el \u00e1rea de Innovaci\u00f3n Agr\u00edcola Sustentable del instituto, bajo la supervisi\u00f3n de docentes y alumnos, se han producido [&hellip;]<\/p>\n","protected":false},"author":2,"featured_media":157464,"comment_status":"closed","ping_status":"closed","sticky":false,"template":"","format":"video","meta":{"_monsterinsights_skip_tracking":false,"_monsterinsights_sitenote_active":false,"_monsterinsights_sitenote_note":"","_monsterinsights_sitenote_category":0,"footnotes":""},"categories":[746,5,43],"tags":[],"class_list":["post-157462","post","type-post","status-publish","format-video","has-post-thumbnail","hentry","category-ayorio","category-destacadas","category-interior","post_format-post-format-video","post--single"],"yoast_head":"<!-- This site is optimized with the Yoast SEO plugin v27.5 - https:\/\/yoast.com\/product\/yoast-seo-wordpress\/ -->\n<title>Encabezan autoridades y sector educativo, jornada de donaci\u00f3n de 500 \u00e1rboles - Canal 7 SLP - 2025<\/title>\n<meta name=\"robots\" content=\"index, follow, max-snippet:-1, max-image-preview:large, max-video-preview:-1\" \/>\n<link rel=\"canonical\" href=\"https:\/\/canal7slp.tv\/2025\/encabezan-autoridades-y-sector-educativo-jornada-de-donacion-de-500-arboles\/\" \/>\n<meta property=\"og:locale\" content=\"es_ES\" \/>\n<meta property=\"og:type\" content=\"article\" \/>\n<meta property=\"og:title\" content=\"Encabezan autoridades y sector educativo, jornada de donaci\u00f3n de 500 \u00e1rboles - Canal 7 SLP - 2025\" \/>\n<meta property=\"og:description\" content=\"Rioverde.-\u00a0El titular de la Secretar\u00eda de Desarrollo Agropecuario y Recursos Hidr\u00e1ulicos (SEDARH), Jorge Luis D\u00edaz Salinas, el alcalde de Rioverde, Arnulfo Urbiola Rom\u00e1n, y la directora del Instituto Tecnol\u00f3gico Superior de Rioverde (ITSRV), Rosa Mar\u00eda Mart\u00ednez Robles, encabezaron una jornada de donaci\u00f3n de 500 arbolitos. Esta jornada forma parte de una campa\u00f1a de reforestaci\u00f3n impulsada por el gobierno del estado, y es resultado de un convenio de colaboraci\u00f3n entre el ITSRV y la SEDARH. Gracias a este convenio, mediante el vivero en el \u00e1rea de Innovaci\u00f3n Agr\u00edcola Sustentable del instituto, bajo la supervisi\u00f3n de docentes y alumnos, se han producido [&hellip;]\" \/>\n<meta property=\"og:url\" content=\"https:\/\/canal7slp.tv\/2025\/encabezan-autoridades-y-sector-educativo-jornada-de-donacion-de-500-arboles\/\" \/>\n<meta property=\"og:site_name\" content=\"Canal 7 SLP - 2025\" \/>\n<meta property=\"article:publisher\" content=\"https:\/\/www.facebook.com\/noticieroscanal7atencionciudadana\/\" \/>\n<meta property=\"article:published_time\" content=\"2025-02-10T12:19:44+00:00\" \/>\n<meta property=\"og:image\" content=\"https:\/\/canal7slp.tv\/2025\/wp-content\/uploads\/2025\/02\/Xochi03Jornada.jpg\" \/>\n\t<meta property=\"og:image:width\" content=\"1920\" \/>\n\t<meta property=\"og:image:height\" content=\"1080\" \/>\n\t<meta property=\"og:image:type\" content=\"image\/jpeg\" \/>\n<meta name=\"author\" content=\"Edici\u00f3n Web\" \/>\n<meta name=\"twitter:card\" content=\"summary_large_image\" \/>\n<meta name=\"twitter:creator\" content=\"@NOTICIEROS7\" \/>\n<meta name=\"twitter:site\" content=\"@NOTICIEROS7\" \/>\n<meta name=\"twitter:label1\" content=\"Escrito por\" \/>\n\t<meta name=\"twitter:data1\" content=\"Edici\u00f3n Web\" \/>\n\t<meta name=\"twitter:label2\" content=\"Tiempo de lectura\" \/>\n\t<meta name=\"twitter:data2\" content=\"2 minutos\" \/>\n<script type=\"application\/ld+json\" class=\"yoast-schema-graph\">{\"@context\":\"https:\\\/\\\/schema.org\",\"@graph\":[{\"@type\":\"Article\",\"@id\":\"https:\\\/\\\/canal7slp.tv\\\/2025\\\/encabezan-autoridades-y-sector-educativo-jornada-de-donacion-de-500-arboles\\\/#article\",\"isPartOf\":{\"@id\":\"https:\\\/\\\/canal7slp.tv\\\/2025\\\/encabezan-autoridades-y-sector-educativo-jornada-de-donacion-de-500-arboles\\\/\"},\"author\":{\"name\":\"Edici\u00f3n Web\",\"@id\":\"https:\\\/\\\/canal7slp.tv\\\/2025\\\/#\\\/schema\\\/person\\\/271e2b60a96e7cc9d9ac296f4d7e414b\"},\"headline\":\"Encabezan autoridades y sector educativo, jornada de donaci\u00f3n de 500 \u00e1rboles\",\"datePublished\":\"2025-02-10T12:19:44+00:00\",\"mainEntityOfPage\":{\"@id\":\"https:\\\/\\\/canal7slp.tv\\\/2025\\\/encabezan-autoridades-y-sector-educativo-jornada-de-donacion-de-500-arboles\\\/\"},\"wordCount\":248,\"publisher\":{\"@id\":\"https:\\\/\\\/canal7slp.tv\\\/2025\\\/#organization\"},\"image\":{\"@id\":\"https:\\\/\\\/canal7slp.tv\\\/2025\\\/encabezan-autoridades-y-sector-educativo-jornada-de-donacion-de-500-arboles\\\/#primaryimage\"},\"thumbnailUrl\":\"https:\\\/\\\/canal7slp.tv\\\/2025\\\/wp-content\\\/uploads\\\/2025\\\/02\\\/Xochi03Jornada.jpg\",\"articleSection\":[\"AYORIO\",\"DESTACADAS\",\"INTERIOR DEL ESTADO\"],\"inLanguage\":\"es\"},{\"@type\":\"WebPage\",\"@id\":\"https:\\\/\\\/canal7slp.tv\\\/2025\\\/encabezan-autoridades-y-sector-educativo-jornada-de-donacion-de-500-arboles\\\/\",\"url\":\"https:\\\/\\\/canal7slp.tv\\\/2025\\\/encabezan-autoridades-y-sector-educativo-jornada-de-donacion-de-500-arboles\\\/\",\"name\":\"Encabezan autoridades y sector educativo, jornada de donaci\u00f3n de 500 \u00e1rboles - Canal 7 SLP - 2025\",\"isPartOf\":{\"@id\":\"https:\\\/\\\/canal7slp.tv\\\/2025\\\/#website\"},\"primaryImageOfPage\":{\"@id\":\"https:\\\/\\\/canal7slp.tv\\\/2025\\\/encabezan-autoridades-y-sector-educativo-jornada-de-donacion-de-500-arboles\\\/#primaryimage\"},\"image\":{\"@id\":\"https:\\\/\\\/canal7slp.tv\\\/2025\\\/encabezan-autoridades-y-sector-educativo-jornada-de-donacion-de-500-arboles\\\/#primaryimage\"},\"thumbnailUrl\":\"https:\\\/\\\/canal7slp.tv\\\/2025\\\/wp-content\\\/uploads\\\/2025\\\/02\\\/Xochi03Jornada.jpg\",\"datePublished\":\"2025-02-10T12:19:44+00:00\",\"breadcrumb\":{\"@id\":\"https:\\\/\\\/canal7slp.tv\\\/2025\\\/encabezan-autoridades-y-sector-educativo-jornada-de-donacion-de-500-arboles\\\/#breadcrumb\"},\"inLanguage\":\"es\",\"potentialAction\":[{\"@type\":\"ReadAction\",\"target\":[\"https:\\\/\\\/canal7slp.tv\\\/2025\\\/encabezan-autoridades-y-sector-educativo-jornada-de-donacion-de-500-arboles\\\/\"]}]},{\"@type\":\"ImageObject\",\"inLanguage\":\"es\",\"@id\":\"https:\\\/\\\/canal7slp.tv\\\/2025\\\/encabezan-autoridades-y-sector-educativo-jornada-de-donacion-de-500-arboles\\\/#primaryimage\",\"url\":\"https:\\\/\\\/canal7slp.tv\\\/2025\\\/wp-content\\\/uploads\\\/2025\\\/02\\\/Xochi03Jornada.jpg\",\"contentUrl\":\"https:\\\/\\\/canal7slp.tv\\\/2025\\\/wp-content\\\/uploads\\\/2025\\\/02\\\/Xochi03Jornada.jpg\",\"width\":1920,\"height\":1080},{\"@type\":\"BreadcrumbList\",\"@id\":\"https:\\\/\\\/canal7slp.tv\\\/2025\\\/encabezan-autoridades-y-sector-educativo-jornada-de-donacion-de-500-arboles\\\/#breadcrumb\",\"itemListElement\":[{\"@type\":\"ListItem\",\"position\":1,\"name\":\"Portada\",\"item\":\"https:\\\/\\\/canal7slp.tv\\\/2025\\\/\"},{\"@type\":\"ListItem\",\"position\":2,\"name\":\"Encabezan autoridades y sector educativo, jornada de donaci\u00f3n de 500 \u00e1rboles\"}]},{\"@type\":\"WebSite\",\"@id\":\"https:\\\/\\\/canal7slp.tv\\\/2025\\\/#website\",\"url\":\"https:\\\/\\\/canal7slp.tv\\\/2025\\\/\",\"name\":\"N7 - Noticieros Canal 7\",\"description\":\"Somos el Medio\",\"publisher\":{\"@id\":\"https:\\\/\\\/canal7slp.tv\\\/2025\\\/#organization\"},\"potentialAction\":[{\"@type\":\"SearchAction\",\"target\":{\"@type\":\"EntryPoint\",\"urlTemplate\":\"https:\\\/\\\/canal7slp.tv\\\/2025\\\/?s={search_term_string}\"},\"query-input\":{\"@type\":\"PropertyValueSpecification\",\"valueRequired\":true,\"valueName\":\"search_term_string\"}}],\"inLanguage\":\"es\"},{\"@type\":\"Organization\",\"@id\":\"https:\\\/\\\/canal7slp.tv\\\/2025\\\/#organization\",\"name\":\"Noticieros Canal 7\",\"url\":\"https:\\\/\\\/canal7slp.tv\\\/2025\\\/\",\"logo\":{\"@type\":\"ImageObject\",\"inLanguage\":\"es\",\"@id\":\"https:\\\/\\\/canal7slp.tv\\\/2025\\\/#\\\/schema\\\/logo\\\/image\\\/\",\"url\":\"https:\\\/\\\/canal7slp.tv\\\/2025\\\/wp-content\\\/uploads\\\/2021\\\/01\\\/logo-noticieros@2x.png\",\"contentUrl\":\"https:\\\/\\\/canal7slp.tv\\\/2025\\\/wp-content\\\/uploads\\\/2021\\\/01\\\/logo-noticieros@2x.png\",\"width\":1017,\"height\":268,\"caption\":\"Noticieros Canal 7\"},\"image\":{\"@id\":\"https:\\\/\\\/canal7slp.tv\\\/2025\\\/#\\\/schema\\\/logo\\\/image\\\/\"},\"sameAs\":[\"https:\\\/\\\/www.facebook.com\\\/noticieroscanal7atencionciudadana\\\/\",\"https:\\\/\\\/x.com\\\/NOTICIEROS7\",\"https:\\\/\\\/www.instagram.com\\\/canal7_slp\",\"https:\\\/\\\/www.youtube.com\\\/channel\\\/UCliiYs-gP3JfJeqdPrNdd5A\"]},{\"@type\":\"Person\",\"@id\":\"https:\\\/\\\/canal7slp.tv\\\/2025\\\/#\\\/schema\\\/person\\\/271e2b60a96e7cc9d9ac296f4d7e414b\",\"name\":\"Edici\u00f3n Web\",\"image\":{\"@type\":\"ImageObject\",\"inLanguage\":\"es\",\"@id\":\"https:\\\/\\\/secure.gravatar.com\\\/avatar\\\/eee448fc3f7164808013b816ba91ac7e43bbe82a70bebac296f8bc6f0addaa1a?s=96&d=mm&r=g\",\"url\":\"https:\\\/\\\/secure.gravatar.com\\\/avatar\\\/eee448fc3f7164808013b816ba91ac7e43bbe82a70bebac296f8bc6f0addaa1a?s=96&d=mm&r=g\",\"contentUrl\":\"https:\\\/\\\/secure.gravatar.com\\\/avatar\\\/eee448fc3f7164808013b816ba91ac7e43bbe82a70bebac296f8bc6f0addaa1a?s=96&d=mm&r=g\",\"caption\":\"Edici\u00f3n Web\"},\"url\":\"https:\\\/\\\/canal7slp.tv\\\/2025\\\/author\\\/edicionweb\\\/\"}]}<\/script>\n<!-- \/ Yoast SEO plugin. -->","yoast_head_json":{"title":"Encabezan autoridades y sector educativo, jornada de donaci\u00f3n de 500 \u00e1rboles - Canal 7 SLP - 2025","robots":{"index":"index","follow":"follow","max-snippet":"max-snippet:-1","max-image-preview":"max-image-preview:large","max-video-preview":"max-video-preview:-1"},"canonical":"https:\/\/canal7slp.tv\/2025\/encabezan-autoridades-y-sector-educativo-jornada-de-donacion-de-500-arboles\/","og_locale":"es_ES","og_type":"article","og_title":"Encabezan autoridades y sector educativo, jornada de donaci\u00f3n de 500 \u00e1rboles - Canal 7 SLP - 2025","og_description":"Rioverde.-\u00a0El titular de la Secretar\u00eda de Desarrollo Agropecuario y Recursos Hidr\u00e1ulicos (SEDARH), Jorge Luis D\u00edaz Salinas, el alcalde de Rioverde, Arnulfo Urbiola Rom\u00e1n, y la directora del Instituto Tecnol\u00f3gico Superior de Rioverde (ITSRV), Rosa Mar\u00eda Mart\u00ednez Robles, encabezaron una jornada de donaci\u00f3n de 500 arbolitos. Esta jornada forma parte de una campa\u00f1a de reforestaci\u00f3n impulsada por el gobierno del estado, y es resultado de un convenio de colaboraci\u00f3n entre el ITSRV y la SEDARH. Gracias a este convenio, mediante el vivero en el \u00e1rea de Innovaci\u00f3n Agr\u00edcola Sustentable del instituto, bajo la supervisi\u00f3n de docentes y alumnos, se han producido [&hellip;]","og_url":"https:\/\/canal7slp.tv\/2025\/encabezan-autoridades-y-sector-educativo-jornada-de-donacion-de-500-arboles\/","og_site_name":"Canal 7 SLP - 2025","article_publisher":"https:\/\/www.facebook.com\/noticieroscanal7atencionciudadana\/","article_published_time":"2025-02-10T12:19:44+00:00","og_image":[{"width":1920,"height":1080,"url":"https:\/\/canal7slp.tv\/2025\/wp-content\/uploads\/2025\/02\/Xochi03Jornada.jpg","type":"image\/jpeg"}],"author":"Edici\u00f3n Web","twitter_card":"summary_large_image","twitter_creator":"@NOTICIEROS7","twitter_site":"@NOTICIEROS7","twitter_misc":{"Escrito por":"Edici\u00f3n Web","Tiempo de lectura":"2 minutos"},"schema":{"@context":"https:\/\/schema.org","@graph":[{"@type":"Article","@id":"https:\/\/canal7slp.tv\/2025\/encabezan-autoridades-y-sector-educativo-jornada-de-donacion-de-500-arboles\/#article","isPartOf":{"@id":"https:\/\/canal7slp.tv\/2025\/encabezan-autoridades-y-sector-educativo-jornada-de-donacion-de-500-arboles\/"},"author":{"name":"Edici\u00f3n Web","@id":"https:\/\/canal7slp.tv\/2025\/#\/schema\/person\/271e2b60a96e7cc9d9ac296f4d7e414b"},"headline":"Encabezan autoridades y sector educativo, jornada de donaci\u00f3n de 500 \u00e1rboles","datePublished":"2025-02-10T12:19:44+00:00","mainEntityOfPage":{"@id":"https:\/\/canal7slp.tv\/2025\/encabezan-autoridades-y-sector-educativo-jornada-de-donacion-de-500-arboles\/"},"wordCount":248,"publisher":{"@id":"https:\/\/canal7slp.tv\/2025\/#organization"},"image":{"@id":"https:\/\/canal7slp.tv\/2025\/encabezan-autoridades-y-sector-educativo-jornada-de-donacion-de-500-arboles\/#primaryimage"},"thumbnailUrl":"https:\/\/canal7slp.tv\/2025\/wp-content\/uploads\/2025\/02\/Xochi03Jornada.jpg","articleSection":["AYORIO","DESTACADAS","INTERIOR DEL ESTADO"],"inLanguage":"es"},{"@type":"WebPage","@id":"https:\/\/canal7slp.tv\/2025\/encabezan-autoridades-y-sector-educativo-jornada-de-donacion-de-500-arboles\/","url":"https:\/\/canal7slp.tv\/2025\/encabezan-autoridades-y-sector-educativo-jornada-de-donacion-de-500-arboles\/","name":"Encabezan autoridades y sector educativo, jornada de donaci\u00f3n de 500 \u00e1rboles - Canal 7 SLP - 2025","isPartOf":{"@id":"https:\/\/canal7slp.tv\/2025\/#website"},"primaryImageOfPage":{"@id":"https:\/\/canal7slp.tv\/2025\/encabezan-autoridades-y-sector-educativo-jornada-de-donacion-de-500-arboles\/#primaryimage"},"image":{"@id":"https:\/\/canal7slp.tv\/2025\/encabezan-autoridades-y-sector-educativo-jornada-de-donacion-de-500-arboles\/#primaryimage"},"thumbnailUrl":"https:\/\/canal7slp.tv\/2025\/wp-content\/uploads\/2025\/02\/Xochi03Jornada.jpg","datePublished":"2025-02-10T12:19:44+00:00","breadcrumb":{"@id":"https:\/\/canal7slp.tv\/2025\/encabezan-autoridades-y-sector-educativo-jornada-de-donacion-de-500-arboles\/#breadcrumb"},"inLanguage":"es","potentialAction":[{"@type":"ReadAction","target":["https:\/\/canal7slp.tv\/2025\/encabezan-autoridades-y-sector-educativo-jornada-de-donacion-de-500-arboles\/"]}]},{"@type":"ImageObject","inLanguage":"es","@id":"https:\/\/canal7slp.tv\/2025\/encabezan-autoridades-y-sector-educativo-jornada-de-donacion-de-500-arboles\/#primaryimage","url":"https:\/\/canal7slp.tv\/2025\/wp-content\/uploads\/2025\/02\/Xochi03Jornada.jpg","contentUrl":"https:\/\/canal7slp.tv\/2025\/wp-content\/uploads\/2025\/02\/Xochi03Jornada.jpg","width":1920,"height":1080},{"@type":"BreadcrumbList","@id":"https:\/\/canal7slp.tv\/2025\/encabezan-autoridades-y-sector-educativo-jornada-de-donacion-de-500-arboles\/#breadcrumb","itemListElement":[{"@type":"ListItem","position":1,"name":"Portada","item":"https:\/\/canal7slp.tv\/2025\/"},{"@type":"ListItem","position":2,"name":"Encabezan autoridades y sector educativo, jornada de donaci\u00f3n de 500 \u00e1rboles"}]},{"@type":"WebSite","@id":"https:\/\/canal7slp.tv\/2025\/#website","url":"https:\/\/canal7slp.tv\/2025\/","name":"N7 - Noticieros Canal 7","description":"Somos el Medio","publisher":{"@id":"https:\/\/canal7slp.tv\/2025\/#organization"},"potentialAction":[{"@type":"SearchAction","target":{"@type":"EntryPoint","urlTemplate":"https:\/\/canal7slp.tv\/2025\/?s={search_term_string}"},"query-input":{"@type":"PropertyValueSpecification","valueRequired":true,"valueName":"search_term_string"}}],"inLanguage":"es"},{"@type":"Organization","@id":"https:\/\/canal7slp.tv\/2025\/#organization","name":"Noticieros Canal 7","url":"https:\/\/canal7slp.tv\/2025\/","logo":{"@type":"ImageObject","inLanguage":"es","@id":"https:\/\/canal7slp.tv\/2025\/#\/schema\/logo\/image\/","url":"https:\/\/canal7slp.tv\/2025\/wp-content\/uploads\/2021\/01\/logo-noticieros@2x.png","contentUrl":"https:\/\/canal7slp.tv\/2025\/wp-content\/uploads\/2021\/01\/logo-noticieros@2x.png","width":1017,"height":268,"caption":"Noticieros Canal 7"},"image":{"@id":"https:\/\/canal7slp.tv\/2025\/#\/schema\/logo\/image\/"},"sameAs":["https:\/\/www.facebook.com\/noticieroscanal7atencionciudadana\/","https:\/\/x.com\/NOTICIEROS7","https:\/\/www.instagram.com\/canal7_slp","https:\/\/www.youtube.com\/channel\/UCliiYs-gP3JfJeqdPrNdd5A"]},{"@type":"Person","@id":"https:\/\/canal7slp.tv\/2025\/#\/schema\/person\/271e2b60a96e7cc9d9ac296f4d7e414b","name":"Edici\u00f3n Web","image":{"@type":"ImageObject","inLanguage":"es","@id":"https:\/\/secure.gravatar.com\/avatar\/eee448fc3f7164808013b816ba91ac7e43bbe82a70bebac296f8bc6f0addaa1a?s=96&d=mm&r=g","url":"https:\/\/secure.gravatar.com\/avatar\/eee448fc3f7164808013b816ba91ac7e43bbe82a70bebac296f8bc6f0addaa1a?s=96&d=mm&r=g","contentUrl":"https:\/\/secure.gravatar.com\/avatar\/eee448fc3f7164808013b816ba91ac7e43bbe82a70bebac296f8bc6f0addaa1a?s=96&d=mm&r=g","caption":"Edici\u00f3n Web"},"url":"https:\/\/canal7slp.tv\/2025\/author\/edicionweb\/"}]}},"_links":{"self":[{"href":"https:\/\/canal7slp.tv\/2025\/wp-json\/wp\/v2\/posts\/157462","targetHints":{"allow":["GET"]}}],"collection":[{"href":"https:\/\/canal7slp.tv\/2025\/wp-json\/wp\/v2\/posts"}],"about":[{"href":"https:\/\/canal7slp.tv\/2025\/wp-json\/wp\/v2\/types\/post"}],"author":[{"embeddable":true,"href":"https:\/\/canal7slp.tv\/2025\/wp-json\/wp\/v2\/users\/2"}],"replies":[{"embeddable":true,"href":"https:\/\/canal7slp.tv\/2025\/wp-json\/wp\/v2\/comments?post=157462"}],"version-history":[{"count":1,"href":"https:\/\/canal7slp.tv\/2025\/wp-json\/wp\/v2\/posts\/157462\/revisions"}],"predecessor-version":[{"id":157465,"href":"https:\/\/canal7slp.tv\/2025\/wp-json\/wp\/v2\/posts\/157462\/revisions\/157465"}],"wp:featuredmedia":[{"embeddable":true,"href":"https:\/\/canal7slp.tv\/2025\/wp-json\/wp\/v2\/media\/157464"}],"wp:attachment":[{"href":"https:\/\/canal7slp.tv\/2025\/wp-json\/wp\/v2\/media?parent=157462"}],"wp:term":[{"taxonomy":"category","embeddable":true,"href":"https:\/\/canal7slp.tv\/2025\/wp-json\/wp\/v2\/categories?post=157462"},{"taxonomy":"post_tag","embeddable":true,"href":"https:\/\/canal7slp.tv\/2025\/wp-json\/wp\/v2\/tags?post=157462"}],"curies":[{"name":"wp","href":"https:\/\/api.w.org\/{rel}","templated":true}]}}