{"id":157447,"date":"2025-02-09T22:17:50","date_gmt":"2025-02-10T04:17:50","guid":{"rendered":"https:\/\/canal7slp.tv\/2025\/?p=157447"},"modified":"2025-03-01T12:31:10","modified_gmt":"2025-03-01T18:31:10","slug":"rechaza-octavio-romero-oropeza-que-fondos-de-trabajadores-esten-en-riesgo-tras-reforma-a-ley-del-infonavit","status":"publish","type":"post","link":"https:\/\/canal7slp.tv\/2025\/rechaza-octavio-romero-oropeza-que-fondos-de-trabajadores-esten-en-riesgo-tras-reforma-a-ley-del-infonavit\/","title":{"rendered":"Rechaza Octavio Romero Oropeza que fondos de trabajadores est\u00e9n en riesgo, tras reforma a Ley del Infonavit"},"content":{"rendered":"<ul>\n<li style=\"text-align: justify;\">A la par, fue advertido que en SLP hay un d\u00e9ficit de m\u00e1s de 135 mil viviendas.<\/li>\n<\/ul>\n<p style=\"text-align: justify;\">SLP.-\u00a0D\u00e9ficit de vivienda es superior a 135 mil en San Luis Potos\u00ed.<\/p>\n<p style=\"text-align: justify;\">La cifra corresponde a 2020, acorde la Encuesta Nacional de Vivienda (ENVI) difundida por el Instituto Nacional de Estad\u00edstica y Geograf\u00eda (INEGI).<\/p>\n<p style=\"text-align: justify;\">En contraste, anualmente en la entidad se registra la construcci\u00f3n de mil 700 comercializables con cr\u00e9dito INFONAVIT o bancario -cifra evidentemente lejana a una soluci\u00f3n para acabar con lo faltante-.<\/p>\n<p style=\"text-align: justify;\">El director general del Instituto del Fondo Nacional de la Vivienda para los Trabajadores (INFONAVIT) Octavio Romero Oropeza declar\u00f3 que hay alrededor de siete millones de derechohabientes que perciben entre uno y dos salarios m\u00ednimos, con posibilidad de iniciar el tr\u00e1mite para comprar su casa.<\/p>\n<p style=\"text-align: justify;\">Y de manera general, ser\u00edan aproximadamente 12 millones de personas que podr\u00edan hacerlo.<\/p>\n<p style=\"text-align: justify;\">Sin embargo, no hay oferta.<\/p>\n<p style=\"text-align: justify;\">En cuanto al escenario actual con la reforma a la ley y m\u00faltiples se\u00f1alamientos de que el fondo de vivienda se encuentre en riesgo, el funcionario rechaz\u00f3 las versiones.<\/p>\n<p style=\"text-align: justify;\">Se refiri\u00f3 al d\u00e9ficit reportado en el pa\u00eds.<\/p>\n<p style=\"text-align: justify;\">Desestim\u00f3 una aparente sensaci\u00f3n de incertidumbre en diversos segmentos.<\/p>\n<p style=\"text-align: justify;\">Asegur\u00f3 que el esquema de vigilancia subir\u00e1 de nivel.<\/p>\n<p style=\"text-align: justify;\">Afirm\u00f3 que cuestiones presuntamente an\u00f3malas, fueron expuestas.<\/p>\n<p style=\"text-align: justify;\">Sostuvo que las fallas detectadas podr\u00edan corregirse y neg\u00f3 que aquellos que refieren riesgo sobre el patrimonio de quienes tienen sus cuentas de ahorro, tengan raz\u00f3n de.<\/p>\n<p style=\"text-align: justify;\">En ese aspecto, sugiri\u00f3 golpeteo.<\/p>\n<p style=\"text-align: justify;\">El director general argument\u00f3 que el derecho de veto sobre las resoluciones del Consejo de Administraci\u00f3n o de la Comisi\u00f3n de Vigilancia, obedece a gobernanza.<\/p>\n<p style=\"text-align: justify;\">Para la construcci\u00f3n de vivienda, Romero Oropeza a\u00f1adi\u00f3 que el acceso a terrenos estar\u00e1 sujeta a donaci\u00f3n desde los \u00e1mbitos federal, estatal y municipal -con un precio que podr\u00eda rondar en 550 mil pesos-.<\/p>\n<p>Por: Paulina Rodr\u00edguez<\/p>\n","protected":false},"excerpt":{"rendered":"<p>A la par, fue advertido que en SLP hay un d\u00e9ficit de m\u00e1s de 135 mil viviendas. SLP.-\u00a0D\u00e9ficit de vivienda es superior a 135 mil en San Luis Potos\u00ed. La cifra corresponde a 2020, acorde la Encuesta Nacional de Vivienda (ENVI) difundida por el Instituto Nacional de Estad\u00edstica y Geograf\u00eda (INEGI). En contraste, anualmente en la entidad se registra la construcci\u00f3n de mil 700 comercializables con cr\u00e9dito INFONAVIT o bancario -cifra evidentemente lejana a una soluci\u00f3n para acabar con lo faltante-. El director general del Instituto del Fondo Nacional de la Vivienda para los Trabajadores (INFONAVIT) Octavio Romero Oropeza declar\u00f3 [&hellip;]<\/p>\n","protected":false},"author":2,"featured_media":157459,"comment_status":"closed","ping_status":"closed","sticky":false,"template":"","format":"video","meta":{"_monsterinsights_skip_tracking":false,"_monsterinsights_sitenote_active":false,"_monsterinsights_sitenote_note":"","_monsterinsights_sitenote_category":0,"footnotes":""},"categories":[5,45],"tags":[],"class_list":["post-157447","post","type-post","status-publish","format-video","has-post-thumbnail","hentry","category-destacadas","category-localesyregionales","post_format-post-format-video","post--single"],"yoast_head":"<!-- This site is optimized with the Yoast SEO plugin v27.5 - https:\/\/yoast.com\/product\/yoast-seo-wordpress\/ -->\n<title>Rechaza Octavio Romero Oropeza que fondos de trabajadores est\u00e9n en riesgo, tras reforma a Ley del Infonavit - Canal 7 SLP - 2025<\/title>\n<meta name=\"robots\" content=\"index, follow, max-snippet:-1, max-image-preview:large, max-video-preview:-1\" \/>\n<link rel=\"canonical\" href=\"https:\/\/canal7slp.tv\/2025\/rechaza-octavio-romero-oropeza-que-fondos-de-trabajadores-esten-en-riesgo-tras-reforma-a-ley-del-infonavit\/\" \/>\n<meta property=\"og:locale\" content=\"es_ES\" \/>\n<meta property=\"og:type\" content=\"article\" \/>\n<meta property=\"og:title\" content=\"Rechaza Octavio Romero Oropeza que fondos de trabajadores est\u00e9n en riesgo, tras reforma a Ley del Infonavit - Canal 7 SLP - 2025\" \/>\n<meta property=\"og:description\" content=\"A la par, fue advertido que en SLP hay un d\u00e9ficit de m\u00e1s de 135 mil viviendas. SLP.-\u00a0D\u00e9ficit de vivienda es superior a 135 mil en San Luis Potos\u00ed. La cifra corresponde a 2020, acorde la Encuesta Nacional de Vivienda (ENVI) difundida por el Instituto Nacional de Estad\u00edstica y Geograf\u00eda (INEGI). En contraste, anualmente en la entidad se registra la construcci\u00f3n de mil 700 comercializables con cr\u00e9dito INFONAVIT o bancario -cifra evidentemente lejana a una soluci\u00f3n para acabar con lo faltante-. El director general del Instituto del Fondo Nacional de la Vivienda para los Trabajadores (INFONAVIT) Octavio Romero Oropeza declar\u00f3 [&hellip;]\" \/>\n<meta property=\"og:url\" content=\"https:\/\/canal7slp.tv\/2025\/rechaza-octavio-romero-oropeza-que-fondos-de-trabajadores-esten-en-riesgo-tras-reforma-a-ley-del-infonavit\/\" \/>\n<meta property=\"og:site_name\" content=\"Canal 7 SLP - 2025\" \/>\n<meta property=\"article:publisher\" content=\"https:\/\/www.facebook.com\/noticieroscanal7atencionciudadana\/\" \/>\n<meta property=\"article:published_time\" content=\"2025-02-10T04:17:50+00:00\" \/>\n<meta property=\"article:modified_time\" content=\"2025-03-01T18:31:10+00:00\" \/>\n<meta property=\"og:image\" content=\"https:\/\/canal7slp.tv\/2025\/wp-content\/uploads\/2025\/02\/Pau01Infonavit.jpg\" \/>\n\t<meta property=\"og:image:width\" content=\"1280\" \/>\n\t<meta property=\"og:image:height\" content=\"720\" \/>\n\t<meta property=\"og:image:type\" content=\"image\/jpeg\" \/>\n<meta name=\"author\" content=\"Edici\u00f3n Web\" \/>\n<meta name=\"twitter:card\" content=\"summary_large_image\" \/>\n<meta name=\"twitter:creator\" content=\"@NOTICIEROS7\" \/>\n<meta name=\"twitter:site\" content=\"@NOTICIEROS7\" \/>\n<meta name=\"twitter:label1\" content=\"Escrito por\" \/>\n\t<meta name=\"twitter:data1\" content=\"Edici\u00f3n Web\" \/>\n\t<meta name=\"twitter:label2\" content=\"Tiempo de lectura\" \/>\n\t<meta name=\"twitter:data2\" content=\"2 minutos\" \/>\n<script type=\"application\/ld+json\" class=\"yoast-schema-graph\">{\"@context\":\"https:\\\/\\\/schema.org\",\"@graph\":[{\"@type\":\"Article\",\"@id\":\"https:\\\/\\\/canal7slp.tv\\\/2025\\\/rechaza-octavio-romero-oropeza-que-fondos-de-trabajadores-esten-en-riesgo-tras-reforma-a-ley-del-infonavit\\\/#article\",\"isPartOf\":{\"@id\":\"https:\\\/\\\/canal7slp.tv\\\/2025\\\/rechaza-octavio-romero-oropeza-que-fondos-de-trabajadores-esten-en-riesgo-tras-reforma-a-ley-del-infonavit\\\/\"},\"author\":{\"name\":\"Edici\u00f3n Web\",\"@id\":\"https:\\\/\\\/canal7slp.tv\\\/2025\\\/#\\\/schema\\\/person\\\/271e2b60a96e7cc9d9ac296f4d7e414b\"},\"headline\":\"Rechaza Octavio Romero Oropeza que fondos de trabajadores est\u00e9n en riesgo, tras reforma a Ley del Infonavit\",\"datePublished\":\"2025-02-10T04:17:50+00:00\",\"dateModified\":\"2025-03-01T18:31:10+00:00\",\"mainEntityOfPage\":{\"@id\":\"https:\\\/\\\/canal7slp.tv\\\/2025\\\/rechaza-octavio-romero-oropeza-que-fondos-de-trabajadores-esten-en-riesgo-tras-reforma-a-ley-del-infonavit\\\/\"},\"wordCount\":341,\"publisher\":{\"@id\":\"https:\\\/\\\/canal7slp.tv\\\/2025\\\/#organization\"},\"image\":{\"@id\":\"https:\\\/\\\/canal7slp.tv\\\/2025\\\/rechaza-octavio-romero-oropeza-que-fondos-de-trabajadores-esten-en-riesgo-tras-reforma-a-ley-del-infonavit\\\/#primaryimage\"},\"thumbnailUrl\":\"https:\\\/\\\/canal7slp.tv\\\/2025\\\/wp-content\\\/uploads\\\/2025\\\/02\\\/Pau01Infonavit.jpg\",\"articleSection\":[\"DESTACADAS\",\"LOCALES Y REGIONALES\"],\"inLanguage\":\"es\"},{\"@type\":\"WebPage\",\"@id\":\"https:\\\/\\\/canal7slp.tv\\\/2025\\\/rechaza-octavio-romero-oropeza-que-fondos-de-trabajadores-esten-en-riesgo-tras-reforma-a-ley-del-infonavit\\\/\",\"url\":\"https:\\\/\\\/canal7slp.tv\\\/2025\\\/rechaza-octavio-romero-oropeza-que-fondos-de-trabajadores-esten-en-riesgo-tras-reforma-a-ley-del-infonavit\\\/\",\"name\":\"Rechaza Octavio Romero Oropeza que fondos de trabajadores est\u00e9n en riesgo, tras reforma a Ley del Infonavit - Canal 7 SLP - 2025\",\"isPartOf\":{\"@id\":\"https:\\\/\\\/canal7slp.tv\\\/2025\\\/#website\"},\"primaryImageOfPage\":{\"@id\":\"https:\\\/\\\/canal7slp.tv\\\/2025\\\/rechaza-octavio-romero-oropeza-que-fondos-de-trabajadores-esten-en-riesgo-tras-reforma-a-ley-del-infonavit\\\/#primaryimage\"},\"image\":{\"@id\":\"https:\\\/\\\/canal7slp.tv\\\/2025\\\/rechaza-octavio-romero-oropeza-que-fondos-de-trabajadores-esten-en-riesgo-tras-reforma-a-ley-del-infonavit\\\/#primaryimage\"},\"thumbnailUrl\":\"https:\\\/\\\/canal7slp.tv\\\/2025\\\/wp-content\\\/uploads\\\/2025\\\/02\\\/Pau01Infonavit.jpg\",\"datePublished\":\"2025-02-10T04:17:50+00:00\",\"dateModified\":\"2025-03-01T18:31:10+00:00\",\"breadcrumb\":{\"@id\":\"https:\\\/\\\/canal7slp.tv\\\/2025\\\/rechaza-octavio-romero-oropeza-que-fondos-de-trabajadores-esten-en-riesgo-tras-reforma-a-ley-del-infonavit\\\/#breadcrumb\"},\"inLanguage\":\"es\",\"potentialAction\":[{\"@type\":\"ReadAction\",\"target\":[\"https:\\\/\\\/canal7slp.tv\\\/2025\\\/rechaza-octavio-romero-oropeza-que-fondos-de-trabajadores-esten-en-riesgo-tras-reforma-a-ley-del-infonavit\\\/\"]}]},{\"@type\":\"ImageObject\",\"inLanguage\":\"es\",\"@id\":\"https:\\\/\\\/canal7slp.tv\\\/2025\\\/rechaza-octavio-romero-oropeza-que-fondos-de-trabajadores-esten-en-riesgo-tras-reforma-a-ley-del-infonavit\\\/#primaryimage\",\"url\":\"https:\\\/\\\/canal7slp.tv\\\/2025\\\/wp-content\\\/uploads\\\/2025\\\/02\\\/Pau01Infonavit.jpg\",\"contentUrl\":\"https:\\\/\\\/canal7slp.tv\\\/2025\\\/wp-content\\\/uploads\\\/2025\\\/02\\\/Pau01Infonavit.jpg\",\"width\":1280,\"height\":720},{\"@type\":\"BreadcrumbList\",\"@id\":\"https:\\\/\\\/canal7slp.tv\\\/2025\\\/rechaza-octavio-romero-oropeza-que-fondos-de-trabajadores-esten-en-riesgo-tras-reforma-a-ley-del-infonavit\\\/#breadcrumb\",\"itemListElement\":[{\"@type\":\"ListItem\",\"position\":1,\"name\":\"Portada\",\"item\":\"https:\\\/\\\/canal7slp.tv\\\/2025\\\/\"},{\"@type\":\"ListItem\",\"position\":2,\"name\":\"Rechaza Octavio Romero Oropeza que fondos de trabajadores est\u00e9n en riesgo, tras reforma a Ley del Infonavit\"}]},{\"@type\":\"WebSite\",\"@id\":\"https:\\\/\\\/canal7slp.tv\\\/2025\\\/#website\",\"url\":\"https:\\\/\\\/canal7slp.tv\\\/2025\\\/\",\"name\":\"N7 - Noticieros Canal 7\",\"description\":\"Somos el Medio\",\"publisher\":{\"@id\":\"https:\\\/\\\/canal7slp.tv\\\/2025\\\/#organization\"},\"potentialAction\":[{\"@type\":\"SearchAction\",\"target\":{\"@type\":\"EntryPoint\",\"urlTemplate\":\"https:\\\/\\\/canal7slp.tv\\\/2025\\\/?s={search_term_string}\"},\"query-input\":{\"@type\":\"PropertyValueSpecification\",\"valueRequired\":true,\"valueName\":\"search_term_string\"}}],\"inLanguage\":\"es\"},{\"@type\":\"Organization\",\"@id\":\"https:\\\/\\\/canal7slp.tv\\\/2025\\\/#organization\",\"name\":\"Noticieros Canal 7\",\"url\":\"https:\\\/\\\/canal7slp.tv\\\/2025\\\/\",\"logo\":{\"@type\":\"ImageObject\",\"inLanguage\":\"es\",\"@id\":\"https:\\\/\\\/canal7slp.tv\\\/2025\\\/#\\\/schema\\\/logo\\\/image\\\/\",\"url\":\"https:\\\/\\\/canal7slp.tv\\\/2025\\\/wp-content\\\/uploads\\\/2021\\\/01\\\/logo-noticieros@2x.png\",\"contentUrl\":\"https:\\\/\\\/canal7slp.tv\\\/2025\\\/wp-content\\\/uploads\\\/2021\\\/01\\\/logo-noticieros@2x.png\",\"width\":1017,\"height\":268,\"caption\":\"Noticieros Canal 7\"},\"image\":{\"@id\":\"https:\\\/\\\/canal7slp.tv\\\/2025\\\/#\\\/schema\\\/logo\\\/image\\\/\"},\"sameAs\":[\"https:\\\/\\\/www.facebook.com\\\/noticieroscanal7atencionciudadana\\\/\",\"https:\\\/\\\/x.com\\\/NOTICIEROS7\",\"https:\\\/\\\/www.instagram.com\\\/canal7_slp\",\"https:\\\/\\\/www.youtube.com\\\/channel\\\/UCliiYs-gP3JfJeqdPrNdd5A\"]},{\"@type\":\"Person\",\"@id\":\"https:\\\/\\\/canal7slp.tv\\\/2025\\\/#\\\/schema\\\/person\\\/271e2b60a96e7cc9d9ac296f4d7e414b\",\"name\":\"Edici\u00f3n Web\",\"image\":{\"@type\":\"ImageObject\",\"inLanguage\":\"es\",\"@id\":\"https:\\\/\\\/secure.gravatar.com\\\/avatar\\\/eee448fc3f7164808013b816ba91ac7e43bbe82a70bebac296f8bc6f0addaa1a?s=96&d=mm&r=g\",\"url\":\"https:\\\/\\\/secure.gravatar.com\\\/avatar\\\/eee448fc3f7164808013b816ba91ac7e43bbe82a70bebac296f8bc6f0addaa1a?s=96&d=mm&r=g\",\"contentUrl\":\"https:\\\/\\\/secure.gravatar.com\\\/avatar\\\/eee448fc3f7164808013b816ba91ac7e43bbe82a70bebac296f8bc6f0addaa1a?s=96&d=mm&r=g\",\"caption\":\"Edici\u00f3n Web\"},\"url\":\"https:\\\/\\\/canal7slp.tv\\\/2025\\\/author\\\/edicionweb\\\/\"}]}<\/script>\n<!-- \/ Yoast SEO plugin. -->","yoast_head_json":{"title":"Rechaza Octavio Romero Oropeza que fondos de trabajadores est\u00e9n en riesgo, tras reforma a Ley del Infonavit - Canal 7 SLP - 2025","robots":{"index":"index","follow":"follow","max-snippet":"max-snippet:-1","max-image-preview":"max-image-preview:large","max-video-preview":"max-video-preview:-1"},"canonical":"https:\/\/canal7slp.tv\/2025\/rechaza-octavio-romero-oropeza-que-fondos-de-trabajadores-esten-en-riesgo-tras-reforma-a-ley-del-infonavit\/","og_locale":"es_ES","og_type":"article","og_title":"Rechaza Octavio Romero Oropeza que fondos de trabajadores est\u00e9n en riesgo, tras reforma a Ley del Infonavit - Canal 7 SLP - 2025","og_description":"A la par, fue advertido que en SLP hay un d\u00e9ficit de m\u00e1s de 135 mil viviendas. SLP.-\u00a0D\u00e9ficit de vivienda es superior a 135 mil en San Luis Potos\u00ed. La cifra corresponde a 2020, acorde la Encuesta Nacional de Vivienda (ENVI) difundida por el Instituto Nacional de Estad\u00edstica y Geograf\u00eda (INEGI). En contraste, anualmente en la entidad se registra la construcci\u00f3n de mil 700 comercializables con cr\u00e9dito INFONAVIT o bancario -cifra evidentemente lejana a una soluci\u00f3n para acabar con lo faltante-. El director general del Instituto del Fondo Nacional de la Vivienda para los Trabajadores (INFONAVIT) Octavio Romero Oropeza declar\u00f3 [&hellip;]","og_url":"https:\/\/canal7slp.tv\/2025\/rechaza-octavio-romero-oropeza-que-fondos-de-trabajadores-esten-en-riesgo-tras-reforma-a-ley-del-infonavit\/","og_site_name":"Canal 7 SLP - 2025","article_publisher":"https:\/\/www.facebook.com\/noticieroscanal7atencionciudadana\/","article_published_time":"2025-02-10T04:17:50+00:00","article_modified_time":"2025-03-01T18:31:10+00:00","og_image":[{"width":1280,"height":720,"url":"https:\/\/canal7slp.tv\/2025\/wp-content\/uploads\/2025\/02\/Pau01Infonavit.jpg","type":"image\/jpeg"}],"author":"Edici\u00f3n Web","twitter_card":"summary_large_image","twitter_creator":"@NOTICIEROS7","twitter_site":"@NOTICIEROS7","twitter_misc":{"Escrito por":"Edici\u00f3n Web","Tiempo de lectura":"2 minutos"},"schema":{"@context":"https:\/\/schema.org","@graph":[{"@type":"Article","@id":"https:\/\/canal7slp.tv\/2025\/rechaza-octavio-romero-oropeza-que-fondos-de-trabajadores-esten-en-riesgo-tras-reforma-a-ley-del-infonavit\/#article","isPartOf":{"@id":"https:\/\/canal7slp.tv\/2025\/rechaza-octavio-romero-oropeza-que-fondos-de-trabajadores-esten-en-riesgo-tras-reforma-a-ley-del-infonavit\/"},"author":{"name":"Edici\u00f3n Web","@id":"https:\/\/canal7slp.tv\/2025\/#\/schema\/person\/271e2b60a96e7cc9d9ac296f4d7e414b"},"headline":"Rechaza Octavio Romero Oropeza que fondos de trabajadores est\u00e9n en riesgo, tras reforma a Ley del Infonavit","datePublished":"2025-02-10T04:17:50+00:00","dateModified":"2025-03-01T18:31:10+00:00","mainEntityOfPage":{"@id":"https:\/\/canal7slp.tv\/2025\/rechaza-octavio-romero-oropeza-que-fondos-de-trabajadores-esten-en-riesgo-tras-reforma-a-ley-del-infonavit\/"},"wordCount":341,"publisher":{"@id":"https:\/\/canal7slp.tv\/2025\/#organization"},"image":{"@id":"https:\/\/canal7slp.tv\/2025\/rechaza-octavio-romero-oropeza-que-fondos-de-trabajadores-esten-en-riesgo-tras-reforma-a-ley-del-infonavit\/#primaryimage"},"thumbnailUrl":"https:\/\/canal7slp.tv\/2025\/wp-content\/uploads\/2025\/02\/Pau01Infonavit.jpg","articleSection":["DESTACADAS","LOCALES Y REGIONALES"],"inLanguage":"es"},{"@type":"WebPage","@id":"https:\/\/canal7slp.tv\/2025\/rechaza-octavio-romero-oropeza-que-fondos-de-trabajadores-esten-en-riesgo-tras-reforma-a-ley-del-infonavit\/","url":"https:\/\/canal7slp.tv\/2025\/rechaza-octavio-romero-oropeza-que-fondos-de-trabajadores-esten-en-riesgo-tras-reforma-a-ley-del-infonavit\/","name":"Rechaza Octavio Romero Oropeza que fondos de trabajadores est\u00e9n en riesgo, tras reforma a Ley del Infonavit - Canal 7 SLP - 2025","isPartOf":{"@id":"https:\/\/canal7slp.tv\/2025\/#website"},"primaryImageOfPage":{"@id":"https:\/\/canal7slp.tv\/2025\/rechaza-octavio-romero-oropeza-que-fondos-de-trabajadores-esten-en-riesgo-tras-reforma-a-ley-del-infonavit\/#primaryimage"},"image":{"@id":"https:\/\/canal7slp.tv\/2025\/rechaza-octavio-romero-oropeza-que-fondos-de-trabajadores-esten-en-riesgo-tras-reforma-a-ley-del-infonavit\/#primaryimage"},"thumbnailUrl":"https:\/\/canal7slp.tv\/2025\/wp-content\/uploads\/2025\/02\/Pau01Infonavit.jpg","datePublished":"2025-02-10T04:17:50+00:00","dateModified":"2025-03-01T18:31:10+00:00","breadcrumb":{"@id":"https:\/\/canal7slp.tv\/2025\/rechaza-octavio-romero-oropeza-que-fondos-de-trabajadores-esten-en-riesgo-tras-reforma-a-ley-del-infonavit\/#breadcrumb"},"inLanguage":"es","potentialAction":[{"@type":"ReadAction","target":["https:\/\/canal7slp.tv\/2025\/rechaza-octavio-romero-oropeza-que-fondos-de-trabajadores-esten-en-riesgo-tras-reforma-a-ley-del-infonavit\/"]}]},{"@type":"ImageObject","inLanguage":"es","@id":"https:\/\/canal7slp.tv\/2025\/rechaza-octavio-romero-oropeza-que-fondos-de-trabajadores-esten-en-riesgo-tras-reforma-a-ley-del-infonavit\/#primaryimage","url":"https:\/\/canal7slp.tv\/2025\/wp-content\/uploads\/2025\/02\/Pau01Infonavit.jpg","contentUrl":"https:\/\/canal7slp.tv\/2025\/wp-content\/uploads\/2025\/02\/Pau01Infonavit.jpg","width":1280,"height":720},{"@type":"BreadcrumbList","@id":"https:\/\/canal7slp.tv\/2025\/rechaza-octavio-romero-oropeza-que-fondos-de-trabajadores-esten-en-riesgo-tras-reforma-a-ley-del-infonavit\/#breadcrumb","itemListElement":[{"@type":"ListItem","position":1,"name":"Portada","item":"https:\/\/canal7slp.tv\/2025\/"},{"@type":"ListItem","position":2,"name":"Rechaza Octavio Romero Oropeza que fondos de trabajadores est\u00e9n en riesgo, tras reforma a Ley del Infonavit"}]},{"@type":"WebSite","@id":"https:\/\/canal7slp.tv\/2025\/#website","url":"https:\/\/canal7slp.tv\/2025\/","name":"N7 - Noticieros Canal 7","description":"Somos el Medio","publisher":{"@id":"https:\/\/canal7slp.tv\/2025\/#organization"},"potentialAction":[{"@type":"SearchAction","target":{"@type":"EntryPoint","urlTemplate":"https:\/\/canal7slp.tv\/2025\/?s={search_term_string}"},"query-input":{"@type":"PropertyValueSpecification","valueRequired":true,"valueName":"search_term_string"}}],"inLanguage":"es"},{"@type":"Organization","@id":"https:\/\/canal7slp.tv\/2025\/#organization","name":"Noticieros Canal 7","url":"https:\/\/canal7slp.tv\/2025\/","logo":{"@type":"ImageObject","inLanguage":"es","@id":"https:\/\/canal7slp.tv\/2025\/#\/schema\/logo\/image\/","url":"https:\/\/canal7slp.tv\/2025\/wp-content\/uploads\/2021\/01\/logo-noticieros@2x.png","contentUrl":"https:\/\/canal7slp.tv\/2025\/wp-content\/uploads\/2021\/01\/logo-noticieros@2x.png","width":1017,"height":268,"caption":"Noticieros Canal 7"},"image":{"@id":"https:\/\/canal7slp.tv\/2025\/#\/schema\/logo\/image\/"},"sameAs":["https:\/\/www.facebook.com\/noticieroscanal7atencionciudadana\/","https:\/\/x.com\/NOTICIEROS7","https:\/\/www.instagram.com\/canal7_slp","https:\/\/www.youtube.com\/channel\/UCliiYs-gP3JfJeqdPrNdd5A"]},{"@type":"Person","@id":"https:\/\/canal7slp.tv\/2025\/#\/schema\/person\/271e2b60a96e7cc9d9ac296f4d7e414b","name":"Edici\u00f3n Web","image":{"@type":"ImageObject","inLanguage":"es","@id":"https:\/\/secure.gravatar.com\/avatar\/eee448fc3f7164808013b816ba91ac7e43bbe82a70bebac296f8bc6f0addaa1a?s=96&d=mm&r=g","url":"https:\/\/secure.gravatar.com\/avatar\/eee448fc3f7164808013b816ba91ac7e43bbe82a70bebac296f8bc6f0addaa1a?s=96&d=mm&r=g","contentUrl":"https:\/\/secure.gravatar.com\/avatar\/eee448fc3f7164808013b816ba91ac7e43bbe82a70bebac296f8bc6f0addaa1a?s=96&d=mm&r=g","caption":"Edici\u00f3n Web"},"url":"https:\/\/canal7slp.tv\/2025\/author\/edicionweb\/"}]}},"_links":{"self":[{"href":"https:\/\/canal7slp.tv\/2025\/wp-json\/wp\/v2\/posts\/157447","targetHints":{"allow":["GET"]}}],"collection":[{"href":"https:\/\/canal7slp.tv\/2025\/wp-json\/wp\/v2\/posts"}],"about":[{"href":"https:\/\/canal7slp.tv\/2025\/wp-json\/wp\/v2\/types\/post"}],"author":[{"embeddable":true,"href":"https:\/\/canal7slp.tv\/2025\/wp-json\/wp\/v2\/users\/2"}],"replies":[{"embeddable":true,"href":"https:\/\/canal7slp.tv\/2025\/wp-json\/wp\/v2\/comments?post=157447"}],"version-history":[{"count":2,"href":"https:\/\/canal7slp.tv\/2025\/wp-json\/wp\/v2\/posts\/157447\/revisions"}],"predecessor-version":[{"id":157460,"href":"https:\/\/canal7slp.tv\/2025\/wp-json\/wp\/v2\/posts\/157447\/revisions\/157460"}],"wp:featuredmedia":[{"embeddable":true,"href":"https:\/\/canal7slp.tv\/2025\/wp-json\/wp\/v2\/media\/157459"}],"wp:attachment":[{"href":"https:\/\/canal7slp.tv\/2025\/wp-json\/wp\/v2\/media?parent=157447"}],"wp:term":[{"taxonomy":"category","embeddable":true,"href":"https:\/\/canal7slp.tv\/2025\/wp-json\/wp\/v2\/categories?post=157447"},{"taxonomy":"post_tag","embeddable":true,"href":"https:\/\/canal7slp.tv\/2025\/wp-json\/wp\/v2\/tags?post=157447"}],"curies":[{"name":"wp","href":"https:\/\/api.w.org\/{rel}","templated":true}]}}