{"id":157437,"date":"2025-02-10T00:00:37","date_gmt":"2025-02-10T06:00:37","guid":{"rendered":"https:\/\/canal7slp.tv\/2025\/?p=157437"},"modified":"2025-02-09T18:49:27","modified_gmt":"2025-02-10T00:49:27","slug":"en-real-de-catorce-primera-fecha-del-trail-magico-2025","status":"publish","type":"post","link":"https:\/\/canal7slp.tv\/2025\/en-real-de-catorce-primera-fecha-del-trail-magico-2025\/","title":{"rendered":"En Real de Catorce, primera fecha del Trail M\u00e1gico 2025"},"content":{"rendered":"<p style=\"text-align: justify;\">Real de Catorce.- Primera fecha del Trail M\u00e1gico se realizar\u00e1 en Catorce, anunci\u00f3 Director del Desarrollo del Deporte.<\/p>\n<p style=\"text-align: justify;\">En entrevista, Oscar Salazar, Director del Desarrollo del Deporte, adelant\u00f3 que el pueblo m\u00e1gico de Real de Catorce, ser\u00e1 la primera fecha del Serial Trail M\u00e1gico en su edici\u00f3n 2025.<\/p>\n<p style=\"text-align: justify;\">\u201cApenas vamos a anunciarlo pero yo puedo ir adelantando a la gente de la regi\u00f3n, sabemos que en Matehuala hay muchos atletas grandes, para que se vayan preparando 15 y 16 de marzo vamos a tener la primer fecha en Real de Catorce, sabemos que en Matehuala mucha gente se hospeda aqu\u00ed, invitamos a la gente de la regi\u00f3n a que vengan a competir\u201d, dijo.<\/p>\n<p style=\"text-align: justify;\">Salazar afirm\u00f3 que el a\u00f1o pasado, las competencias fueron afectadas por la veda electoral, \u201cobviamente no se pudo dar la difusi\u00f3n, pero este a\u00f1o creo que va a ser un \u00e9xito, el a\u00f1o pasado tuvimos m\u00e1s de quinientos a seiscientos corredores y esperamos poder superar los ochocientos participantes por carrera y sabemos que lo podemos lograr\u201d.<\/p>\n<p style=\"text-align: justify;\">Al ser cuestionado sobre las medidas que se est\u00e1n tomando para garantizar la seguridad de quienes asistan al evento, Salazar afirm\u00f3 que ya han sostenido reuniones con los cuerpos de auxilio con el municipio de Catorce, \u201cobviamente le pedimos a municipios cercanos como Matehuala que nos apoyen con la seguridad porque sabemos que vienen de otros municipios, de la capital, de otros estados, si es importante, previo a estos eventos tenemos reuniones para brindar la seguridad y que no se tengan ning\u00fan altercado y que las carreteras est\u00e9n blindadas tanto en los traslados de ida como en los de regreso\u201d.<\/p>\n<p>Por: Jes\u00fas Valencia<\/p>\n","protected":false},"excerpt":{"rendered":"<p>Real de Catorce.- Primera fecha del Trail M\u00e1gico se realizar\u00e1 en Catorce, anunci\u00f3 Director del Desarrollo del Deporte. En entrevista, Oscar Salazar, Director del Desarrollo del Deporte, adelant\u00f3 que el pueblo m\u00e1gico de Real de Catorce, ser\u00e1 la primera fecha del Serial Trail M\u00e1gico en su edici\u00f3n 2025. \u201cApenas vamos a anunciarlo pero yo puedo ir adelantando a la gente de la regi\u00f3n, sabemos que en Matehuala hay muchos atletas grandes, para que se vayan preparando 15 y 16 de marzo vamos a tener la primer fecha en Real de Catorce, sabemos que en Matehuala mucha gente se hospeda aqu\u00ed, [&hellip;]<\/p>\n","protected":false},"author":2,"featured_media":157443,"comment_status":"closed","ping_status":"closed","sticky":false,"template":"","format":"video","meta":{"_monsterinsights_skip_tracking":false,"_monsterinsights_sitenote_active":false,"_monsterinsights_sitenote_note":"","_monsterinsights_sitenote_category":0,"footnotes":""},"categories":[5,43],"tags":[],"class_list":["post-157437","post","type-post","status-publish","format-video","has-post-thumbnail","hentry","category-destacadas","category-interior","post_format-post-format-video","post--single"],"yoast_head":"<!-- This site is optimized with the Yoast SEO plugin v27.5 - https:\/\/yoast.com\/product\/yoast-seo-wordpress\/ -->\n<title>En Real de Catorce, primera fecha del Trail M\u00e1gico 2025 - Canal 7 SLP - 2025<\/title>\n<meta name=\"robots\" content=\"index, follow, max-snippet:-1, max-image-preview:large, max-video-preview:-1\" \/>\n<link rel=\"canonical\" href=\"https:\/\/canal7slp.tv\/2025\/en-real-de-catorce-primera-fecha-del-trail-magico-2025\/\" \/>\n<meta property=\"og:locale\" content=\"es_ES\" \/>\n<meta property=\"og:type\" content=\"article\" \/>\n<meta property=\"og:title\" content=\"En Real de Catorce, primera fecha del Trail M\u00e1gico 2025 - Canal 7 SLP - 2025\" \/>\n<meta property=\"og:description\" content=\"Real de Catorce.- Primera fecha del Trail M\u00e1gico se realizar\u00e1 en Catorce, anunci\u00f3 Director del Desarrollo del Deporte. En entrevista, Oscar Salazar, Director del Desarrollo del Deporte, adelant\u00f3 que el pueblo m\u00e1gico de Real de Catorce, ser\u00e1 la primera fecha del Serial Trail M\u00e1gico en su edici\u00f3n 2025. \u201cApenas vamos a anunciarlo pero yo puedo ir adelantando a la gente de la regi\u00f3n, sabemos que en Matehuala hay muchos atletas grandes, para que se vayan preparando 15 y 16 de marzo vamos a tener la primer fecha en Real de Catorce, sabemos que en Matehuala mucha gente se hospeda aqu\u00ed, [&hellip;]\" \/>\n<meta property=\"og:url\" content=\"https:\/\/canal7slp.tv\/2025\/en-real-de-catorce-primera-fecha-del-trail-magico-2025\/\" \/>\n<meta property=\"og:site_name\" content=\"Canal 7 SLP - 2025\" \/>\n<meta property=\"article:publisher\" content=\"https:\/\/www.facebook.com\/noticieroscanal7atencionciudadana\/\" \/>\n<meta property=\"article:published_time\" content=\"2025-02-10T06:00:37+00:00\" \/>\n<meta property=\"og:image\" content=\"https:\/\/canal7slp.tv\/2025\/wp-content\/uploads\/2025\/02\/Valencia01Trial.jpg\" \/>\n\t<meta property=\"og:image:width\" content=\"1920\" \/>\n\t<meta property=\"og:image:height\" content=\"1080\" \/>\n\t<meta property=\"og:image:type\" content=\"image\/jpeg\" \/>\n<meta name=\"author\" content=\"Edici\u00f3n Web\" \/>\n<meta name=\"twitter:card\" content=\"summary_large_image\" \/>\n<meta name=\"twitter:creator\" content=\"@NOTICIEROS7\" \/>\n<meta name=\"twitter:site\" content=\"@NOTICIEROS7\" \/>\n<meta name=\"twitter:label1\" content=\"Escrito por\" \/>\n\t<meta name=\"twitter:data1\" content=\"Edici\u00f3n Web\" \/>\n\t<meta name=\"twitter:label2\" content=\"Tiempo de lectura\" \/>\n\t<meta name=\"twitter:data2\" content=\"2 minutos\" \/>\n<script type=\"application\/ld+json\" class=\"yoast-schema-graph\">{\"@context\":\"https:\\\/\\\/schema.org\",\"@graph\":[{\"@type\":\"Article\",\"@id\":\"https:\\\/\\\/canal7slp.tv\\\/2025\\\/en-real-de-catorce-primera-fecha-del-trail-magico-2025\\\/#article\",\"isPartOf\":{\"@id\":\"https:\\\/\\\/canal7slp.tv\\\/2025\\\/en-real-de-catorce-primera-fecha-del-trail-magico-2025\\\/\"},\"author\":{\"name\":\"Edici\u00f3n Web\",\"@id\":\"https:\\\/\\\/canal7slp.tv\\\/2025\\\/#\\\/schema\\\/person\\\/271e2b60a96e7cc9d9ac296f4d7e414b\"},\"headline\":\"En Real de Catorce, primera fecha del Trail M\u00e1gico 2025\",\"datePublished\":\"2025-02-10T06:00:37+00:00\",\"mainEntityOfPage\":{\"@id\":\"https:\\\/\\\/canal7slp.tv\\\/2025\\\/en-real-de-catorce-primera-fecha-del-trail-magico-2025\\\/\"},\"wordCount\":295,\"publisher\":{\"@id\":\"https:\\\/\\\/canal7slp.tv\\\/2025\\\/#organization\"},\"image\":{\"@id\":\"https:\\\/\\\/canal7slp.tv\\\/2025\\\/en-real-de-catorce-primera-fecha-del-trail-magico-2025\\\/#primaryimage\"},\"thumbnailUrl\":\"https:\\\/\\\/canal7slp.tv\\\/2025\\\/wp-content\\\/uploads\\\/2025\\\/02\\\/Valencia01Trial.jpg\",\"articleSection\":[\"DESTACADAS\",\"INTERIOR DEL ESTADO\"],\"inLanguage\":\"es\"},{\"@type\":\"WebPage\",\"@id\":\"https:\\\/\\\/canal7slp.tv\\\/2025\\\/en-real-de-catorce-primera-fecha-del-trail-magico-2025\\\/\",\"url\":\"https:\\\/\\\/canal7slp.tv\\\/2025\\\/en-real-de-catorce-primera-fecha-del-trail-magico-2025\\\/\",\"name\":\"En Real de Catorce, primera fecha del Trail M\u00e1gico 2025 - Canal 7 SLP - 2025\",\"isPartOf\":{\"@id\":\"https:\\\/\\\/canal7slp.tv\\\/2025\\\/#website\"},\"primaryImageOfPage\":{\"@id\":\"https:\\\/\\\/canal7slp.tv\\\/2025\\\/en-real-de-catorce-primera-fecha-del-trail-magico-2025\\\/#primaryimage\"},\"image\":{\"@id\":\"https:\\\/\\\/canal7slp.tv\\\/2025\\\/en-real-de-catorce-primera-fecha-del-trail-magico-2025\\\/#primaryimage\"},\"thumbnailUrl\":\"https:\\\/\\\/canal7slp.tv\\\/2025\\\/wp-content\\\/uploads\\\/2025\\\/02\\\/Valencia01Trial.jpg\",\"datePublished\":\"2025-02-10T06:00:37+00:00\",\"breadcrumb\":{\"@id\":\"https:\\\/\\\/canal7slp.tv\\\/2025\\\/en-real-de-catorce-primera-fecha-del-trail-magico-2025\\\/#breadcrumb\"},\"inLanguage\":\"es\",\"potentialAction\":[{\"@type\":\"ReadAction\",\"target\":[\"https:\\\/\\\/canal7slp.tv\\\/2025\\\/en-real-de-catorce-primera-fecha-del-trail-magico-2025\\\/\"]}]},{\"@type\":\"ImageObject\",\"inLanguage\":\"es\",\"@id\":\"https:\\\/\\\/canal7slp.tv\\\/2025\\\/en-real-de-catorce-primera-fecha-del-trail-magico-2025\\\/#primaryimage\",\"url\":\"https:\\\/\\\/canal7slp.tv\\\/2025\\\/wp-content\\\/uploads\\\/2025\\\/02\\\/Valencia01Trial.jpg\",\"contentUrl\":\"https:\\\/\\\/canal7slp.tv\\\/2025\\\/wp-content\\\/uploads\\\/2025\\\/02\\\/Valencia01Trial.jpg\",\"width\":1920,\"height\":1080},{\"@type\":\"BreadcrumbList\",\"@id\":\"https:\\\/\\\/canal7slp.tv\\\/2025\\\/en-real-de-catorce-primera-fecha-del-trail-magico-2025\\\/#breadcrumb\",\"itemListElement\":[{\"@type\":\"ListItem\",\"position\":1,\"name\":\"Portada\",\"item\":\"https:\\\/\\\/canal7slp.tv\\\/2025\\\/\"},{\"@type\":\"ListItem\",\"position\":2,\"name\":\"En Real de Catorce, primera fecha del Trail M\u00e1gico 2025\"}]},{\"@type\":\"WebSite\",\"@id\":\"https:\\\/\\\/canal7slp.tv\\\/2025\\\/#website\",\"url\":\"https:\\\/\\\/canal7slp.tv\\\/2025\\\/\",\"name\":\"N7 - Noticieros Canal 7\",\"description\":\"Somos el Medio\",\"publisher\":{\"@id\":\"https:\\\/\\\/canal7slp.tv\\\/2025\\\/#organization\"},\"potentialAction\":[{\"@type\":\"SearchAction\",\"target\":{\"@type\":\"EntryPoint\",\"urlTemplate\":\"https:\\\/\\\/canal7slp.tv\\\/2025\\\/?s={search_term_string}\"},\"query-input\":{\"@type\":\"PropertyValueSpecification\",\"valueRequired\":true,\"valueName\":\"search_term_string\"}}],\"inLanguage\":\"es\"},{\"@type\":\"Organization\",\"@id\":\"https:\\\/\\\/canal7slp.tv\\\/2025\\\/#organization\",\"name\":\"Noticieros Canal 7\",\"url\":\"https:\\\/\\\/canal7slp.tv\\\/2025\\\/\",\"logo\":{\"@type\":\"ImageObject\",\"inLanguage\":\"es\",\"@id\":\"https:\\\/\\\/canal7slp.tv\\\/2025\\\/#\\\/schema\\\/logo\\\/image\\\/\",\"url\":\"https:\\\/\\\/canal7slp.tv\\\/2025\\\/wp-content\\\/uploads\\\/2021\\\/01\\\/logo-noticieros@2x.png\",\"contentUrl\":\"https:\\\/\\\/canal7slp.tv\\\/2025\\\/wp-content\\\/uploads\\\/2021\\\/01\\\/logo-noticieros@2x.png\",\"width\":1017,\"height\":268,\"caption\":\"Noticieros Canal 7\"},\"image\":{\"@id\":\"https:\\\/\\\/canal7slp.tv\\\/2025\\\/#\\\/schema\\\/logo\\\/image\\\/\"},\"sameAs\":[\"https:\\\/\\\/www.facebook.com\\\/noticieroscanal7atencionciudadana\\\/\",\"https:\\\/\\\/x.com\\\/NOTICIEROS7\",\"https:\\\/\\\/www.instagram.com\\\/canal7_slp\",\"https:\\\/\\\/www.youtube.com\\\/channel\\\/UCliiYs-gP3JfJeqdPrNdd5A\"]},{\"@type\":\"Person\",\"@id\":\"https:\\\/\\\/canal7slp.tv\\\/2025\\\/#\\\/schema\\\/person\\\/271e2b60a96e7cc9d9ac296f4d7e414b\",\"name\":\"Edici\u00f3n Web\",\"image\":{\"@type\":\"ImageObject\",\"inLanguage\":\"es\",\"@id\":\"https:\\\/\\\/secure.gravatar.com\\\/avatar\\\/eee448fc3f7164808013b816ba91ac7e43bbe82a70bebac296f8bc6f0addaa1a?s=96&d=mm&r=g\",\"url\":\"https:\\\/\\\/secure.gravatar.com\\\/avatar\\\/eee448fc3f7164808013b816ba91ac7e43bbe82a70bebac296f8bc6f0addaa1a?s=96&d=mm&r=g\",\"contentUrl\":\"https:\\\/\\\/secure.gravatar.com\\\/avatar\\\/eee448fc3f7164808013b816ba91ac7e43bbe82a70bebac296f8bc6f0addaa1a?s=96&d=mm&r=g\",\"caption\":\"Edici\u00f3n Web\"},\"url\":\"https:\\\/\\\/canal7slp.tv\\\/2025\\\/author\\\/edicionweb\\\/\"}]}<\/script>\n<!-- \/ Yoast SEO plugin. -->","yoast_head_json":{"title":"En Real de Catorce, primera fecha del Trail M\u00e1gico 2025 - Canal 7 SLP - 2025","robots":{"index":"index","follow":"follow","max-snippet":"max-snippet:-1","max-image-preview":"max-image-preview:large","max-video-preview":"max-video-preview:-1"},"canonical":"https:\/\/canal7slp.tv\/2025\/en-real-de-catorce-primera-fecha-del-trail-magico-2025\/","og_locale":"es_ES","og_type":"article","og_title":"En Real de Catorce, primera fecha del Trail M\u00e1gico 2025 - Canal 7 SLP - 2025","og_description":"Real de Catorce.- Primera fecha del Trail M\u00e1gico se realizar\u00e1 en Catorce, anunci\u00f3 Director del Desarrollo del Deporte. En entrevista, Oscar Salazar, Director del Desarrollo del Deporte, adelant\u00f3 que el pueblo m\u00e1gico de Real de Catorce, ser\u00e1 la primera fecha del Serial Trail M\u00e1gico en su edici\u00f3n 2025. \u201cApenas vamos a anunciarlo pero yo puedo ir adelantando a la gente de la regi\u00f3n, sabemos que en Matehuala hay muchos atletas grandes, para que se vayan preparando 15 y 16 de marzo vamos a tener la primer fecha en Real de Catorce, sabemos que en Matehuala mucha gente se hospeda aqu\u00ed, [&hellip;]","og_url":"https:\/\/canal7slp.tv\/2025\/en-real-de-catorce-primera-fecha-del-trail-magico-2025\/","og_site_name":"Canal 7 SLP - 2025","article_publisher":"https:\/\/www.facebook.com\/noticieroscanal7atencionciudadana\/","article_published_time":"2025-02-10T06:00:37+00:00","og_image":[{"width":1920,"height":1080,"url":"https:\/\/canal7slp.tv\/2025\/wp-content\/uploads\/2025\/02\/Valencia01Trial.jpg","type":"image\/jpeg"}],"author":"Edici\u00f3n Web","twitter_card":"summary_large_image","twitter_creator":"@NOTICIEROS7","twitter_site":"@NOTICIEROS7","twitter_misc":{"Escrito por":"Edici\u00f3n Web","Tiempo de lectura":"2 minutos"},"schema":{"@context":"https:\/\/schema.org","@graph":[{"@type":"Article","@id":"https:\/\/canal7slp.tv\/2025\/en-real-de-catorce-primera-fecha-del-trail-magico-2025\/#article","isPartOf":{"@id":"https:\/\/canal7slp.tv\/2025\/en-real-de-catorce-primera-fecha-del-trail-magico-2025\/"},"author":{"name":"Edici\u00f3n Web","@id":"https:\/\/canal7slp.tv\/2025\/#\/schema\/person\/271e2b60a96e7cc9d9ac296f4d7e414b"},"headline":"En Real de Catorce, primera fecha del Trail M\u00e1gico 2025","datePublished":"2025-02-10T06:00:37+00:00","mainEntityOfPage":{"@id":"https:\/\/canal7slp.tv\/2025\/en-real-de-catorce-primera-fecha-del-trail-magico-2025\/"},"wordCount":295,"publisher":{"@id":"https:\/\/canal7slp.tv\/2025\/#organization"},"image":{"@id":"https:\/\/canal7slp.tv\/2025\/en-real-de-catorce-primera-fecha-del-trail-magico-2025\/#primaryimage"},"thumbnailUrl":"https:\/\/canal7slp.tv\/2025\/wp-content\/uploads\/2025\/02\/Valencia01Trial.jpg","articleSection":["DESTACADAS","INTERIOR DEL ESTADO"],"inLanguage":"es"},{"@type":"WebPage","@id":"https:\/\/canal7slp.tv\/2025\/en-real-de-catorce-primera-fecha-del-trail-magico-2025\/","url":"https:\/\/canal7slp.tv\/2025\/en-real-de-catorce-primera-fecha-del-trail-magico-2025\/","name":"En Real de Catorce, primera fecha del Trail M\u00e1gico 2025 - Canal 7 SLP - 2025","isPartOf":{"@id":"https:\/\/canal7slp.tv\/2025\/#website"},"primaryImageOfPage":{"@id":"https:\/\/canal7slp.tv\/2025\/en-real-de-catorce-primera-fecha-del-trail-magico-2025\/#primaryimage"},"image":{"@id":"https:\/\/canal7slp.tv\/2025\/en-real-de-catorce-primera-fecha-del-trail-magico-2025\/#primaryimage"},"thumbnailUrl":"https:\/\/canal7slp.tv\/2025\/wp-content\/uploads\/2025\/02\/Valencia01Trial.jpg","datePublished":"2025-02-10T06:00:37+00:00","breadcrumb":{"@id":"https:\/\/canal7slp.tv\/2025\/en-real-de-catorce-primera-fecha-del-trail-magico-2025\/#breadcrumb"},"inLanguage":"es","potentialAction":[{"@type":"ReadAction","target":["https:\/\/canal7slp.tv\/2025\/en-real-de-catorce-primera-fecha-del-trail-magico-2025\/"]}]},{"@type":"ImageObject","inLanguage":"es","@id":"https:\/\/canal7slp.tv\/2025\/en-real-de-catorce-primera-fecha-del-trail-magico-2025\/#primaryimage","url":"https:\/\/canal7slp.tv\/2025\/wp-content\/uploads\/2025\/02\/Valencia01Trial.jpg","contentUrl":"https:\/\/canal7slp.tv\/2025\/wp-content\/uploads\/2025\/02\/Valencia01Trial.jpg","width":1920,"height":1080},{"@type":"BreadcrumbList","@id":"https:\/\/canal7slp.tv\/2025\/en-real-de-catorce-primera-fecha-del-trail-magico-2025\/#breadcrumb","itemListElement":[{"@type":"ListItem","position":1,"name":"Portada","item":"https:\/\/canal7slp.tv\/2025\/"},{"@type":"ListItem","position":2,"name":"En Real de Catorce, primera fecha del Trail M\u00e1gico 2025"}]},{"@type":"WebSite","@id":"https:\/\/canal7slp.tv\/2025\/#website","url":"https:\/\/canal7slp.tv\/2025\/","name":"N7 - Noticieros Canal 7","description":"Somos el Medio","publisher":{"@id":"https:\/\/canal7slp.tv\/2025\/#organization"},"potentialAction":[{"@type":"SearchAction","target":{"@type":"EntryPoint","urlTemplate":"https:\/\/canal7slp.tv\/2025\/?s={search_term_string}"},"query-input":{"@type":"PropertyValueSpecification","valueRequired":true,"valueName":"search_term_string"}}],"inLanguage":"es"},{"@type":"Organization","@id":"https:\/\/canal7slp.tv\/2025\/#organization","name":"Noticieros Canal 7","url":"https:\/\/canal7slp.tv\/2025\/","logo":{"@type":"ImageObject","inLanguage":"es","@id":"https:\/\/canal7slp.tv\/2025\/#\/schema\/logo\/image\/","url":"https:\/\/canal7slp.tv\/2025\/wp-content\/uploads\/2021\/01\/logo-noticieros@2x.png","contentUrl":"https:\/\/canal7slp.tv\/2025\/wp-content\/uploads\/2021\/01\/logo-noticieros@2x.png","width":1017,"height":268,"caption":"Noticieros Canal 7"},"image":{"@id":"https:\/\/canal7slp.tv\/2025\/#\/schema\/logo\/image\/"},"sameAs":["https:\/\/www.facebook.com\/noticieroscanal7atencionciudadana\/","https:\/\/x.com\/NOTICIEROS7","https:\/\/www.instagram.com\/canal7_slp","https:\/\/www.youtube.com\/channel\/UCliiYs-gP3JfJeqdPrNdd5A"]},{"@type":"Person","@id":"https:\/\/canal7slp.tv\/2025\/#\/schema\/person\/271e2b60a96e7cc9d9ac296f4d7e414b","name":"Edici\u00f3n Web","image":{"@type":"ImageObject","inLanguage":"es","@id":"https:\/\/secure.gravatar.com\/avatar\/eee448fc3f7164808013b816ba91ac7e43bbe82a70bebac296f8bc6f0addaa1a?s=96&d=mm&r=g","url":"https:\/\/secure.gravatar.com\/avatar\/eee448fc3f7164808013b816ba91ac7e43bbe82a70bebac296f8bc6f0addaa1a?s=96&d=mm&r=g","contentUrl":"https:\/\/secure.gravatar.com\/avatar\/eee448fc3f7164808013b816ba91ac7e43bbe82a70bebac296f8bc6f0addaa1a?s=96&d=mm&r=g","caption":"Edici\u00f3n Web"},"url":"https:\/\/canal7slp.tv\/2025\/author\/edicionweb\/"}]}},"_links":{"self":[{"href":"https:\/\/canal7slp.tv\/2025\/wp-json\/wp\/v2\/posts\/157437","targetHints":{"allow":["GET"]}}],"collection":[{"href":"https:\/\/canal7slp.tv\/2025\/wp-json\/wp\/v2\/posts"}],"about":[{"href":"https:\/\/canal7slp.tv\/2025\/wp-json\/wp\/v2\/types\/post"}],"author":[{"embeddable":true,"href":"https:\/\/canal7slp.tv\/2025\/wp-json\/wp\/v2\/users\/2"}],"replies":[{"embeddable":true,"href":"https:\/\/canal7slp.tv\/2025\/wp-json\/wp\/v2\/comments?post=157437"}],"version-history":[{"count":2,"href":"https:\/\/canal7slp.tv\/2025\/wp-json\/wp\/v2\/posts\/157437\/revisions"}],"predecessor-version":[{"id":157440,"href":"https:\/\/canal7slp.tv\/2025\/wp-json\/wp\/v2\/posts\/157437\/revisions\/157440"}],"wp:featuredmedia":[{"embeddable":true,"href":"https:\/\/canal7slp.tv\/2025\/wp-json\/wp\/v2\/media\/157443"}],"wp:attachment":[{"href":"https:\/\/canal7slp.tv\/2025\/wp-json\/wp\/v2\/media?parent=157437"}],"wp:term":[{"taxonomy":"category","embeddable":true,"href":"https:\/\/canal7slp.tv\/2025\/wp-json\/wp\/v2\/categories?post=157437"},{"taxonomy":"post_tag","embeddable":true,"href":"https:\/\/canal7slp.tv\/2025\/wp-json\/wp\/v2\/tags?post=157437"}],"curies":[{"name":"wp","href":"https:\/\/api.w.org\/{rel}","templated":true}]}}