{"id":157430,"date":"2025-02-09T18:30:22","date_gmt":"2025-02-10T00:30:22","guid":{"rendered":"https:\/\/canal7slp.tv\/2025\/?p=157430"},"modified":"2025-02-09T18:31:42","modified_gmt":"2025-02-10T00:31:42","slug":"gobierno-alista-operativo-por-visita-de-reliquias-de-san-judas-tadeo","status":"publish","type":"post","link":"https:\/\/canal7slp.tv\/2025\/gobierno-alista-operativo-por-visita-de-reliquias-de-san-judas-tadeo\/","title":{"rendered":"Gobierno alista operativo por visita de Reliquias de San Judas Tadeo"},"content":{"rendered":"<p style=\"text-align: justify;\"><span style=\"font-size: 1.21429rem;\">SLP.- <\/span>La Coordinaci\u00f3n Estatal de Protecci\u00f3n Civil (CEPC) organiz\u00f3 una reuni\u00f3n con autoridades estatales, municipales, eclesi\u00e1sticas y grupos de emergencia para afinar detalles del operativo por la visita de las reliquias de San Judas Tadeo a San Luis Potos\u00ed.<\/p>\n<p style=\"text-align: justify;\">Las reliquias llegar\u00e1n a Villa de Arriaga el 11 de febrero, estar\u00e1n en la Catedral Metropolitana del 12 al 14 de febrero, y luego recorrer\u00e1n parroquias de la capital hasta el 17 de febrero. Posteriormente, se trasladar\u00e1n a Ahualulco, Soledad de Graciano S\u00e1nchez, Villa de Pozos, Villa de Reyes, Santa Mar\u00eda del R\u00edo, Cerritos, y finalmente ser\u00e1n entregadas a Nuevo Le\u00f3n el 27 de febrero.<\/p>\n<p style=\"text-align: justify;\">Mauricio Ordaz Flores, director de la CEPC, destac\u00f3 la importancia de la coordinaci\u00f3n entre autoridades para garantizar la seguridad de los asistentes, dada la gran afluencia de personas que se espera en cada punto.<\/p>\n<p style=\"text-align: justify;\"><img loading=\"lazy\" decoding=\"async\" class=\"size-full wp-image-157432\" src=\"https:\/\/canal7slp.tv\/2025\/wp-content\/uploads\/2025\/02\/Operativo-1.jpeg\" alt=\"\" width=\"2560\" height=\"1706\" srcset=\"https:\/\/canal7slp.tv\/2025\/wp-content\/uploads\/2025\/02\/Operativo-1.jpeg 2560w, https:\/\/canal7slp.tv\/2025\/wp-content\/uploads\/2025\/02\/Operativo-1-300x200.jpeg 300w, https:\/\/canal7slp.tv\/2025\/wp-content\/uploads\/2025\/02\/Operativo-1-1024x682.jpeg 1024w, https:\/\/canal7slp.tv\/2025\/wp-content\/uploads\/2025\/02\/Operativo-1-768x512.jpeg 768w, https:\/\/canal7slp.tv\/2025\/wp-content\/uploads\/2025\/02\/Operativo-1-1536x1024.jpeg 1536w, https:\/\/canal7slp.tv\/2025\/wp-content\/uploads\/2025\/02\/Operativo-1-2048x1365.jpeg 2048w, https:\/\/canal7slp.tv\/2025\/wp-content\/uploads\/2025\/02\/Operativo-1-800x533.jpeg 800w\" sizes=\"auto, (max-width: 2560px) 100vw, 2560px\" \/> <img loading=\"lazy\" decoding=\"async\" class=\"size-full wp-image-157433\" src=\"https:\/\/canal7slp.tv\/2025\/wp-content\/uploads\/2025\/02\/Operativob.jpeg\" alt=\"\" width=\"1600\" height=\"900\" srcset=\"https:\/\/canal7slp.tv\/2025\/wp-content\/uploads\/2025\/02\/Operativob.jpeg 1600w, https:\/\/canal7slp.tv\/2025\/wp-content\/uploads\/2025\/02\/Operativob-300x169.jpeg 300w, https:\/\/canal7slp.tv\/2025\/wp-content\/uploads\/2025\/02\/Operativob-1024x576.jpeg 1024w, https:\/\/canal7slp.tv\/2025\/wp-content\/uploads\/2025\/02\/Operativob-768x432.jpeg 768w, https:\/\/canal7slp.tv\/2025\/wp-content\/uploads\/2025\/02\/Operativob-1536x864.jpeg 1536w, https:\/\/canal7slp.tv\/2025\/wp-content\/uploads\/2025\/02\/Operativob-400x225.jpeg 400w, https:\/\/canal7slp.tv\/2025\/wp-content\/uploads\/2025\/02\/Operativob-600x338.jpeg 600w, https:\/\/canal7slp.tv\/2025\/wp-content\/uploads\/2025\/02\/Operativob-800x450.jpeg 800w, https:\/\/canal7slp.tv\/2025\/wp-content\/uploads\/2025\/02\/Operativob-1200x675.jpeg 1200w\" sizes=\"auto, (max-width: 1600px) 100vw, 1600px\" \/> <img loading=\"lazy\" decoding=\"async\" class=\"size-full wp-image-157434\" src=\"https:\/\/canal7slp.tv\/2025\/wp-content\/uploads\/2025\/02\/Operativoc.jpeg\" alt=\"\" width=\"1600\" height=\"900\" srcset=\"https:\/\/canal7slp.tv\/2025\/wp-content\/uploads\/2025\/02\/Operativoc.jpeg 1600w, https:\/\/canal7slp.tv\/2025\/wp-content\/uploads\/2025\/02\/Operativoc-300x169.jpeg 300w, https:\/\/canal7slp.tv\/2025\/wp-content\/uploads\/2025\/02\/Operativoc-1024x576.jpeg 1024w, https:\/\/canal7slp.tv\/2025\/wp-content\/uploads\/2025\/02\/Operativoc-768x432.jpeg 768w, https:\/\/canal7slp.tv\/2025\/wp-content\/uploads\/2025\/02\/Operativoc-1536x864.jpeg 1536w, https:\/\/canal7slp.tv\/2025\/wp-content\/uploads\/2025\/02\/Operativoc-400x225.jpeg 400w, https:\/\/canal7slp.tv\/2025\/wp-content\/uploads\/2025\/02\/Operativoc-600x338.jpeg 600w, https:\/\/canal7slp.tv\/2025\/wp-content\/uploads\/2025\/02\/Operativoc-800x450.jpeg 800w, https:\/\/canal7slp.tv\/2025\/wp-content\/uploads\/2025\/02\/Operativoc-1200x675.jpeg 1200w\" sizes=\"auto, (max-width: 1600px) 100vw, 1600px\" \/><\/p>\n","protected":false},"excerpt":{"rendered":"<p>SLP.- La Coordinaci\u00f3n Estatal de Protecci\u00f3n Civil (CEPC) organiz\u00f3 una reuni\u00f3n con autoridades estatales, municipales, eclesi\u00e1sticas y grupos de emergencia para afinar detalles del operativo por la visita de las reliquias de San Judas Tadeo a San Luis Potos\u00ed. Las reliquias llegar\u00e1n a Villa de Arriaga el 11 de febrero, estar\u00e1n en la Catedral Metropolitana del 12 al 14 de febrero, y luego recorrer\u00e1n parroquias de la capital hasta el 17 de febrero. Posteriormente, se trasladar\u00e1n a Ahualulco, Soledad de Graciano S\u00e1nchez, Villa de Pozos, Villa de Reyes, Santa Mar\u00eda del R\u00edo, Cerritos, y finalmente ser\u00e1n entregadas a Nuevo Le\u00f3n [&hellip;]<\/p>\n","protected":false},"author":2,"featured_media":157431,"comment_status":"closed","ping_status":"closed","sticky":false,"template":"","format":"standard","meta":{"_monsterinsights_skip_tracking":false,"_monsterinsights_sitenote_active":false,"_monsterinsights_sitenote_note":"","_monsterinsights_sitenote_category":0,"footnotes":""},"categories":[45],"tags":[],"class_list":["post-157430","post","type-post","status-publish","format-standard","has-post-thumbnail","hentry","category-localesyregionales","post--single"],"yoast_head":"<!-- This site is optimized with the Yoast SEO plugin v27.5 - https:\/\/yoast.com\/product\/yoast-seo-wordpress\/ -->\n<title>Gobierno alista operativo por visita de Reliquias de San Judas Tadeo - Canal 7 SLP - 2025<\/title>\n<meta name=\"robots\" content=\"index, follow, max-snippet:-1, max-image-preview:large, max-video-preview:-1\" \/>\n<link rel=\"canonical\" href=\"https:\/\/canal7slp.tv\/2025\/gobierno-alista-operativo-por-visita-de-reliquias-de-san-judas-tadeo\/\" \/>\n<meta property=\"og:locale\" content=\"es_ES\" \/>\n<meta property=\"og:type\" content=\"article\" \/>\n<meta property=\"og:title\" content=\"Gobierno alista operativo por visita de Reliquias de San Judas Tadeo - Canal 7 SLP - 2025\" \/>\n<meta property=\"og:description\" content=\"SLP.- La Coordinaci\u00f3n Estatal de Protecci\u00f3n Civil (CEPC) organiz\u00f3 una reuni\u00f3n con autoridades estatales, municipales, eclesi\u00e1sticas y grupos de emergencia para afinar detalles del operativo por la visita de las reliquias de San Judas Tadeo a San Luis Potos\u00ed. Las reliquias llegar\u00e1n a Villa de Arriaga el 11 de febrero, estar\u00e1n en la Catedral Metropolitana del 12 al 14 de febrero, y luego recorrer\u00e1n parroquias de la capital hasta el 17 de febrero. Posteriormente, se trasladar\u00e1n a Ahualulco, Soledad de Graciano S\u00e1nchez, Villa de Pozos, Villa de Reyes, Santa Mar\u00eda del R\u00edo, Cerritos, y finalmente ser\u00e1n entregadas a Nuevo Le\u00f3n [&hellip;]\" \/>\n<meta property=\"og:url\" content=\"https:\/\/canal7slp.tv\/2025\/gobierno-alista-operativo-por-visita-de-reliquias-de-san-judas-tadeo\/\" \/>\n<meta property=\"og:site_name\" content=\"Canal 7 SLP - 2025\" \/>\n<meta property=\"article:publisher\" content=\"https:\/\/www.facebook.com\/noticieroscanal7atencionciudadana\/\" \/>\n<meta property=\"article:published_time\" content=\"2025-02-10T00:30:22+00:00\" \/>\n<meta property=\"article:modified_time\" content=\"2025-02-10T00:31:42+00:00\" \/>\n<meta property=\"og:image\" content=\"https:\/\/canal7slp.tv\/2025\/wp-content\/uploads\/2025\/02\/Operativo.jpeg\" \/>\n\t<meta property=\"og:image:width\" content=\"2560\" \/>\n\t<meta property=\"og:image:height\" content=\"1706\" \/>\n\t<meta property=\"og:image:type\" content=\"image\/jpeg\" \/>\n<meta name=\"author\" content=\"Edici\u00f3n Web\" \/>\n<meta name=\"twitter:card\" content=\"summary_large_image\" \/>\n<meta name=\"twitter:creator\" content=\"@NOTICIEROS7\" \/>\n<meta name=\"twitter:site\" content=\"@NOTICIEROS7\" \/>\n<meta name=\"twitter:label1\" content=\"Escrito por\" \/>\n\t<meta name=\"twitter:data1\" content=\"Edici\u00f3n Web\" \/>\n\t<meta name=\"twitter:label2\" content=\"Tiempo de lectura\" \/>\n\t<meta name=\"twitter:data2\" content=\"2 minutos\" \/>\n<script type=\"application\/ld+json\" class=\"yoast-schema-graph\">{\"@context\":\"https:\\\/\\\/schema.org\",\"@graph\":[{\"@type\":\"Article\",\"@id\":\"https:\\\/\\\/canal7slp.tv\\\/2025\\\/gobierno-alista-operativo-por-visita-de-reliquias-de-san-judas-tadeo\\\/#article\",\"isPartOf\":{\"@id\":\"https:\\\/\\\/canal7slp.tv\\\/2025\\\/gobierno-alista-operativo-por-visita-de-reliquias-de-san-judas-tadeo\\\/\"},\"author\":{\"name\":\"Edici\u00f3n Web\",\"@id\":\"https:\\\/\\\/canal7slp.tv\\\/2025\\\/#\\\/schema\\\/person\\\/271e2b60a96e7cc9d9ac296f4d7e414b\"},\"headline\":\"Gobierno alista operativo por visita de Reliquias de San Judas Tadeo\",\"datePublished\":\"2025-02-10T00:30:22+00:00\",\"dateModified\":\"2025-02-10T00:31:42+00:00\",\"mainEntityOfPage\":{\"@id\":\"https:\\\/\\\/canal7slp.tv\\\/2025\\\/gobierno-alista-operativo-por-visita-de-reliquias-de-san-judas-tadeo\\\/\"},\"wordCount\":159,\"publisher\":{\"@id\":\"https:\\\/\\\/canal7slp.tv\\\/2025\\\/#organization\"},\"image\":{\"@id\":\"https:\\\/\\\/canal7slp.tv\\\/2025\\\/gobierno-alista-operativo-por-visita-de-reliquias-de-san-judas-tadeo\\\/#primaryimage\"},\"thumbnailUrl\":\"https:\\\/\\\/canal7slp.tv\\\/2025\\\/wp-content\\\/uploads\\\/2025\\\/02\\\/Operativo.jpeg\",\"articleSection\":[\"LOCALES Y REGIONALES\"],\"inLanguage\":\"es\"},{\"@type\":\"WebPage\",\"@id\":\"https:\\\/\\\/canal7slp.tv\\\/2025\\\/gobierno-alista-operativo-por-visita-de-reliquias-de-san-judas-tadeo\\\/\",\"url\":\"https:\\\/\\\/canal7slp.tv\\\/2025\\\/gobierno-alista-operativo-por-visita-de-reliquias-de-san-judas-tadeo\\\/\",\"name\":\"Gobierno alista operativo por visita de Reliquias de San Judas Tadeo - Canal 7 SLP - 2025\",\"isPartOf\":{\"@id\":\"https:\\\/\\\/canal7slp.tv\\\/2025\\\/#website\"},\"primaryImageOfPage\":{\"@id\":\"https:\\\/\\\/canal7slp.tv\\\/2025\\\/gobierno-alista-operativo-por-visita-de-reliquias-de-san-judas-tadeo\\\/#primaryimage\"},\"image\":{\"@id\":\"https:\\\/\\\/canal7slp.tv\\\/2025\\\/gobierno-alista-operativo-por-visita-de-reliquias-de-san-judas-tadeo\\\/#primaryimage\"},\"thumbnailUrl\":\"https:\\\/\\\/canal7slp.tv\\\/2025\\\/wp-content\\\/uploads\\\/2025\\\/02\\\/Operativo.jpeg\",\"datePublished\":\"2025-02-10T00:30:22+00:00\",\"dateModified\":\"2025-02-10T00:31:42+00:00\",\"breadcrumb\":{\"@id\":\"https:\\\/\\\/canal7slp.tv\\\/2025\\\/gobierno-alista-operativo-por-visita-de-reliquias-de-san-judas-tadeo\\\/#breadcrumb\"},\"inLanguage\":\"es\",\"potentialAction\":[{\"@type\":\"ReadAction\",\"target\":[\"https:\\\/\\\/canal7slp.tv\\\/2025\\\/gobierno-alista-operativo-por-visita-de-reliquias-de-san-judas-tadeo\\\/\"]}]},{\"@type\":\"ImageObject\",\"inLanguage\":\"es\",\"@id\":\"https:\\\/\\\/canal7slp.tv\\\/2025\\\/gobierno-alista-operativo-por-visita-de-reliquias-de-san-judas-tadeo\\\/#primaryimage\",\"url\":\"https:\\\/\\\/canal7slp.tv\\\/2025\\\/wp-content\\\/uploads\\\/2025\\\/02\\\/Operativo.jpeg\",\"contentUrl\":\"https:\\\/\\\/canal7slp.tv\\\/2025\\\/wp-content\\\/uploads\\\/2025\\\/02\\\/Operativo.jpeg\",\"width\":2560,\"height\":1706},{\"@type\":\"BreadcrumbList\",\"@id\":\"https:\\\/\\\/canal7slp.tv\\\/2025\\\/gobierno-alista-operativo-por-visita-de-reliquias-de-san-judas-tadeo\\\/#breadcrumb\",\"itemListElement\":[{\"@type\":\"ListItem\",\"position\":1,\"name\":\"Portada\",\"item\":\"https:\\\/\\\/canal7slp.tv\\\/2025\\\/\"},{\"@type\":\"ListItem\",\"position\":2,\"name\":\"Gobierno alista operativo por visita de Reliquias de San Judas Tadeo\"}]},{\"@type\":\"WebSite\",\"@id\":\"https:\\\/\\\/canal7slp.tv\\\/2025\\\/#website\",\"url\":\"https:\\\/\\\/canal7slp.tv\\\/2025\\\/\",\"name\":\"N7 - Noticieros Canal 7\",\"description\":\"Somos el Medio\",\"publisher\":{\"@id\":\"https:\\\/\\\/canal7slp.tv\\\/2025\\\/#organization\"},\"potentialAction\":[{\"@type\":\"SearchAction\",\"target\":{\"@type\":\"EntryPoint\",\"urlTemplate\":\"https:\\\/\\\/canal7slp.tv\\\/2025\\\/?s={search_term_string}\"},\"query-input\":{\"@type\":\"PropertyValueSpecification\",\"valueRequired\":true,\"valueName\":\"search_term_string\"}}],\"inLanguage\":\"es\"},{\"@type\":\"Organization\",\"@id\":\"https:\\\/\\\/canal7slp.tv\\\/2025\\\/#organization\",\"name\":\"Noticieros Canal 7\",\"url\":\"https:\\\/\\\/canal7slp.tv\\\/2025\\\/\",\"logo\":{\"@type\":\"ImageObject\",\"inLanguage\":\"es\",\"@id\":\"https:\\\/\\\/canal7slp.tv\\\/2025\\\/#\\\/schema\\\/logo\\\/image\\\/\",\"url\":\"https:\\\/\\\/canal7slp.tv\\\/2025\\\/wp-content\\\/uploads\\\/2021\\\/01\\\/logo-noticieros@2x.png\",\"contentUrl\":\"https:\\\/\\\/canal7slp.tv\\\/2025\\\/wp-content\\\/uploads\\\/2021\\\/01\\\/logo-noticieros@2x.png\",\"width\":1017,\"height\":268,\"caption\":\"Noticieros Canal 7\"},\"image\":{\"@id\":\"https:\\\/\\\/canal7slp.tv\\\/2025\\\/#\\\/schema\\\/logo\\\/image\\\/\"},\"sameAs\":[\"https:\\\/\\\/www.facebook.com\\\/noticieroscanal7atencionciudadana\\\/\",\"https:\\\/\\\/x.com\\\/NOTICIEROS7\",\"https:\\\/\\\/www.instagram.com\\\/canal7_slp\",\"https:\\\/\\\/www.youtube.com\\\/channel\\\/UCliiYs-gP3JfJeqdPrNdd5A\"]},{\"@type\":\"Person\",\"@id\":\"https:\\\/\\\/canal7slp.tv\\\/2025\\\/#\\\/schema\\\/person\\\/271e2b60a96e7cc9d9ac296f4d7e414b\",\"name\":\"Edici\u00f3n Web\",\"image\":{\"@type\":\"ImageObject\",\"inLanguage\":\"es\",\"@id\":\"https:\\\/\\\/secure.gravatar.com\\\/avatar\\\/eee448fc3f7164808013b816ba91ac7e43bbe82a70bebac296f8bc6f0addaa1a?s=96&d=mm&r=g\",\"url\":\"https:\\\/\\\/secure.gravatar.com\\\/avatar\\\/eee448fc3f7164808013b816ba91ac7e43bbe82a70bebac296f8bc6f0addaa1a?s=96&d=mm&r=g\",\"contentUrl\":\"https:\\\/\\\/secure.gravatar.com\\\/avatar\\\/eee448fc3f7164808013b816ba91ac7e43bbe82a70bebac296f8bc6f0addaa1a?s=96&d=mm&r=g\",\"caption\":\"Edici\u00f3n Web\"},\"url\":\"https:\\\/\\\/canal7slp.tv\\\/2025\\\/author\\\/edicionweb\\\/\"}]}<\/script>\n<!-- \/ Yoast SEO plugin. -->","yoast_head_json":{"title":"Gobierno alista operativo por visita de Reliquias de San Judas Tadeo - Canal 7 SLP - 2025","robots":{"index":"index","follow":"follow","max-snippet":"max-snippet:-1","max-image-preview":"max-image-preview:large","max-video-preview":"max-video-preview:-1"},"canonical":"https:\/\/canal7slp.tv\/2025\/gobierno-alista-operativo-por-visita-de-reliquias-de-san-judas-tadeo\/","og_locale":"es_ES","og_type":"article","og_title":"Gobierno alista operativo por visita de Reliquias de San Judas Tadeo - Canal 7 SLP - 2025","og_description":"SLP.- La Coordinaci\u00f3n Estatal de Protecci\u00f3n Civil (CEPC) organiz\u00f3 una reuni\u00f3n con autoridades estatales, municipales, eclesi\u00e1sticas y grupos de emergencia para afinar detalles del operativo por la visita de las reliquias de San Judas Tadeo a San Luis Potos\u00ed. Las reliquias llegar\u00e1n a Villa de Arriaga el 11 de febrero, estar\u00e1n en la Catedral Metropolitana del 12 al 14 de febrero, y luego recorrer\u00e1n parroquias de la capital hasta el 17 de febrero. Posteriormente, se trasladar\u00e1n a Ahualulco, Soledad de Graciano S\u00e1nchez, Villa de Pozos, Villa de Reyes, Santa Mar\u00eda del R\u00edo, Cerritos, y finalmente ser\u00e1n entregadas a Nuevo Le\u00f3n [&hellip;]","og_url":"https:\/\/canal7slp.tv\/2025\/gobierno-alista-operativo-por-visita-de-reliquias-de-san-judas-tadeo\/","og_site_name":"Canal 7 SLP - 2025","article_publisher":"https:\/\/www.facebook.com\/noticieroscanal7atencionciudadana\/","article_published_time":"2025-02-10T00:30:22+00:00","article_modified_time":"2025-02-10T00:31:42+00:00","og_image":[{"width":2560,"height":1706,"url":"https:\/\/canal7slp.tv\/2025\/wp-content\/uploads\/2025\/02\/Operativo.jpeg","type":"image\/jpeg"}],"author":"Edici\u00f3n Web","twitter_card":"summary_large_image","twitter_creator":"@NOTICIEROS7","twitter_site":"@NOTICIEROS7","twitter_misc":{"Escrito por":"Edici\u00f3n Web","Tiempo de lectura":"2 minutos"},"schema":{"@context":"https:\/\/schema.org","@graph":[{"@type":"Article","@id":"https:\/\/canal7slp.tv\/2025\/gobierno-alista-operativo-por-visita-de-reliquias-de-san-judas-tadeo\/#article","isPartOf":{"@id":"https:\/\/canal7slp.tv\/2025\/gobierno-alista-operativo-por-visita-de-reliquias-de-san-judas-tadeo\/"},"author":{"name":"Edici\u00f3n Web","@id":"https:\/\/canal7slp.tv\/2025\/#\/schema\/person\/271e2b60a96e7cc9d9ac296f4d7e414b"},"headline":"Gobierno alista operativo por visita de Reliquias de San Judas Tadeo","datePublished":"2025-02-10T00:30:22+00:00","dateModified":"2025-02-10T00:31:42+00:00","mainEntityOfPage":{"@id":"https:\/\/canal7slp.tv\/2025\/gobierno-alista-operativo-por-visita-de-reliquias-de-san-judas-tadeo\/"},"wordCount":159,"publisher":{"@id":"https:\/\/canal7slp.tv\/2025\/#organization"},"image":{"@id":"https:\/\/canal7slp.tv\/2025\/gobierno-alista-operativo-por-visita-de-reliquias-de-san-judas-tadeo\/#primaryimage"},"thumbnailUrl":"https:\/\/canal7slp.tv\/2025\/wp-content\/uploads\/2025\/02\/Operativo.jpeg","articleSection":["LOCALES Y REGIONALES"],"inLanguage":"es"},{"@type":"WebPage","@id":"https:\/\/canal7slp.tv\/2025\/gobierno-alista-operativo-por-visita-de-reliquias-de-san-judas-tadeo\/","url":"https:\/\/canal7slp.tv\/2025\/gobierno-alista-operativo-por-visita-de-reliquias-de-san-judas-tadeo\/","name":"Gobierno alista operativo por visita de Reliquias de San Judas Tadeo - Canal 7 SLP - 2025","isPartOf":{"@id":"https:\/\/canal7slp.tv\/2025\/#website"},"primaryImageOfPage":{"@id":"https:\/\/canal7slp.tv\/2025\/gobierno-alista-operativo-por-visita-de-reliquias-de-san-judas-tadeo\/#primaryimage"},"image":{"@id":"https:\/\/canal7slp.tv\/2025\/gobierno-alista-operativo-por-visita-de-reliquias-de-san-judas-tadeo\/#primaryimage"},"thumbnailUrl":"https:\/\/canal7slp.tv\/2025\/wp-content\/uploads\/2025\/02\/Operativo.jpeg","datePublished":"2025-02-10T00:30:22+00:00","dateModified":"2025-02-10T00:31:42+00:00","breadcrumb":{"@id":"https:\/\/canal7slp.tv\/2025\/gobierno-alista-operativo-por-visita-de-reliquias-de-san-judas-tadeo\/#breadcrumb"},"inLanguage":"es","potentialAction":[{"@type":"ReadAction","target":["https:\/\/canal7slp.tv\/2025\/gobierno-alista-operativo-por-visita-de-reliquias-de-san-judas-tadeo\/"]}]},{"@type":"ImageObject","inLanguage":"es","@id":"https:\/\/canal7slp.tv\/2025\/gobierno-alista-operativo-por-visita-de-reliquias-de-san-judas-tadeo\/#primaryimage","url":"https:\/\/canal7slp.tv\/2025\/wp-content\/uploads\/2025\/02\/Operativo.jpeg","contentUrl":"https:\/\/canal7slp.tv\/2025\/wp-content\/uploads\/2025\/02\/Operativo.jpeg","width":2560,"height":1706},{"@type":"BreadcrumbList","@id":"https:\/\/canal7slp.tv\/2025\/gobierno-alista-operativo-por-visita-de-reliquias-de-san-judas-tadeo\/#breadcrumb","itemListElement":[{"@type":"ListItem","position":1,"name":"Portada","item":"https:\/\/canal7slp.tv\/2025\/"},{"@type":"ListItem","position":2,"name":"Gobierno alista operativo por visita de Reliquias de San Judas Tadeo"}]},{"@type":"WebSite","@id":"https:\/\/canal7slp.tv\/2025\/#website","url":"https:\/\/canal7slp.tv\/2025\/","name":"N7 - Noticieros Canal 7","description":"Somos el Medio","publisher":{"@id":"https:\/\/canal7slp.tv\/2025\/#organization"},"potentialAction":[{"@type":"SearchAction","target":{"@type":"EntryPoint","urlTemplate":"https:\/\/canal7slp.tv\/2025\/?s={search_term_string}"},"query-input":{"@type":"PropertyValueSpecification","valueRequired":true,"valueName":"search_term_string"}}],"inLanguage":"es"},{"@type":"Organization","@id":"https:\/\/canal7slp.tv\/2025\/#organization","name":"Noticieros Canal 7","url":"https:\/\/canal7slp.tv\/2025\/","logo":{"@type":"ImageObject","inLanguage":"es","@id":"https:\/\/canal7slp.tv\/2025\/#\/schema\/logo\/image\/","url":"https:\/\/canal7slp.tv\/2025\/wp-content\/uploads\/2021\/01\/logo-noticieros@2x.png","contentUrl":"https:\/\/canal7slp.tv\/2025\/wp-content\/uploads\/2021\/01\/logo-noticieros@2x.png","width":1017,"height":268,"caption":"Noticieros Canal 7"},"image":{"@id":"https:\/\/canal7slp.tv\/2025\/#\/schema\/logo\/image\/"},"sameAs":["https:\/\/www.facebook.com\/noticieroscanal7atencionciudadana\/","https:\/\/x.com\/NOTICIEROS7","https:\/\/www.instagram.com\/canal7_slp","https:\/\/www.youtube.com\/channel\/UCliiYs-gP3JfJeqdPrNdd5A"]},{"@type":"Person","@id":"https:\/\/canal7slp.tv\/2025\/#\/schema\/person\/271e2b60a96e7cc9d9ac296f4d7e414b","name":"Edici\u00f3n Web","image":{"@type":"ImageObject","inLanguage":"es","@id":"https:\/\/secure.gravatar.com\/avatar\/eee448fc3f7164808013b816ba91ac7e43bbe82a70bebac296f8bc6f0addaa1a?s=96&d=mm&r=g","url":"https:\/\/secure.gravatar.com\/avatar\/eee448fc3f7164808013b816ba91ac7e43bbe82a70bebac296f8bc6f0addaa1a?s=96&d=mm&r=g","contentUrl":"https:\/\/secure.gravatar.com\/avatar\/eee448fc3f7164808013b816ba91ac7e43bbe82a70bebac296f8bc6f0addaa1a?s=96&d=mm&r=g","caption":"Edici\u00f3n Web"},"url":"https:\/\/canal7slp.tv\/2025\/author\/edicionweb\/"}]}},"_links":{"self":[{"href":"https:\/\/canal7slp.tv\/2025\/wp-json\/wp\/v2\/posts\/157430","targetHints":{"allow":["GET"]}}],"collection":[{"href":"https:\/\/canal7slp.tv\/2025\/wp-json\/wp\/v2\/posts"}],"about":[{"href":"https:\/\/canal7slp.tv\/2025\/wp-json\/wp\/v2\/types\/post"}],"author":[{"embeddable":true,"href":"https:\/\/canal7slp.tv\/2025\/wp-json\/wp\/v2\/users\/2"}],"replies":[{"embeddable":true,"href":"https:\/\/canal7slp.tv\/2025\/wp-json\/wp\/v2\/comments?post=157430"}],"version-history":[{"count":2,"href":"https:\/\/canal7slp.tv\/2025\/wp-json\/wp\/v2\/posts\/157430\/revisions"}],"predecessor-version":[{"id":157436,"href":"https:\/\/canal7slp.tv\/2025\/wp-json\/wp\/v2\/posts\/157430\/revisions\/157436"}],"wp:featuredmedia":[{"embeddable":true,"href":"https:\/\/canal7slp.tv\/2025\/wp-json\/wp\/v2\/media\/157431"}],"wp:attachment":[{"href":"https:\/\/canal7slp.tv\/2025\/wp-json\/wp\/v2\/media?parent=157430"}],"wp:term":[{"taxonomy":"category","embeddable":true,"href":"https:\/\/canal7slp.tv\/2025\/wp-json\/wp\/v2\/categories?post=157430"},{"taxonomy":"post_tag","embeddable":true,"href":"https:\/\/canal7slp.tv\/2025\/wp-json\/wp\/v2\/tags?post=157430"}],"curies":[{"name":"wp","href":"https:\/\/api.w.org\/{rel}","templated":true}]}}