{"id":157345,"date":"2025-02-08T12:32:14","date_gmt":"2025-02-08T18:32:14","guid":{"rendered":"https:\/\/canal7slp.tv\/2025\/?p=157345"},"modified":"2025-02-08T12:32:14","modified_gmt":"2025-02-08T18:32:14","slug":"enero-de-2025-rompe-record-de-temperaturas-globales","status":"publish","type":"post","link":"https:\/\/canal7slp.tv\/2025\/enero-de-2025-rompe-record-de-temperaturas-globales\/","title":{"rendered":"Enero de 2025 rompe r\u00e9cord de temperaturas globales"},"content":{"rendered":"<p style=\"text-align: justify;\">El mes de enero de 2025 ha establecido un nuevo r\u00e9cord de temperaturas globales, seg\u00fan el servicio clim\u00e1tico europeo Copernicus. A pesar de las condiciones inusualmente fr\u00edas en Estados Unidos y el debilitamiento del fen\u00f3meno de La Ni\u00f1a, el mes registr\u00f3 una temperatura 0.09\u00b0C m\u00e1s alta que enero de 2024, alcanzando un aumento total de 1.75\u00b0C en comparaci\u00f3n con la era preindustrial.<\/p>\n<p style=\"text-align: justify;\">Este nuevo r\u00e9cord se produce en un contexto donde el calentamiento global parece acelerarse, seg\u00fan un estudio liderado por el ex cient\u00edfico de la NASA, James Hansen, lo que ha generado debate en la comunidad cient\u00edfica.<\/p>\n<p style=\"text-align: justify;\">En los \u00faltimos 18 de 19 meses, las temperaturas han superado el l\u00edmite internacional de 1.5\u00b0C. Aunque este umbral no se considera oficialmente rebasado hasta que se mantenga por 20 a\u00f1os consecutivos, la tendencia actual es alarmante.<\/p>\n<p style=\"text-align: justify;\">La principal causa de este calentamiento es la acumulaci\u00f3n de gases de efecto invernadero debido a la quema de combustibles f\u00f3siles. A pesar de la influencia de La Ni\u00f1a, que usualmente ayuda a enfriar el planeta, las temperaturas han seguido subiendo, especialmente en los oc\u00e9anos.<\/p>\n<p style=\"text-align: justify;\">En el \u00c1rtico, las temperaturas fueron hasta 30\u00b0C m\u00e1s altas que el promedio, lo que ha llevado a un derretimiento significativo del hielo marino. Copernicus inform\u00f3 que este enero igual\u00f3 el r\u00e9cord de menor cantidad de hielo marino jam\u00e1s registrado.<\/p>\n<p style=\"text-align: justify;\">Aunque febrero ha comenzado con temperaturas m\u00e1s fr\u00edas que en a\u00f1os anteriores, los expertos advierten que 2025 podr\u00eda competir con 2024 por el t\u00edtulo de a\u00f1o m\u00e1s c\u00e1lido.<\/p>\n<p style=\"text-align: justify;\">Hansen sostiene que los \u00faltimos 15 a\u00f1os han mostrado un calentamiento acelerado, mientras que otros cient\u00edficos, como Gabe Vecchi y Michael Mann, cuestionan esta afirmaci\u00f3n, argumentando que a\u00fan no hay suficientes datos para confirmar si se trata de una tendencia continua o una fluctuaci\u00f3n temporal.<\/p>\n","protected":false},"excerpt":{"rendered":"<p>El mes de enero de 2025 ha establecido un nuevo r\u00e9cord de temperaturas globales, seg\u00fan el servicio clim\u00e1tico europeo Copernicus. A pesar de las condiciones inusualmente fr\u00edas en Estados Unidos y el debilitamiento del fen\u00f3meno de La Ni\u00f1a, el mes registr\u00f3 una temperatura 0.09\u00b0C m\u00e1s alta que enero de 2024, alcanzando un aumento total de 1.75\u00b0C en comparaci\u00f3n con la era preindustrial. Este nuevo r\u00e9cord se produce en un contexto donde el calentamiento global parece acelerarse, seg\u00fan un estudio liderado por el ex cient\u00edfico de la NASA, James Hansen, lo que ha generado debate en la comunidad cient\u00edfica. En los [&hellip;]<\/p>\n","protected":false},"author":2,"featured_media":157346,"comment_status":"closed","ping_status":"closed","sticky":false,"template":"","format":"standard","meta":{"_monsterinsights_skip_tracking":false,"_monsterinsights_sitenote_active":false,"_monsterinsights_sitenote_note":"","_monsterinsights_sitenote_category":0,"footnotes":""},"categories":[44],"tags":[],"class_list":["post-157345","post","type-post","status-publish","format-standard","has-post-thumbnail","hentry","category-internacional","post--single"],"yoast_head":"<!-- This site is optimized with the Yoast SEO plugin v27.5 - https:\/\/yoast.com\/product\/yoast-seo-wordpress\/ -->\n<title>Enero de 2025 rompe r\u00e9cord de temperaturas globales - Canal 7 SLP - 2025<\/title>\n<meta name=\"robots\" content=\"index, follow, max-snippet:-1, max-image-preview:large, max-video-preview:-1\" \/>\n<link rel=\"canonical\" href=\"https:\/\/canal7slp.tv\/2025\/enero-de-2025-rompe-record-de-temperaturas-globales\/\" \/>\n<meta property=\"og:locale\" content=\"es_ES\" \/>\n<meta property=\"og:type\" content=\"article\" \/>\n<meta property=\"og:title\" content=\"Enero de 2025 rompe r\u00e9cord de temperaturas globales - Canal 7 SLP - 2025\" \/>\n<meta property=\"og:description\" content=\"El mes de enero de 2025 ha establecido un nuevo r\u00e9cord de temperaturas globales, seg\u00fan el servicio clim\u00e1tico europeo Copernicus. A pesar de las condiciones inusualmente fr\u00edas en Estados Unidos y el debilitamiento del fen\u00f3meno de La Ni\u00f1a, el mes registr\u00f3 una temperatura 0.09\u00b0C m\u00e1s alta que enero de 2024, alcanzando un aumento total de 1.75\u00b0C en comparaci\u00f3n con la era preindustrial. Este nuevo r\u00e9cord se produce en un contexto donde el calentamiento global parece acelerarse, seg\u00fan un estudio liderado por el ex cient\u00edfico de la NASA, James Hansen, lo que ha generado debate en la comunidad cient\u00edfica. En los [&hellip;]\" \/>\n<meta property=\"og:url\" content=\"https:\/\/canal7slp.tv\/2025\/enero-de-2025-rompe-record-de-temperaturas-globales\/\" \/>\n<meta property=\"og:site_name\" content=\"Canal 7 SLP - 2025\" \/>\n<meta property=\"article:publisher\" content=\"https:\/\/www.facebook.com\/noticieroscanal7atencionciudadana\/\" \/>\n<meta property=\"article:published_time\" content=\"2025-02-08T18:32:14+00:00\" \/>\n<meta property=\"og:image\" content=\"https:\/\/canal7slp.tv\/2025\/wp-content\/uploads\/2025\/02\/05-7.jpg\" \/>\n\t<meta property=\"og:image:width\" content=\"642\" \/>\n\t<meta property=\"og:image:height\" content=\"410\" \/>\n\t<meta property=\"og:image:type\" content=\"image\/jpeg\" \/>\n<meta name=\"author\" content=\"Edici\u00f3n Web\" \/>\n<meta name=\"twitter:card\" content=\"summary_large_image\" \/>\n<meta name=\"twitter:creator\" content=\"@NOTICIEROS7\" \/>\n<meta name=\"twitter:site\" content=\"@NOTICIEROS7\" \/>\n<meta name=\"twitter:label1\" content=\"Escrito por\" \/>\n\t<meta name=\"twitter:data1\" content=\"Edici\u00f3n Web\" \/>\n\t<meta name=\"twitter:label2\" content=\"Tiempo de lectura\" \/>\n\t<meta name=\"twitter:data2\" content=\"2 minutos\" \/>\n<script type=\"application\/ld+json\" class=\"yoast-schema-graph\">{\"@context\":\"https:\\\/\\\/schema.org\",\"@graph\":[{\"@type\":\"Article\",\"@id\":\"https:\\\/\\\/canal7slp.tv\\\/2025\\\/enero-de-2025-rompe-record-de-temperaturas-globales\\\/#article\",\"isPartOf\":{\"@id\":\"https:\\\/\\\/canal7slp.tv\\\/2025\\\/enero-de-2025-rompe-record-de-temperaturas-globales\\\/\"},\"author\":{\"name\":\"Edici\u00f3n Web\",\"@id\":\"https:\\\/\\\/canal7slp.tv\\\/2025\\\/#\\\/schema\\\/person\\\/271e2b60a96e7cc9d9ac296f4d7e414b\"},\"headline\":\"Enero de 2025 rompe r\u00e9cord de temperaturas globales\",\"datePublished\":\"2025-02-08T18:32:14+00:00\",\"mainEntityOfPage\":{\"@id\":\"https:\\\/\\\/canal7slp.tv\\\/2025\\\/enero-de-2025-rompe-record-de-temperaturas-globales\\\/\"},\"wordCount\":327,\"publisher\":{\"@id\":\"https:\\\/\\\/canal7slp.tv\\\/2025\\\/#organization\"},\"image\":{\"@id\":\"https:\\\/\\\/canal7slp.tv\\\/2025\\\/enero-de-2025-rompe-record-de-temperaturas-globales\\\/#primaryimage\"},\"thumbnailUrl\":\"https:\\\/\\\/canal7slp.tv\\\/2025\\\/wp-content\\\/uploads\\\/2025\\\/02\\\/05-7.jpg\",\"articleSection\":[\"INTERNACIONALES\"],\"inLanguage\":\"es\"},{\"@type\":\"WebPage\",\"@id\":\"https:\\\/\\\/canal7slp.tv\\\/2025\\\/enero-de-2025-rompe-record-de-temperaturas-globales\\\/\",\"url\":\"https:\\\/\\\/canal7slp.tv\\\/2025\\\/enero-de-2025-rompe-record-de-temperaturas-globales\\\/\",\"name\":\"Enero de 2025 rompe r\u00e9cord de temperaturas globales - Canal 7 SLP - 2025\",\"isPartOf\":{\"@id\":\"https:\\\/\\\/canal7slp.tv\\\/2025\\\/#website\"},\"primaryImageOfPage\":{\"@id\":\"https:\\\/\\\/canal7slp.tv\\\/2025\\\/enero-de-2025-rompe-record-de-temperaturas-globales\\\/#primaryimage\"},\"image\":{\"@id\":\"https:\\\/\\\/canal7slp.tv\\\/2025\\\/enero-de-2025-rompe-record-de-temperaturas-globales\\\/#primaryimage\"},\"thumbnailUrl\":\"https:\\\/\\\/canal7slp.tv\\\/2025\\\/wp-content\\\/uploads\\\/2025\\\/02\\\/05-7.jpg\",\"datePublished\":\"2025-02-08T18:32:14+00:00\",\"breadcrumb\":{\"@id\":\"https:\\\/\\\/canal7slp.tv\\\/2025\\\/enero-de-2025-rompe-record-de-temperaturas-globales\\\/#breadcrumb\"},\"inLanguage\":\"es\",\"potentialAction\":[{\"@type\":\"ReadAction\",\"target\":[\"https:\\\/\\\/canal7slp.tv\\\/2025\\\/enero-de-2025-rompe-record-de-temperaturas-globales\\\/\"]}]},{\"@type\":\"ImageObject\",\"inLanguage\":\"es\",\"@id\":\"https:\\\/\\\/canal7slp.tv\\\/2025\\\/enero-de-2025-rompe-record-de-temperaturas-globales\\\/#primaryimage\",\"url\":\"https:\\\/\\\/canal7slp.tv\\\/2025\\\/wp-content\\\/uploads\\\/2025\\\/02\\\/05-7.jpg\",\"contentUrl\":\"https:\\\/\\\/canal7slp.tv\\\/2025\\\/wp-content\\\/uploads\\\/2025\\\/02\\\/05-7.jpg\",\"width\":642,\"height\":410},{\"@type\":\"BreadcrumbList\",\"@id\":\"https:\\\/\\\/canal7slp.tv\\\/2025\\\/enero-de-2025-rompe-record-de-temperaturas-globales\\\/#breadcrumb\",\"itemListElement\":[{\"@type\":\"ListItem\",\"position\":1,\"name\":\"Portada\",\"item\":\"https:\\\/\\\/canal7slp.tv\\\/2025\\\/\"},{\"@type\":\"ListItem\",\"position\":2,\"name\":\"Enero de 2025 rompe r\u00e9cord de temperaturas globales\"}]},{\"@type\":\"WebSite\",\"@id\":\"https:\\\/\\\/canal7slp.tv\\\/2025\\\/#website\",\"url\":\"https:\\\/\\\/canal7slp.tv\\\/2025\\\/\",\"name\":\"N7 - Noticieros Canal 7\",\"description\":\"Somos el Medio\",\"publisher\":{\"@id\":\"https:\\\/\\\/canal7slp.tv\\\/2025\\\/#organization\"},\"potentialAction\":[{\"@type\":\"SearchAction\",\"target\":{\"@type\":\"EntryPoint\",\"urlTemplate\":\"https:\\\/\\\/canal7slp.tv\\\/2025\\\/?s={search_term_string}\"},\"query-input\":{\"@type\":\"PropertyValueSpecification\",\"valueRequired\":true,\"valueName\":\"search_term_string\"}}],\"inLanguage\":\"es\"},{\"@type\":\"Organization\",\"@id\":\"https:\\\/\\\/canal7slp.tv\\\/2025\\\/#organization\",\"name\":\"Noticieros Canal 7\",\"url\":\"https:\\\/\\\/canal7slp.tv\\\/2025\\\/\",\"logo\":{\"@type\":\"ImageObject\",\"inLanguage\":\"es\",\"@id\":\"https:\\\/\\\/canal7slp.tv\\\/2025\\\/#\\\/schema\\\/logo\\\/image\\\/\",\"url\":\"https:\\\/\\\/canal7slp.tv\\\/2025\\\/wp-content\\\/uploads\\\/2021\\\/01\\\/logo-noticieros@2x.png\",\"contentUrl\":\"https:\\\/\\\/canal7slp.tv\\\/2025\\\/wp-content\\\/uploads\\\/2021\\\/01\\\/logo-noticieros@2x.png\",\"width\":1017,\"height\":268,\"caption\":\"Noticieros Canal 7\"},\"image\":{\"@id\":\"https:\\\/\\\/canal7slp.tv\\\/2025\\\/#\\\/schema\\\/logo\\\/image\\\/\"},\"sameAs\":[\"https:\\\/\\\/www.facebook.com\\\/noticieroscanal7atencionciudadana\\\/\",\"https:\\\/\\\/x.com\\\/NOTICIEROS7\",\"https:\\\/\\\/www.instagram.com\\\/canal7_slp\",\"https:\\\/\\\/www.youtube.com\\\/channel\\\/UCliiYs-gP3JfJeqdPrNdd5A\"]},{\"@type\":\"Person\",\"@id\":\"https:\\\/\\\/canal7slp.tv\\\/2025\\\/#\\\/schema\\\/person\\\/271e2b60a96e7cc9d9ac296f4d7e414b\",\"name\":\"Edici\u00f3n Web\",\"image\":{\"@type\":\"ImageObject\",\"inLanguage\":\"es\",\"@id\":\"https:\\\/\\\/secure.gravatar.com\\\/avatar\\\/eee448fc3f7164808013b816ba91ac7e43bbe82a70bebac296f8bc6f0addaa1a?s=96&d=mm&r=g\",\"url\":\"https:\\\/\\\/secure.gravatar.com\\\/avatar\\\/eee448fc3f7164808013b816ba91ac7e43bbe82a70bebac296f8bc6f0addaa1a?s=96&d=mm&r=g\",\"contentUrl\":\"https:\\\/\\\/secure.gravatar.com\\\/avatar\\\/eee448fc3f7164808013b816ba91ac7e43bbe82a70bebac296f8bc6f0addaa1a?s=96&d=mm&r=g\",\"caption\":\"Edici\u00f3n Web\"},\"url\":\"https:\\\/\\\/canal7slp.tv\\\/2025\\\/author\\\/edicionweb\\\/\"}]}<\/script>\n<!-- \/ Yoast SEO plugin. -->","yoast_head_json":{"title":"Enero de 2025 rompe r\u00e9cord de temperaturas globales - Canal 7 SLP - 2025","robots":{"index":"index","follow":"follow","max-snippet":"max-snippet:-1","max-image-preview":"max-image-preview:large","max-video-preview":"max-video-preview:-1"},"canonical":"https:\/\/canal7slp.tv\/2025\/enero-de-2025-rompe-record-de-temperaturas-globales\/","og_locale":"es_ES","og_type":"article","og_title":"Enero de 2025 rompe r\u00e9cord de temperaturas globales - Canal 7 SLP - 2025","og_description":"El mes de enero de 2025 ha establecido un nuevo r\u00e9cord de temperaturas globales, seg\u00fan el servicio clim\u00e1tico europeo Copernicus. A pesar de las condiciones inusualmente fr\u00edas en Estados Unidos y el debilitamiento del fen\u00f3meno de La Ni\u00f1a, el mes registr\u00f3 una temperatura 0.09\u00b0C m\u00e1s alta que enero de 2024, alcanzando un aumento total de 1.75\u00b0C en comparaci\u00f3n con la era preindustrial. Este nuevo r\u00e9cord se produce en un contexto donde el calentamiento global parece acelerarse, seg\u00fan un estudio liderado por el ex cient\u00edfico de la NASA, James Hansen, lo que ha generado debate en la comunidad cient\u00edfica. En los [&hellip;]","og_url":"https:\/\/canal7slp.tv\/2025\/enero-de-2025-rompe-record-de-temperaturas-globales\/","og_site_name":"Canal 7 SLP - 2025","article_publisher":"https:\/\/www.facebook.com\/noticieroscanal7atencionciudadana\/","article_published_time":"2025-02-08T18:32:14+00:00","og_image":[{"width":642,"height":410,"url":"https:\/\/canal7slp.tv\/2025\/wp-content\/uploads\/2025\/02\/05-7.jpg","type":"image\/jpeg"}],"author":"Edici\u00f3n Web","twitter_card":"summary_large_image","twitter_creator":"@NOTICIEROS7","twitter_site":"@NOTICIEROS7","twitter_misc":{"Escrito por":"Edici\u00f3n Web","Tiempo de lectura":"2 minutos"},"schema":{"@context":"https:\/\/schema.org","@graph":[{"@type":"Article","@id":"https:\/\/canal7slp.tv\/2025\/enero-de-2025-rompe-record-de-temperaturas-globales\/#article","isPartOf":{"@id":"https:\/\/canal7slp.tv\/2025\/enero-de-2025-rompe-record-de-temperaturas-globales\/"},"author":{"name":"Edici\u00f3n Web","@id":"https:\/\/canal7slp.tv\/2025\/#\/schema\/person\/271e2b60a96e7cc9d9ac296f4d7e414b"},"headline":"Enero de 2025 rompe r\u00e9cord de temperaturas globales","datePublished":"2025-02-08T18:32:14+00:00","mainEntityOfPage":{"@id":"https:\/\/canal7slp.tv\/2025\/enero-de-2025-rompe-record-de-temperaturas-globales\/"},"wordCount":327,"publisher":{"@id":"https:\/\/canal7slp.tv\/2025\/#organization"},"image":{"@id":"https:\/\/canal7slp.tv\/2025\/enero-de-2025-rompe-record-de-temperaturas-globales\/#primaryimage"},"thumbnailUrl":"https:\/\/canal7slp.tv\/2025\/wp-content\/uploads\/2025\/02\/05-7.jpg","articleSection":["INTERNACIONALES"],"inLanguage":"es"},{"@type":"WebPage","@id":"https:\/\/canal7slp.tv\/2025\/enero-de-2025-rompe-record-de-temperaturas-globales\/","url":"https:\/\/canal7slp.tv\/2025\/enero-de-2025-rompe-record-de-temperaturas-globales\/","name":"Enero de 2025 rompe r\u00e9cord de temperaturas globales - Canal 7 SLP - 2025","isPartOf":{"@id":"https:\/\/canal7slp.tv\/2025\/#website"},"primaryImageOfPage":{"@id":"https:\/\/canal7slp.tv\/2025\/enero-de-2025-rompe-record-de-temperaturas-globales\/#primaryimage"},"image":{"@id":"https:\/\/canal7slp.tv\/2025\/enero-de-2025-rompe-record-de-temperaturas-globales\/#primaryimage"},"thumbnailUrl":"https:\/\/canal7slp.tv\/2025\/wp-content\/uploads\/2025\/02\/05-7.jpg","datePublished":"2025-02-08T18:32:14+00:00","breadcrumb":{"@id":"https:\/\/canal7slp.tv\/2025\/enero-de-2025-rompe-record-de-temperaturas-globales\/#breadcrumb"},"inLanguage":"es","potentialAction":[{"@type":"ReadAction","target":["https:\/\/canal7slp.tv\/2025\/enero-de-2025-rompe-record-de-temperaturas-globales\/"]}]},{"@type":"ImageObject","inLanguage":"es","@id":"https:\/\/canal7slp.tv\/2025\/enero-de-2025-rompe-record-de-temperaturas-globales\/#primaryimage","url":"https:\/\/canal7slp.tv\/2025\/wp-content\/uploads\/2025\/02\/05-7.jpg","contentUrl":"https:\/\/canal7slp.tv\/2025\/wp-content\/uploads\/2025\/02\/05-7.jpg","width":642,"height":410},{"@type":"BreadcrumbList","@id":"https:\/\/canal7slp.tv\/2025\/enero-de-2025-rompe-record-de-temperaturas-globales\/#breadcrumb","itemListElement":[{"@type":"ListItem","position":1,"name":"Portada","item":"https:\/\/canal7slp.tv\/2025\/"},{"@type":"ListItem","position":2,"name":"Enero de 2025 rompe r\u00e9cord de temperaturas globales"}]},{"@type":"WebSite","@id":"https:\/\/canal7slp.tv\/2025\/#website","url":"https:\/\/canal7slp.tv\/2025\/","name":"N7 - Noticieros Canal 7","description":"Somos el Medio","publisher":{"@id":"https:\/\/canal7slp.tv\/2025\/#organization"},"potentialAction":[{"@type":"SearchAction","target":{"@type":"EntryPoint","urlTemplate":"https:\/\/canal7slp.tv\/2025\/?s={search_term_string}"},"query-input":{"@type":"PropertyValueSpecification","valueRequired":true,"valueName":"search_term_string"}}],"inLanguage":"es"},{"@type":"Organization","@id":"https:\/\/canal7slp.tv\/2025\/#organization","name":"Noticieros Canal 7","url":"https:\/\/canal7slp.tv\/2025\/","logo":{"@type":"ImageObject","inLanguage":"es","@id":"https:\/\/canal7slp.tv\/2025\/#\/schema\/logo\/image\/","url":"https:\/\/canal7slp.tv\/2025\/wp-content\/uploads\/2021\/01\/logo-noticieros@2x.png","contentUrl":"https:\/\/canal7slp.tv\/2025\/wp-content\/uploads\/2021\/01\/logo-noticieros@2x.png","width":1017,"height":268,"caption":"Noticieros Canal 7"},"image":{"@id":"https:\/\/canal7slp.tv\/2025\/#\/schema\/logo\/image\/"},"sameAs":["https:\/\/www.facebook.com\/noticieroscanal7atencionciudadana\/","https:\/\/x.com\/NOTICIEROS7","https:\/\/www.instagram.com\/canal7_slp","https:\/\/www.youtube.com\/channel\/UCliiYs-gP3JfJeqdPrNdd5A"]},{"@type":"Person","@id":"https:\/\/canal7slp.tv\/2025\/#\/schema\/person\/271e2b60a96e7cc9d9ac296f4d7e414b","name":"Edici\u00f3n Web","image":{"@type":"ImageObject","inLanguage":"es","@id":"https:\/\/secure.gravatar.com\/avatar\/eee448fc3f7164808013b816ba91ac7e43bbe82a70bebac296f8bc6f0addaa1a?s=96&d=mm&r=g","url":"https:\/\/secure.gravatar.com\/avatar\/eee448fc3f7164808013b816ba91ac7e43bbe82a70bebac296f8bc6f0addaa1a?s=96&d=mm&r=g","contentUrl":"https:\/\/secure.gravatar.com\/avatar\/eee448fc3f7164808013b816ba91ac7e43bbe82a70bebac296f8bc6f0addaa1a?s=96&d=mm&r=g","caption":"Edici\u00f3n Web"},"url":"https:\/\/canal7slp.tv\/2025\/author\/edicionweb\/"}]}},"_links":{"self":[{"href":"https:\/\/canal7slp.tv\/2025\/wp-json\/wp\/v2\/posts\/157345","targetHints":{"allow":["GET"]}}],"collection":[{"href":"https:\/\/canal7slp.tv\/2025\/wp-json\/wp\/v2\/posts"}],"about":[{"href":"https:\/\/canal7slp.tv\/2025\/wp-json\/wp\/v2\/types\/post"}],"author":[{"embeddable":true,"href":"https:\/\/canal7slp.tv\/2025\/wp-json\/wp\/v2\/users\/2"}],"replies":[{"embeddable":true,"href":"https:\/\/canal7slp.tv\/2025\/wp-json\/wp\/v2\/comments?post=157345"}],"version-history":[{"count":1,"href":"https:\/\/canal7slp.tv\/2025\/wp-json\/wp\/v2\/posts\/157345\/revisions"}],"predecessor-version":[{"id":157353,"href":"https:\/\/canal7slp.tv\/2025\/wp-json\/wp\/v2\/posts\/157345\/revisions\/157353"}],"wp:featuredmedia":[{"embeddable":true,"href":"https:\/\/canal7slp.tv\/2025\/wp-json\/wp\/v2\/media\/157346"}],"wp:attachment":[{"href":"https:\/\/canal7slp.tv\/2025\/wp-json\/wp\/v2\/media?parent=157345"}],"wp:term":[{"taxonomy":"category","embeddable":true,"href":"https:\/\/canal7slp.tv\/2025\/wp-json\/wp\/v2\/categories?post=157345"},{"taxonomy":"post_tag","embeddable":true,"href":"https:\/\/canal7slp.tv\/2025\/wp-json\/wp\/v2\/tags?post=157345"}],"curies":[{"name":"wp","href":"https:\/\/api.w.org\/{rel}","templated":true}]}}