{"id":157320,"date":"2025-02-08T13:19:19","date_gmt":"2025-02-08T19:19:19","guid":{"rendered":"https:\/\/canal7slp.tv\/2025\/?p=157320"},"modified":"2025-02-08T13:19:19","modified_gmt":"2025-02-08T19:19:19","slug":"objetivo-criminal-por-robo-calificado-a-tiendas-de-conveniencia-y-farmacias-en-slp-es-detenido-por-la-pdi","status":"publish","type":"post","link":"https:\/\/canal7slp.tv\/2025\/objetivo-criminal-por-robo-calificado-a-tiendas-de-conveniencia-y-farmacias-en-slp-es-detenido-por-la-pdi\/","title":{"rendered":"Objetivo criminal por robo calificado a tiendas de conveniencia y farmacias en SLP es detenido por la PDI"},"content":{"rendered":"<p style=\"text-align: justify;\">SLP.- La Fiscal\u00eda General del Estado de San Luis Potos\u00ed (FGESLP) inform\u00f3 la detenci\u00f3n de Julio C\u00e9sar \u201cN\u201d por el delito de robo calificado.<\/p>\n<p style=\"text-align: justify;\">El imputado es se\u00f1alado de participar en robos a tiendas de conveniencia y farmacias, y podr\u00eda estar relacionado con hechos similares en otras entidades.<\/p>\n<p style=\"text-align: justify;\">Tras judicializar el caso, un Juez de Control emiti\u00f3 la orden de aprehensi\u00f3n. Julio C\u00e9sar \u201cN\u201d fue detenido en la zona centro de la capital potosina y trasladado al Centro de Reinserci\u00f3n Social No. 1, donde qued\u00f3 a disposici\u00f3n de la autoridad judicial.<\/p>\n","protected":false},"excerpt":{"rendered":"<p>SLP.- La Fiscal\u00eda General del Estado de San Luis Potos\u00ed (FGESLP) inform\u00f3 la detenci\u00f3n de Julio C\u00e9sar \u201cN\u201d por el delito de robo calificado. El imputado es se\u00f1alado de participar en robos a tiendas de conveniencia y farmacias, y podr\u00eda estar relacionado con hechos similares en otras entidades. Tras judicializar el caso, un Juez de Control emiti\u00f3 la orden de aprehensi\u00f3n. Julio C\u00e9sar \u201cN\u201d fue detenido en la zona centro de la capital potosina y trasladado al Centro de Reinserci\u00f3n Social No. 1, donde qued\u00f3 a disposici\u00f3n de la autoridad judicial.<\/p>\n","protected":false},"author":2,"featured_media":157348,"comment_status":"closed","ping_status":"closed","sticky":false,"template":"","format":"standard","meta":{"_monsterinsights_skip_tracking":false,"_monsterinsights_sitenote_active":false,"_monsterinsights_sitenote_note":"","_monsterinsights_sitenote_category":0,"footnotes":""},"categories":[48],"tags":[],"class_list":["post-157320","post","type-post","status-publish","format-standard","has-post-thumbnail","hentry","category-reporte7","post--single"],"yoast_head":"<!-- This site is optimized with the Yoast SEO plugin v27.4 - https:\/\/yoast.com\/product\/yoast-seo-wordpress\/ -->\n<title>Objetivo criminal por robo calificado a tiendas de conveniencia y farmacias en SLP es detenido por la PDI - Canal 7 SLP - 2025<\/title>\n<meta name=\"robots\" content=\"index, follow, max-snippet:-1, max-image-preview:large, max-video-preview:-1\" \/>\n<link rel=\"canonical\" href=\"https:\/\/canal7slp.tv\/2025\/objetivo-criminal-por-robo-calificado-a-tiendas-de-conveniencia-y-farmacias-en-slp-es-detenido-por-la-pdi\/\" \/>\n<meta property=\"og:locale\" content=\"es_ES\" \/>\n<meta property=\"og:type\" content=\"article\" \/>\n<meta property=\"og:title\" content=\"Objetivo criminal por robo calificado a tiendas de conveniencia y farmacias en SLP es detenido por la PDI - Canal 7 SLP - 2025\" \/>\n<meta property=\"og:description\" content=\"SLP.- La Fiscal\u00eda General del Estado de San Luis Potos\u00ed (FGESLP) inform\u00f3 la detenci\u00f3n de Julio C\u00e9sar \u201cN\u201d por el delito de robo calificado. El imputado es se\u00f1alado de participar en robos a tiendas de conveniencia y farmacias, y podr\u00eda estar relacionado con hechos similares en otras entidades. Tras judicializar el caso, un Juez de Control emiti\u00f3 la orden de aprehensi\u00f3n. Julio C\u00e9sar \u201cN\u201d fue detenido en la zona centro de la capital potosina y trasladado al Centro de Reinserci\u00f3n Social No. 1, donde qued\u00f3 a disposici\u00f3n de la autoridad judicial.\" \/>\n<meta property=\"og:url\" content=\"https:\/\/canal7slp.tv\/2025\/objetivo-criminal-por-robo-calificado-a-tiendas-de-conveniencia-y-farmacias-en-slp-es-detenido-por-la-pdi\/\" \/>\n<meta property=\"og:site_name\" content=\"Canal 7 SLP - 2025\" \/>\n<meta property=\"article:publisher\" content=\"https:\/\/www.facebook.com\/noticieroscanal7atencionciudadana\/\" \/>\n<meta property=\"article:published_time\" content=\"2025-02-08T19:19:19+00:00\" \/>\n<meta property=\"og:image\" content=\"https:\/\/canal7slp.tv\/2025\/wp-content\/uploads\/2025\/02\/zz2b-4.jpg\" \/>\n\t<meta property=\"og:image:width\" content=\"894\" \/>\n\t<meta property=\"og:image:height\" content=\"614\" \/>\n\t<meta property=\"og:image:type\" content=\"image\/jpeg\" \/>\n<meta name=\"author\" content=\"Edici\u00f3n Web\" \/>\n<meta name=\"twitter:card\" content=\"summary_large_image\" \/>\n<meta name=\"twitter:creator\" content=\"@NOTICIEROS7\" \/>\n<meta name=\"twitter:site\" content=\"@NOTICIEROS7\" \/>\n<meta name=\"twitter:label1\" content=\"Escrito por\" \/>\n\t<meta name=\"twitter:data1\" content=\"Edici\u00f3n Web\" \/>\n\t<meta name=\"twitter:label2\" content=\"Tiempo de lectura\" \/>\n\t<meta name=\"twitter:data2\" content=\"1 minuto\" \/>\n<script type=\"application\/ld+json\" class=\"yoast-schema-graph\">{\"@context\":\"https:\\\/\\\/schema.org\",\"@graph\":[{\"@type\":\"Article\",\"@id\":\"https:\\\/\\\/canal7slp.tv\\\/2025\\\/objetivo-criminal-por-robo-calificado-a-tiendas-de-conveniencia-y-farmacias-en-slp-es-detenido-por-la-pdi\\\/#article\",\"isPartOf\":{\"@id\":\"https:\\\/\\\/canal7slp.tv\\\/2025\\\/objetivo-criminal-por-robo-calificado-a-tiendas-de-conveniencia-y-farmacias-en-slp-es-detenido-por-la-pdi\\\/\"},\"author\":{\"name\":\"Edici\u00f3n Web\",\"@id\":\"https:\\\/\\\/canal7slp.tv\\\/2025\\\/#\\\/schema\\\/person\\\/271e2b60a96e7cc9d9ac296f4d7e414b\"},\"headline\":\"Objetivo criminal por robo calificado a tiendas de conveniencia y farmacias en SLP es detenido por la PDI\",\"datePublished\":\"2025-02-08T19:19:19+00:00\",\"mainEntityOfPage\":{\"@id\":\"https:\\\/\\\/canal7slp.tv\\\/2025\\\/objetivo-criminal-por-robo-calificado-a-tiendas-de-conveniencia-y-farmacias-en-slp-es-detenido-por-la-pdi\\\/\"},\"wordCount\":118,\"publisher\":{\"@id\":\"https:\\\/\\\/canal7slp.tv\\\/2025\\\/#organization\"},\"image\":{\"@id\":\"https:\\\/\\\/canal7slp.tv\\\/2025\\\/objetivo-criminal-por-robo-calificado-a-tiendas-de-conveniencia-y-farmacias-en-slp-es-detenido-por-la-pdi\\\/#primaryimage\"},\"thumbnailUrl\":\"https:\\\/\\\/canal7slp.tv\\\/2025\\\/wp-content\\\/uploads\\\/2025\\\/02\\\/zz2b-4.jpg\",\"articleSection\":[\"REPORTE 7\"],\"inLanguage\":\"es\"},{\"@type\":\"WebPage\",\"@id\":\"https:\\\/\\\/canal7slp.tv\\\/2025\\\/objetivo-criminal-por-robo-calificado-a-tiendas-de-conveniencia-y-farmacias-en-slp-es-detenido-por-la-pdi\\\/\",\"url\":\"https:\\\/\\\/canal7slp.tv\\\/2025\\\/objetivo-criminal-por-robo-calificado-a-tiendas-de-conveniencia-y-farmacias-en-slp-es-detenido-por-la-pdi\\\/\",\"name\":\"Objetivo criminal por robo calificado a tiendas de conveniencia y farmacias en SLP es detenido por la PDI - Canal 7 SLP - 2025\",\"isPartOf\":{\"@id\":\"https:\\\/\\\/canal7slp.tv\\\/2025\\\/#website\"},\"primaryImageOfPage\":{\"@id\":\"https:\\\/\\\/canal7slp.tv\\\/2025\\\/objetivo-criminal-por-robo-calificado-a-tiendas-de-conveniencia-y-farmacias-en-slp-es-detenido-por-la-pdi\\\/#primaryimage\"},\"image\":{\"@id\":\"https:\\\/\\\/canal7slp.tv\\\/2025\\\/objetivo-criminal-por-robo-calificado-a-tiendas-de-conveniencia-y-farmacias-en-slp-es-detenido-por-la-pdi\\\/#primaryimage\"},\"thumbnailUrl\":\"https:\\\/\\\/canal7slp.tv\\\/2025\\\/wp-content\\\/uploads\\\/2025\\\/02\\\/zz2b-4.jpg\",\"datePublished\":\"2025-02-08T19:19:19+00:00\",\"breadcrumb\":{\"@id\":\"https:\\\/\\\/canal7slp.tv\\\/2025\\\/objetivo-criminal-por-robo-calificado-a-tiendas-de-conveniencia-y-farmacias-en-slp-es-detenido-por-la-pdi\\\/#breadcrumb\"},\"inLanguage\":\"es\",\"potentialAction\":[{\"@type\":\"ReadAction\",\"target\":[\"https:\\\/\\\/canal7slp.tv\\\/2025\\\/objetivo-criminal-por-robo-calificado-a-tiendas-de-conveniencia-y-farmacias-en-slp-es-detenido-por-la-pdi\\\/\"]}]},{\"@type\":\"ImageObject\",\"inLanguage\":\"es\",\"@id\":\"https:\\\/\\\/canal7slp.tv\\\/2025\\\/objetivo-criminal-por-robo-calificado-a-tiendas-de-conveniencia-y-farmacias-en-slp-es-detenido-por-la-pdi\\\/#primaryimage\",\"url\":\"https:\\\/\\\/canal7slp.tv\\\/2025\\\/wp-content\\\/uploads\\\/2025\\\/02\\\/zz2b-4.jpg\",\"contentUrl\":\"https:\\\/\\\/canal7slp.tv\\\/2025\\\/wp-content\\\/uploads\\\/2025\\\/02\\\/zz2b-4.jpg\",\"width\":894,\"height\":614},{\"@type\":\"BreadcrumbList\",\"@id\":\"https:\\\/\\\/canal7slp.tv\\\/2025\\\/objetivo-criminal-por-robo-calificado-a-tiendas-de-conveniencia-y-farmacias-en-slp-es-detenido-por-la-pdi\\\/#breadcrumb\",\"itemListElement\":[{\"@type\":\"ListItem\",\"position\":1,\"name\":\"Portada\",\"item\":\"https:\\\/\\\/canal7slp.tv\\\/2025\\\/\"},{\"@type\":\"ListItem\",\"position\":2,\"name\":\"Objetivo criminal por robo calificado a tiendas de conveniencia y farmacias en SLP es detenido por la PDI\"}]},{\"@type\":\"WebSite\",\"@id\":\"https:\\\/\\\/canal7slp.tv\\\/2025\\\/#website\",\"url\":\"https:\\\/\\\/canal7slp.tv\\\/2025\\\/\",\"name\":\"N7 - Noticieros Canal 7\",\"description\":\"Somos el Medio\",\"publisher\":{\"@id\":\"https:\\\/\\\/canal7slp.tv\\\/2025\\\/#organization\"},\"potentialAction\":[{\"@type\":\"SearchAction\",\"target\":{\"@type\":\"EntryPoint\",\"urlTemplate\":\"https:\\\/\\\/canal7slp.tv\\\/2025\\\/?s={search_term_string}\"},\"query-input\":{\"@type\":\"PropertyValueSpecification\",\"valueRequired\":true,\"valueName\":\"search_term_string\"}}],\"inLanguage\":\"es\"},{\"@type\":\"Organization\",\"@id\":\"https:\\\/\\\/canal7slp.tv\\\/2025\\\/#organization\",\"name\":\"Noticieros Canal 7\",\"url\":\"https:\\\/\\\/canal7slp.tv\\\/2025\\\/\",\"logo\":{\"@type\":\"ImageObject\",\"inLanguage\":\"es\",\"@id\":\"https:\\\/\\\/canal7slp.tv\\\/2025\\\/#\\\/schema\\\/logo\\\/image\\\/\",\"url\":\"https:\\\/\\\/canal7slp.tv\\\/2025\\\/wp-content\\\/uploads\\\/2021\\\/01\\\/logo-noticieros@2x.png\",\"contentUrl\":\"https:\\\/\\\/canal7slp.tv\\\/2025\\\/wp-content\\\/uploads\\\/2021\\\/01\\\/logo-noticieros@2x.png\",\"width\":1017,\"height\":268,\"caption\":\"Noticieros Canal 7\"},\"image\":{\"@id\":\"https:\\\/\\\/canal7slp.tv\\\/2025\\\/#\\\/schema\\\/logo\\\/image\\\/\"},\"sameAs\":[\"https:\\\/\\\/www.facebook.com\\\/noticieroscanal7atencionciudadana\\\/\",\"https:\\\/\\\/x.com\\\/NOTICIEROS7\",\"https:\\\/\\\/www.instagram.com\\\/canal7_slp\",\"https:\\\/\\\/www.youtube.com\\\/channel\\\/UCliiYs-gP3JfJeqdPrNdd5A\"]},{\"@type\":\"Person\",\"@id\":\"https:\\\/\\\/canal7slp.tv\\\/2025\\\/#\\\/schema\\\/person\\\/271e2b60a96e7cc9d9ac296f4d7e414b\",\"name\":\"Edici\u00f3n Web\",\"image\":{\"@type\":\"ImageObject\",\"inLanguage\":\"es\",\"@id\":\"https:\\\/\\\/secure.gravatar.com\\\/avatar\\\/eee448fc3f7164808013b816ba91ac7e43bbe82a70bebac296f8bc6f0addaa1a?s=96&d=mm&r=g\",\"url\":\"https:\\\/\\\/secure.gravatar.com\\\/avatar\\\/eee448fc3f7164808013b816ba91ac7e43bbe82a70bebac296f8bc6f0addaa1a?s=96&d=mm&r=g\",\"contentUrl\":\"https:\\\/\\\/secure.gravatar.com\\\/avatar\\\/eee448fc3f7164808013b816ba91ac7e43bbe82a70bebac296f8bc6f0addaa1a?s=96&d=mm&r=g\",\"caption\":\"Edici\u00f3n Web\"},\"url\":\"https:\\\/\\\/canal7slp.tv\\\/2025\\\/author\\\/edicionweb\\\/\"}]}<\/script>\n<!-- \/ Yoast SEO plugin. -->","yoast_head_json":{"title":"Objetivo criminal por robo calificado a tiendas de conveniencia y farmacias en SLP es detenido por la PDI - Canal 7 SLP - 2025","robots":{"index":"index","follow":"follow","max-snippet":"max-snippet:-1","max-image-preview":"max-image-preview:large","max-video-preview":"max-video-preview:-1"},"canonical":"https:\/\/canal7slp.tv\/2025\/objetivo-criminal-por-robo-calificado-a-tiendas-de-conveniencia-y-farmacias-en-slp-es-detenido-por-la-pdi\/","og_locale":"es_ES","og_type":"article","og_title":"Objetivo criminal por robo calificado a tiendas de conveniencia y farmacias en SLP es detenido por la PDI - Canal 7 SLP - 2025","og_description":"SLP.- La Fiscal\u00eda General del Estado de San Luis Potos\u00ed (FGESLP) inform\u00f3 la detenci\u00f3n de Julio C\u00e9sar \u201cN\u201d por el delito de robo calificado. El imputado es se\u00f1alado de participar en robos a tiendas de conveniencia y farmacias, y podr\u00eda estar relacionado con hechos similares en otras entidades. Tras judicializar el caso, un Juez de Control emiti\u00f3 la orden de aprehensi\u00f3n. Julio C\u00e9sar \u201cN\u201d fue detenido en la zona centro de la capital potosina y trasladado al Centro de Reinserci\u00f3n Social No. 1, donde qued\u00f3 a disposici\u00f3n de la autoridad judicial.","og_url":"https:\/\/canal7slp.tv\/2025\/objetivo-criminal-por-robo-calificado-a-tiendas-de-conveniencia-y-farmacias-en-slp-es-detenido-por-la-pdi\/","og_site_name":"Canal 7 SLP - 2025","article_publisher":"https:\/\/www.facebook.com\/noticieroscanal7atencionciudadana\/","article_published_time":"2025-02-08T19:19:19+00:00","og_image":[{"width":894,"height":614,"url":"https:\/\/canal7slp.tv\/2025\/wp-content\/uploads\/2025\/02\/zz2b-4.jpg","type":"image\/jpeg"}],"author":"Edici\u00f3n Web","twitter_card":"summary_large_image","twitter_creator":"@NOTICIEROS7","twitter_site":"@NOTICIEROS7","twitter_misc":{"Escrito por":"Edici\u00f3n Web","Tiempo de lectura":"1 minuto"},"schema":{"@context":"https:\/\/schema.org","@graph":[{"@type":"Article","@id":"https:\/\/canal7slp.tv\/2025\/objetivo-criminal-por-robo-calificado-a-tiendas-de-conveniencia-y-farmacias-en-slp-es-detenido-por-la-pdi\/#article","isPartOf":{"@id":"https:\/\/canal7slp.tv\/2025\/objetivo-criminal-por-robo-calificado-a-tiendas-de-conveniencia-y-farmacias-en-slp-es-detenido-por-la-pdi\/"},"author":{"name":"Edici\u00f3n Web","@id":"https:\/\/canal7slp.tv\/2025\/#\/schema\/person\/271e2b60a96e7cc9d9ac296f4d7e414b"},"headline":"Objetivo criminal por robo calificado a tiendas de conveniencia y farmacias en SLP es detenido por la PDI","datePublished":"2025-02-08T19:19:19+00:00","mainEntityOfPage":{"@id":"https:\/\/canal7slp.tv\/2025\/objetivo-criminal-por-robo-calificado-a-tiendas-de-conveniencia-y-farmacias-en-slp-es-detenido-por-la-pdi\/"},"wordCount":118,"publisher":{"@id":"https:\/\/canal7slp.tv\/2025\/#organization"},"image":{"@id":"https:\/\/canal7slp.tv\/2025\/objetivo-criminal-por-robo-calificado-a-tiendas-de-conveniencia-y-farmacias-en-slp-es-detenido-por-la-pdi\/#primaryimage"},"thumbnailUrl":"https:\/\/canal7slp.tv\/2025\/wp-content\/uploads\/2025\/02\/zz2b-4.jpg","articleSection":["REPORTE 7"],"inLanguage":"es"},{"@type":"WebPage","@id":"https:\/\/canal7slp.tv\/2025\/objetivo-criminal-por-robo-calificado-a-tiendas-de-conveniencia-y-farmacias-en-slp-es-detenido-por-la-pdi\/","url":"https:\/\/canal7slp.tv\/2025\/objetivo-criminal-por-robo-calificado-a-tiendas-de-conveniencia-y-farmacias-en-slp-es-detenido-por-la-pdi\/","name":"Objetivo criminal por robo calificado a tiendas de conveniencia y farmacias en SLP es detenido por la PDI - Canal 7 SLP - 2025","isPartOf":{"@id":"https:\/\/canal7slp.tv\/2025\/#website"},"primaryImageOfPage":{"@id":"https:\/\/canal7slp.tv\/2025\/objetivo-criminal-por-robo-calificado-a-tiendas-de-conveniencia-y-farmacias-en-slp-es-detenido-por-la-pdi\/#primaryimage"},"image":{"@id":"https:\/\/canal7slp.tv\/2025\/objetivo-criminal-por-robo-calificado-a-tiendas-de-conveniencia-y-farmacias-en-slp-es-detenido-por-la-pdi\/#primaryimage"},"thumbnailUrl":"https:\/\/canal7slp.tv\/2025\/wp-content\/uploads\/2025\/02\/zz2b-4.jpg","datePublished":"2025-02-08T19:19:19+00:00","breadcrumb":{"@id":"https:\/\/canal7slp.tv\/2025\/objetivo-criminal-por-robo-calificado-a-tiendas-de-conveniencia-y-farmacias-en-slp-es-detenido-por-la-pdi\/#breadcrumb"},"inLanguage":"es","potentialAction":[{"@type":"ReadAction","target":["https:\/\/canal7slp.tv\/2025\/objetivo-criminal-por-robo-calificado-a-tiendas-de-conveniencia-y-farmacias-en-slp-es-detenido-por-la-pdi\/"]}]},{"@type":"ImageObject","inLanguage":"es","@id":"https:\/\/canal7slp.tv\/2025\/objetivo-criminal-por-robo-calificado-a-tiendas-de-conveniencia-y-farmacias-en-slp-es-detenido-por-la-pdi\/#primaryimage","url":"https:\/\/canal7slp.tv\/2025\/wp-content\/uploads\/2025\/02\/zz2b-4.jpg","contentUrl":"https:\/\/canal7slp.tv\/2025\/wp-content\/uploads\/2025\/02\/zz2b-4.jpg","width":894,"height":614},{"@type":"BreadcrumbList","@id":"https:\/\/canal7slp.tv\/2025\/objetivo-criminal-por-robo-calificado-a-tiendas-de-conveniencia-y-farmacias-en-slp-es-detenido-por-la-pdi\/#breadcrumb","itemListElement":[{"@type":"ListItem","position":1,"name":"Portada","item":"https:\/\/canal7slp.tv\/2025\/"},{"@type":"ListItem","position":2,"name":"Objetivo criminal por robo calificado a tiendas de conveniencia y farmacias en SLP es detenido por la PDI"}]},{"@type":"WebSite","@id":"https:\/\/canal7slp.tv\/2025\/#website","url":"https:\/\/canal7slp.tv\/2025\/","name":"N7 - Noticieros Canal 7","description":"Somos el Medio","publisher":{"@id":"https:\/\/canal7slp.tv\/2025\/#organization"},"potentialAction":[{"@type":"SearchAction","target":{"@type":"EntryPoint","urlTemplate":"https:\/\/canal7slp.tv\/2025\/?s={search_term_string}"},"query-input":{"@type":"PropertyValueSpecification","valueRequired":true,"valueName":"search_term_string"}}],"inLanguage":"es"},{"@type":"Organization","@id":"https:\/\/canal7slp.tv\/2025\/#organization","name":"Noticieros Canal 7","url":"https:\/\/canal7slp.tv\/2025\/","logo":{"@type":"ImageObject","inLanguage":"es","@id":"https:\/\/canal7slp.tv\/2025\/#\/schema\/logo\/image\/","url":"https:\/\/canal7slp.tv\/2025\/wp-content\/uploads\/2021\/01\/logo-noticieros@2x.png","contentUrl":"https:\/\/canal7slp.tv\/2025\/wp-content\/uploads\/2021\/01\/logo-noticieros@2x.png","width":1017,"height":268,"caption":"Noticieros Canal 7"},"image":{"@id":"https:\/\/canal7slp.tv\/2025\/#\/schema\/logo\/image\/"},"sameAs":["https:\/\/www.facebook.com\/noticieroscanal7atencionciudadana\/","https:\/\/x.com\/NOTICIEROS7","https:\/\/www.instagram.com\/canal7_slp","https:\/\/www.youtube.com\/channel\/UCliiYs-gP3JfJeqdPrNdd5A"]},{"@type":"Person","@id":"https:\/\/canal7slp.tv\/2025\/#\/schema\/person\/271e2b60a96e7cc9d9ac296f4d7e414b","name":"Edici\u00f3n Web","image":{"@type":"ImageObject","inLanguage":"es","@id":"https:\/\/secure.gravatar.com\/avatar\/eee448fc3f7164808013b816ba91ac7e43bbe82a70bebac296f8bc6f0addaa1a?s=96&d=mm&r=g","url":"https:\/\/secure.gravatar.com\/avatar\/eee448fc3f7164808013b816ba91ac7e43bbe82a70bebac296f8bc6f0addaa1a?s=96&d=mm&r=g","contentUrl":"https:\/\/secure.gravatar.com\/avatar\/eee448fc3f7164808013b816ba91ac7e43bbe82a70bebac296f8bc6f0addaa1a?s=96&d=mm&r=g","caption":"Edici\u00f3n Web"},"url":"https:\/\/canal7slp.tv\/2025\/author\/edicionweb\/"}]}},"_links":{"self":[{"href":"https:\/\/canal7slp.tv\/2025\/wp-json\/wp\/v2\/posts\/157320","targetHints":{"allow":["GET"]}}],"collection":[{"href":"https:\/\/canal7slp.tv\/2025\/wp-json\/wp\/v2\/posts"}],"about":[{"href":"https:\/\/canal7slp.tv\/2025\/wp-json\/wp\/v2\/types\/post"}],"author":[{"embeddable":true,"href":"https:\/\/canal7slp.tv\/2025\/wp-json\/wp\/v2\/users\/2"}],"replies":[{"embeddable":true,"href":"https:\/\/canal7slp.tv\/2025\/wp-json\/wp\/v2\/comments?post=157320"}],"version-history":[{"count":3,"href":"https:\/\/canal7slp.tv\/2025\/wp-json\/wp\/v2\/posts\/157320\/revisions"}],"predecessor-version":[{"id":157361,"href":"https:\/\/canal7slp.tv\/2025\/wp-json\/wp\/v2\/posts\/157320\/revisions\/157361"}],"wp:featuredmedia":[{"embeddable":true,"href":"https:\/\/canal7slp.tv\/2025\/wp-json\/wp\/v2\/media\/157348"}],"wp:attachment":[{"href":"https:\/\/canal7slp.tv\/2025\/wp-json\/wp\/v2\/media?parent=157320"}],"wp:term":[{"taxonomy":"category","embeddable":true,"href":"https:\/\/canal7slp.tv\/2025\/wp-json\/wp\/v2\/categories?post=157320"},{"taxonomy":"post_tag","embeddable":true,"href":"https:\/\/canal7slp.tv\/2025\/wp-json\/wp\/v2\/tags?post=157320"}],"curies":[{"name":"wp","href":"https:\/\/api.w.org\/{rel}","templated":true}]}}