{"id":157319,"date":"2025-02-08T13:18:59","date_gmt":"2025-02-08T19:18:59","guid":{"rendered":"https:\/\/canal7slp.tv\/2025\/?p=157319"},"modified":"2025-02-08T13:18:59","modified_gmt":"2025-02-08T19:18:59","slug":"tras-homicidio-en-villa-de-reyes-fgeslp-detuvo-a-domingo-n","status":"publish","type":"post","link":"https:\/\/canal7slp.tv\/2025\/tras-homicidio-en-villa-de-reyes-fgeslp-detuvo-a-domingo-n\/","title":{"rendered":"Tras homicidio en Villa de Reyes, FGESLP detuvo a Domingo \u00abN\u00bb"},"content":{"rendered":"<p style=\"text-align: justify;\">SLP.- La Fiscal\u00eda General del Estado de San Luis Potos\u00ed (FGESLP) detuvo a Domingo \u201cN\u201d por el delito de homicidio calificado en Villa de Reyes.<\/p>\n<p style=\"text-align: justify;\">El 9 de julio de 2023, se inici\u00f3 la investigaci\u00f3n tras el hallazgo de una persona sin vida con lesiones por golpes en la colonia San Benito. Tras las indagatorias, se identific\u00f3 al probable responsable y se emiti\u00f3 una orden de aprehensi\u00f3n.<\/p>\n<p style=\"text-align: justify;\">Domingo \u201cN\u201d fue detenido en la zona centro de Villa de Reyes y recluido en el centro penitenciario de la Delegaci\u00f3n La Pila, donde qued\u00f3 a disposici\u00f3n de la autoridad judicial.<\/p>\n","protected":false},"excerpt":{"rendered":"<p>SLP.- La Fiscal\u00eda General del Estado de San Luis Potos\u00ed (FGESLP) detuvo a Domingo \u201cN\u201d por el delito de homicidio calificado en Villa de Reyes. El 9 de julio de 2023, se inici\u00f3 la investigaci\u00f3n tras el hallazgo de una persona sin vida con lesiones por golpes en la colonia San Benito. Tras las indagatorias, se identific\u00f3 al probable responsable y se emiti\u00f3 una orden de aprehensi\u00f3n. Domingo \u201cN\u201d fue detenido en la zona centro de Villa de Reyes y recluido en el centro penitenciario de la Delegaci\u00f3n La Pila, donde qued\u00f3 a disposici\u00f3n de la autoridad judicial.<\/p>\n","protected":false},"author":2,"featured_media":157347,"comment_status":"closed","ping_status":"closed","sticky":false,"template":"","format":"standard","meta":{"_monsterinsights_skip_tracking":false,"_monsterinsights_sitenote_active":false,"_monsterinsights_sitenote_note":"","_monsterinsights_sitenote_category":0,"footnotes":""},"categories":[48],"tags":[],"class_list":["post-157319","post","type-post","status-publish","format-standard","has-post-thumbnail","hentry","category-reporte7","post--single"],"yoast_head":"<!-- This site is optimized with the Yoast SEO plugin v27.4 - https:\/\/yoast.com\/product\/yoast-seo-wordpress\/ -->\n<title>Tras homicidio en Villa de Reyes, FGESLP detuvo a Domingo &quot;N&quot; - Canal 7 SLP - 2025<\/title>\n<meta name=\"robots\" content=\"index, follow, max-snippet:-1, max-image-preview:large, max-video-preview:-1\" \/>\n<link rel=\"canonical\" href=\"https:\/\/canal7slp.tv\/2025\/tras-homicidio-en-villa-de-reyes-fgeslp-detuvo-a-domingo-n\/\" \/>\n<meta property=\"og:locale\" content=\"es_ES\" \/>\n<meta property=\"og:type\" content=\"article\" \/>\n<meta property=\"og:title\" content=\"Tras homicidio en Villa de Reyes, FGESLP detuvo a Domingo &quot;N&quot; - Canal 7 SLP - 2025\" \/>\n<meta property=\"og:description\" content=\"SLP.- La Fiscal\u00eda General del Estado de San Luis Potos\u00ed (FGESLP) detuvo a Domingo \u201cN\u201d por el delito de homicidio calificado en Villa de Reyes. El 9 de julio de 2023, se inici\u00f3 la investigaci\u00f3n tras el hallazgo de una persona sin vida con lesiones por golpes en la colonia San Benito. Tras las indagatorias, se identific\u00f3 al probable responsable y se emiti\u00f3 una orden de aprehensi\u00f3n. Domingo \u201cN\u201d fue detenido en la zona centro de Villa de Reyes y recluido en el centro penitenciario de la Delegaci\u00f3n La Pila, donde qued\u00f3 a disposici\u00f3n de la autoridad judicial.\" \/>\n<meta property=\"og:url\" content=\"https:\/\/canal7slp.tv\/2025\/tras-homicidio-en-villa-de-reyes-fgeslp-detuvo-a-domingo-n\/\" \/>\n<meta property=\"og:site_name\" content=\"Canal 7 SLP - 2025\" \/>\n<meta property=\"article:publisher\" content=\"https:\/\/www.facebook.com\/noticieroscanal7atencionciudadana\/\" \/>\n<meta property=\"article:published_time\" content=\"2025-02-08T19:18:59+00:00\" \/>\n<meta property=\"og:image\" content=\"https:\/\/canal7slp.tv\/2025\/wp-content\/uploads\/2025\/02\/zz1b-5.jpg\" \/>\n\t<meta property=\"og:image:width\" content=\"894\" \/>\n\t<meta property=\"og:image:height\" content=\"614\" \/>\n\t<meta property=\"og:image:type\" content=\"image\/jpeg\" \/>\n<meta name=\"author\" content=\"Edici\u00f3n Web\" \/>\n<meta name=\"twitter:card\" content=\"summary_large_image\" \/>\n<meta name=\"twitter:creator\" content=\"@NOTICIEROS7\" \/>\n<meta name=\"twitter:site\" content=\"@NOTICIEROS7\" \/>\n<meta name=\"twitter:label1\" content=\"Escrito por\" \/>\n\t<meta name=\"twitter:data1\" content=\"Edici\u00f3n Web\" \/>\n\t<meta name=\"twitter:label2\" content=\"Tiempo de lectura\" \/>\n\t<meta name=\"twitter:data2\" content=\"1 minuto\" \/>\n<script type=\"application\/ld+json\" class=\"yoast-schema-graph\">{\"@context\":\"https:\\\/\\\/schema.org\",\"@graph\":[{\"@type\":\"Article\",\"@id\":\"https:\\\/\\\/canal7slp.tv\\\/2025\\\/tras-homicidio-en-villa-de-reyes-fgeslp-detuvo-a-domingo-n\\\/#article\",\"isPartOf\":{\"@id\":\"https:\\\/\\\/canal7slp.tv\\\/2025\\\/tras-homicidio-en-villa-de-reyes-fgeslp-detuvo-a-domingo-n\\\/\"},\"author\":{\"name\":\"Edici\u00f3n Web\",\"@id\":\"https:\\\/\\\/canal7slp.tv\\\/2025\\\/#\\\/schema\\\/person\\\/271e2b60a96e7cc9d9ac296f4d7e414b\"},\"headline\":\"Tras homicidio en Villa de Reyes, FGESLP detuvo a Domingo \u00abN\u00bb\",\"datePublished\":\"2025-02-08T19:18:59+00:00\",\"mainEntityOfPage\":{\"@id\":\"https:\\\/\\\/canal7slp.tv\\\/2025\\\/tras-homicidio-en-villa-de-reyes-fgeslp-detuvo-a-domingo-n\\\/\"},\"wordCount\":113,\"publisher\":{\"@id\":\"https:\\\/\\\/canal7slp.tv\\\/2025\\\/#organization\"},\"image\":{\"@id\":\"https:\\\/\\\/canal7slp.tv\\\/2025\\\/tras-homicidio-en-villa-de-reyes-fgeslp-detuvo-a-domingo-n\\\/#primaryimage\"},\"thumbnailUrl\":\"https:\\\/\\\/canal7slp.tv\\\/2025\\\/wp-content\\\/uploads\\\/2025\\\/02\\\/zz1b-5.jpg\",\"articleSection\":[\"REPORTE 7\"],\"inLanguage\":\"es\"},{\"@type\":\"WebPage\",\"@id\":\"https:\\\/\\\/canal7slp.tv\\\/2025\\\/tras-homicidio-en-villa-de-reyes-fgeslp-detuvo-a-domingo-n\\\/\",\"url\":\"https:\\\/\\\/canal7slp.tv\\\/2025\\\/tras-homicidio-en-villa-de-reyes-fgeslp-detuvo-a-domingo-n\\\/\",\"name\":\"Tras homicidio en Villa de Reyes, FGESLP detuvo a Domingo \\\"N\\\" - Canal 7 SLP - 2025\",\"isPartOf\":{\"@id\":\"https:\\\/\\\/canal7slp.tv\\\/2025\\\/#website\"},\"primaryImageOfPage\":{\"@id\":\"https:\\\/\\\/canal7slp.tv\\\/2025\\\/tras-homicidio-en-villa-de-reyes-fgeslp-detuvo-a-domingo-n\\\/#primaryimage\"},\"image\":{\"@id\":\"https:\\\/\\\/canal7slp.tv\\\/2025\\\/tras-homicidio-en-villa-de-reyes-fgeslp-detuvo-a-domingo-n\\\/#primaryimage\"},\"thumbnailUrl\":\"https:\\\/\\\/canal7slp.tv\\\/2025\\\/wp-content\\\/uploads\\\/2025\\\/02\\\/zz1b-5.jpg\",\"datePublished\":\"2025-02-08T19:18:59+00:00\",\"breadcrumb\":{\"@id\":\"https:\\\/\\\/canal7slp.tv\\\/2025\\\/tras-homicidio-en-villa-de-reyes-fgeslp-detuvo-a-domingo-n\\\/#breadcrumb\"},\"inLanguage\":\"es\",\"potentialAction\":[{\"@type\":\"ReadAction\",\"target\":[\"https:\\\/\\\/canal7slp.tv\\\/2025\\\/tras-homicidio-en-villa-de-reyes-fgeslp-detuvo-a-domingo-n\\\/\"]}]},{\"@type\":\"ImageObject\",\"inLanguage\":\"es\",\"@id\":\"https:\\\/\\\/canal7slp.tv\\\/2025\\\/tras-homicidio-en-villa-de-reyes-fgeslp-detuvo-a-domingo-n\\\/#primaryimage\",\"url\":\"https:\\\/\\\/canal7slp.tv\\\/2025\\\/wp-content\\\/uploads\\\/2025\\\/02\\\/zz1b-5.jpg\",\"contentUrl\":\"https:\\\/\\\/canal7slp.tv\\\/2025\\\/wp-content\\\/uploads\\\/2025\\\/02\\\/zz1b-5.jpg\",\"width\":894,\"height\":614},{\"@type\":\"BreadcrumbList\",\"@id\":\"https:\\\/\\\/canal7slp.tv\\\/2025\\\/tras-homicidio-en-villa-de-reyes-fgeslp-detuvo-a-domingo-n\\\/#breadcrumb\",\"itemListElement\":[{\"@type\":\"ListItem\",\"position\":1,\"name\":\"Portada\",\"item\":\"https:\\\/\\\/canal7slp.tv\\\/2025\\\/\"},{\"@type\":\"ListItem\",\"position\":2,\"name\":\"Tras homicidio en Villa de Reyes, FGESLP detuvo a Domingo \u00abN\u00bb\"}]},{\"@type\":\"WebSite\",\"@id\":\"https:\\\/\\\/canal7slp.tv\\\/2025\\\/#website\",\"url\":\"https:\\\/\\\/canal7slp.tv\\\/2025\\\/\",\"name\":\"N7 - Noticieros Canal 7\",\"description\":\"Somos el Medio\",\"publisher\":{\"@id\":\"https:\\\/\\\/canal7slp.tv\\\/2025\\\/#organization\"},\"potentialAction\":[{\"@type\":\"SearchAction\",\"target\":{\"@type\":\"EntryPoint\",\"urlTemplate\":\"https:\\\/\\\/canal7slp.tv\\\/2025\\\/?s={search_term_string}\"},\"query-input\":{\"@type\":\"PropertyValueSpecification\",\"valueRequired\":true,\"valueName\":\"search_term_string\"}}],\"inLanguage\":\"es\"},{\"@type\":\"Organization\",\"@id\":\"https:\\\/\\\/canal7slp.tv\\\/2025\\\/#organization\",\"name\":\"Noticieros Canal 7\",\"url\":\"https:\\\/\\\/canal7slp.tv\\\/2025\\\/\",\"logo\":{\"@type\":\"ImageObject\",\"inLanguage\":\"es\",\"@id\":\"https:\\\/\\\/canal7slp.tv\\\/2025\\\/#\\\/schema\\\/logo\\\/image\\\/\",\"url\":\"https:\\\/\\\/canal7slp.tv\\\/2025\\\/wp-content\\\/uploads\\\/2021\\\/01\\\/logo-noticieros@2x.png\",\"contentUrl\":\"https:\\\/\\\/canal7slp.tv\\\/2025\\\/wp-content\\\/uploads\\\/2021\\\/01\\\/logo-noticieros@2x.png\",\"width\":1017,\"height\":268,\"caption\":\"Noticieros Canal 7\"},\"image\":{\"@id\":\"https:\\\/\\\/canal7slp.tv\\\/2025\\\/#\\\/schema\\\/logo\\\/image\\\/\"},\"sameAs\":[\"https:\\\/\\\/www.facebook.com\\\/noticieroscanal7atencionciudadana\\\/\",\"https:\\\/\\\/x.com\\\/NOTICIEROS7\",\"https:\\\/\\\/www.instagram.com\\\/canal7_slp\",\"https:\\\/\\\/www.youtube.com\\\/channel\\\/UCliiYs-gP3JfJeqdPrNdd5A\"]},{\"@type\":\"Person\",\"@id\":\"https:\\\/\\\/canal7slp.tv\\\/2025\\\/#\\\/schema\\\/person\\\/271e2b60a96e7cc9d9ac296f4d7e414b\",\"name\":\"Edici\u00f3n Web\",\"image\":{\"@type\":\"ImageObject\",\"inLanguage\":\"es\",\"@id\":\"https:\\\/\\\/secure.gravatar.com\\\/avatar\\\/eee448fc3f7164808013b816ba91ac7e43bbe82a70bebac296f8bc6f0addaa1a?s=96&d=mm&r=g\",\"url\":\"https:\\\/\\\/secure.gravatar.com\\\/avatar\\\/eee448fc3f7164808013b816ba91ac7e43bbe82a70bebac296f8bc6f0addaa1a?s=96&d=mm&r=g\",\"contentUrl\":\"https:\\\/\\\/secure.gravatar.com\\\/avatar\\\/eee448fc3f7164808013b816ba91ac7e43bbe82a70bebac296f8bc6f0addaa1a?s=96&d=mm&r=g\",\"caption\":\"Edici\u00f3n Web\"},\"url\":\"https:\\\/\\\/canal7slp.tv\\\/2025\\\/author\\\/edicionweb\\\/\"}]}<\/script>\n<!-- \/ Yoast SEO plugin. -->","yoast_head_json":{"title":"Tras homicidio en Villa de Reyes, FGESLP detuvo a Domingo \"N\" - Canal 7 SLP - 2025","robots":{"index":"index","follow":"follow","max-snippet":"max-snippet:-1","max-image-preview":"max-image-preview:large","max-video-preview":"max-video-preview:-1"},"canonical":"https:\/\/canal7slp.tv\/2025\/tras-homicidio-en-villa-de-reyes-fgeslp-detuvo-a-domingo-n\/","og_locale":"es_ES","og_type":"article","og_title":"Tras homicidio en Villa de Reyes, FGESLP detuvo a Domingo \"N\" - Canal 7 SLP - 2025","og_description":"SLP.- La Fiscal\u00eda General del Estado de San Luis Potos\u00ed (FGESLP) detuvo a Domingo \u201cN\u201d por el delito de homicidio calificado en Villa de Reyes. El 9 de julio de 2023, se inici\u00f3 la investigaci\u00f3n tras el hallazgo de una persona sin vida con lesiones por golpes en la colonia San Benito. Tras las indagatorias, se identific\u00f3 al probable responsable y se emiti\u00f3 una orden de aprehensi\u00f3n. Domingo \u201cN\u201d fue detenido en la zona centro de Villa de Reyes y recluido en el centro penitenciario de la Delegaci\u00f3n La Pila, donde qued\u00f3 a disposici\u00f3n de la autoridad judicial.","og_url":"https:\/\/canal7slp.tv\/2025\/tras-homicidio-en-villa-de-reyes-fgeslp-detuvo-a-domingo-n\/","og_site_name":"Canal 7 SLP - 2025","article_publisher":"https:\/\/www.facebook.com\/noticieroscanal7atencionciudadana\/","article_published_time":"2025-02-08T19:18:59+00:00","og_image":[{"width":894,"height":614,"url":"https:\/\/canal7slp.tv\/2025\/wp-content\/uploads\/2025\/02\/zz1b-5.jpg","type":"image\/jpeg"}],"author":"Edici\u00f3n Web","twitter_card":"summary_large_image","twitter_creator":"@NOTICIEROS7","twitter_site":"@NOTICIEROS7","twitter_misc":{"Escrito por":"Edici\u00f3n Web","Tiempo de lectura":"1 minuto"},"schema":{"@context":"https:\/\/schema.org","@graph":[{"@type":"Article","@id":"https:\/\/canal7slp.tv\/2025\/tras-homicidio-en-villa-de-reyes-fgeslp-detuvo-a-domingo-n\/#article","isPartOf":{"@id":"https:\/\/canal7slp.tv\/2025\/tras-homicidio-en-villa-de-reyes-fgeslp-detuvo-a-domingo-n\/"},"author":{"name":"Edici\u00f3n Web","@id":"https:\/\/canal7slp.tv\/2025\/#\/schema\/person\/271e2b60a96e7cc9d9ac296f4d7e414b"},"headline":"Tras homicidio en Villa de Reyes, FGESLP detuvo a Domingo \u00abN\u00bb","datePublished":"2025-02-08T19:18:59+00:00","mainEntityOfPage":{"@id":"https:\/\/canal7slp.tv\/2025\/tras-homicidio-en-villa-de-reyes-fgeslp-detuvo-a-domingo-n\/"},"wordCount":113,"publisher":{"@id":"https:\/\/canal7slp.tv\/2025\/#organization"},"image":{"@id":"https:\/\/canal7slp.tv\/2025\/tras-homicidio-en-villa-de-reyes-fgeslp-detuvo-a-domingo-n\/#primaryimage"},"thumbnailUrl":"https:\/\/canal7slp.tv\/2025\/wp-content\/uploads\/2025\/02\/zz1b-5.jpg","articleSection":["REPORTE 7"],"inLanguage":"es"},{"@type":"WebPage","@id":"https:\/\/canal7slp.tv\/2025\/tras-homicidio-en-villa-de-reyes-fgeslp-detuvo-a-domingo-n\/","url":"https:\/\/canal7slp.tv\/2025\/tras-homicidio-en-villa-de-reyes-fgeslp-detuvo-a-domingo-n\/","name":"Tras homicidio en Villa de Reyes, FGESLP detuvo a Domingo \"N\" - Canal 7 SLP - 2025","isPartOf":{"@id":"https:\/\/canal7slp.tv\/2025\/#website"},"primaryImageOfPage":{"@id":"https:\/\/canal7slp.tv\/2025\/tras-homicidio-en-villa-de-reyes-fgeslp-detuvo-a-domingo-n\/#primaryimage"},"image":{"@id":"https:\/\/canal7slp.tv\/2025\/tras-homicidio-en-villa-de-reyes-fgeslp-detuvo-a-domingo-n\/#primaryimage"},"thumbnailUrl":"https:\/\/canal7slp.tv\/2025\/wp-content\/uploads\/2025\/02\/zz1b-5.jpg","datePublished":"2025-02-08T19:18:59+00:00","breadcrumb":{"@id":"https:\/\/canal7slp.tv\/2025\/tras-homicidio-en-villa-de-reyes-fgeslp-detuvo-a-domingo-n\/#breadcrumb"},"inLanguage":"es","potentialAction":[{"@type":"ReadAction","target":["https:\/\/canal7slp.tv\/2025\/tras-homicidio-en-villa-de-reyes-fgeslp-detuvo-a-domingo-n\/"]}]},{"@type":"ImageObject","inLanguage":"es","@id":"https:\/\/canal7slp.tv\/2025\/tras-homicidio-en-villa-de-reyes-fgeslp-detuvo-a-domingo-n\/#primaryimage","url":"https:\/\/canal7slp.tv\/2025\/wp-content\/uploads\/2025\/02\/zz1b-5.jpg","contentUrl":"https:\/\/canal7slp.tv\/2025\/wp-content\/uploads\/2025\/02\/zz1b-5.jpg","width":894,"height":614},{"@type":"BreadcrumbList","@id":"https:\/\/canal7slp.tv\/2025\/tras-homicidio-en-villa-de-reyes-fgeslp-detuvo-a-domingo-n\/#breadcrumb","itemListElement":[{"@type":"ListItem","position":1,"name":"Portada","item":"https:\/\/canal7slp.tv\/2025\/"},{"@type":"ListItem","position":2,"name":"Tras homicidio en Villa de Reyes, FGESLP detuvo a Domingo \u00abN\u00bb"}]},{"@type":"WebSite","@id":"https:\/\/canal7slp.tv\/2025\/#website","url":"https:\/\/canal7slp.tv\/2025\/","name":"N7 - Noticieros Canal 7","description":"Somos el Medio","publisher":{"@id":"https:\/\/canal7slp.tv\/2025\/#organization"},"potentialAction":[{"@type":"SearchAction","target":{"@type":"EntryPoint","urlTemplate":"https:\/\/canal7slp.tv\/2025\/?s={search_term_string}"},"query-input":{"@type":"PropertyValueSpecification","valueRequired":true,"valueName":"search_term_string"}}],"inLanguage":"es"},{"@type":"Organization","@id":"https:\/\/canal7slp.tv\/2025\/#organization","name":"Noticieros Canal 7","url":"https:\/\/canal7slp.tv\/2025\/","logo":{"@type":"ImageObject","inLanguage":"es","@id":"https:\/\/canal7slp.tv\/2025\/#\/schema\/logo\/image\/","url":"https:\/\/canal7slp.tv\/2025\/wp-content\/uploads\/2021\/01\/logo-noticieros@2x.png","contentUrl":"https:\/\/canal7slp.tv\/2025\/wp-content\/uploads\/2021\/01\/logo-noticieros@2x.png","width":1017,"height":268,"caption":"Noticieros Canal 7"},"image":{"@id":"https:\/\/canal7slp.tv\/2025\/#\/schema\/logo\/image\/"},"sameAs":["https:\/\/www.facebook.com\/noticieroscanal7atencionciudadana\/","https:\/\/x.com\/NOTICIEROS7","https:\/\/www.instagram.com\/canal7_slp","https:\/\/www.youtube.com\/channel\/UCliiYs-gP3JfJeqdPrNdd5A"]},{"@type":"Person","@id":"https:\/\/canal7slp.tv\/2025\/#\/schema\/person\/271e2b60a96e7cc9d9ac296f4d7e414b","name":"Edici\u00f3n Web","image":{"@type":"ImageObject","inLanguage":"es","@id":"https:\/\/secure.gravatar.com\/avatar\/eee448fc3f7164808013b816ba91ac7e43bbe82a70bebac296f8bc6f0addaa1a?s=96&d=mm&r=g","url":"https:\/\/secure.gravatar.com\/avatar\/eee448fc3f7164808013b816ba91ac7e43bbe82a70bebac296f8bc6f0addaa1a?s=96&d=mm&r=g","contentUrl":"https:\/\/secure.gravatar.com\/avatar\/eee448fc3f7164808013b816ba91ac7e43bbe82a70bebac296f8bc6f0addaa1a?s=96&d=mm&r=g","caption":"Edici\u00f3n Web"},"url":"https:\/\/canal7slp.tv\/2025\/author\/edicionweb\/"}]}},"_links":{"self":[{"href":"https:\/\/canal7slp.tv\/2025\/wp-json\/wp\/v2\/posts\/157319","targetHints":{"allow":["GET"]}}],"collection":[{"href":"https:\/\/canal7slp.tv\/2025\/wp-json\/wp\/v2\/posts"}],"about":[{"href":"https:\/\/canal7slp.tv\/2025\/wp-json\/wp\/v2\/types\/post"}],"author":[{"embeddable":true,"href":"https:\/\/canal7slp.tv\/2025\/wp-json\/wp\/v2\/users\/2"}],"replies":[{"embeddable":true,"href":"https:\/\/canal7slp.tv\/2025\/wp-json\/wp\/v2\/comments?post=157319"}],"version-history":[{"count":3,"href":"https:\/\/canal7slp.tv\/2025\/wp-json\/wp\/v2\/posts\/157319\/revisions"}],"predecessor-version":[{"id":157360,"href":"https:\/\/canal7slp.tv\/2025\/wp-json\/wp\/v2\/posts\/157319\/revisions\/157360"}],"wp:featuredmedia":[{"embeddable":true,"href":"https:\/\/canal7slp.tv\/2025\/wp-json\/wp\/v2\/media\/157347"}],"wp:attachment":[{"href":"https:\/\/canal7slp.tv\/2025\/wp-json\/wp\/v2\/media?parent=157319"}],"wp:term":[{"taxonomy":"category","embeddable":true,"href":"https:\/\/canal7slp.tv\/2025\/wp-json\/wp\/v2\/categories?post=157319"},{"taxonomy":"post_tag","embeddable":true,"href":"https:\/\/canal7slp.tv\/2025\/wp-json\/wp\/v2\/tags?post=157319"}],"curies":[{"name":"wp","href":"https:\/\/api.w.org\/{rel}","templated":true}]}}