{"id":157311,"date":"2025-02-08T13:00:36","date_gmt":"2025-02-08T19:00:36","guid":{"rendered":"https:\/\/canal7slp.tv\/2025\/?p=157311"},"modified":"2025-02-08T10:12:07","modified_gmt":"2025-02-08T16:12:07","slug":"fuerte-choque-en-carretera-a-la-media-luna-cobra-la-vida-de-tres-personas","status":"publish","type":"post","link":"https:\/\/canal7slp.tv\/2025\/fuerte-choque-en-carretera-a-la-media-luna-cobra-la-vida-de-tres-personas\/","title":{"rendered":"Fuerte choque en carretera a la Media Luna cobra la vida de tres personas"},"content":{"rendered":"<ul>\n<li style=\"text-align: justify;\">Una m\u00e1s se encuentra hospitalizada&#8230; su estado de salud es reservado<\/li>\n<\/ul>\n<p style=\"text-align: justify;\">Rioverde.-\u00a0Un tr\u00e1gico accidente ocurri\u00f3 en la carretera principal que conduce hacia la Medialuna, tres personas perdieron la vida de forma abrupta, mientras una m\u00e1s fue trasladada en estado cr\u00edtico al hospital regional de Rioverde.<\/p>\n<p style=\"text-align: justify;\">El siniestro involucr\u00f3 a una camioneta X-Trail negra de modelo reciente y con placas de San Luis Potos\u00ed, la cual se desplazaba a una velocidad que se presume era excesiva dadas las condiciones del impacto contra una casa en construcci\u00f3n ubicada al otro lado del canal principal. El golpe fue de tal magnitud que la camioneta derrib\u00f3 la pared block, lo que destroz\u00f3 la unidad, atrapando a sus ocupantes entre fierros retorcidos.<\/p>\n<p style=\"text-align: justify;\">Los bomberos de Rioverde usaron las quijadas de la vida y trabajaron contrarreloj para rescatar a la \u00fanica superviviente del accidente, una mujer cuyo estado de salud es reservado hasta el momento.<\/p>\n<p style=\"text-align: justify;\">Los bomberos de Ciudad Fern\u00e1ndez colaboraron con sus colegas de Rioverde, la polic\u00eda y la guardia civil en la tarea de recuperar los cuerpos de los fallecidos, mientras los peritos realizaban la recolecci\u00f3n de evidencias que permitan esclarecer las causas de esta tragedia.<\/p>\n<p style=\"text-align: justify;\">Las autoridades hacen un llamado a la prudencia y al respeto de las normas de tr\u00e1nsito, especialmente en una zona que, lamentablemente, ha sido escenario de otros accidentes.<\/p>\n<p style=\"text-align: justify;\">Por. X\u00f3chitl Morales Castro.<\/p>\n<p style=\"text-align: justify;\">\n","protected":false},"excerpt":{"rendered":"<p>Una m\u00e1s se encuentra hospitalizada&#8230; su estado de salud es reservado Rioverde.-\u00a0Un tr\u00e1gico accidente ocurri\u00f3 en la carretera principal que conduce hacia la Medialuna, tres personas perdieron la vida de forma abrupta, mientras una m\u00e1s fue trasladada en estado cr\u00edtico al hospital regional de Rioverde. El siniestro involucr\u00f3 a una camioneta X-Trail negra de modelo reciente y con placas de San Luis Potos\u00ed, la cual se desplazaba a una velocidad que se presume era excesiva dadas las condiciones del impacto contra una casa en construcci\u00f3n ubicada al otro lado del canal principal. El golpe fue de tal magnitud que la [&hellip;]<\/p>\n","protected":false},"author":2,"featured_media":157314,"comment_status":"closed","ping_status":"closed","sticky":false,"template":"","format":"standard","meta":{"_monsterinsights_skip_tracking":false,"_monsterinsights_sitenote_active":false,"_monsterinsights_sitenote_note":"","_monsterinsights_sitenote_category":0,"footnotes":""},"categories":[746,5,43],"tags":[],"class_list":["post-157311","post","type-post","status-publish","format-standard","has-post-thumbnail","hentry","category-ayorio","category-destacadas","category-interior","post--single"],"yoast_head":"<!-- This site is optimized with the Yoast SEO plugin v27.5 - https:\/\/yoast.com\/product\/yoast-seo-wordpress\/ -->\n<title>Fuerte choque en carretera a la Media Luna cobra la vida de tres personas - Canal 7 SLP - 2025<\/title>\n<meta name=\"robots\" content=\"index, follow, max-snippet:-1, max-image-preview:large, max-video-preview:-1\" \/>\n<link rel=\"canonical\" href=\"https:\/\/canal7slp.tv\/2025\/fuerte-choque-en-carretera-a-la-media-luna-cobra-la-vida-de-tres-personas\/\" \/>\n<meta property=\"og:locale\" content=\"es_ES\" \/>\n<meta property=\"og:type\" content=\"article\" \/>\n<meta property=\"og:title\" content=\"Fuerte choque en carretera a la Media Luna cobra la vida de tres personas - Canal 7 SLP - 2025\" \/>\n<meta property=\"og:description\" content=\"Una m\u00e1s se encuentra hospitalizada&#8230; su estado de salud es reservado Rioverde.-\u00a0Un tr\u00e1gico accidente ocurri\u00f3 en la carretera principal que conduce hacia la Medialuna, tres personas perdieron la vida de forma abrupta, mientras una m\u00e1s fue trasladada en estado cr\u00edtico al hospital regional de Rioverde. El siniestro involucr\u00f3 a una camioneta X-Trail negra de modelo reciente y con placas de San Luis Potos\u00ed, la cual se desplazaba a una velocidad que se presume era excesiva dadas las condiciones del impacto contra una casa en construcci\u00f3n ubicada al otro lado del canal principal. El golpe fue de tal magnitud que la [&hellip;]\" \/>\n<meta property=\"og:url\" content=\"https:\/\/canal7slp.tv\/2025\/fuerte-choque-en-carretera-a-la-media-luna-cobra-la-vida-de-tres-personas\/\" \/>\n<meta property=\"og:site_name\" content=\"Canal 7 SLP - 2025\" \/>\n<meta property=\"article:publisher\" content=\"https:\/\/www.facebook.com\/noticieroscanal7atencionciudadana\/\" \/>\n<meta property=\"article:published_time\" content=\"2025-02-08T19:00:36+00:00\" \/>\n<meta property=\"og:image\" content=\"https:\/\/canal7slp.tv\/2025\/wp-content\/uploads\/2025\/02\/Xochi02Accidente.jpg\" \/>\n\t<meta property=\"og:image:width\" content=\"1920\" \/>\n\t<meta property=\"og:image:height\" content=\"1080\" \/>\n\t<meta property=\"og:image:type\" content=\"image\/jpeg\" \/>\n<meta name=\"author\" content=\"Edici\u00f3n Web\" \/>\n<meta name=\"twitter:card\" content=\"summary_large_image\" \/>\n<meta name=\"twitter:creator\" content=\"@NOTICIEROS7\" \/>\n<meta name=\"twitter:site\" content=\"@NOTICIEROS7\" \/>\n<meta name=\"twitter:label1\" content=\"Escrito por\" \/>\n\t<meta name=\"twitter:data1\" content=\"Edici\u00f3n Web\" \/>\n\t<meta name=\"twitter:label2\" content=\"Tiempo de lectura\" \/>\n\t<meta name=\"twitter:data2\" content=\"2 minutos\" \/>\n<script type=\"application\/ld+json\" class=\"yoast-schema-graph\">{\"@context\":\"https:\\\/\\\/schema.org\",\"@graph\":[{\"@type\":\"Article\",\"@id\":\"https:\\\/\\\/canal7slp.tv\\\/2025\\\/fuerte-choque-en-carretera-a-la-media-luna-cobra-la-vida-de-tres-personas\\\/#article\",\"isPartOf\":{\"@id\":\"https:\\\/\\\/canal7slp.tv\\\/2025\\\/fuerte-choque-en-carretera-a-la-media-luna-cobra-la-vida-de-tres-personas\\\/\"},\"author\":{\"name\":\"Edici\u00f3n Web\",\"@id\":\"https:\\\/\\\/canal7slp.tv\\\/2025\\\/#\\\/schema\\\/person\\\/271e2b60a96e7cc9d9ac296f4d7e414b\"},\"headline\":\"Fuerte choque en carretera a la Media Luna cobra la vida de tres personas\",\"datePublished\":\"2025-02-08T19:00:36+00:00\",\"mainEntityOfPage\":{\"@id\":\"https:\\\/\\\/canal7slp.tv\\\/2025\\\/fuerte-choque-en-carretera-a-la-media-luna-cobra-la-vida-de-tres-personas\\\/\"},\"wordCount\":250,\"publisher\":{\"@id\":\"https:\\\/\\\/canal7slp.tv\\\/2025\\\/#organization\"},\"image\":{\"@id\":\"https:\\\/\\\/canal7slp.tv\\\/2025\\\/fuerte-choque-en-carretera-a-la-media-luna-cobra-la-vida-de-tres-personas\\\/#primaryimage\"},\"thumbnailUrl\":\"https:\\\/\\\/canal7slp.tv\\\/2025\\\/wp-content\\\/uploads\\\/2025\\\/02\\\/Xochi02Accidente.jpg\",\"articleSection\":[\"AYORIO\",\"DESTACADAS\",\"INTERIOR DEL ESTADO\"],\"inLanguage\":\"es\"},{\"@type\":\"WebPage\",\"@id\":\"https:\\\/\\\/canal7slp.tv\\\/2025\\\/fuerte-choque-en-carretera-a-la-media-luna-cobra-la-vida-de-tres-personas\\\/\",\"url\":\"https:\\\/\\\/canal7slp.tv\\\/2025\\\/fuerte-choque-en-carretera-a-la-media-luna-cobra-la-vida-de-tres-personas\\\/\",\"name\":\"Fuerte choque en carretera a la Media Luna cobra la vida de tres personas - Canal 7 SLP - 2025\",\"isPartOf\":{\"@id\":\"https:\\\/\\\/canal7slp.tv\\\/2025\\\/#website\"},\"primaryImageOfPage\":{\"@id\":\"https:\\\/\\\/canal7slp.tv\\\/2025\\\/fuerte-choque-en-carretera-a-la-media-luna-cobra-la-vida-de-tres-personas\\\/#primaryimage\"},\"image\":{\"@id\":\"https:\\\/\\\/canal7slp.tv\\\/2025\\\/fuerte-choque-en-carretera-a-la-media-luna-cobra-la-vida-de-tres-personas\\\/#primaryimage\"},\"thumbnailUrl\":\"https:\\\/\\\/canal7slp.tv\\\/2025\\\/wp-content\\\/uploads\\\/2025\\\/02\\\/Xochi02Accidente.jpg\",\"datePublished\":\"2025-02-08T19:00:36+00:00\",\"breadcrumb\":{\"@id\":\"https:\\\/\\\/canal7slp.tv\\\/2025\\\/fuerte-choque-en-carretera-a-la-media-luna-cobra-la-vida-de-tres-personas\\\/#breadcrumb\"},\"inLanguage\":\"es\",\"potentialAction\":[{\"@type\":\"ReadAction\",\"target\":[\"https:\\\/\\\/canal7slp.tv\\\/2025\\\/fuerte-choque-en-carretera-a-la-media-luna-cobra-la-vida-de-tres-personas\\\/\"]}]},{\"@type\":\"ImageObject\",\"inLanguage\":\"es\",\"@id\":\"https:\\\/\\\/canal7slp.tv\\\/2025\\\/fuerte-choque-en-carretera-a-la-media-luna-cobra-la-vida-de-tres-personas\\\/#primaryimage\",\"url\":\"https:\\\/\\\/canal7slp.tv\\\/2025\\\/wp-content\\\/uploads\\\/2025\\\/02\\\/Xochi02Accidente.jpg\",\"contentUrl\":\"https:\\\/\\\/canal7slp.tv\\\/2025\\\/wp-content\\\/uploads\\\/2025\\\/02\\\/Xochi02Accidente.jpg\",\"width\":1920,\"height\":1080},{\"@type\":\"BreadcrumbList\",\"@id\":\"https:\\\/\\\/canal7slp.tv\\\/2025\\\/fuerte-choque-en-carretera-a-la-media-luna-cobra-la-vida-de-tres-personas\\\/#breadcrumb\",\"itemListElement\":[{\"@type\":\"ListItem\",\"position\":1,\"name\":\"Portada\",\"item\":\"https:\\\/\\\/canal7slp.tv\\\/2025\\\/\"},{\"@type\":\"ListItem\",\"position\":2,\"name\":\"Fuerte choque en carretera a la Media Luna cobra la vida de tres personas\"}]},{\"@type\":\"WebSite\",\"@id\":\"https:\\\/\\\/canal7slp.tv\\\/2025\\\/#website\",\"url\":\"https:\\\/\\\/canal7slp.tv\\\/2025\\\/\",\"name\":\"N7 - Noticieros Canal 7\",\"description\":\"Somos el Medio\",\"publisher\":{\"@id\":\"https:\\\/\\\/canal7slp.tv\\\/2025\\\/#organization\"},\"potentialAction\":[{\"@type\":\"SearchAction\",\"target\":{\"@type\":\"EntryPoint\",\"urlTemplate\":\"https:\\\/\\\/canal7slp.tv\\\/2025\\\/?s={search_term_string}\"},\"query-input\":{\"@type\":\"PropertyValueSpecification\",\"valueRequired\":true,\"valueName\":\"search_term_string\"}}],\"inLanguage\":\"es\"},{\"@type\":\"Organization\",\"@id\":\"https:\\\/\\\/canal7slp.tv\\\/2025\\\/#organization\",\"name\":\"Noticieros Canal 7\",\"url\":\"https:\\\/\\\/canal7slp.tv\\\/2025\\\/\",\"logo\":{\"@type\":\"ImageObject\",\"inLanguage\":\"es\",\"@id\":\"https:\\\/\\\/canal7slp.tv\\\/2025\\\/#\\\/schema\\\/logo\\\/image\\\/\",\"url\":\"https:\\\/\\\/canal7slp.tv\\\/2025\\\/wp-content\\\/uploads\\\/2021\\\/01\\\/logo-noticieros@2x.png\",\"contentUrl\":\"https:\\\/\\\/canal7slp.tv\\\/2025\\\/wp-content\\\/uploads\\\/2021\\\/01\\\/logo-noticieros@2x.png\",\"width\":1017,\"height\":268,\"caption\":\"Noticieros Canal 7\"},\"image\":{\"@id\":\"https:\\\/\\\/canal7slp.tv\\\/2025\\\/#\\\/schema\\\/logo\\\/image\\\/\"},\"sameAs\":[\"https:\\\/\\\/www.facebook.com\\\/noticieroscanal7atencionciudadana\\\/\",\"https:\\\/\\\/x.com\\\/NOTICIEROS7\",\"https:\\\/\\\/www.instagram.com\\\/canal7_slp\",\"https:\\\/\\\/www.youtube.com\\\/channel\\\/UCliiYs-gP3JfJeqdPrNdd5A\"]},{\"@type\":\"Person\",\"@id\":\"https:\\\/\\\/canal7slp.tv\\\/2025\\\/#\\\/schema\\\/person\\\/271e2b60a96e7cc9d9ac296f4d7e414b\",\"name\":\"Edici\u00f3n Web\",\"image\":{\"@type\":\"ImageObject\",\"inLanguage\":\"es\",\"@id\":\"https:\\\/\\\/secure.gravatar.com\\\/avatar\\\/eee448fc3f7164808013b816ba91ac7e43bbe82a70bebac296f8bc6f0addaa1a?s=96&d=mm&r=g\",\"url\":\"https:\\\/\\\/secure.gravatar.com\\\/avatar\\\/eee448fc3f7164808013b816ba91ac7e43bbe82a70bebac296f8bc6f0addaa1a?s=96&d=mm&r=g\",\"contentUrl\":\"https:\\\/\\\/secure.gravatar.com\\\/avatar\\\/eee448fc3f7164808013b816ba91ac7e43bbe82a70bebac296f8bc6f0addaa1a?s=96&d=mm&r=g\",\"caption\":\"Edici\u00f3n Web\"},\"url\":\"https:\\\/\\\/canal7slp.tv\\\/2025\\\/author\\\/edicionweb\\\/\"}]}<\/script>\n<!-- \/ Yoast SEO plugin. -->","yoast_head_json":{"title":"Fuerte choque en carretera a la Media Luna cobra la vida de tres personas - Canal 7 SLP - 2025","robots":{"index":"index","follow":"follow","max-snippet":"max-snippet:-1","max-image-preview":"max-image-preview:large","max-video-preview":"max-video-preview:-1"},"canonical":"https:\/\/canal7slp.tv\/2025\/fuerte-choque-en-carretera-a-la-media-luna-cobra-la-vida-de-tres-personas\/","og_locale":"es_ES","og_type":"article","og_title":"Fuerte choque en carretera a la Media Luna cobra la vida de tres personas - Canal 7 SLP - 2025","og_description":"Una m\u00e1s se encuentra hospitalizada&#8230; su estado de salud es reservado Rioverde.-\u00a0Un tr\u00e1gico accidente ocurri\u00f3 en la carretera principal que conduce hacia la Medialuna, tres personas perdieron la vida de forma abrupta, mientras una m\u00e1s fue trasladada en estado cr\u00edtico al hospital regional de Rioverde. El siniestro involucr\u00f3 a una camioneta X-Trail negra de modelo reciente y con placas de San Luis Potos\u00ed, la cual se desplazaba a una velocidad que se presume era excesiva dadas las condiciones del impacto contra una casa en construcci\u00f3n ubicada al otro lado del canal principal. El golpe fue de tal magnitud que la [&hellip;]","og_url":"https:\/\/canal7slp.tv\/2025\/fuerte-choque-en-carretera-a-la-media-luna-cobra-la-vida-de-tres-personas\/","og_site_name":"Canal 7 SLP - 2025","article_publisher":"https:\/\/www.facebook.com\/noticieroscanal7atencionciudadana\/","article_published_time":"2025-02-08T19:00:36+00:00","og_image":[{"width":1920,"height":1080,"url":"https:\/\/canal7slp.tv\/2025\/wp-content\/uploads\/2025\/02\/Xochi02Accidente.jpg","type":"image\/jpeg"}],"author":"Edici\u00f3n Web","twitter_card":"summary_large_image","twitter_creator":"@NOTICIEROS7","twitter_site":"@NOTICIEROS7","twitter_misc":{"Escrito por":"Edici\u00f3n Web","Tiempo de lectura":"2 minutos"},"schema":{"@context":"https:\/\/schema.org","@graph":[{"@type":"Article","@id":"https:\/\/canal7slp.tv\/2025\/fuerte-choque-en-carretera-a-la-media-luna-cobra-la-vida-de-tres-personas\/#article","isPartOf":{"@id":"https:\/\/canal7slp.tv\/2025\/fuerte-choque-en-carretera-a-la-media-luna-cobra-la-vida-de-tres-personas\/"},"author":{"name":"Edici\u00f3n Web","@id":"https:\/\/canal7slp.tv\/2025\/#\/schema\/person\/271e2b60a96e7cc9d9ac296f4d7e414b"},"headline":"Fuerte choque en carretera a la Media Luna cobra la vida de tres personas","datePublished":"2025-02-08T19:00:36+00:00","mainEntityOfPage":{"@id":"https:\/\/canal7slp.tv\/2025\/fuerte-choque-en-carretera-a-la-media-luna-cobra-la-vida-de-tres-personas\/"},"wordCount":250,"publisher":{"@id":"https:\/\/canal7slp.tv\/2025\/#organization"},"image":{"@id":"https:\/\/canal7slp.tv\/2025\/fuerte-choque-en-carretera-a-la-media-luna-cobra-la-vida-de-tres-personas\/#primaryimage"},"thumbnailUrl":"https:\/\/canal7slp.tv\/2025\/wp-content\/uploads\/2025\/02\/Xochi02Accidente.jpg","articleSection":["AYORIO","DESTACADAS","INTERIOR DEL ESTADO"],"inLanguage":"es"},{"@type":"WebPage","@id":"https:\/\/canal7slp.tv\/2025\/fuerte-choque-en-carretera-a-la-media-luna-cobra-la-vida-de-tres-personas\/","url":"https:\/\/canal7slp.tv\/2025\/fuerte-choque-en-carretera-a-la-media-luna-cobra-la-vida-de-tres-personas\/","name":"Fuerte choque en carretera a la Media Luna cobra la vida de tres personas - Canal 7 SLP - 2025","isPartOf":{"@id":"https:\/\/canal7slp.tv\/2025\/#website"},"primaryImageOfPage":{"@id":"https:\/\/canal7slp.tv\/2025\/fuerte-choque-en-carretera-a-la-media-luna-cobra-la-vida-de-tres-personas\/#primaryimage"},"image":{"@id":"https:\/\/canal7slp.tv\/2025\/fuerte-choque-en-carretera-a-la-media-luna-cobra-la-vida-de-tres-personas\/#primaryimage"},"thumbnailUrl":"https:\/\/canal7slp.tv\/2025\/wp-content\/uploads\/2025\/02\/Xochi02Accidente.jpg","datePublished":"2025-02-08T19:00:36+00:00","breadcrumb":{"@id":"https:\/\/canal7slp.tv\/2025\/fuerte-choque-en-carretera-a-la-media-luna-cobra-la-vida-de-tres-personas\/#breadcrumb"},"inLanguage":"es","potentialAction":[{"@type":"ReadAction","target":["https:\/\/canal7slp.tv\/2025\/fuerte-choque-en-carretera-a-la-media-luna-cobra-la-vida-de-tres-personas\/"]}]},{"@type":"ImageObject","inLanguage":"es","@id":"https:\/\/canal7slp.tv\/2025\/fuerte-choque-en-carretera-a-la-media-luna-cobra-la-vida-de-tres-personas\/#primaryimage","url":"https:\/\/canal7slp.tv\/2025\/wp-content\/uploads\/2025\/02\/Xochi02Accidente.jpg","contentUrl":"https:\/\/canal7slp.tv\/2025\/wp-content\/uploads\/2025\/02\/Xochi02Accidente.jpg","width":1920,"height":1080},{"@type":"BreadcrumbList","@id":"https:\/\/canal7slp.tv\/2025\/fuerte-choque-en-carretera-a-la-media-luna-cobra-la-vida-de-tres-personas\/#breadcrumb","itemListElement":[{"@type":"ListItem","position":1,"name":"Portada","item":"https:\/\/canal7slp.tv\/2025\/"},{"@type":"ListItem","position":2,"name":"Fuerte choque en carretera a la Media Luna cobra la vida de tres personas"}]},{"@type":"WebSite","@id":"https:\/\/canal7slp.tv\/2025\/#website","url":"https:\/\/canal7slp.tv\/2025\/","name":"N7 - Noticieros Canal 7","description":"Somos el Medio","publisher":{"@id":"https:\/\/canal7slp.tv\/2025\/#organization"},"potentialAction":[{"@type":"SearchAction","target":{"@type":"EntryPoint","urlTemplate":"https:\/\/canal7slp.tv\/2025\/?s={search_term_string}"},"query-input":{"@type":"PropertyValueSpecification","valueRequired":true,"valueName":"search_term_string"}}],"inLanguage":"es"},{"@type":"Organization","@id":"https:\/\/canal7slp.tv\/2025\/#organization","name":"Noticieros Canal 7","url":"https:\/\/canal7slp.tv\/2025\/","logo":{"@type":"ImageObject","inLanguage":"es","@id":"https:\/\/canal7slp.tv\/2025\/#\/schema\/logo\/image\/","url":"https:\/\/canal7slp.tv\/2025\/wp-content\/uploads\/2021\/01\/logo-noticieros@2x.png","contentUrl":"https:\/\/canal7slp.tv\/2025\/wp-content\/uploads\/2021\/01\/logo-noticieros@2x.png","width":1017,"height":268,"caption":"Noticieros Canal 7"},"image":{"@id":"https:\/\/canal7slp.tv\/2025\/#\/schema\/logo\/image\/"},"sameAs":["https:\/\/www.facebook.com\/noticieroscanal7atencionciudadana\/","https:\/\/x.com\/NOTICIEROS7","https:\/\/www.instagram.com\/canal7_slp","https:\/\/www.youtube.com\/channel\/UCliiYs-gP3JfJeqdPrNdd5A"]},{"@type":"Person","@id":"https:\/\/canal7slp.tv\/2025\/#\/schema\/person\/271e2b60a96e7cc9d9ac296f4d7e414b","name":"Edici\u00f3n Web","image":{"@type":"ImageObject","inLanguage":"es","@id":"https:\/\/secure.gravatar.com\/avatar\/eee448fc3f7164808013b816ba91ac7e43bbe82a70bebac296f8bc6f0addaa1a?s=96&d=mm&r=g","url":"https:\/\/secure.gravatar.com\/avatar\/eee448fc3f7164808013b816ba91ac7e43bbe82a70bebac296f8bc6f0addaa1a?s=96&d=mm&r=g","contentUrl":"https:\/\/secure.gravatar.com\/avatar\/eee448fc3f7164808013b816ba91ac7e43bbe82a70bebac296f8bc6f0addaa1a?s=96&d=mm&r=g","caption":"Edici\u00f3n Web"},"url":"https:\/\/canal7slp.tv\/2025\/author\/edicionweb\/"}]}},"_links":{"self":[{"href":"https:\/\/canal7slp.tv\/2025\/wp-json\/wp\/v2\/posts\/157311","targetHints":{"allow":["GET"]}}],"collection":[{"href":"https:\/\/canal7slp.tv\/2025\/wp-json\/wp\/v2\/posts"}],"about":[{"href":"https:\/\/canal7slp.tv\/2025\/wp-json\/wp\/v2\/types\/post"}],"author":[{"embeddable":true,"href":"https:\/\/canal7slp.tv\/2025\/wp-json\/wp\/v2\/users\/2"}],"replies":[{"embeddable":true,"href":"https:\/\/canal7slp.tv\/2025\/wp-json\/wp\/v2\/comments?post=157311"}],"version-history":[{"count":3,"href":"https:\/\/canal7slp.tv\/2025\/wp-json\/wp\/v2\/posts\/157311\/revisions"}],"predecessor-version":[{"id":157315,"href":"https:\/\/canal7slp.tv\/2025\/wp-json\/wp\/v2\/posts\/157311\/revisions\/157315"}],"wp:featuredmedia":[{"embeddable":true,"href":"https:\/\/canal7slp.tv\/2025\/wp-json\/wp\/v2\/media\/157314"}],"wp:attachment":[{"href":"https:\/\/canal7slp.tv\/2025\/wp-json\/wp\/v2\/media?parent=157311"}],"wp:term":[{"taxonomy":"category","embeddable":true,"href":"https:\/\/canal7slp.tv\/2025\/wp-json\/wp\/v2\/categories?post=157311"},{"taxonomy":"post_tag","embeddable":true,"href":"https:\/\/canal7slp.tv\/2025\/wp-json\/wp\/v2\/tags?post=157311"}],"curies":[{"name":"wp","href":"https:\/\/api.w.org\/{rel}","templated":true}]}}