{"id":157307,"date":"2025-02-08T12:00:23","date_gmt":"2025-02-08T18:00:23","guid":{"rendered":"https:\/\/canal7slp.tv\/2025\/?p=157307"},"modified":"2025-02-08T09:43:36","modified_gmt":"2025-02-08T15:43:36","slug":"inauguran-oficina-de-la-delegacion-de-turismo-en-zona-media","status":"publish","type":"post","link":"https:\/\/canal7slp.tv\/2025\/inauguran-oficina-de-la-delegacion-de-turismo-en-zona-media\/","title":{"rendered":"Inauguran oficina de la Delegaci\u00f3n de Turismo en Zona Media"},"content":{"rendered":"<ul>\n<li style=\"text-align: justify;\">Edgar Iv\u00e1n de la Cruz estar\u00e1 a cargo de las instalaciones.<\/li>\n<\/ul>\n<p style=\"text-align: justify;\">Rioverde.-\u00a0Fue inaugurada la nueva oficina de la Delegaci\u00f3n de Turismo en la zona media del estado, con el objetivo de impulsar el turismo en la regi\u00f3n y facilitar la cooperaci\u00f3n entre los diversos actores del sector tur\u00edstico.<\/p>\n<p style=\"text-align: justify;\">El delegado Edgar Iv\u00e1n de la Cruz Alan\u00eds, estar\u00e1 al frente de esta oficina, la cual servir\u00e1 como un punto de encuentro y enlace entre los proveedores de servicios tur\u00edsticos locales, los municipios y el gobierno estatal.<\/p>\n<p style=\"text-align: justify;\">As\u00ed lo expres\u00f3 en el evento de inauguraci\u00f3n, la secretaria de Turismo, Yolanda Josefina Cepeda Echevarr\u00eda, quien encabez\u00f3 el evento, el cual tambi\u00e9n cont\u00f3 con la presencia de la presidenta del DIF de Rioverde, Karina Quintero, en representaci\u00f3n del alcalde Arnulfo Urbiola Rom\u00e1n, as\u00ed como el presidente de hoteles Rafael Armend\u00e1riz V\u00e1zquez.<\/p>\n<p style=\"text-align: justify;\">Cepeda Echevarr\u00eda enfatiz\u00f3 el compromiso del gobierno estatal de trabajar en estrecha colaboraci\u00f3n con los presidentes municipales y los proveedores de servicios para mejorar la calidad de la atenci\u00f3n al turista, a trav\u00e9s de la capacitaci\u00f3n, la promoci\u00f3n y el desarrollo de infraestructura y servicios tur\u00edsticos de calidad.<\/p>\n<p style=\"text-align: justify;\">Declar\u00f3 que adem\u00e1s de las acciones enfocadas en la mejora de la atenci\u00f3n al turista, la Secretar\u00eda de Turismo est\u00e1 realizando gestiones ante el gobierno federal, para que algunos municipios de la zona media sean incluidos como paradas en la futura ruta del tren de pasajeros San Luis Potos\u00ed-Tampico.<\/p>\n<p style=\"text-align: justify;\">Por. X\u00f3chitl Morales Castro.<\/p>\n","protected":false},"excerpt":{"rendered":"<p>Edgar Iv\u00e1n de la Cruz estar\u00e1 a cargo de las instalaciones. Rioverde.-\u00a0Fue inaugurada la nueva oficina de la Delegaci\u00f3n de Turismo en la zona media del estado, con el objetivo de impulsar el turismo en la regi\u00f3n y facilitar la cooperaci\u00f3n entre los diversos actores del sector tur\u00edstico. El delegado Edgar Iv\u00e1n de la Cruz Alan\u00eds, estar\u00e1 al frente de esta oficina, la cual servir\u00e1 como un punto de encuentro y enlace entre los proveedores de servicios tur\u00edsticos locales, los municipios y el gobierno estatal. As\u00ed lo expres\u00f3 en el evento de inauguraci\u00f3n, la secretaria de Turismo, Yolanda Josefina Cepeda [&hellip;]<\/p>\n","protected":false},"author":2,"featured_media":157309,"comment_status":"closed","ping_status":"closed","sticky":false,"template":"","format":"video","meta":{"_monsterinsights_skip_tracking":false,"_monsterinsights_sitenote_active":false,"_monsterinsights_sitenote_note":"","_monsterinsights_sitenote_category":0,"footnotes":""},"categories":[746,5,43],"tags":[],"class_list":["post-157307","post","type-post","status-publish","format-video","has-post-thumbnail","hentry","category-ayorio","category-destacadas","category-interior","post_format-post-format-video","post--single"],"yoast_head":"<!-- This site is optimized with the Yoast SEO plugin v27.5 - https:\/\/yoast.com\/product\/yoast-seo-wordpress\/ -->\n<title>Inauguran oficina de la Delegaci\u00f3n de Turismo en Zona Media - Canal 7 SLP - 2025<\/title>\n<meta name=\"robots\" content=\"index, follow, max-snippet:-1, max-image-preview:large, max-video-preview:-1\" \/>\n<link rel=\"canonical\" href=\"https:\/\/canal7slp.tv\/2025\/inauguran-oficina-de-la-delegacion-de-turismo-en-zona-media\/\" \/>\n<meta property=\"og:locale\" content=\"es_ES\" \/>\n<meta property=\"og:type\" content=\"article\" \/>\n<meta property=\"og:title\" content=\"Inauguran oficina de la Delegaci\u00f3n de Turismo en Zona Media - Canal 7 SLP - 2025\" \/>\n<meta property=\"og:description\" content=\"Edgar Iv\u00e1n de la Cruz estar\u00e1 a cargo de las instalaciones. Rioverde.-\u00a0Fue inaugurada la nueva oficina de la Delegaci\u00f3n de Turismo en la zona media del estado, con el objetivo de impulsar el turismo en la regi\u00f3n y facilitar la cooperaci\u00f3n entre los diversos actores del sector tur\u00edstico. El delegado Edgar Iv\u00e1n de la Cruz Alan\u00eds, estar\u00e1 al frente de esta oficina, la cual servir\u00e1 como un punto de encuentro y enlace entre los proveedores de servicios tur\u00edsticos locales, los municipios y el gobierno estatal. As\u00ed lo expres\u00f3 en el evento de inauguraci\u00f3n, la secretaria de Turismo, Yolanda Josefina Cepeda [&hellip;]\" \/>\n<meta property=\"og:url\" content=\"https:\/\/canal7slp.tv\/2025\/inauguran-oficina-de-la-delegacion-de-turismo-en-zona-media\/\" \/>\n<meta property=\"og:site_name\" content=\"Canal 7 SLP - 2025\" \/>\n<meta property=\"article:publisher\" content=\"https:\/\/www.facebook.com\/noticieroscanal7atencionciudadana\/\" \/>\n<meta property=\"article:published_time\" content=\"2025-02-08T18:00:23+00:00\" \/>\n<meta property=\"og:image\" content=\"https:\/\/canal7slp.tv\/2025\/wp-content\/uploads\/2025\/02\/Xochi01Turismo.jpg\" \/>\n\t<meta property=\"og:image:width\" content=\"1920\" \/>\n\t<meta property=\"og:image:height\" content=\"1080\" \/>\n\t<meta property=\"og:image:type\" content=\"image\/jpeg\" \/>\n<meta name=\"author\" content=\"Edici\u00f3n Web\" \/>\n<meta name=\"twitter:card\" content=\"summary_large_image\" \/>\n<meta name=\"twitter:creator\" content=\"@NOTICIEROS7\" \/>\n<meta name=\"twitter:site\" content=\"@NOTICIEROS7\" \/>\n<meta name=\"twitter:label1\" content=\"Escrito por\" \/>\n\t<meta name=\"twitter:data1\" content=\"Edici\u00f3n Web\" \/>\n\t<meta name=\"twitter:label2\" content=\"Tiempo de lectura\" \/>\n\t<meta name=\"twitter:data2\" content=\"2 minutos\" \/>\n<script type=\"application\/ld+json\" class=\"yoast-schema-graph\">{\"@context\":\"https:\\\/\\\/schema.org\",\"@graph\":[{\"@type\":\"Article\",\"@id\":\"https:\\\/\\\/canal7slp.tv\\\/2025\\\/inauguran-oficina-de-la-delegacion-de-turismo-en-zona-media\\\/#article\",\"isPartOf\":{\"@id\":\"https:\\\/\\\/canal7slp.tv\\\/2025\\\/inauguran-oficina-de-la-delegacion-de-turismo-en-zona-media\\\/\"},\"author\":{\"name\":\"Edici\u00f3n Web\",\"@id\":\"https:\\\/\\\/canal7slp.tv\\\/2025\\\/#\\\/schema\\\/person\\\/271e2b60a96e7cc9d9ac296f4d7e414b\"},\"headline\":\"Inauguran oficina de la Delegaci\u00f3n de Turismo en Zona Media\",\"datePublished\":\"2025-02-08T18:00:23+00:00\",\"mainEntityOfPage\":{\"@id\":\"https:\\\/\\\/canal7slp.tv\\\/2025\\\/inauguran-oficina-de-la-delegacion-de-turismo-en-zona-media\\\/\"},\"wordCount\":278,\"publisher\":{\"@id\":\"https:\\\/\\\/canal7slp.tv\\\/2025\\\/#organization\"},\"image\":{\"@id\":\"https:\\\/\\\/canal7slp.tv\\\/2025\\\/inauguran-oficina-de-la-delegacion-de-turismo-en-zona-media\\\/#primaryimage\"},\"thumbnailUrl\":\"https:\\\/\\\/canal7slp.tv\\\/2025\\\/wp-content\\\/uploads\\\/2025\\\/02\\\/Xochi01Turismo.jpg\",\"articleSection\":[\"AYORIO\",\"DESTACADAS\",\"INTERIOR DEL ESTADO\"],\"inLanguage\":\"es\"},{\"@type\":\"WebPage\",\"@id\":\"https:\\\/\\\/canal7slp.tv\\\/2025\\\/inauguran-oficina-de-la-delegacion-de-turismo-en-zona-media\\\/\",\"url\":\"https:\\\/\\\/canal7slp.tv\\\/2025\\\/inauguran-oficina-de-la-delegacion-de-turismo-en-zona-media\\\/\",\"name\":\"Inauguran oficina de la Delegaci\u00f3n de Turismo en Zona Media - Canal 7 SLP - 2025\",\"isPartOf\":{\"@id\":\"https:\\\/\\\/canal7slp.tv\\\/2025\\\/#website\"},\"primaryImageOfPage\":{\"@id\":\"https:\\\/\\\/canal7slp.tv\\\/2025\\\/inauguran-oficina-de-la-delegacion-de-turismo-en-zona-media\\\/#primaryimage\"},\"image\":{\"@id\":\"https:\\\/\\\/canal7slp.tv\\\/2025\\\/inauguran-oficina-de-la-delegacion-de-turismo-en-zona-media\\\/#primaryimage\"},\"thumbnailUrl\":\"https:\\\/\\\/canal7slp.tv\\\/2025\\\/wp-content\\\/uploads\\\/2025\\\/02\\\/Xochi01Turismo.jpg\",\"datePublished\":\"2025-02-08T18:00:23+00:00\",\"breadcrumb\":{\"@id\":\"https:\\\/\\\/canal7slp.tv\\\/2025\\\/inauguran-oficina-de-la-delegacion-de-turismo-en-zona-media\\\/#breadcrumb\"},\"inLanguage\":\"es\",\"potentialAction\":[{\"@type\":\"ReadAction\",\"target\":[\"https:\\\/\\\/canal7slp.tv\\\/2025\\\/inauguran-oficina-de-la-delegacion-de-turismo-en-zona-media\\\/\"]}]},{\"@type\":\"ImageObject\",\"inLanguage\":\"es\",\"@id\":\"https:\\\/\\\/canal7slp.tv\\\/2025\\\/inauguran-oficina-de-la-delegacion-de-turismo-en-zona-media\\\/#primaryimage\",\"url\":\"https:\\\/\\\/canal7slp.tv\\\/2025\\\/wp-content\\\/uploads\\\/2025\\\/02\\\/Xochi01Turismo.jpg\",\"contentUrl\":\"https:\\\/\\\/canal7slp.tv\\\/2025\\\/wp-content\\\/uploads\\\/2025\\\/02\\\/Xochi01Turismo.jpg\",\"width\":1920,\"height\":1080},{\"@type\":\"BreadcrumbList\",\"@id\":\"https:\\\/\\\/canal7slp.tv\\\/2025\\\/inauguran-oficina-de-la-delegacion-de-turismo-en-zona-media\\\/#breadcrumb\",\"itemListElement\":[{\"@type\":\"ListItem\",\"position\":1,\"name\":\"Portada\",\"item\":\"https:\\\/\\\/canal7slp.tv\\\/2025\\\/\"},{\"@type\":\"ListItem\",\"position\":2,\"name\":\"Inauguran oficina de la Delegaci\u00f3n de Turismo en Zona Media\"}]},{\"@type\":\"WebSite\",\"@id\":\"https:\\\/\\\/canal7slp.tv\\\/2025\\\/#website\",\"url\":\"https:\\\/\\\/canal7slp.tv\\\/2025\\\/\",\"name\":\"N7 - Noticieros Canal 7\",\"description\":\"Somos el Medio\",\"publisher\":{\"@id\":\"https:\\\/\\\/canal7slp.tv\\\/2025\\\/#organization\"},\"potentialAction\":[{\"@type\":\"SearchAction\",\"target\":{\"@type\":\"EntryPoint\",\"urlTemplate\":\"https:\\\/\\\/canal7slp.tv\\\/2025\\\/?s={search_term_string}\"},\"query-input\":{\"@type\":\"PropertyValueSpecification\",\"valueRequired\":true,\"valueName\":\"search_term_string\"}}],\"inLanguage\":\"es\"},{\"@type\":\"Organization\",\"@id\":\"https:\\\/\\\/canal7slp.tv\\\/2025\\\/#organization\",\"name\":\"Noticieros Canal 7\",\"url\":\"https:\\\/\\\/canal7slp.tv\\\/2025\\\/\",\"logo\":{\"@type\":\"ImageObject\",\"inLanguage\":\"es\",\"@id\":\"https:\\\/\\\/canal7slp.tv\\\/2025\\\/#\\\/schema\\\/logo\\\/image\\\/\",\"url\":\"https:\\\/\\\/canal7slp.tv\\\/2025\\\/wp-content\\\/uploads\\\/2021\\\/01\\\/logo-noticieros@2x.png\",\"contentUrl\":\"https:\\\/\\\/canal7slp.tv\\\/2025\\\/wp-content\\\/uploads\\\/2021\\\/01\\\/logo-noticieros@2x.png\",\"width\":1017,\"height\":268,\"caption\":\"Noticieros Canal 7\"},\"image\":{\"@id\":\"https:\\\/\\\/canal7slp.tv\\\/2025\\\/#\\\/schema\\\/logo\\\/image\\\/\"},\"sameAs\":[\"https:\\\/\\\/www.facebook.com\\\/noticieroscanal7atencionciudadana\\\/\",\"https:\\\/\\\/x.com\\\/NOTICIEROS7\",\"https:\\\/\\\/www.instagram.com\\\/canal7_slp\",\"https:\\\/\\\/www.youtube.com\\\/channel\\\/UCliiYs-gP3JfJeqdPrNdd5A\"]},{\"@type\":\"Person\",\"@id\":\"https:\\\/\\\/canal7slp.tv\\\/2025\\\/#\\\/schema\\\/person\\\/271e2b60a96e7cc9d9ac296f4d7e414b\",\"name\":\"Edici\u00f3n Web\",\"image\":{\"@type\":\"ImageObject\",\"inLanguage\":\"es\",\"@id\":\"https:\\\/\\\/secure.gravatar.com\\\/avatar\\\/eee448fc3f7164808013b816ba91ac7e43bbe82a70bebac296f8bc6f0addaa1a?s=96&d=mm&r=g\",\"url\":\"https:\\\/\\\/secure.gravatar.com\\\/avatar\\\/eee448fc3f7164808013b816ba91ac7e43bbe82a70bebac296f8bc6f0addaa1a?s=96&d=mm&r=g\",\"contentUrl\":\"https:\\\/\\\/secure.gravatar.com\\\/avatar\\\/eee448fc3f7164808013b816ba91ac7e43bbe82a70bebac296f8bc6f0addaa1a?s=96&d=mm&r=g\",\"caption\":\"Edici\u00f3n Web\"},\"url\":\"https:\\\/\\\/canal7slp.tv\\\/2025\\\/author\\\/edicionweb\\\/\"}]}<\/script>\n<!-- \/ Yoast SEO plugin. -->","yoast_head_json":{"title":"Inauguran oficina de la Delegaci\u00f3n de Turismo en Zona Media - Canal 7 SLP - 2025","robots":{"index":"index","follow":"follow","max-snippet":"max-snippet:-1","max-image-preview":"max-image-preview:large","max-video-preview":"max-video-preview:-1"},"canonical":"https:\/\/canal7slp.tv\/2025\/inauguran-oficina-de-la-delegacion-de-turismo-en-zona-media\/","og_locale":"es_ES","og_type":"article","og_title":"Inauguran oficina de la Delegaci\u00f3n de Turismo en Zona Media - Canal 7 SLP - 2025","og_description":"Edgar Iv\u00e1n de la Cruz estar\u00e1 a cargo de las instalaciones. Rioverde.-\u00a0Fue inaugurada la nueva oficina de la Delegaci\u00f3n de Turismo en la zona media del estado, con el objetivo de impulsar el turismo en la regi\u00f3n y facilitar la cooperaci\u00f3n entre los diversos actores del sector tur\u00edstico. El delegado Edgar Iv\u00e1n de la Cruz Alan\u00eds, estar\u00e1 al frente de esta oficina, la cual servir\u00e1 como un punto de encuentro y enlace entre los proveedores de servicios tur\u00edsticos locales, los municipios y el gobierno estatal. As\u00ed lo expres\u00f3 en el evento de inauguraci\u00f3n, la secretaria de Turismo, Yolanda Josefina Cepeda [&hellip;]","og_url":"https:\/\/canal7slp.tv\/2025\/inauguran-oficina-de-la-delegacion-de-turismo-en-zona-media\/","og_site_name":"Canal 7 SLP - 2025","article_publisher":"https:\/\/www.facebook.com\/noticieroscanal7atencionciudadana\/","article_published_time":"2025-02-08T18:00:23+00:00","og_image":[{"width":1920,"height":1080,"url":"https:\/\/canal7slp.tv\/2025\/wp-content\/uploads\/2025\/02\/Xochi01Turismo.jpg","type":"image\/jpeg"}],"author":"Edici\u00f3n Web","twitter_card":"summary_large_image","twitter_creator":"@NOTICIEROS7","twitter_site":"@NOTICIEROS7","twitter_misc":{"Escrito por":"Edici\u00f3n Web","Tiempo de lectura":"2 minutos"},"schema":{"@context":"https:\/\/schema.org","@graph":[{"@type":"Article","@id":"https:\/\/canal7slp.tv\/2025\/inauguran-oficina-de-la-delegacion-de-turismo-en-zona-media\/#article","isPartOf":{"@id":"https:\/\/canal7slp.tv\/2025\/inauguran-oficina-de-la-delegacion-de-turismo-en-zona-media\/"},"author":{"name":"Edici\u00f3n Web","@id":"https:\/\/canal7slp.tv\/2025\/#\/schema\/person\/271e2b60a96e7cc9d9ac296f4d7e414b"},"headline":"Inauguran oficina de la Delegaci\u00f3n de Turismo en Zona Media","datePublished":"2025-02-08T18:00:23+00:00","mainEntityOfPage":{"@id":"https:\/\/canal7slp.tv\/2025\/inauguran-oficina-de-la-delegacion-de-turismo-en-zona-media\/"},"wordCount":278,"publisher":{"@id":"https:\/\/canal7slp.tv\/2025\/#organization"},"image":{"@id":"https:\/\/canal7slp.tv\/2025\/inauguran-oficina-de-la-delegacion-de-turismo-en-zona-media\/#primaryimage"},"thumbnailUrl":"https:\/\/canal7slp.tv\/2025\/wp-content\/uploads\/2025\/02\/Xochi01Turismo.jpg","articleSection":["AYORIO","DESTACADAS","INTERIOR DEL ESTADO"],"inLanguage":"es"},{"@type":"WebPage","@id":"https:\/\/canal7slp.tv\/2025\/inauguran-oficina-de-la-delegacion-de-turismo-en-zona-media\/","url":"https:\/\/canal7slp.tv\/2025\/inauguran-oficina-de-la-delegacion-de-turismo-en-zona-media\/","name":"Inauguran oficina de la Delegaci\u00f3n de Turismo en Zona Media - Canal 7 SLP - 2025","isPartOf":{"@id":"https:\/\/canal7slp.tv\/2025\/#website"},"primaryImageOfPage":{"@id":"https:\/\/canal7slp.tv\/2025\/inauguran-oficina-de-la-delegacion-de-turismo-en-zona-media\/#primaryimage"},"image":{"@id":"https:\/\/canal7slp.tv\/2025\/inauguran-oficina-de-la-delegacion-de-turismo-en-zona-media\/#primaryimage"},"thumbnailUrl":"https:\/\/canal7slp.tv\/2025\/wp-content\/uploads\/2025\/02\/Xochi01Turismo.jpg","datePublished":"2025-02-08T18:00:23+00:00","breadcrumb":{"@id":"https:\/\/canal7slp.tv\/2025\/inauguran-oficina-de-la-delegacion-de-turismo-en-zona-media\/#breadcrumb"},"inLanguage":"es","potentialAction":[{"@type":"ReadAction","target":["https:\/\/canal7slp.tv\/2025\/inauguran-oficina-de-la-delegacion-de-turismo-en-zona-media\/"]}]},{"@type":"ImageObject","inLanguage":"es","@id":"https:\/\/canal7slp.tv\/2025\/inauguran-oficina-de-la-delegacion-de-turismo-en-zona-media\/#primaryimage","url":"https:\/\/canal7slp.tv\/2025\/wp-content\/uploads\/2025\/02\/Xochi01Turismo.jpg","contentUrl":"https:\/\/canal7slp.tv\/2025\/wp-content\/uploads\/2025\/02\/Xochi01Turismo.jpg","width":1920,"height":1080},{"@type":"BreadcrumbList","@id":"https:\/\/canal7slp.tv\/2025\/inauguran-oficina-de-la-delegacion-de-turismo-en-zona-media\/#breadcrumb","itemListElement":[{"@type":"ListItem","position":1,"name":"Portada","item":"https:\/\/canal7slp.tv\/2025\/"},{"@type":"ListItem","position":2,"name":"Inauguran oficina de la Delegaci\u00f3n de Turismo en Zona Media"}]},{"@type":"WebSite","@id":"https:\/\/canal7slp.tv\/2025\/#website","url":"https:\/\/canal7slp.tv\/2025\/","name":"N7 - Noticieros Canal 7","description":"Somos el Medio","publisher":{"@id":"https:\/\/canal7slp.tv\/2025\/#organization"},"potentialAction":[{"@type":"SearchAction","target":{"@type":"EntryPoint","urlTemplate":"https:\/\/canal7slp.tv\/2025\/?s={search_term_string}"},"query-input":{"@type":"PropertyValueSpecification","valueRequired":true,"valueName":"search_term_string"}}],"inLanguage":"es"},{"@type":"Organization","@id":"https:\/\/canal7slp.tv\/2025\/#organization","name":"Noticieros Canal 7","url":"https:\/\/canal7slp.tv\/2025\/","logo":{"@type":"ImageObject","inLanguage":"es","@id":"https:\/\/canal7slp.tv\/2025\/#\/schema\/logo\/image\/","url":"https:\/\/canal7slp.tv\/2025\/wp-content\/uploads\/2021\/01\/logo-noticieros@2x.png","contentUrl":"https:\/\/canal7slp.tv\/2025\/wp-content\/uploads\/2021\/01\/logo-noticieros@2x.png","width":1017,"height":268,"caption":"Noticieros Canal 7"},"image":{"@id":"https:\/\/canal7slp.tv\/2025\/#\/schema\/logo\/image\/"},"sameAs":["https:\/\/www.facebook.com\/noticieroscanal7atencionciudadana\/","https:\/\/x.com\/NOTICIEROS7","https:\/\/www.instagram.com\/canal7_slp","https:\/\/www.youtube.com\/channel\/UCliiYs-gP3JfJeqdPrNdd5A"]},{"@type":"Person","@id":"https:\/\/canal7slp.tv\/2025\/#\/schema\/person\/271e2b60a96e7cc9d9ac296f4d7e414b","name":"Edici\u00f3n Web","image":{"@type":"ImageObject","inLanguage":"es","@id":"https:\/\/secure.gravatar.com\/avatar\/eee448fc3f7164808013b816ba91ac7e43bbe82a70bebac296f8bc6f0addaa1a?s=96&d=mm&r=g","url":"https:\/\/secure.gravatar.com\/avatar\/eee448fc3f7164808013b816ba91ac7e43bbe82a70bebac296f8bc6f0addaa1a?s=96&d=mm&r=g","contentUrl":"https:\/\/secure.gravatar.com\/avatar\/eee448fc3f7164808013b816ba91ac7e43bbe82a70bebac296f8bc6f0addaa1a?s=96&d=mm&r=g","caption":"Edici\u00f3n Web"},"url":"https:\/\/canal7slp.tv\/2025\/author\/edicionweb\/"}]}},"_links":{"self":[{"href":"https:\/\/canal7slp.tv\/2025\/wp-json\/wp\/v2\/posts\/157307","targetHints":{"allow":["GET"]}}],"collection":[{"href":"https:\/\/canal7slp.tv\/2025\/wp-json\/wp\/v2\/posts"}],"about":[{"href":"https:\/\/canal7slp.tv\/2025\/wp-json\/wp\/v2\/types\/post"}],"author":[{"embeddable":true,"href":"https:\/\/canal7slp.tv\/2025\/wp-json\/wp\/v2\/users\/2"}],"replies":[{"embeddable":true,"href":"https:\/\/canal7slp.tv\/2025\/wp-json\/wp\/v2\/comments?post=157307"}],"version-history":[{"count":1,"href":"https:\/\/canal7slp.tv\/2025\/wp-json\/wp\/v2\/posts\/157307\/revisions"}],"predecessor-version":[{"id":157310,"href":"https:\/\/canal7slp.tv\/2025\/wp-json\/wp\/v2\/posts\/157307\/revisions\/157310"}],"wp:featuredmedia":[{"embeddable":true,"href":"https:\/\/canal7slp.tv\/2025\/wp-json\/wp\/v2\/media\/157309"}],"wp:attachment":[{"href":"https:\/\/canal7slp.tv\/2025\/wp-json\/wp\/v2\/media?parent=157307"}],"wp:term":[{"taxonomy":"category","embeddable":true,"href":"https:\/\/canal7slp.tv\/2025\/wp-json\/wp\/v2\/categories?post=157307"},{"taxonomy":"post_tag","embeddable":true,"href":"https:\/\/canal7slp.tv\/2025\/wp-json\/wp\/v2\/tags?post=157307"}],"curies":[{"name":"wp","href":"https:\/\/api.w.org\/{rel}","templated":true}]}}