{"id":157294,"date":"2025-02-08T11:00:50","date_gmt":"2025-02-08T17:00:50","guid":{"rendered":"https:\/\/canal7slp.tv\/2025\/?p=157294"},"modified":"2025-02-08T09:30:00","modified_gmt":"2025-02-08T15:30:00","slug":"ocupacion-de-zona-industrial-de-matehuala-al-50-canaco-matehuala","status":"publish","type":"post","link":"https:\/\/canal7slp.tv\/2025\/ocupacion-de-zona-industrial-de-matehuala-al-50-canaco-matehuala\/","title":{"rendered":"Ocupaci\u00f3n de zona industrial de Matehuala, al 50%: CANACO Matehuala"},"content":{"rendered":"<p style=\"text-align: justify;\">Matehuala.-\u00a0En entrevista, Rafael Fern\u00e1ndez Santos, Presidente de CANACO en Matehuala, fue cuestionado sobre su nombramiento como parte del Consejo de Desarrollo Econ\u00f3mico y Sustentable del Gobierno del Estado.<\/p>\n<p style=\"text-align: justify;\">\u201cSabemos que es una buena oportunidad para detonar nuestra regi\u00f3n, sobretodo la falta de empleo que tenemos, tenemos una zona industrial que est\u00e1 ocupada a la mitad, creemos que es una buena opci\u00f3n nuestra regi\u00f3n sobretodo por la comunicaci\u00f3n que tenemos\u201d, dijo.<\/p>\n<p style=\"text-align: justify;\">Sobre la posibilidad del arribo de nuevas empresas al municipio, Fern\u00e1ndez Santos coment\u00f3 al respecto, \u201cMatehuala tiene la capacidad de recibir empresas desde doscientos a cuatrocientos trabajadores, nos gustar\u00eda que fueran este tipo de empresas para que fuera una mano de obra m\u00e1s calificada y podamos tener ese acceso a los j\u00f3venes que est\u00e1n egresando de la universidad, vemos j\u00f3venes que salen con carrera t\u00e9cnica del Conalep, CBTIs, ahora el Tecnol\u00f3gico de Matehuala, Universidad de Matehuala y el Campus que tenemos\u201d.<\/p>\n<p style=\"text-align: justify;\">Al referirse al salario m\u00ednimo, asegur\u00f3 que las c\u00e1maras est\u00e1n buscando colaborar con el gobierno federal para volver a tabular las remuneraciones profesionales ya que el aumento ha originado desventaja, \u201cvan por esa lucha de salarios, sabemos que las condiciones de empresa est\u00e1n arrancando complicadas, sobretodo con la revisi\u00f3n del TMEC, el problema de aranceles, pero bueno, son problemas que les toca ver a todos, a los dirigentes a nivel nacional y a nuestros legisladores, ojal\u00e1 tomen las mejores decisiones y eso nos beneficie\u201d.<\/p>\n<p>Por: Jes\u00fas Valencia<\/p>\n","protected":false},"excerpt":{"rendered":"<p>Matehuala.-\u00a0En entrevista, Rafael Fern\u00e1ndez Santos, Presidente de CANACO en Matehuala, fue cuestionado sobre su nombramiento como parte del Consejo de Desarrollo Econ\u00f3mico y Sustentable del Gobierno del Estado. \u201cSabemos que es una buena oportunidad para detonar nuestra regi\u00f3n, sobretodo la falta de empleo que tenemos, tenemos una zona industrial que est\u00e1 ocupada a la mitad, creemos que es una buena opci\u00f3n nuestra regi\u00f3n sobretodo por la comunicaci\u00f3n que tenemos\u201d, dijo. Sobre la posibilidad del arribo de nuevas empresas al municipio, Fern\u00e1ndez Santos coment\u00f3 al respecto, \u201cMatehuala tiene la capacidad de recibir empresas desde doscientos a cuatrocientos trabajadores, nos gustar\u00eda que [&hellip;]<\/p>\n","protected":false},"author":2,"featured_media":157301,"comment_status":"closed","ping_status":"closed","sticky":false,"template":"","format":"video","meta":{"_monsterinsights_skip_tracking":false,"_monsterinsights_sitenote_active":false,"_monsterinsights_sitenote_note":"","_monsterinsights_sitenote_category":0,"footnotes":""},"categories":[5,43],"tags":[],"class_list":["post-157294","post","type-post","status-publish","format-video","has-post-thumbnail","hentry","category-destacadas","category-interior","post_format-post-format-video","post--single"],"yoast_head":"<!-- This site is optimized with the Yoast SEO plugin v27.5 - https:\/\/yoast.com\/product\/yoast-seo-wordpress\/ -->\n<title>Ocupaci\u00f3n de zona industrial de Matehuala, al 50%: CANACO Matehuala - Canal 7 SLP - 2025<\/title>\n<meta name=\"robots\" content=\"index, follow, max-snippet:-1, max-image-preview:large, max-video-preview:-1\" \/>\n<link rel=\"canonical\" href=\"https:\/\/canal7slp.tv\/2025\/ocupacion-de-zona-industrial-de-matehuala-al-50-canaco-matehuala\/\" \/>\n<meta property=\"og:locale\" content=\"es_ES\" \/>\n<meta property=\"og:type\" content=\"article\" \/>\n<meta property=\"og:title\" content=\"Ocupaci\u00f3n de zona industrial de Matehuala, al 50%: CANACO Matehuala - Canal 7 SLP - 2025\" \/>\n<meta property=\"og:description\" content=\"Matehuala.-\u00a0En entrevista, Rafael Fern\u00e1ndez Santos, Presidente de CANACO en Matehuala, fue cuestionado sobre su nombramiento como parte del Consejo de Desarrollo Econ\u00f3mico y Sustentable del Gobierno del Estado. \u201cSabemos que es una buena oportunidad para detonar nuestra regi\u00f3n, sobretodo la falta de empleo que tenemos, tenemos una zona industrial que est\u00e1 ocupada a la mitad, creemos que es una buena opci\u00f3n nuestra regi\u00f3n sobretodo por la comunicaci\u00f3n que tenemos\u201d, dijo. Sobre la posibilidad del arribo de nuevas empresas al municipio, Fern\u00e1ndez Santos coment\u00f3 al respecto, \u201cMatehuala tiene la capacidad de recibir empresas desde doscientos a cuatrocientos trabajadores, nos gustar\u00eda que [&hellip;]\" \/>\n<meta property=\"og:url\" content=\"https:\/\/canal7slp.tv\/2025\/ocupacion-de-zona-industrial-de-matehuala-al-50-canaco-matehuala\/\" \/>\n<meta property=\"og:site_name\" content=\"Canal 7 SLP - 2025\" \/>\n<meta property=\"article:publisher\" content=\"https:\/\/www.facebook.com\/noticieroscanal7atencionciudadana\/\" \/>\n<meta property=\"article:published_time\" content=\"2025-02-08T17:00:50+00:00\" \/>\n<meta property=\"og:image\" content=\"https:\/\/canal7slp.tv\/2025\/wp-content\/uploads\/2025\/02\/Valencia02Ocupacion.jpg\" \/>\n\t<meta property=\"og:image:width\" content=\"1920\" \/>\n\t<meta property=\"og:image:height\" content=\"1080\" \/>\n\t<meta property=\"og:image:type\" content=\"image\/jpeg\" \/>\n<meta name=\"author\" content=\"Edici\u00f3n Web\" \/>\n<meta name=\"twitter:card\" content=\"summary_large_image\" \/>\n<meta name=\"twitter:creator\" content=\"@NOTICIEROS7\" \/>\n<meta name=\"twitter:site\" content=\"@NOTICIEROS7\" \/>\n<meta name=\"twitter:label1\" content=\"Escrito por\" \/>\n\t<meta name=\"twitter:data1\" content=\"Edici\u00f3n Web\" \/>\n\t<meta name=\"twitter:label2\" content=\"Tiempo de lectura\" \/>\n\t<meta name=\"twitter:data2\" content=\"2 minutos\" \/>\n<script type=\"application\/ld+json\" class=\"yoast-schema-graph\">{\"@context\":\"https:\\\/\\\/schema.org\",\"@graph\":[{\"@type\":\"Article\",\"@id\":\"https:\\\/\\\/canal7slp.tv\\\/2025\\\/ocupacion-de-zona-industrial-de-matehuala-al-50-canaco-matehuala\\\/#article\",\"isPartOf\":{\"@id\":\"https:\\\/\\\/canal7slp.tv\\\/2025\\\/ocupacion-de-zona-industrial-de-matehuala-al-50-canaco-matehuala\\\/\"},\"author\":{\"name\":\"Edici\u00f3n Web\",\"@id\":\"https:\\\/\\\/canal7slp.tv\\\/2025\\\/#\\\/schema\\\/person\\\/271e2b60a96e7cc9d9ac296f4d7e414b\"},\"headline\":\"Ocupaci\u00f3n de zona industrial de Matehuala, al 50%: CANACO Matehuala\",\"datePublished\":\"2025-02-08T17:00:50+00:00\",\"mainEntityOfPage\":{\"@id\":\"https:\\\/\\\/canal7slp.tv\\\/2025\\\/ocupacion-de-zona-industrial-de-matehuala-al-50-canaco-matehuala\\\/\"},\"wordCount\":270,\"publisher\":{\"@id\":\"https:\\\/\\\/canal7slp.tv\\\/2025\\\/#organization\"},\"image\":{\"@id\":\"https:\\\/\\\/canal7slp.tv\\\/2025\\\/ocupacion-de-zona-industrial-de-matehuala-al-50-canaco-matehuala\\\/#primaryimage\"},\"thumbnailUrl\":\"https:\\\/\\\/canal7slp.tv\\\/2025\\\/wp-content\\\/uploads\\\/2025\\\/02\\\/Valencia02Ocupacion.jpg\",\"articleSection\":[\"DESTACADAS\",\"INTERIOR DEL ESTADO\"],\"inLanguage\":\"es\"},{\"@type\":\"WebPage\",\"@id\":\"https:\\\/\\\/canal7slp.tv\\\/2025\\\/ocupacion-de-zona-industrial-de-matehuala-al-50-canaco-matehuala\\\/\",\"url\":\"https:\\\/\\\/canal7slp.tv\\\/2025\\\/ocupacion-de-zona-industrial-de-matehuala-al-50-canaco-matehuala\\\/\",\"name\":\"Ocupaci\u00f3n de zona industrial de Matehuala, al 50%: CANACO Matehuala - Canal 7 SLP - 2025\",\"isPartOf\":{\"@id\":\"https:\\\/\\\/canal7slp.tv\\\/2025\\\/#website\"},\"primaryImageOfPage\":{\"@id\":\"https:\\\/\\\/canal7slp.tv\\\/2025\\\/ocupacion-de-zona-industrial-de-matehuala-al-50-canaco-matehuala\\\/#primaryimage\"},\"image\":{\"@id\":\"https:\\\/\\\/canal7slp.tv\\\/2025\\\/ocupacion-de-zona-industrial-de-matehuala-al-50-canaco-matehuala\\\/#primaryimage\"},\"thumbnailUrl\":\"https:\\\/\\\/canal7slp.tv\\\/2025\\\/wp-content\\\/uploads\\\/2025\\\/02\\\/Valencia02Ocupacion.jpg\",\"datePublished\":\"2025-02-08T17:00:50+00:00\",\"breadcrumb\":{\"@id\":\"https:\\\/\\\/canal7slp.tv\\\/2025\\\/ocupacion-de-zona-industrial-de-matehuala-al-50-canaco-matehuala\\\/#breadcrumb\"},\"inLanguage\":\"es\",\"potentialAction\":[{\"@type\":\"ReadAction\",\"target\":[\"https:\\\/\\\/canal7slp.tv\\\/2025\\\/ocupacion-de-zona-industrial-de-matehuala-al-50-canaco-matehuala\\\/\"]}]},{\"@type\":\"ImageObject\",\"inLanguage\":\"es\",\"@id\":\"https:\\\/\\\/canal7slp.tv\\\/2025\\\/ocupacion-de-zona-industrial-de-matehuala-al-50-canaco-matehuala\\\/#primaryimage\",\"url\":\"https:\\\/\\\/canal7slp.tv\\\/2025\\\/wp-content\\\/uploads\\\/2025\\\/02\\\/Valencia02Ocupacion.jpg\",\"contentUrl\":\"https:\\\/\\\/canal7slp.tv\\\/2025\\\/wp-content\\\/uploads\\\/2025\\\/02\\\/Valencia02Ocupacion.jpg\",\"width\":1920,\"height\":1080},{\"@type\":\"BreadcrumbList\",\"@id\":\"https:\\\/\\\/canal7slp.tv\\\/2025\\\/ocupacion-de-zona-industrial-de-matehuala-al-50-canaco-matehuala\\\/#breadcrumb\",\"itemListElement\":[{\"@type\":\"ListItem\",\"position\":1,\"name\":\"Portada\",\"item\":\"https:\\\/\\\/canal7slp.tv\\\/2025\\\/\"},{\"@type\":\"ListItem\",\"position\":2,\"name\":\"Ocupaci\u00f3n de zona industrial de Matehuala, al 50%: CANACO Matehuala\"}]},{\"@type\":\"WebSite\",\"@id\":\"https:\\\/\\\/canal7slp.tv\\\/2025\\\/#website\",\"url\":\"https:\\\/\\\/canal7slp.tv\\\/2025\\\/\",\"name\":\"N7 - Noticieros Canal 7\",\"description\":\"Somos el Medio\",\"publisher\":{\"@id\":\"https:\\\/\\\/canal7slp.tv\\\/2025\\\/#organization\"},\"potentialAction\":[{\"@type\":\"SearchAction\",\"target\":{\"@type\":\"EntryPoint\",\"urlTemplate\":\"https:\\\/\\\/canal7slp.tv\\\/2025\\\/?s={search_term_string}\"},\"query-input\":{\"@type\":\"PropertyValueSpecification\",\"valueRequired\":true,\"valueName\":\"search_term_string\"}}],\"inLanguage\":\"es\"},{\"@type\":\"Organization\",\"@id\":\"https:\\\/\\\/canal7slp.tv\\\/2025\\\/#organization\",\"name\":\"Noticieros Canal 7\",\"url\":\"https:\\\/\\\/canal7slp.tv\\\/2025\\\/\",\"logo\":{\"@type\":\"ImageObject\",\"inLanguage\":\"es\",\"@id\":\"https:\\\/\\\/canal7slp.tv\\\/2025\\\/#\\\/schema\\\/logo\\\/image\\\/\",\"url\":\"https:\\\/\\\/canal7slp.tv\\\/2025\\\/wp-content\\\/uploads\\\/2021\\\/01\\\/logo-noticieros@2x.png\",\"contentUrl\":\"https:\\\/\\\/canal7slp.tv\\\/2025\\\/wp-content\\\/uploads\\\/2021\\\/01\\\/logo-noticieros@2x.png\",\"width\":1017,\"height\":268,\"caption\":\"Noticieros Canal 7\"},\"image\":{\"@id\":\"https:\\\/\\\/canal7slp.tv\\\/2025\\\/#\\\/schema\\\/logo\\\/image\\\/\"},\"sameAs\":[\"https:\\\/\\\/www.facebook.com\\\/noticieroscanal7atencionciudadana\\\/\",\"https:\\\/\\\/x.com\\\/NOTICIEROS7\",\"https:\\\/\\\/www.instagram.com\\\/canal7_slp\",\"https:\\\/\\\/www.youtube.com\\\/channel\\\/UCliiYs-gP3JfJeqdPrNdd5A\"]},{\"@type\":\"Person\",\"@id\":\"https:\\\/\\\/canal7slp.tv\\\/2025\\\/#\\\/schema\\\/person\\\/271e2b60a96e7cc9d9ac296f4d7e414b\",\"name\":\"Edici\u00f3n Web\",\"image\":{\"@type\":\"ImageObject\",\"inLanguage\":\"es\",\"@id\":\"https:\\\/\\\/secure.gravatar.com\\\/avatar\\\/eee448fc3f7164808013b816ba91ac7e43bbe82a70bebac296f8bc6f0addaa1a?s=96&d=mm&r=g\",\"url\":\"https:\\\/\\\/secure.gravatar.com\\\/avatar\\\/eee448fc3f7164808013b816ba91ac7e43bbe82a70bebac296f8bc6f0addaa1a?s=96&d=mm&r=g\",\"contentUrl\":\"https:\\\/\\\/secure.gravatar.com\\\/avatar\\\/eee448fc3f7164808013b816ba91ac7e43bbe82a70bebac296f8bc6f0addaa1a?s=96&d=mm&r=g\",\"caption\":\"Edici\u00f3n Web\"},\"url\":\"https:\\\/\\\/canal7slp.tv\\\/2025\\\/author\\\/edicionweb\\\/\"}]}<\/script>\n<!-- \/ Yoast SEO plugin. -->","yoast_head_json":{"title":"Ocupaci\u00f3n de zona industrial de Matehuala, al 50%: CANACO Matehuala - Canal 7 SLP - 2025","robots":{"index":"index","follow":"follow","max-snippet":"max-snippet:-1","max-image-preview":"max-image-preview:large","max-video-preview":"max-video-preview:-1"},"canonical":"https:\/\/canal7slp.tv\/2025\/ocupacion-de-zona-industrial-de-matehuala-al-50-canaco-matehuala\/","og_locale":"es_ES","og_type":"article","og_title":"Ocupaci\u00f3n de zona industrial de Matehuala, al 50%: CANACO Matehuala - Canal 7 SLP - 2025","og_description":"Matehuala.-\u00a0En entrevista, Rafael Fern\u00e1ndez Santos, Presidente de CANACO en Matehuala, fue cuestionado sobre su nombramiento como parte del Consejo de Desarrollo Econ\u00f3mico y Sustentable del Gobierno del Estado. \u201cSabemos que es una buena oportunidad para detonar nuestra regi\u00f3n, sobretodo la falta de empleo que tenemos, tenemos una zona industrial que est\u00e1 ocupada a la mitad, creemos que es una buena opci\u00f3n nuestra regi\u00f3n sobretodo por la comunicaci\u00f3n que tenemos\u201d, dijo. Sobre la posibilidad del arribo de nuevas empresas al municipio, Fern\u00e1ndez Santos coment\u00f3 al respecto, \u201cMatehuala tiene la capacidad de recibir empresas desde doscientos a cuatrocientos trabajadores, nos gustar\u00eda que [&hellip;]","og_url":"https:\/\/canal7slp.tv\/2025\/ocupacion-de-zona-industrial-de-matehuala-al-50-canaco-matehuala\/","og_site_name":"Canal 7 SLP - 2025","article_publisher":"https:\/\/www.facebook.com\/noticieroscanal7atencionciudadana\/","article_published_time":"2025-02-08T17:00:50+00:00","og_image":[{"width":1920,"height":1080,"url":"https:\/\/canal7slp.tv\/2025\/wp-content\/uploads\/2025\/02\/Valencia02Ocupacion.jpg","type":"image\/jpeg"}],"author":"Edici\u00f3n Web","twitter_card":"summary_large_image","twitter_creator":"@NOTICIEROS7","twitter_site":"@NOTICIEROS7","twitter_misc":{"Escrito por":"Edici\u00f3n Web","Tiempo de lectura":"2 minutos"},"schema":{"@context":"https:\/\/schema.org","@graph":[{"@type":"Article","@id":"https:\/\/canal7slp.tv\/2025\/ocupacion-de-zona-industrial-de-matehuala-al-50-canaco-matehuala\/#article","isPartOf":{"@id":"https:\/\/canal7slp.tv\/2025\/ocupacion-de-zona-industrial-de-matehuala-al-50-canaco-matehuala\/"},"author":{"name":"Edici\u00f3n Web","@id":"https:\/\/canal7slp.tv\/2025\/#\/schema\/person\/271e2b60a96e7cc9d9ac296f4d7e414b"},"headline":"Ocupaci\u00f3n de zona industrial de Matehuala, al 50%: CANACO Matehuala","datePublished":"2025-02-08T17:00:50+00:00","mainEntityOfPage":{"@id":"https:\/\/canal7slp.tv\/2025\/ocupacion-de-zona-industrial-de-matehuala-al-50-canaco-matehuala\/"},"wordCount":270,"publisher":{"@id":"https:\/\/canal7slp.tv\/2025\/#organization"},"image":{"@id":"https:\/\/canal7slp.tv\/2025\/ocupacion-de-zona-industrial-de-matehuala-al-50-canaco-matehuala\/#primaryimage"},"thumbnailUrl":"https:\/\/canal7slp.tv\/2025\/wp-content\/uploads\/2025\/02\/Valencia02Ocupacion.jpg","articleSection":["DESTACADAS","INTERIOR DEL ESTADO"],"inLanguage":"es"},{"@type":"WebPage","@id":"https:\/\/canal7slp.tv\/2025\/ocupacion-de-zona-industrial-de-matehuala-al-50-canaco-matehuala\/","url":"https:\/\/canal7slp.tv\/2025\/ocupacion-de-zona-industrial-de-matehuala-al-50-canaco-matehuala\/","name":"Ocupaci\u00f3n de zona industrial de Matehuala, al 50%: CANACO Matehuala - Canal 7 SLP - 2025","isPartOf":{"@id":"https:\/\/canal7slp.tv\/2025\/#website"},"primaryImageOfPage":{"@id":"https:\/\/canal7slp.tv\/2025\/ocupacion-de-zona-industrial-de-matehuala-al-50-canaco-matehuala\/#primaryimage"},"image":{"@id":"https:\/\/canal7slp.tv\/2025\/ocupacion-de-zona-industrial-de-matehuala-al-50-canaco-matehuala\/#primaryimage"},"thumbnailUrl":"https:\/\/canal7slp.tv\/2025\/wp-content\/uploads\/2025\/02\/Valencia02Ocupacion.jpg","datePublished":"2025-02-08T17:00:50+00:00","breadcrumb":{"@id":"https:\/\/canal7slp.tv\/2025\/ocupacion-de-zona-industrial-de-matehuala-al-50-canaco-matehuala\/#breadcrumb"},"inLanguage":"es","potentialAction":[{"@type":"ReadAction","target":["https:\/\/canal7slp.tv\/2025\/ocupacion-de-zona-industrial-de-matehuala-al-50-canaco-matehuala\/"]}]},{"@type":"ImageObject","inLanguage":"es","@id":"https:\/\/canal7slp.tv\/2025\/ocupacion-de-zona-industrial-de-matehuala-al-50-canaco-matehuala\/#primaryimage","url":"https:\/\/canal7slp.tv\/2025\/wp-content\/uploads\/2025\/02\/Valencia02Ocupacion.jpg","contentUrl":"https:\/\/canal7slp.tv\/2025\/wp-content\/uploads\/2025\/02\/Valencia02Ocupacion.jpg","width":1920,"height":1080},{"@type":"BreadcrumbList","@id":"https:\/\/canal7slp.tv\/2025\/ocupacion-de-zona-industrial-de-matehuala-al-50-canaco-matehuala\/#breadcrumb","itemListElement":[{"@type":"ListItem","position":1,"name":"Portada","item":"https:\/\/canal7slp.tv\/2025\/"},{"@type":"ListItem","position":2,"name":"Ocupaci\u00f3n de zona industrial de Matehuala, al 50%: CANACO Matehuala"}]},{"@type":"WebSite","@id":"https:\/\/canal7slp.tv\/2025\/#website","url":"https:\/\/canal7slp.tv\/2025\/","name":"N7 - Noticieros Canal 7","description":"Somos el Medio","publisher":{"@id":"https:\/\/canal7slp.tv\/2025\/#organization"},"potentialAction":[{"@type":"SearchAction","target":{"@type":"EntryPoint","urlTemplate":"https:\/\/canal7slp.tv\/2025\/?s={search_term_string}"},"query-input":{"@type":"PropertyValueSpecification","valueRequired":true,"valueName":"search_term_string"}}],"inLanguage":"es"},{"@type":"Organization","@id":"https:\/\/canal7slp.tv\/2025\/#organization","name":"Noticieros Canal 7","url":"https:\/\/canal7slp.tv\/2025\/","logo":{"@type":"ImageObject","inLanguage":"es","@id":"https:\/\/canal7slp.tv\/2025\/#\/schema\/logo\/image\/","url":"https:\/\/canal7slp.tv\/2025\/wp-content\/uploads\/2021\/01\/logo-noticieros@2x.png","contentUrl":"https:\/\/canal7slp.tv\/2025\/wp-content\/uploads\/2021\/01\/logo-noticieros@2x.png","width":1017,"height":268,"caption":"Noticieros Canal 7"},"image":{"@id":"https:\/\/canal7slp.tv\/2025\/#\/schema\/logo\/image\/"},"sameAs":["https:\/\/www.facebook.com\/noticieroscanal7atencionciudadana\/","https:\/\/x.com\/NOTICIEROS7","https:\/\/www.instagram.com\/canal7_slp","https:\/\/www.youtube.com\/channel\/UCliiYs-gP3JfJeqdPrNdd5A"]},{"@type":"Person","@id":"https:\/\/canal7slp.tv\/2025\/#\/schema\/person\/271e2b60a96e7cc9d9ac296f4d7e414b","name":"Edici\u00f3n Web","image":{"@type":"ImageObject","inLanguage":"es","@id":"https:\/\/secure.gravatar.com\/avatar\/eee448fc3f7164808013b816ba91ac7e43bbe82a70bebac296f8bc6f0addaa1a?s=96&d=mm&r=g","url":"https:\/\/secure.gravatar.com\/avatar\/eee448fc3f7164808013b816ba91ac7e43bbe82a70bebac296f8bc6f0addaa1a?s=96&d=mm&r=g","contentUrl":"https:\/\/secure.gravatar.com\/avatar\/eee448fc3f7164808013b816ba91ac7e43bbe82a70bebac296f8bc6f0addaa1a?s=96&d=mm&r=g","caption":"Edici\u00f3n Web"},"url":"https:\/\/canal7slp.tv\/2025\/author\/edicionweb\/"}]}},"_links":{"self":[{"href":"https:\/\/canal7slp.tv\/2025\/wp-json\/wp\/v2\/posts\/157294","targetHints":{"allow":["GET"]}}],"collection":[{"href":"https:\/\/canal7slp.tv\/2025\/wp-json\/wp\/v2\/posts"}],"about":[{"href":"https:\/\/canal7slp.tv\/2025\/wp-json\/wp\/v2\/types\/post"}],"author":[{"embeddable":true,"href":"https:\/\/canal7slp.tv\/2025\/wp-json\/wp\/v2\/users\/2"}],"replies":[{"embeddable":true,"href":"https:\/\/canal7slp.tv\/2025\/wp-json\/wp\/v2\/comments?post=157294"}],"version-history":[{"count":2,"href":"https:\/\/canal7slp.tv\/2025\/wp-json\/wp\/v2\/posts\/157294\/revisions"}],"predecessor-version":[{"id":157303,"href":"https:\/\/canal7slp.tv\/2025\/wp-json\/wp\/v2\/posts\/157294\/revisions\/157303"}],"wp:featuredmedia":[{"embeddable":true,"href":"https:\/\/canal7slp.tv\/2025\/wp-json\/wp\/v2\/media\/157301"}],"wp:attachment":[{"href":"https:\/\/canal7slp.tv\/2025\/wp-json\/wp\/v2\/media?parent=157294"}],"wp:term":[{"taxonomy":"category","embeddable":true,"href":"https:\/\/canal7slp.tv\/2025\/wp-json\/wp\/v2\/categories?post=157294"},{"taxonomy":"post_tag","embeddable":true,"href":"https:\/\/canal7slp.tv\/2025\/wp-json\/wp\/v2\/tags?post=157294"}],"curies":[{"name":"wp","href":"https:\/\/api.w.org\/{rel}","templated":true}]}}