{"id":157200,"date":"2025-02-07T16:17:08","date_gmt":"2025-02-07T22:17:08","guid":{"rendered":"https:\/\/canal7slp.tv\/2025\/?p=157200"},"modified":"2025-02-07T16:17:08","modified_gmt":"2025-02-07T22:17:08","slug":"enero-cierra-con-inflacion-de-3-59-inegi","status":"publish","type":"post","link":"https:\/\/canal7slp.tv\/2025\/enero-cierra-con-inflacion-de-3-59-inegi\/","title":{"rendered":"Enero cierra con inflaci\u00f3n de 3.59%: INEGI"},"content":{"rendered":"<p style=\"text-align: justify;\">M\u00e9xico.- En enero, la inflaci\u00f3n en M\u00e9xico se redujo al 3.59%, alcanzando su nivel m\u00e1s bajo en cuatro a\u00f1os y marcando el tercer mes consecutivo de disminuci\u00f3n, seg\u00fan el Instituto Nacional de Estad\u00edstica y Geograf\u00eda (INEGI). Este dato es inferior a las proyecciones del mercado y representa una baja respecto al 4.21% registrado a finales de 2024, siendo el \u00edndice m\u00e1s bajo desde enero de 2021.<\/p>\n<p style=\"text-align: justify;\">La publicaci\u00f3n de esta cifra se da un d\u00eda despu\u00e9s de que el Banco de M\u00e9xico (BANXICO) decidiera reducir la tasa de inter\u00e9s al 9.5%, el quinto recorte consecutivo y el primero de 50 puntos base, en respuesta al proceso desinflacionario que se observa en el pa\u00eds. El Inegi tambi\u00e9n report\u00f3 un incremento del 0.29% en el \u00edndice de precios al consumidor (IPC) durante el mes anterior, comparado con el 0.89% en enero de 2024 y el 4.88% de inflaci\u00f3n anual.<\/p>\n<p style=\"text-align: justify;\">El \u00edndice de precios subyacente, que excluye productos de alta volatilidad, aument\u00f3 un 0.41% mensual y un 3.66% anual. En contraste, la categor\u00eda no subyacente mostr\u00f3 una disminuci\u00f3n del 0.14% en comparaci\u00f3n mensual, aunque creci\u00f3 un 3.34% interanual. Dentro del subgrupo subyacente, las mercanc\u00edas tuvieron un avance del 0.67% mensual y del 2.74% anual, mientras que los servicios aumentaron un 0.17% mensual y un 4.69% anual.<\/p>\n<p style=\"text-align: justify;\">En cuanto a los precios no subyacentes, los productos agropecuarios disminuyeron un 1.49% en el mes, aunque aumentaron un 0.56% en comparaci\u00f3n con el mismo mes del a\u00f1o anterior. Por otro lado, los precios de los energ\u00e9ticos y tarifas reguladas por el gobierno crecieron un 0.93% mensual y un 5.33% anual.<\/p>\n<p style=\"text-align: justify;\">El \u00edndice de precios de la canasta de consumo m\u00ednimo, que incluye 170 productos y servicios, creci\u00f3 un 0.53% mensual y un 3.19% anual. Los rubros que experimentaron los mayores incrementos interanuales incluyen restaurantes y servicios de alojamiento (7.04%), servicios educativos (5.59%) y transporte (4.75%). Entre los productos que m\u00e1s aumentaron en el mes se encuentran los pl\u00e1tanos (16.51%), cigarrillos (4.17%) y pollo (2.3%).<\/p>\n<p style=\"text-align: justify;\">Finalmente, los precios al consumidor en 2024 cerraron con un aumento del 4.21%, el m\u00e1s bajo en cuatro a\u00f1os, despu\u00e9s de un 4.66% en 2023 y un 7.82% en 2022, que fue el m\u00e1s alto en 22 a\u00f1os.<\/p>\n<p style=\"text-align: justify;\">\n","protected":false},"excerpt":{"rendered":"<p>M\u00e9xico.- En enero, la inflaci\u00f3n en M\u00e9xico se redujo al 3.59%, alcanzando su nivel m\u00e1s bajo en cuatro a\u00f1os y marcando el tercer mes consecutivo de disminuci\u00f3n, seg\u00fan el Instituto Nacional de Estad\u00edstica y Geograf\u00eda (INEGI). Este dato es inferior a las proyecciones del mercado y representa una baja respecto al 4.21% registrado a finales de 2024, siendo el \u00edndice m\u00e1s bajo desde enero de 2021. La publicaci\u00f3n de esta cifra se da un d\u00eda despu\u00e9s de que el Banco de M\u00e9xico (BANXICO) decidiera reducir la tasa de inter\u00e9s al 9.5%, el quinto recorte consecutivo y el primero de 50 [&hellip;]<\/p>\n","protected":false},"author":2,"featured_media":157201,"comment_status":"closed","ping_status":"closed","sticky":false,"template":"","format":"standard","meta":{"_monsterinsights_skip_tracking":false,"_monsterinsights_sitenote_active":false,"_monsterinsights_sitenote_note":"","_monsterinsights_sitenote_category":0,"footnotes":""},"categories":[40],"tags":[],"class_list":["post-157200","post","type-post","status-publish","format-standard","has-post-thumbnail","hentry","category-economia","post--single"],"yoast_head":"<!-- This site is optimized with the Yoast SEO plugin v27.5 - https:\/\/yoast.com\/product\/yoast-seo-wordpress\/ -->\n<title>Enero cierra con inflaci\u00f3n de 3.59%: INEGI - Canal 7 SLP - 2025<\/title>\n<meta name=\"robots\" content=\"index, follow, max-snippet:-1, max-image-preview:large, max-video-preview:-1\" \/>\n<link rel=\"canonical\" href=\"https:\/\/canal7slp.tv\/2025\/enero-cierra-con-inflacion-de-3-59-inegi\/\" \/>\n<meta property=\"og:locale\" content=\"es_ES\" \/>\n<meta property=\"og:type\" content=\"article\" \/>\n<meta property=\"og:title\" content=\"Enero cierra con inflaci\u00f3n de 3.59%: INEGI - Canal 7 SLP - 2025\" \/>\n<meta property=\"og:description\" content=\"M\u00e9xico.- En enero, la inflaci\u00f3n en M\u00e9xico se redujo al 3.59%, alcanzando su nivel m\u00e1s bajo en cuatro a\u00f1os y marcando el tercer mes consecutivo de disminuci\u00f3n, seg\u00fan el Instituto Nacional de Estad\u00edstica y Geograf\u00eda (INEGI). Este dato es inferior a las proyecciones del mercado y representa una baja respecto al 4.21% registrado a finales de 2024, siendo el \u00edndice m\u00e1s bajo desde enero de 2021. La publicaci\u00f3n de esta cifra se da un d\u00eda despu\u00e9s de que el Banco de M\u00e9xico (BANXICO) decidiera reducir la tasa de inter\u00e9s al 9.5%, el quinto recorte consecutivo y el primero de 50 [&hellip;]\" \/>\n<meta property=\"og:url\" content=\"https:\/\/canal7slp.tv\/2025\/enero-cierra-con-inflacion-de-3-59-inegi\/\" \/>\n<meta property=\"og:site_name\" content=\"Canal 7 SLP - 2025\" \/>\n<meta property=\"article:publisher\" content=\"https:\/\/www.facebook.com\/noticieroscanal7atencionciudadana\/\" \/>\n<meta property=\"article:published_time\" content=\"2025-02-07T22:17:08+00:00\" \/>\n<meta property=\"og:image\" content=\"https:\/\/canal7slp.tv\/2025\/wp-content\/uploads\/2025\/02\/09-6.jpg\" \/>\n\t<meta property=\"og:image:width\" content=\"888\" \/>\n\t<meta property=\"og:image:height\" content=\"500\" \/>\n\t<meta property=\"og:image:type\" content=\"image\/jpeg\" \/>\n<meta name=\"author\" content=\"Edici\u00f3n Web\" \/>\n<meta name=\"twitter:card\" content=\"summary_large_image\" \/>\n<meta name=\"twitter:creator\" content=\"@NOTICIEROS7\" \/>\n<meta name=\"twitter:site\" content=\"@NOTICIEROS7\" \/>\n<meta name=\"twitter:label1\" content=\"Escrito por\" \/>\n\t<meta name=\"twitter:data1\" content=\"Edici\u00f3n Web\" \/>\n\t<meta name=\"twitter:label2\" content=\"Tiempo de lectura\" \/>\n\t<meta name=\"twitter:data2\" content=\"2 minutos\" \/>\n<script type=\"application\/ld+json\" class=\"yoast-schema-graph\">{\"@context\":\"https:\\\/\\\/schema.org\",\"@graph\":[{\"@type\":\"Article\",\"@id\":\"https:\\\/\\\/canal7slp.tv\\\/2025\\\/enero-cierra-con-inflacion-de-3-59-inegi\\\/#article\",\"isPartOf\":{\"@id\":\"https:\\\/\\\/canal7slp.tv\\\/2025\\\/enero-cierra-con-inflacion-de-3-59-inegi\\\/\"},\"author\":{\"name\":\"Edici\u00f3n Web\",\"@id\":\"https:\\\/\\\/canal7slp.tv\\\/2025\\\/#\\\/schema\\\/person\\\/271e2b60a96e7cc9d9ac296f4d7e414b\"},\"headline\":\"Enero cierra con inflaci\u00f3n de 3.59%: INEGI\",\"datePublished\":\"2025-02-07T22:17:08+00:00\",\"mainEntityOfPage\":{\"@id\":\"https:\\\/\\\/canal7slp.tv\\\/2025\\\/enero-cierra-con-inflacion-de-3-59-inegi\\\/\"},\"wordCount\":369,\"publisher\":{\"@id\":\"https:\\\/\\\/canal7slp.tv\\\/2025\\\/#organization\"},\"image\":{\"@id\":\"https:\\\/\\\/canal7slp.tv\\\/2025\\\/enero-cierra-con-inflacion-de-3-59-inegi\\\/#primaryimage\"},\"thumbnailUrl\":\"https:\\\/\\\/canal7slp.tv\\\/2025\\\/wp-content\\\/uploads\\\/2025\\\/02\\\/09-6.jpg\",\"articleSection\":[\"ECONOM\u00cdA\"],\"inLanguage\":\"es\"},{\"@type\":\"WebPage\",\"@id\":\"https:\\\/\\\/canal7slp.tv\\\/2025\\\/enero-cierra-con-inflacion-de-3-59-inegi\\\/\",\"url\":\"https:\\\/\\\/canal7slp.tv\\\/2025\\\/enero-cierra-con-inflacion-de-3-59-inegi\\\/\",\"name\":\"Enero cierra con inflaci\u00f3n de 3.59%: INEGI - Canal 7 SLP - 2025\",\"isPartOf\":{\"@id\":\"https:\\\/\\\/canal7slp.tv\\\/2025\\\/#website\"},\"primaryImageOfPage\":{\"@id\":\"https:\\\/\\\/canal7slp.tv\\\/2025\\\/enero-cierra-con-inflacion-de-3-59-inegi\\\/#primaryimage\"},\"image\":{\"@id\":\"https:\\\/\\\/canal7slp.tv\\\/2025\\\/enero-cierra-con-inflacion-de-3-59-inegi\\\/#primaryimage\"},\"thumbnailUrl\":\"https:\\\/\\\/canal7slp.tv\\\/2025\\\/wp-content\\\/uploads\\\/2025\\\/02\\\/09-6.jpg\",\"datePublished\":\"2025-02-07T22:17:08+00:00\",\"breadcrumb\":{\"@id\":\"https:\\\/\\\/canal7slp.tv\\\/2025\\\/enero-cierra-con-inflacion-de-3-59-inegi\\\/#breadcrumb\"},\"inLanguage\":\"es\",\"potentialAction\":[{\"@type\":\"ReadAction\",\"target\":[\"https:\\\/\\\/canal7slp.tv\\\/2025\\\/enero-cierra-con-inflacion-de-3-59-inegi\\\/\"]}]},{\"@type\":\"ImageObject\",\"inLanguage\":\"es\",\"@id\":\"https:\\\/\\\/canal7slp.tv\\\/2025\\\/enero-cierra-con-inflacion-de-3-59-inegi\\\/#primaryimage\",\"url\":\"https:\\\/\\\/canal7slp.tv\\\/2025\\\/wp-content\\\/uploads\\\/2025\\\/02\\\/09-6.jpg\",\"contentUrl\":\"https:\\\/\\\/canal7slp.tv\\\/2025\\\/wp-content\\\/uploads\\\/2025\\\/02\\\/09-6.jpg\",\"width\":888,\"height\":500},{\"@type\":\"BreadcrumbList\",\"@id\":\"https:\\\/\\\/canal7slp.tv\\\/2025\\\/enero-cierra-con-inflacion-de-3-59-inegi\\\/#breadcrumb\",\"itemListElement\":[{\"@type\":\"ListItem\",\"position\":1,\"name\":\"Portada\",\"item\":\"https:\\\/\\\/canal7slp.tv\\\/2025\\\/\"},{\"@type\":\"ListItem\",\"position\":2,\"name\":\"Enero cierra con inflaci\u00f3n de 3.59%: INEGI\"}]},{\"@type\":\"WebSite\",\"@id\":\"https:\\\/\\\/canal7slp.tv\\\/2025\\\/#website\",\"url\":\"https:\\\/\\\/canal7slp.tv\\\/2025\\\/\",\"name\":\"N7 - Noticieros Canal 7\",\"description\":\"Somos el Medio\",\"publisher\":{\"@id\":\"https:\\\/\\\/canal7slp.tv\\\/2025\\\/#organization\"},\"potentialAction\":[{\"@type\":\"SearchAction\",\"target\":{\"@type\":\"EntryPoint\",\"urlTemplate\":\"https:\\\/\\\/canal7slp.tv\\\/2025\\\/?s={search_term_string}\"},\"query-input\":{\"@type\":\"PropertyValueSpecification\",\"valueRequired\":true,\"valueName\":\"search_term_string\"}}],\"inLanguage\":\"es\"},{\"@type\":\"Organization\",\"@id\":\"https:\\\/\\\/canal7slp.tv\\\/2025\\\/#organization\",\"name\":\"Noticieros Canal 7\",\"url\":\"https:\\\/\\\/canal7slp.tv\\\/2025\\\/\",\"logo\":{\"@type\":\"ImageObject\",\"inLanguage\":\"es\",\"@id\":\"https:\\\/\\\/canal7slp.tv\\\/2025\\\/#\\\/schema\\\/logo\\\/image\\\/\",\"url\":\"https:\\\/\\\/canal7slp.tv\\\/2025\\\/wp-content\\\/uploads\\\/2021\\\/01\\\/logo-noticieros@2x.png\",\"contentUrl\":\"https:\\\/\\\/canal7slp.tv\\\/2025\\\/wp-content\\\/uploads\\\/2021\\\/01\\\/logo-noticieros@2x.png\",\"width\":1017,\"height\":268,\"caption\":\"Noticieros Canal 7\"},\"image\":{\"@id\":\"https:\\\/\\\/canal7slp.tv\\\/2025\\\/#\\\/schema\\\/logo\\\/image\\\/\"},\"sameAs\":[\"https:\\\/\\\/www.facebook.com\\\/noticieroscanal7atencionciudadana\\\/\",\"https:\\\/\\\/x.com\\\/NOTICIEROS7\",\"https:\\\/\\\/www.instagram.com\\\/canal7_slp\",\"https:\\\/\\\/www.youtube.com\\\/channel\\\/UCliiYs-gP3JfJeqdPrNdd5A\"]},{\"@type\":\"Person\",\"@id\":\"https:\\\/\\\/canal7slp.tv\\\/2025\\\/#\\\/schema\\\/person\\\/271e2b60a96e7cc9d9ac296f4d7e414b\",\"name\":\"Edici\u00f3n Web\",\"image\":{\"@type\":\"ImageObject\",\"inLanguage\":\"es\",\"@id\":\"https:\\\/\\\/secure.gravatar.com\\\/avatar\\\/eee448fc3f7164808013b816ba91ac7e43bbe82a70bebac296f8bc6f0addaa1a?s=96&d=mm&r=g\",\"url\":\"https:\\\/\\\/secure.gravatar.com\\\/avatar\\\/eee448fc3f7164808013b816ba91ac7e43bbe82a70bebac296f8bc6f0addaa1a?s=96&d=mm&r=g\",\"contentUrl\":\"https:\\\/\\\/secure.gravatar.com\\\/avatar\\\/eee448fc3f7164808013b816ba91ac7e43bbe82a70bebac296f8bc6f0addaa1a?s=96&d=mm&r=g\",\"caption\":\"Edici\u00f3n Web\"},\"url\":\"https:\\\/\\\/canal7slp.tv\\\/2025\\\/author\\\/edicionweb\\\/\"}]}<\/script>\n<!-- \/ Yoast SEO plugin. -->","yoast_head_json":{"title":"Enero cierra con inflaci\u00f3n de 3.59%: INEGI - Canal 7 SLP - 2025","robots":{"index":"index","follow":"follow","max-snippet":"max-snippet:-1","max-image-preview":"max-image-preview:large","max-video-preview":"max-video-preview:-1"},"canonical":"https:\/\/canal7slp.tv\/2025\/enero-cierra-con-inflacion-de-3-59-inegi\/","og_locale":"es_ES","og_type":"article","og_title":"Enero cierra con inflaci\u00f3n de 3.59%: INEGI - Canal 7 SLP - 2025","og_description":"M\u00e9xico.- En enero, la inflaci\u00f3n en M\u00e9xico se redujo al 3.59%, alcanzando su nivel m\u00e1s bajo en cuatro a\u00f1os y marcando el tercer mes consecutivo de disminuci\u00f3n, seg\u00fan el Instituto Nacional de Estad\u00edstica y Geograf\u00eda (INEGI). Este dato es inferior a las proyecciones del mercado y representa una baja respecto al 4.21% registrado a finales de 2024, siendo el \u00edndice m\u00e1s bajo desde enero de 2021. La publicaci\u00f3n de esta cifra se da un d\u00eda despu\u00e9s de que el Banco de M\u00e9xico (BANXICO) decidiera reducir la tasa de inter\u00e9s al 9.5%, el quinto recorte consecutivo y el primero de 50 [&hellip;]","og_url":"https:\/\/canal7slp.tv\/2025\/enero-cierra-con-inflacion-de-3-59-inegi\/","og_site_name":"Canal 7 SLP - 2025","article_publisher":"https:\/\/www.facebook.com\/noticieroscanal7atencionciudadana\/","article_published_time":"2025-02-07T22:17:08+00:00","og_image":[{"width":888,"height":500,"url":"https:\/\/canal7slp.tv\/2025\/wp-content\/uploads\/2025\/02\/09-6.jpg","type":"image\/jpeg"}],"author":"Edici\u00f3n Web","twitter_card":"summary_large_image","twitter_creator":"@NOTICIEROS7","twitter_site":"@NOTICIEROS7","twitter_misc":{"Escrito por":"Edici\u00f3n Web","Tiempo de lectura":"2 minutos"},"schema":{"@context":"https:\/\/schema.org","@graph":[{"@type":"Article","@id":"https:\/\/canal7slp.tv\/2025\/enero-cierra-con-inflacion-de-3-59-inegi\/#article","isPartOf":{"@id":"https:\/\/canal7slp.tv\/2025\/enero-cierra-con-inflacion-de-3-59-inegi\/"},"author":{"name":"Edici\u00f3n Web","@id":"https:\/\/canal7slp.tv\/2025\/#\/schema\/person\/271e2b60a96e7cc9d9ac296f4d7e414b"},"headline":"Enero cierra con inflaci\u00f3n de 3.59%: INEGI","datePublished":"2025-02-07T22:17:08+00:00","mainEntityOfPage":{"@id":"https:\/\/canal7slp.tv\/2025\/enero-cierra-con-inflacion-de-3-59-inegi\/"},"wordCount":369,"publisher":{"@id":"https:\/\/canal7slp.tv\/2025\/#organization"},"image":{"@id":"https:\/\/canal7slp.tv\/2025\/enero-cierra-con-inflacion-de-3-59-inegi\/#primaryimage"},"thumbnailUrl":"https:\/\/canal7slp.tv\/2025\/wp-content\/uploads\/2025\/02\/09-6.jpg","articleSection":["ECONOM\u00cdA"],"inLanguage":"es"},{"@type":"WebPage","@id":"https:\/\/canal7slp.tv\/2025\/enero-cierra-con-inflacion-de-3-59-inegi\/","url":"https:\/\/canal7slp.tv\/2025\/enero-cierra-con-inflacion-de-3-59-inegi\/","name":"Enero cierra con inflaci\u00f3n de 3.59%: INEGI - Canal 7 SLP - 2025","isPartOf":{"@id":"https:\/\/canal7slp.tv\/2025\/#website"},"primaryImageOfPage":{"@id":"https:\/\/canal7slp.tv\/2025\/enero-cierra-con-inflacion-de-3-59-inegi\/#primaryimage"},"image":{"@id":"https:\/\/canal7slp.tv\/2025\/enero-cierra-con-inflacion-de-3-59-inegi\/#primaryimage"},"thumbnailUrl":"https:\/\/canal7slp.tv\/2025\/wp-content\/uploads\/2025\/02\/09-6.jpg","datePublished":"2025-02-07T22:17:08+00:00","breadcrumb":{"@id":"https:\/\/canal7slp.tv\/2025\/enero-cierra-con-inflacion-de-3-59-inegi\/#breadcrumb"},"inLanguage":"es","potentialAction":[{"@type":"ReadAction","target":["https:\/\/canal7slp.tv\/2025\/enero-cierra-con-inflacion-de-3-59-inegi\/"]}]},{"@type":"ImageObject","inLanguage":"es","@id":"https:\/\/canal7slp.tv\/2025\/enero-cierra-con-inflacion-de-3-59-inegi\/#primaryimage","url":"https:\/\/canal7slp.tv\/2025\/wp-content\/uploads\/2025\/02\/09-6.jpg","contentUrl":"https:\/\/canal7slp.tv\/2025\/wp-content\/uploads\/2025\/02\/09-6.jpg","width":888,"height":500},{"@type":"BreadcrumbList","@id":"https:\/\/canal7slp.tv\/2025\/enero-cierra-con-inflacion-de-3-59-inegi\/#breadcrumb","itemListElement":[{"@type":"ListItem","position":1,"name":"Portada","item":"https:\/\/canal7slp.tv\/2025\/"},{"@type":"ListItem","position":2,"name":"Enero cierra con inflaci\u00f3n de 3.59%: INEGI"}]},{"@type":"WebSite","@id":"https:\/\/canal7slp.tv\/2025\/#website","url":"https:\/\/canal7slp.tv\/2025\/","name":"N7 - Noticieros Canal 7","description":"Somos el Medio","publisher":{"@id":"https:\/\/canal7slp.tv\/2025\/#organization"},"potentialAction":[{"@type":"SearchAction","target":{"@type":"EntryPoint","urlTemplate":"https:\/\/canal7slp.tv\/2025\/?s={search_term_string}"},"query-input":{"@type":"PropertyValueSpecification","valueRequired":true,"valueName":"search_term_string"}}],"inLanguage":"es"},{"@type":"Organization","@id":"https:\/\/canal7slp.tv\/2025\/#organization","name":"Noticieros Canal 7","url":"https:\/\/canal7slp.tv\/2025\/","logo":{"@type":"ImageObject","inLanguage":"es","@id":"https:\/\/canal7slp.tv\/2025\/#\/schema\/logo\/image\/","url":"https:\/\/canal7slp.tv\/2025\/wp-content\/uploads\/2021\/01\/logo-noticieros@2x.png","contentUrl":"https:\/\/canal7slp.tv\/2025\/wp-content\/uploads\/2021\/01\/logo-noticieros@2x.png","width":1017,"height":268,"caption":"Noticieros Canal 7"},"image":{"@id":"https:\/\/canal7slp.tv\/2025\/#\/schema\/logo\/image\/"},"sameAs":["https:\/\/www.facebook.com\/noticieroscanal7atencionciudadana\/","https:\/\/x.com\/NOTICIEROS7","https:\/\/www.instagram.com\/canal7_slp","https:\/\/www.youtube.com\/channel\/UCliiYs-gP3JfJeqdPrNdd5A"]},{"@type":"Person","@id":"https:\/\/canal7slp.tv\/2025\/#\/schema\/person\/271e2b60a96e7cc9d9ac296f4d7e414b","name":"Edici\u00f3n Web","image":{"@type":"ImageObject","inLanguage":"es","@id":"https:\/\/secure.gravatar.com\/avatar\/eee448fc3f7164808013b816ba91ac7e43bbe82a70bebac296f8bc6f0addaa1a?s=96&d=mm&r=g","url":"https:\/\/secure.gravatar.com\/avatar\/eee448fc3f7164808013b816ba91ac7e43bbe82a70bebac296f8bc6f0addaa1a?s=96&d=mm&r=g","contentUrl":"https:\/\/secure.gravatar.com\/avatar\/eee448fc3f7164808013b816ba91ac7e43bbe82a70bebac296f8bc6f0addaa1a?s=96&d=mm&r=g","caption":"Edici\u00f3n Web"},"url":"https:\/\/canal7slp.tv\/2025\/author\/edicionweb\/"}]}},"_links":{"self":[{"href":"https:\/\/canal7slp.tv\/2025\/wp-json\/wp\/v2\/posts\/157200","targetHints":{"allow":["GET"]}}],"collection":[{"href":"https:\/\/canal7slp.tv\/2025\/wp-json\/wp\/v2\/posts"}],"about":[{"href":"https:\/\/canal7slp.tv\/2025\/wp-json\/wp\/v2\/types\/post"}],"author":[{"embeddable":true,"href":"https:\/\/canal7slp.tv\/2025\/wp-json\/wp\/v2\/users\/2"}],"replies":[{"embeddable":true,"href":"https:\/\/canal7slp.tv\/2025\/wp-json\/wp\/v2\/comments?post=157200"}],"version-history":[{"count":1,"href":"https:\/\/canal7slp.tv\/2025\/wp-json\/wp\/v2\/posts\/157200\/revisions"}],"predecessor-version":[{"id":157202,"href":"https:\/\/canal7slp.tv\/2025\/wp-json\/wp\/v2\/posts\/157200\/revisions\/157202"}],"wp:featuredmedia":[{"embeddable":true,"href":"https:\/\/canal7slp.tv\/2025\/wp-json\/wp\/v2\/media\/157201"}],"wp:attachment":[{"href":"https:\/\/canal7slp.tv\/2025\/wp-json\/wp\/v2\/media?parent=157200"}],"wp:term":[{"taxonomy":"category","embeddable":true,"href":"https:\/\/canal7slp.tv\/2025\/wp-json\/wp\/v2\/categories?post=157200"},{"taxonomy":"post_tag","embeddable":true,"href":"https:\/\/canal7slp.tv\/2025\/wp-json\/wp\/v2\/tags?post=157200"}],"curies":[{"name":"wp","href":"https:\/\/api.w.org\/{rel}","templated":true}]}}