{"id":157176,"date":"2025-02-07T16:17:46","date_gmt":"2025-02-07T22:17:46","guid":{"rendered":"https:\/\/canal7slp.tv\/2025\/?p=157176"},"modified":"2025-02-07T16:18:45","modified_gmt":"2025-02-07T22:18:45","slug":"ante-baja-de-matriculas-en-slp-grupos-escolares-se-compactan-seer","status":"publish","type":"post","link":"https:\/\/canal7slp.tv\/2025\/ante-baja-de-matriculas-en-slp-grupos-escolares-se-compactan-seer\/","title":{"rendered":"Ante baja de matr\u00edculas en SLP, grupos escolares se compactan: SEER"},"content":{"rendered":"<p style=\"text-align: justify;\"><span style=\"font-size: 1.21429rem;\">SLP.- El titular del Sistema Educativo Estatal Regular, Cris\u00f3gono S\u00e1nchez Lara, inform\u00f3 sobre el reto que se enfrenta actualmente debido a la baja en la matr\u00edcula escolar, un fen\u00f3meno que, asegur\u00f3, no es exclusivo del estado.<\/span><\/p>\n<p style=\"text-align: justify;\">\u201cMira, el problema que tenemos es que el fen\u00f3meno que se est\u00e1 dando, no nada m\u00e1s en el estado, es a nivel nacional, el de la baja de matr\u00edcula. Afortunadamente nosotros en nuestra mayor parte de las escuelas no tenemos tanto problema porque tienen un prestigio que se han ganado por s\u00ed solas a trav\u00e9s de entregar los mejores resultados en el proceso de entrenamiento y aprendizaje\u201d, explic\u00f3.<\/p>\n<p style=\"text-align: justify;\">Para hacer frente a esta situaci\u00f3n, se ha optado por la compactaci\u00f3n de grupos escolares, medida que implica fusionar grupos cuando el n\u00famero de alumnos es considerablemente bajo, lo que permite una redistribuci\u00f3n eficiente del personal docente.<\/p>\n<p style=\"text-align: justify;\">\u201cHemos tenido que venir compactando grupos porque el RAM que marca la Secretar\u00eda de Educaci\u00f3n Federal y el que marca la Secretar\u00eda de Educaci\u00f3n del estado, especialmente que debe haber 35 alumnos m\u00ednimo m\u00e1ximo por grupo\u201d, se\u00f1al\u00f3.<\/p>\n<p style=\"text-align: justify;\">Continu\u00f3: \u201cCuando baja mucho la matr\u00edcula a nivel de grupo, tenemos que compactar porque no podemos tener maestros que est\u00e9n trabajando con 5, 6 o 7 alumnos, entonces, de dos grupos hacemos uno y naturalmente que rescatamos un recurso que lo mandamos a los lugares donde se necesita\u201d.<\/p>\n<p style=\"text-align: justify;\">Detallo que en la ciudad capital, las necesidades de personal docente se concentran principalmente en la periferia, debido al crecimiento poblacional en esa zona, impulsado por la cercan\u00eda con \u00e1reas industriales.<\/p>\n<p style=\"text-align: justify;\">\u201cSi hablamos de zonas industriales ac\u00e1 por Quer\u00e9taro pues es rumbo a Villa Reyes y si hablamos de ac\u00e1 pues es rumbo a Rioverde por la libre. De tal manera que si bien es cierto hasta ahorita, no digo que no nos falten maestros, pero son los m\u00ednimos porque estamos ajustando. Porque repito, no podemos sostener a un maestro que tenga muy poquitos alumnos\u201d, concluy\u00f3.<\/p>\n<p>Por: Jos\u00e9 Luis V\u00e1zquez<\/p>\n","protected":false},"excerpt":{"rendered":"<p>SLP.- El titular del Sistema Educativo Estatal Regular, Cris\u00f3gono S\u00e1nchez Lara, inform\u00f3 sobre el reto que se enfrenta actualmente debido a la baja en la matr\u00edcula escolar, un fen\u00f3meno que, asegur\u00f3, no es exclusivo del estado. \u201cMira, el problema que tenemos es que el fen\u00f3meno que se est\u00e1 dando, no nada m\u00e1s en el estado, es a nivel nacional, el de la baja de matr\u00edcula. Afortunadamente nosotros en nuestra mayor parte de las escuelas no tenemos tanto problema porque tienen un prestigio que se han ganado por s\u00ed solas a trav\u00e9s de entregar los mejores resultados en el proceso de [&hellip;]<\/p>\n","protected":false},"author":2,"featured_media":157191,"comment_status":"closed","ping_status":"closed","sticky":false,"template":"","format":"video","meta":{"_monsterinsights_skip_tracking":false,"_monsterinsights_sitenote_active":false,"_monsterinsights_sitenote_note":"","_monsterinsights_sitenote_category":0,"footnotes":""},"categories":[5,510,45],"tags":[],"class_list":["post-157176","post","type-post","status-publish","format-video","has-post-thumbnail","hentry","category-destacadas","category-gobedoslp","category-localesyregionales","post_format-post-format-video","post--single"],"yoast_head":"<!-- This site is optimized with the Yoast SEO plugin v27.5 - https:\/\/yoast.com\/product\/yoast-seo-wordpress\/ -->\n<title>Ante baja de matr\u00edculas en SLP, grupos escolares se compactan: SEER - Canal 7 SLP - 2025<\/title>\n<meta name=\"robots\" content=\"index, follow, max-snippet:-1, max-image-preview:large, max-video-preview:-1\" \/>\n<link rel=\"canonical\" href=\"https:\/\/canal7slp.tv\/2025\/ante-baja-de-matriculas-en-slp-grupos-escolares-se-compactan-seer\/\" \/>\n<meta property=\"og:locale\" content=\"es_ES\" \/>\n<meta property=\"og:type\" content=\"article\" \/>\n<meta property=\"og:title\" content=\"Ante baja de matr\u00edculas en SLP, grupos escolares se compactan: SEER - Canal 7 SLP - 2025\" \/>\n<meta property=\"og:description\" content=\"SLP.- El titular del Sistema Educativo Estatal Regular, Cris\u00f3gono S\u00e1nchez Lara, inform\u00f3 sobre el reto que se enfrenta actualmente debido a la baja en la matr\u00edcula escolar, un fen\u00f3meno que, asegur\u00f3, no es exclusivo del estado. \u201cMira, el problema que tenemos es que el fen\u00f3meno que se est\u00e1 dando, no nada m\u00e1s en el estado, es a nivel nacional, el de la baja de matr\u00edcula. Afortunadamente nosotros en nuestra mayor parte de las escuelas no tenemos tanto problema porque tienen un prestigio que se han ganado por s\u00ed solas a trav\u00e9s de entregar los mejores resultados en el proceso de [&hellip;]\" \/>\n<meta property=\"og:url\" content=\"https:\/\/canal7slp.tv\/2025\/ante-baja-de-matriculas-en-slp-grupos-escolares-se-compactan-seer\/\" \/>\n<meta property=\"og:site_name\" content=\"Canal 7 SLP - 2025\" \/>\n<meta property=\"article:publisher\" content=\"https:\/\/www.facebook.com\/noticieroscanal7atencionciudadana\/\" \/>\n<meta property=\"article:published_time\" content=\"2025-02-07T22:17:46+00:00\" \/>\n<meta property=\"article:modified_time\" content=\"2025-02-07T22:18:45+00:00\" \/>\n<meta property=\"og:image\" content=\"https:\/\/canal7slp.tv\/2025\/wp-content\/uploads\/2025\/02\/Vazquez02Matriculas.jpg\" \/>\n\t<meta property=\"og:image:width\" content=\"1280\" \/>\n\t<meta property=\"og:image:height\" content=\"720\" \/>\n\t<meta property=\"og:image:type\" content=\"image\/jpeg\" \/>\n<meta name=\"author\" content=\"Edici\u00f3n Web\" \/>\n<meta name=\"twitter:card\" content=\"summary_large_image\" \/>\n<meta name=\"twitter:creator\" content=\"@NOTICIEROS7\" \/>\n<meta name=\"twitter:site\" content=\"@NOTICIEROS7\" \/>\n<meta name=\"twitter:label1\" content=\"Escrito por\" \/>\n\t<meta name=\"twitter:data1\" content=\"Edici\u00f3n Web\" \/>\n\t<meta name=\"twitter:label2\" content=\"Tiempo de lectura\" \/>\n\t<meta name=\"twitter:data2\" content=\"2 minutos\" \/>\n<script type=\"application\/ld+json\" class=\"yoast-schema-graph\">{\"@context\":\"https:\\\/\\\/schema.org\",\"@graph\":[{\"@type\":\"Article\",\"@id\":\"https:\\\/\\\/canal7slp.tv\\\/2025\\\/ante-baja-de-matriculas-en-slp-grupos-escolares-se-compactan-seer\\\/#article\",\"isPartOf\":{\"@id\":\"https:\\\/\\\/canal7slp.tv\\\/2025\\\/ante-baja-de-matriculas-en-slp-grupos-escolares-se-compactan-seer\\\/\"},\"author\":{\"name\":\"Edici\u00f3n Web\",\"@id\":\"https:\\\/\\\/canal7slp.tv\\\/2025\\\/#\\\/schema\\\/person\\\/271e2b60a96e7cc9d9ac296f4d7e414b\"},\"headline\":\"Ante baja de matr\u00edculas en SLP, grupos escolares se compactan: SEER\",\"datePublished\":\"2025-02-07T22:17:46+00:00\",\"dateModified\":\"2025-02-07T22:18:45+00:00\",\"mainEntityOfPage\":{\"@id\":\"https:\\\/\\\/canal7slp.tv\\\/2025\\\/ante-baja-de-matriculas-en-slp-grupos-escolares-se-compactan-seer\\\/\"},\"wordCount\":360,\"publisher\":{\"@id\":\"https:\\\/\\\/canal7slp.tv\\\/2025\\\/#organization\"},\"image\":{\"@id\":\"https:\\\/\\\/canal7slp.tv\\\/2025\\\/ante-baja-de-matriculas-en-slp-grupos-escolares-se-compactan-seer\\\/#primaryimage\"},\"thumbnailUrl\":\"https:\\\/\\\/canal7slp.tv\\\/2025\\\/wp-content\\\/uploads\\\/2025\\\/02\\\/Vazquez02Matriculas.jpg\",\"articleSection\":[\"DESTACADAS\",\"GOBEDOSLP\",\"LOCALES Y REGIONALES\"],\"inLanguage\":\"es\"},{\"@type\":\"WebPage\",\"@id\":\"https:\\\/\\\/canal7slp.tv\\\/2025\\\/ante-baja-de-matriculas-en-slp-grupos-escolares-se-compactan-seer\\\/\",\"url\":\"https:\\\/\\\/canal7slp.tv\\\/2025\\\/ante-baja-de-matriculas-en-slp-grupos-escolares-se-compactan-seer\\\/\",\"name\":\"Ante baja de matr\u00edculas en SLP, grupos escolares se compactan: SEER - Canal 7 SLP - 2025\",\"isPartOf\":{\"@id\":\"https:\\\/\\\/canal7slp.tv\\\/2025\\\/#website\"},\"primaryImageOfPage\":{\"@id\":\"https:\\\/\\\/canal7slp.tv\\\/2025\\\/ante-baja-de-matriculas-en-slp-grupos-escolares-se-compactan-seer\\\/#primaryimage\"},\"image\":{\"@id\":\"https:\\\/\\\/canal7slp.tv\\\/2025\\\/ante-baja-de-matriculas-en-slp-grupos-escolares-se-compactan-seer\\\/#primaryimage\"},\"thumbnailUrl\":\"https:\\\/\\\/canal7slp.tv\\\/2025\\\/wp-content\\\/uploads\\\/2025\\\/02\\\/Vazquez02Matriculas.jpg\",\"datePublished\":\"2025-02-07T22:17:46+00:00\",\"dateModified\":\"2025-02-07T22:18:45+00:00\",\"breadcrumb\":{\"@id\":\"https:\\\/\\\/canal7slp.tv\\\/2025\\\/ante-baja-de-matriculas-en-slp-grupos-escolares-se-compactan-seer\\\/#breadcrumb\"},\"inLanguage\":\"es\",\"potentialAction\":[{\"@type\":\"ReadAction\",\"target\":[\"https:\\\/\\\/canal7slp.tv\\\/2025\\\/ante-baja-de-matriculas-en-slp-grupos-escolares-se-compactan-seer\\\/\"]}]},{\"@type\":\"ImageObject\",\"inLanguage\":\"es\",\"@id\":\"https:\\\/\\\/canal7slp.tv\\\/2025\\\/ante-baja-de-matriculas-en-slp-grupos-escolares-se-compactan-seer\\\/#primaryimage\",\"url\":\"https:\\\/\\\/canal7slp.tv\\\/2025\\\/wp-content\\\/uploads\\\/2025\\\/02\\\/Vazquez02Matriculas.jpg\",\"contentUrl\":\"https:\\\/\\\/canal7slp.tv\\\/2025\\\/wp-content\\\/uploads\\\/2025\\\/02\\\/Vazquez02Matriculas.jpg\",\"width\":1280,\"height\":720},{\"@type\":\"BreadcrumbList\",\"@id\":\"https:\\\/\\\/canal7slp.tv\\\/2025\\\/ante-baja-de-matriculas-en-slp-grupos-escolares-se-compactan-seer\\\/#breadcrumb\",\"itemListElement\":[{\"@type\":\"ListItem\",\"position\":1,\"name\":\"Portada\",\"item\":\"https:\\\/\\\/canal7slp.tv\\\/2025\\\/\"},{\"@type\":\"ListItem\",\"position\":2,\"name\":\"Ante baja de matr\u00edculas en SLP, grupos escolares se compactan: SEER\"}]},{\"@type\":\"WebSite\",\"@id\":\"https:\\\/\\\/canal7slp.tv\\\/2025\\\/#website\",\"url\":\"https:\\\/\\\/canal7slp.tv\\\/2025\\\/\",\"name\":\"N7 - Noticieros Canal 7\",\"description\":\"Somos el Medio\",\"publisher\":{\"@id\":\"https:\\\/\\\/canal7slp.tv\\\/2025\\\/#organization\"},\"potentialAction\":[{\"@type\":\"SearchAction\",\"target\":{\"@type\":\"EntryPoint\",\"urlTemplate\":\"https:\\\/\\\/canal7slp.tv\\\/2025\\\/?s={search_term_string}\"},\"query-input\":{\"@type\":\"PropertyValueSpecification\",\"valueRequired\":true,\"valueName\":\"search_term_string\"}}],\"inLanguage\":\"es\"},{\"@type\":\"Organization\",\"@id\":\"https:\\\/\\\/canal7slp.tv\\\/2025\\\/#organization\",\"name\":\"Noticieros Canal 7\",\"url\":\"https:\\\/\\\/canal7slp.tv\\\/2025\\\/\",\"logo\":{\"@type\":\"ImageObject\",\"inLanguage\":\"es\",\"@id\":\"https:\\\/\\\/canal7slp.tv\\\/2025\\\/#\\\/schema\\\/logo\\\/image\\\/\",\"url\":\"https:\\\/\\\/canal7slp.tv\\\/2025\\\/wp-content\\\/uploads\\\/2021\\\/01\\\/logo-noticieros@2x.png\",\"contentUrl\":\"https:\\\/\\\/canal7slp.tv\\\/2025\\\/wp-content\\\/uploads\\\/2021\\\/01\\\/logo-noticieros@2x.png\",\"width\":1017,\"height\":268,\"caption\":\"Noticieros Canal 7\"},\"image\":{\"@id\":\"https:\\\/\\\/canal7slp.tv\\\/2025\\\/#\\\/schema\\\/logo\\\/image\\\/\"},\"sameAs\":[\"https:\\\/\\\/www.facebook.com\\\/noticieroscanal7atencionciudadana\\\/\",\"https:\\\/\\\/x.com\\\/NOTICIEROS7\",\"https:\\\/\\\/www.instagram.com\\\/canal7_slp\",\"https:\\\/\\\/www.youtube.com\\\/channel\\\/UCliiYs-gP3JfJeqdPrNdd5A\"]},{\"@type\":\"Person\",\"@id\":\"https:\\\/\\\/canal7slp.tv\\\/2025\\\/#\\\/schema\\\/person\\\/271e2b60a96e7cc9d9ac296f4d7e414b\",\"name\":\"Edici\u00f3n Web\",\"image\":{\"@type\":\"ImageObject\",\"inLanguage\":\"es\",\"@id\":\"https:\\\/\\\/secure.gravatar.com\\\/avatar\\\/eee448fc3f7164808013b816ba91ac7e43bbe82a70bebac296f8bc6f0addaa1a?s=96&d=mm&r=g\",\"url\":\"https:\\\/\\\/secure.gravatar.com\\\/avatar\\\/eee448fc3f7164808013b816ba91ac7e43bbe82a70bebac296f8bc6f0addaa1a?s=96&d=mm&r=g\",\"contentUrl\":\"https:\\\/\\\/secure.gravatar.com\\\/avatar\\\/eee448fc3f7164808013b816ba91ac7e43bbe82a70bebac296f8bc6f0addaa1a?s=96&d=mm&r=g\",\"caption\":\"Edici\u00f3n Web\"},\"url\":\"https:\\\/\\\/canal7slp.tv\\\/2025\\\/author\\\/edicionweb\\\/\"}]}<\/script>\n<!-- \/ Yoast SEO plugin. -->","yoast_head_json":{"title":"Ante baja de matr\u00edculas en SLP, grupos escolares se compactan: SEER - Canal 7 SLP - 2025","robots":{"index":"index","follow":"follow","max-snippet":"max-snippet:-1","max-image-preview":"max-image-preview:large","max-video-preview":"max-video-preview:-1"},"canonical":"https:\/\/canal7slp.tv\/2025\/ante-baja-de-matriculas-en-slp-grupos-escolares-se-compactan-seer\/","og_locale":"es_ES","og_type":"article","og_title":"Ante baja de matr\u00edculas en SLP, grupos escolares se compactan: SEER - Canal 7 SLP - 2025","og_description":"SLP.- El titular del Sistema Educativo Estatal Regular, Cris\u00f3gono S\u00e1nchez Lara, inform\u00f3 sobre el reto que se enfrenta actualmente debido a la baja en la matr\u00edcula escolar, un fen\u00f3meno que, asegur\u00f3, no es exclusivo del estado. \u201cMira, el problema que tenemos es que el fen\u00f3meno que se est\u00e1 dando, no nada m\u00e1s en el estado, es a nivel nacional, el de la baja de matr\u00edcula. Afortunadamente nosotros en nuestra mayor parte de las escuelas no tenemos tanto problema porque tienen un prestigio que se han ganado por s\u00ed solas a trav\u00e9s de entregar los mejores resultados en el proceso de [&hellip;]","og_url":"https:\/\/canal7slp.tv\/2025\/ante-baja-de-matriculas-en-slp-grupos-escolares-se-compactan-seer\/","og_site_name":"Canal 7 SLP - 2025","article_publisher":"https:\/\/www.facebook.com\/noticieroscanal7atencionciudadana\/","article_published_time":"2025-02-07T22:17:46+00:00","article_modified_time":"2025-02-07T22:18:45+00:00","og_image":[{"width":1280,"height":720,"url":"https:\/\/canal7slp.tv\/2025\/wp-content\/uploads\/2025\/02\/Vazquez02Matriculas.jpg","type":"image\/jpeg"}],"author":"Edici\u00f3n Web","twitter_card":"summary_large_image","twitter_creator":"@NOTICIEROS7","twitter_site":"@NOTICIEROS7","twitter_misc":{"Escrito por":"Edici\u00f3n Web","Tiempo de lectura":"2 minutos"},"schema":{"@context":"https:\/\/schema.org","@graph":[{"@type":"Article","@id":"https:\/\/canal7slp.tv\/2025\/ante-baja-de-matriculas-en-slp-grupos-escolares-se-compactan-seer\/#article","isPartOf":{"@id":"https:\/\/canal7slp.tv\/2025\/ante-baja-de-matriculas-en-slp-grupos-escolares-se-compactan-seer\/"},"author":{"name":"Edici\u00f3n Web","@id":"https:\/\/canal7slp.tv\/2025\/#\/schema\/person\/271e2b60a96e7cc9d9ac296f4d7e414b"},"headline":"Ante baja de matr\u00edculas en SLP, grupos escolares se compactan: SEER","datePublished":"2025-02-07T22:17:46+00:00","dateModified":"2025-02-07T22:18:45+00:00","mainEntityOfPage":{"@id":"https:\/\/canal7slp.tv\/2025\/ante-baja-de-matriculas-en-slp-grupos-escolares-se-compactan-seer\/"},"wordCount":360,"publisher":{"@id":"https:\/\/canal7slp.tv\/2025\/#organization"},"image":{"@id":"https:\/\/canal7slp.tv\/2025\/ante-baja-de-matriculas-en-slp-grupos-escolares-se-compactan-seer\/#primaryimage"},"thumbnailUrl":"https:\/\/canal7slp.tv\/2025\/wp-content\/uploads\/2025\/02\/Vazquez02Matriculas.jpg","articleSection":["DESTACADAS","GOBEDOSLP","LOCALES Y REGIONALES"],"inLanguage":"es"},{"@type":"WebPage","@id":"https:\/\/canal7slp.tv\/2025\/ante-baja-de-matriculas-en-slp-grupos-escolares-se-compactan-seer\/","url":"https:\/\/canal7slp.tv\/2025\/ante-baja-de-matriculas-en-slp-grupos-escolares-se-compactan-seer\/","name":"Ante baja de matr\u00edculas en SLP, grupos escolares se compactan: SEER - Canal 7 SLP - 2025","isPartOf":{"@id":"https:\/\/canal7slp.tv\/2025\/#website"},"primaryImageOfPage":{"@id":"https:\/\/canal7slp.tv\/2025\/ante-baja-de-matriculas-en-slp-grupos-escolares-se-compactan-seer\/#primaryimage"},"image":{"@id":"https:\/\/canal7slp.tv\/2025\/ante-baja-de-matriculas-en-slp-grupos-escolares-se-compactan-seer\/#primaryimage"},"thumbnailUrl":"https:\/\/canal7slp.tv\/2025\/wp-content\/uploads\/2025\/02\/Vazquez02Matriculas.jpg","datePublished":"2025-02-07T22:17:46+00:00","dateModified":"2025-02-07T22:18:45+00:00","breadcrumb":{"@id":"https:\/\/canal7slp.tv\/2025\/ante-baja-de-matriculas-en-slp-grupos-escolares-se-compactan-seer\/#breadcrumb"},"inLanguage":"es","potentialAction":[{"@type":"ReadAction","target":["https:\/\/canal7slp.tv\/2025\/ante-baja-de-matriculas-en-slp-grupos-escolares-se-compactan-seer\/"]}]},{"@type":"ImageObject","inLanguage":"es","@id":"https:\/\/canal7slp.tv\/2025\/ante-baja-de-matriculas-en-slp-grupos-escolares-se-compactan-seer\/#primaryimage","url":"https:\/\/canal7slp.tv\/2025\/wp-content\/uploads\/2025\/02\/Vazquez02Matriculas.jpg","contentUrl":"https:\/\/canal7slp.tv\/2025\/wp-content\/uploads\/2025\/02\/Vazquez02Matriculas.jpg","width":1280,"height":720},{"@type":"BreadcrumbList","@id":"https:\/\/canal7slp.tv\/2025\/ante-baja-de-matriculas-en-slp-grupos-escolares-se-compactan-seer\/#breadcrumb","itemListElement":[{"@type":"ListItem","position":1,"name":"Portada","item":"https:\/\/canal7slp.tv\/2025\/"},{"@type":"ListItem","position":2,"name":"Ante baja de matr\u00edculas en SLP, grupos escolares se compactan: SEER"}]},{"@type":"WebSite","@id":"https:\/\/canal7slp.tv\/2025\/#website","url":"https:\/\/canal7slp.tv\/2025\/","name":"N7 - Noticieros Canal 7","description":"Somos el Medio","publisher":{"@id":"https:\/\/canal7slp.tv\/2025\/#organization"},"potentialAction":[{"@type":"SearchAction","target":{"@type":"EntryPoint","urlTemplate":"https:\/\/canal7slp.tv\/2025\/?s={search_term_string}"},"query-input":{"@type":"PropertyValueSpecification","valueRequired":true,"valueName":"search_term_string"}}],"inLanguage":"es"},{"@type":"Organization","@id":"https:\/\/canal7slp.tv\/2025\/#organization","name":"Noticieros Canal 7","url":"https:\/\/canal7slp.tv\/2025\/","logo":{"@type":"ImageObject","inLanguage":"es","@id":"https:\/\/canal7slp.tv\/2025\/#\/schema\/logo\/image\/","url":"https:\/\/canal7slp.tv\/2025\/wp-content\/uploads\/2021\/01\/logo-noticieros@2x.png","contentUrl":"https:\/\/canal7slp.tv\/2025\/wp-content\/uploads\/2021\/01\/logo-noticieros@2x.png","width":1017,"height":268,"caption":"Noticieros Canal 7"},"image":{"@id":"https:\/\/canal7slp.tv\/2025\/#\/schema\/logo\/image\/"},"sameAs":["https:\/\/www.facebook.com\/noticieroscanal7atencionciudadana\/","https:\/\/x.com\/NOTICIEROS7","https:\/\/www.instagram.com\/canal7_slp","https:\/\/www.youtube.com\/channel\/UCliiYs-gP3JfJeqdPrNdd5A"]},{"@type":"Person","@id":"https:\/\/canal7slp.tv\/2025\/#\/schema\/person\/271e2b60a96e7cc9d9ac296f4d7e414b","name":"Edici\u00f3n Web","image":{"@type":"ImageObject","inLanguage":"es","@id":"https:\/\/secure.gravatar.com\/avatar\/eee448fc3f7164808013b816ba91ac7e43bbe82a70bebac296f8bc6f0addaa1a?s=96&d=mm&r=g","url":"https:\/\/secure.gravatar.com\/avatar\/eee448fc3f7164808013b816ba91ac7e43bbe82a70bebac296f8bc6f0addaa1a?s=96&d=mm&r=g","contentUrl":"https:\/\/secure.gravatar.com\/avatar\/eee448fc3f7164808013b816ba91ac7e43bbe82a70bebac296f8bc6f0addaa1a?s=96&d=mm&r=g","caption":"Edici\u00f3n Web"},"url":"https:\/\/canal7slp.tv\/2025\/author\/edicionweb\/"}]}},"_links":{"self":[{"href":"https:\/\/canal7slp.tv\/2025\/wp-json\/wp\/v2\/posts\/157176","targetHints":{"allow":["GET"]}}],"collection":[{"href":"https:\/\/canal7slp.tv\/2025\/wp-json\/wp\/v2\/posts"}],"about":[{"href":"https:\/\/canal7slp.tv\/2025\/wp-json\/wp\/v2\/types\/post"}],"author":[{"embeddable":true,"href":"https:\/\/canal7slp.tv\/2025\/wp-json\/wp\/v2\/users\/2"}],"replies":[{"embeddable":true,"href":"https:\/\/canal7slp.tv\/2025\/wp-json\/wp\/v2\/comments?post=157176"}],"version-history":[{"count":2,"href":"https:\/\/canal7slp.tv\/2025\/wp-json\/wp\/v2\/posts\/157176\/revisions"}],"predecessor-version":[{"id":157203,"href":"https:\/\/canal7slp.tv\/2025\/wp-json\/wp\/v2\/posts\/157176\/revisions\/157203"}],"wp:featuredmedia":[{"embeddable":true,"href":"https:\/\/canal7slp.tv\/2025\/wp-json\/wp\/v2\/media\/157191"}],"wp:attachment":[{"href":"https:\/\/canal7slp.tv\/2025\/wp-json\/wp\/v2\/media?parent=157176"}],"wp:term":[{"taxonomy":"category","embeddable":true,"href":"https:\/\/canal7slp.tv\/2025\/wp-json\/wp\/v2\/categories?post=157176"},{"taxonomy":"post_tag","embeddable":true,"href":"https:\/\/canal7slp.tv\/2025\/wp-json\/wp\/v2\/tags?post=157176"}],"curies":[{"name":"wp","href":"https:\/\/api.w.org\/{rel}","templated":true}]}}