{"id":157063,"date":"2025-02-06T18:57:16","date_gmt":"2025-02-07T00:57:16","guid":{"rendered":"https:\/\/canal7slp.tv\/2025\/?p=157063"},"modified":"2025-02-06T19:33:32","modified_gmt":"2025-02-07T01:33:32","slug":"fiscalia-de-derechos-humanos-logran-vinculacion-a-proceso-en-contra-de-seis-sujetos-por-secuestro-en-villa-de-arista-slp","status":"publish","type":"post","link":"https:\/\/canal7slp.tv\/2025\/fiscalia-de-derechos-humanos-logran-vinculacion-a-proceso-en-contra-de-seis-sujetos-por-secuestro-en-villa-de-arista-slp\/","title":{"rendered":"Fiscal\u00eda de Derechos Humanos logran vinculaci\u00f3n a proceso en contra de seis sujetos por secuestro en Villa de Arista, SLP"},"content":{"rendered":"<p style=\"text-align: justify;\">SLP.- Litigadores de la Fiscal\u00eda Especializada en Materia de Derechos Humanos lograron la imputaci\u00f3n de seis sujetos por el delito de secuestro agravado y privaci\u00f3n ilegal de la libertad agravada, ocurrido en Villa de Arista.<\/p>\n<p style=\"text-align: justify;\">El 31 de diciembre de 2024, un hombre y su hijo fueron privados de su libertad en esa demarcaci\u00f3n. Familiares de las v\u00edctimas recibieron llamadas exigiendo dinero a cambio de no hacerles da\u00f1o. La Unidad Especializada en Combate al Secuestro (UECS) localiz\u00f3 a una v\u00edctima con vida y a la otra sin vida en Villa Hidalgo.<\/p>\n<p style=\"text-align: justify;\">Tras las investigaciones, se identific\u00f3 a los presuntos responsables: Reynaldo \u201cN\u201d, Josu\u00e9 \u201cN\u201d, Fabi\u00e1n \u201cN\u201d, Satoro \u201cN\u201d, Francisco \u201cN\u201d y Jes\u00fas \u201cN\u201d, quienes fueron detenidos mediante una orden de aprehensi\u00f3n. La Fiscal\u00eda present\u00f3 las pruebas ante un Juez de Control, quien decret\u00f3 la vinculaci\u00f3n a proceso con un mes para investigaci\u00f3n complementaria y aplic\u00f3 la prisi\u00f3n preventiva justificada para los seis imputados<\/p>\n","protected":false},"excerpt":{"rendered":"<p>SLP.- Litigadores de la Fiscal\u00eda Especializada en Materia de Derechos Humanos lograron la imputaci\u00f3n de seis sujetos por el delito de secuestro agravado y privaci\u00f3n ilegal de la libertad agravada, ocurrido en Villa de Arista. El 31 de diciembre de 2024, un hombre y su hijo fueron privados de su libertad en esa demarcaci\u00f3n. Familiares de las v\u00edctimas recibieron llamadas exigiendo dinero a cambio de no hacerles da\u00f1o. La Unidad Especializada en Combate al Secuestro (UECS) localiz\u00f3 a una v\u00edctima con vida y a la otra sin vida en Villa Hidalgo. Tras las investigaciones, se identific\u00f3 a los presuntos responsables: [&hellip;]<\/p>\n","protected":false},"author":2,"featured_media":157070,"comment_status":"closed","ping_status":"closed","sticky":false,"template":"","format":"standard","meta":{"_monsterinsights_skip_tracking":false,"_monsterinsights_sitenote_active":false,"_monsterinsights_sitenote_note":"","_monsterinsights_sitenote_category":0,"footnotes":""},"categories":[48],"tags":[],"class_list":["post-157063","post","type-post","status-publish","format-standard","has-post-thumbnail","hentry","category-reporte7","post--single"],"yoast_head":"<!-- This site is optimized with the Yoast SEO plugin v27.5 - https:\/\/yoast.com\/product\/yoast-seo-wordpress\/ -->\n<title>Fiscal\u00eda de Derechos Humanos logran vinculaci\u00f3n a proceso en contra de seis sujetos por secuestro en Villa de Arista, SLP - Canal 7 SLP - 2025<\/title>\n<meta name=\"robots\" content=\"index, follow, max-snippet:-1, max-image-preview:large, max-video-preview:-1\" \/>\n<link rel=\"canonical\" href=\"https:\/\/canal7slp.tv\/2025\/fiscalia-de-derechos-humanos-logran-vinculacion-a-proceso-en-contra-de-seis-sujetos-por-secuestro-en-villa-de-arista-slp\/\" \/>\n<meta property=\"og:locale\" content=\"es_ES\" \/>\n<meta property=\"og:type\" content=\"article\" \/>\n<meta property=\"og:title\" content=\"Fiscal\u00eda de Derechos Humanos logran vinculaci\u00f3n a proceso en contra de seis sujetos por secuestro en Villa de Arista, SLP - Canal 7 SLP - 2025\" \/>\n<meta property=\"og:description\" content=\"SLP.- Litigadores de la Fiscal\u00eda Especializada en Materia de Derechos Humanos lograron la imputaci\u00f3n de seis sujetos por el delito de secuestro agravado y privaci\u00f3n ilegal de la libertad agravada, ocurrido en Villa de Arista. El 31 de diciembre de 2024, un hombre y su hijo fueron privados de su libertad en esa demarcaci\u00f3n. Familiares de las v\u00edctimas recibieron llamadas exigiendo dinero a cambio de no hacerles da\u00f1o. La Unidad Especializada en Combate al Secuestro (UECS) localiz\u00f3 a una v\u00edctima con vida y a la otra sin vida en Villa Hidalgo. Tras las investigaciones, se identific\u00f3 a los presuntos responsables: [&hellip;]\" \/>\n<meta property=\"og:url\" content=\"https:\/\/canal7slp.tv\/2025\/fiscalia-de-derechos-humanos-logran-vinculacion-a-proceso-en-contra-de-seis-sujetos-por-secuestro-en-villa-de-arista-slp\/\" \/>\n<meta property=\"og:site_name\" content=\"Canal 7 SLP - 2025\" \/>\n<meta property=\"article:publisher\" content=\"https:\/\/www.facebook.com\/noticieroscanal7atencionciudadana\/\" \/>\n<meta property=\"article:published_time\" content=\"2025-02-07T00:57:16+00:00\" \/>\n<meta property=\"article:modified_time\" content=\"2025-02-07T01:33:32+00:00\" \/>\n<meta property=\"og:image\" content=\"https:\/\/canal7slp.tv\/2025\/wp-content\/uploads\/2025\/02\/zz1.jpeg\" \/>\n\t<meta property=\"og:image:width\" content=\"1535\" \/>\n\t<meta property=\"og:image:height\" content=\"1300\" \/>\n\t<meta property=\"og:image:type\" content=\"image\/jpeg\" \/>\n<meta name=\"author\" content=\"Edici\u00f3n Web\" \/>\n<meta name=\"twitter:card\" content=\"summary_large_image\" \/>\n<meta name=\"twitter:creator\" content=\"@NOTICIEROS7\" \/>\n<meta name=\"twitter:site\" content=\"@NOTICIEROS7\" \/>\n<meta name=\"twitter:label1\" content=\"Escrito por\" \/>\n\t<meta name=\"twitter:data1\" content=\"Edici\u00f3n Web\" \/>\n\t<meta name=\"twitter:label2\" content=\"Tiempo de lectura\" \/>\n\t<meta name=\"twitter:data2\" content=\"1 minuto\" \/>\n<script type=\"application\/ld+json\" class=\"yoast-schema-graph\">{\"@context\":\"https:\\\/\\\/schema.org\",\"@graph\":[{\"@type\":\"Article\",\"@id\":\"https:\\\/\\\/canal7slp.tv\\\/2025\\\/fiscalia-de-derechos-humanos-logran-vinculacion-a-proceso-en-contra-de-seis-sujetos-por-secuestro-en-villa-de-arista-slp\\\/#article\",\"isPartOf\":{\"@id\":\"https:\\\/\\\/canal7slp.tv\\\/2025\\\/fiscalia-de-derechos-humanos-logran-vinculacion-a-proceso-en-contra-de-seis-sujetos-por-secuestro-en-villa-de-arista-slp\\\/\"},\"author\":{\"name\":\"Edici\u00f3n Web\",\"@id\":\"https:\\\/\\\/canal7slp.tv\\\/2025\\\/#\\\/schema\\\/person\\\/271e2b60a96e7cc9d9ac296f4d7e414b\"},\"headline\":\"Fiscal\u00eda de Derechos Humanos logran vinculaci\u00f3n a proceso en contra de seis sujetos por secuestro en Villa de Arista, SLP\",\"datePublished\":\"2025-02-07T00:57:16+00:00\",\"dateModified\":\"2025-02-07T01:33:32+00:00\",\"mainEntityOfPage\":{\"@id\":\"https:\\\/\\\/canal7slp.tv\\\/2025\\\/fiscalia-de-derechos-humanos-logran-vinculacion-a-proceso-en-contra-de-seis-sujetos-por-secuestro-en-villa-de-arista-slp\\\/\"},\"wordCount\":188,\"publisher\":{\"@id\":\"https:\\\/\\\/canal7slp.tv\\\/2025\\\/#organization\"},\"image\":{\"@id\":\"https:\\\/\\\/canal7slp.tv\\\/2025\\\/fiscalia-de-derechos-humanos-logran-vinculacion-a-proceso-en-contra-de-seis-sujetos-por-secuestro-en-villa-de-arista-slp\\\/#primaryimage\"},\"thumbnailUrl\":\"https:\\\/\\\/canal7slp.tv\\\/2025\\\/wp-content\\\/uploads\\\/2025\\\/02\\\/zz1.jpeg\",\"articleSection\":[\"REPORTE 7\"],\"inLanguage\":\"es\"},{\"@type\":\"WebPage\",\"@id\":\"https:\\\/\\\/canal7slp.tv\\\/2025\\\/fiscalia-de-derechos-humanos-logran-vinculacion-a-proceso-en-contra-de-seis-sujetos-por-secuestro-en-villa-de-arista-slp\\\/\",\"url\":\"https:\\\/\\\/canal7slp.tv\\\/2025\\\/fiscalia-de-derechos-humanos-logran-vinculacion-a-proceso-en-contra-de-seis-sujetos-por-secuestro-en-villa-de-arista-slp\\\/\",\"name\":\"Fiscal\u00eda de Derechos Humanos logran vinculaci\u00f3n a proceso en contra de seis sujetos por secuestro en Villa de Arista, SLP - Canal 7 SLP - 2025\",\"isPartOf\":{\"@id\":\"https:\\\/\\\/canal7slp.tv\\\/2025\\\/#website\"},\"primaryImageOfPage\":{\"@id\":\"https:\\\/\\\/canal7slp.tv\\\/2025\\\/fiscalia-de-derechos-humanos-logran-vinculacion-a-proceso-en-contra-de-seis-sujetos-por-secuestro-en-villa-de-arista-slp\\\/#primaryimage\"},\"image\":{\"@id\":\"https:\\\/\\\/canal7slp.tv\\\/2025\\\/fiscalia-de-derechos-humanos-logran-vinculacion-a-proceso-en-contra-de-seis-sujetos-por-secuestro-en-villa-de-arista-slp\\\/#primaryimage\"},\"thumbnailUrl\":\"https:\\\/\\\/canal7slp.tv\\\/2025\\\/wp-content\\\/uploads\\\/2025\\\/02\\\/zz1.jpeg\",\"datePublished\":\"2025-02-07T00:57:16+00:00\",\"dateModified\":\"2025-02-07T01:33:32+00:00\",\"breadcrumb\":{\"@id\":\"https:\\\/\\\/canal7slp.tv\\\/2025\\\/fiscalia-de-derechos-humanos-logran-vinculacion-a-proceso-en-contra-de-seis-sujetos-por-secuestro-en-villa-de-arista-slp\\\/#breadcrumb\"},\"inLanguage\":\"es\",\"potentialAction\":[{\"@type\":\"ReadAction\",\"target\":[\"https:\\\/\\\/canal7slp.tv\\\/2025\\\/fiscalia-de-derechos-humanos-logran-vinculacion-a-proceso-en-contra-de-seis-sujetos-por-secuestro-en-villa-de-arista-slp\\\/\"]}]},{\"@type\":\"ImageObject\",\"inLanguage\":\"es\",\"@id\":\"https:\\\/\\\/canal7slp.tv\\\/2025\\\/fiscalia-de-derechos-humanos-logran-vinculacion-a-proceso-en-contra-de-seis-sujetos-por-secuestro-en-villa-de-arista-slp\\\/#primaryimage\",\"url\":\"https:\\\/\\\/canal7slp.tv\\\/2025\\\/wp-content\\\/uploads\\\/2025\\\/02\\\/zz1.jpeg\",\"contentUrl\":\"https:\\\/\\\/canal7slp.tv\\\/2025\\\/wp-content\\\/uploads\\\/2025\\\/02\\\/zz1.jpeg\",\"width\":1535,\"height\":1300},{\"@type\":\"BreadcrumbList\",\"@id\":\"https:\\\/\\\/canal7slp.tv\\\/2025\\\/fiscalia-de-derechos-humanos-logran-vinculacion-a-proceso-en-contra-de-seis-sujetos-por-secuestro-en-villa-de-arista-slp\\\/#breadcrumb\",\"itemListElement\":[{\"@type\":\"ListItem\",\"position\":1,\"name\":\"Portada\",\"item\":\"https:\\\/\\\/canal7slp.tv\\\/2025\\\/\"},{\"@type\":\"ListItem\",\"position\":2,\"name\":\"Fiscal\u00eda de Derechos Humanos logran vinculaci\u00f3n a proceso en contra de seis sujetos por secuestro en Villa de Arista, SLP\"}]},{\"@type\":\"WebSite\",\"@id\":\"https:\\\/\\\/canal7slp.tv\\\/2025\\\/#website\",\"url\":\"https:\\\/\\\/canal7slp.tv\\\/2025\\\/\",\"name\":\"N7 - Noticieros Canal 7\",\"description\":\"Somos el Medio\",\"publisher\":{\"@id\":\"https:\\\/\\\/canal7slp.tv\\\/2025\\\/#organization\"},\"potentialAction\":[{\"@type\":\"SearchAction\",\"target\":{\"@type\":\"EntryPoint\",\"urlTemplate\":\"https:\\\/\\\/canal7slp.tv\\\/2025\\\/?s={search_term_string}\"},\"query-input\":{\"@type\":\"PropertyValueSpecification\",\"valueRequired\":true,\"valueName\":\"search_term_string\"}}],\"inLanguage\":\"es\"},{\"@type\":\"Organization\",\"@id\":\"https:\\\/\\\/canal7slp.tv\\\/2025\\\/#organization\",\"name\":\"Noticieros Canal 7\",\"url\":\"https:\\\/\\\/canal7slp.tv\\\/2025\\\/\",\"logo\":{\"@type\":\"ImageObject\",\"inLanguage\":\"es\",\"@id\":\"https:\\\/\\\/canal7slp.tv\\\/2025\\\/#\\\/schema\\\/logo\\\/image\\\/\",\"url\":\"https:\\\/\\\/canal7slp.tv\\\/2025\\\/wp-content\\\/uploads\\\/2021\\\/01\\\/logo-noticieros@2x.png\",\"contentUrl\":\"https:\\\/\\\/canal7slp.tv\\\/2025\\\/wp-content\\\/uploads\\\/2021\\\/01\\\/logo-noticieros@2x.png\",\"width\":1017,\"height\":268,\"caption\":\"Noticieros Canal 7\"},\"image\":{\"@id\":\"https:\\\/\\\/canal7slp.tv\\\/2025\\\/#\\\/schema\\\/logo\\\/image\\\/\"},\"sameAs\":[\"https:\\\/\\\/www.facebook.com\\\/noticieroscanal7atencionciudadana\\\/\",\"https:\\\/\\\/x.com\\\/NOTICIEROS7\",\"https:\\\/\\\/www.instagram.com\\\/canal7_slp\",\"https:\\\/\\\/www.youtube.com\\\/channel\\\/UCliiYs-gP3JfJeqdPrNdd5A\"]},{\"@type\":\"Person\",\"@id\":\"https:\\\/\\\/canal7slp.tv\\\/2025\\\/#\\\/schema\\\/person\\\/271e2b60a96e7cc9d9ac296f4d7e414b\",\"name\":\"Edici\u00f3n Web\",\"image\":{\"@type\":\"ImageObject\",\"inLanguage\":\"es\",\"@id\":\"https:\\\/\\\/secure.gravatar.com\\\/avatar\\\/eee448fc3f7164808013b816ba91ac7e43bbe82a70bebac296f8bc6f0addaa1a?s=96&d=mm&r=g\",\"url\":\"https:\\\/\\\/secure.gravatar.com\\\/avatar\\\/eee448fc3f7164808013b816ba91ac7e43bbe82a70bebac296f8bc6f0addaa1a?s=96&d=mm&r=g\",\"contentUrl\":\"https:\\\/\\\/secure.gravatar.com\\\/avatar\\\/eee448fc3f7164808013b816ba91ac7e43bbe82a70bebac296f8bc6f0addaa1a?s=96&d=mm&r=g\",\"caption\":\"Edici\u00f3n Web\"},\"url\":\"https:\\\/\\\/canal7slp.tv\\\/2025\\\/author\\\/edicionweb\\\/\"}]}<\/script>\n<!-- \/ Yoast SEO plugin. -->","yoast_head_json":{"title":"Fiscal\u00eda de Derechos Humanos logran vinculaci\u00f3n a proceso en contra de seis sujetos por secuestro en Villa de Arista, SLP - Canal 7 SLP - 2025","robots":{"index":"index","follow":"follow","max-snippet":"max-snippet:-1","max-image-preview":"max-image-preview:large","max-video-preview":"max-video-preview:-1"},"canonical":"https:\/\/canal7slp.tv\/2025\/fiscalia-de-derechos-humanos-logran-vinculacion-a-proceso-en-contra-de-seis-sujetos-por-secuestro-en-villa-de-arista-slp\/","og_locale":"es_ES","og_type":"article","og_title":"Fiscal\u00eda de Derechos Humanos logran vinculaci\u00f3n a proceso en contra de seis sujetos por secuestro en Villa de Arista, SLP - Canal 7 SLP - 2025","og_description":"SLP.- Litigadores de la Fiscal\u00eda Especializada en Materia de Derechos Humanos lograron la imputaci\u00f3n de seis sujetos por el delito de secuestro agravado y privaci\u00f3n ilegal de la libertad agravada, ocurrido en Villa de Arista. El 31 de diciembre de 2024, un hombre y su hijo fueron privados de su libertad en esa demarcaci\u00f3n. Familiares de las v\u00edctimas recibieron llamadas exigiendo dinero a cambio de no hacerles da\u00f1o. La Unidad Especializada en Combate al Secuestro (UECS) localiz\u00f3 a una v\u00edctima con vida y a la otra sin vida en Villa Hidalgo. Tras las investigaciones, se identific\u00f3 a los presuntos responsables: [&hellip;]","og_url":"https:\/\/canal7slp.tv\/2025\/fiscalia-de-derechos-humanos-logran-vinculacion-a-proceso-en-contra-de-seis-sujetos-por-secuestro-en-villa-de-arista-slp\/","og_site_name":"Canal 7 SLP - 2025","article_publisher":"https:\/\/www.facebook.com\/noticieroscanal7atencionciudadana\/","article_published_time":"2025-02-07T00:57:16+00:00","article_modified_time":"2025-02-07T01:33:32+00:00","og_image":[{"width":1535,"height":1300,"url":"https:\/\/canal7slp.tv\/2025\/wp-content\/uploads\/2025\/02\/zz1.jpeg","type":"image\/jpeg"}],"author":"Edici\u00f3n Web","twitter_card":"summary_large_image","twitter_creator":"@NOTICIEROS7","twitter_site":"@NOTICIEROS7","twitter_misc":{"Escrito por":"Edici\u00f3n Web","Tiempo de lectura":"1 minuto"},"schema":{"@context":"https:\/\/schema.org","@graph":[{"@type":"Article","@id":"https:\/\/canal7slp.tv\/2025\/fiscalia-de-derechos-humanos-logran-vinculacion-a-proceso-en-contra-de-seis-sujetos-por-secuestro-en-villa-de-arista-slp\/#article","isPartOf":{"@id":"https:\/\/canal7slp.tv\/2025\/fiscalia-de-derechos-humanos-logran-vinculacion-a-proceso-en-contra-de-seis-sujetos-por-secuestro-en-villa-de-arista-slp\/"},"author":{"name":"Edici\u00f3n Web","@id":"https:\/\/canal7slp.tv\/2025\/#\/schema\/person\/271e2b60a96e7cc9d9ac296f4d7e414b"},"headline":"Fiscal\u00eda de Derechos Humanos logran vinculaci\u00f3n a proceso en contra de seis sujetos por secuestro en Villa de Arista, SLP","datePublished":"2025-02-07T00:57:16+00:00","dateModified":"2025-02-07T01:33:32+00:00","mainEntityOfPage":{"@id":"https:\/\/canal7slp.tv\/2025\/fiscalia-de-derechos-humanos-logran-vinculacion-a-proceso-en-contra-de-seis-sujetos-por-secuestro-en-villa-de-arista-slp\/"},"wordCount":188,"publisher":{"@id":"https:\/\/canal7slp.tv\/2025\/#organization"},"image":{"@id":"https:\/\/canal7slp.tv\/2025\/fiscalia-de-derechos-humanos-logran-vinculacion-a-proceso-en-contra-de-seis-sujetos-por-secuestro-en-villa-de-arista-slp\/#primaryimage"},"thumbnailUrl":"https:\/\/canal7slp.tv\/2025\/wp-content\/uploads\/2025\/02\/zz1.jpeg","articleSection":["REPORTE 7"],"inLanguage":"es"},{"@type":"WebPage","@id":"https:\/\/canal7slp.tv\/2025\/fiscalia-de-derechos-humanos-logran-vinculacion-a-proceso-en-contra-de-seis-sujetos-por-secuestro-en-villa-de-arista-slp\/","url":"https:\/\/canal7slp.tv\/2025\/fiscalia-de-derechos-humanos-logran-vinculacion-a-proceso-en-contra-de-seis-sujetos-por-secuestro-en-villa-de-arista-slp\/","name":"Fiscal\u00eda de Derechos Humanos logran vinculaci\u00f3n a proceso en contra de seis sujetos por secuestro en Villa de Arista, SLP - Canal 7 SLP - 2025","isPartOf":{"@id":"https:\/\/canal7slp.tv\/2025\/#website"},"primaryImageOfPage":{"@id":"https:\/\/canal7slp.tv\/2025\/fiscalia-de-derechos-humanos-logran-vinculacion-a-proceso-en-contra-de-seis-sujetos-por-secuestro-en-villa-de-arista-slp\/#primaryimage"},"image":{"@id":"https:\/\/canal7slp.tv\/2025\/fiscalia-de-derechos-humanos-logran-vinculacion-a-proceso-en-contra-de-seis-sujetos-por-secuestro-en-villa-de-arista-slp\/#primaryimage"},"thumbnailUrl":"https:\/\/canal7slp.tv\/2025\/wp-content\/uploads\/2025\/02\/zz1.jpeg","datePublished":"2025-02-07T00:57:16+00:00","dateModified":"2025-02-07T01:33:32+00:00","breadcrumb":{"@id":"https:\/\/canal7slp.tv\/2025\/fiscalia-de-derechos-humanos-logran-vinculacion-a-proceso-en-contra-de-seis-sujetos-por-secuestro-en-villa-de-arista-slp\/#breadcrumb"},"inLanguage":"es","potentialAction":[{"@type":"ReadAction","target":["https:\/\/canal7slp.tv\/2025\/fiscalia-de-derechos-humanos-logran-vinculacion-a-proceso-en-contra-de-seis-sujetos-por-secuestro-en-villa-de-arista-slp\/"]}]},{"@type":"ImageObject","inLanguage":"es","@id":"https:\/\/canal7slp.tv\/2025\/fiscalia-de-derechos-humanos-logran-vinculacion-a-proceso-en-contra-de-seis-sujetos-por-secuestro-en-villa-de-arista-slp\/#primaryimage","url":"https:\/\/canal7slp.tv\/2025\/wp-content\/uploads\/2025\/02\/zz1.jpeg","contentUrl":"https:\/\/canal7slp.tv\/2025\/wp-content\/uploads\/2025\/02\/zz1.jpeg","width":1535,"height":1300},{"@type":"BreadcrumbList","@id":"https:\/\/canal7slp.tv\/2025\/fiscalia-de-derechos-humanos-logran-vinculacion-a-proceso-en-contra-de-seis-sujetos-por-secuestro-en-villa-de-arista-slp\/#breadcrumb","itemListElement":[{"@type":"ListItem","position":1,"name":"Portada","item":"https:\/\/canal7slp.tv\/2025\/"},{"@type":"ListItem","position":2,"name":"Fiscal\u00eda de Derechos Humanos logran vinculaci\u00f3n a proceso en contra de seis sujetos por secuestro en Villa de Arista, SLP"}]},{"@type":"WebSite","@id":"https:\/\/canal7slp.tv\/2025\/#website","url":"https:\/\/canal7slp.tv\/2025\/","name":"N7 - Noticieros Canal 7","description":"Somos el Medio","publisher":{"@id":"https:\/\/canal7slp.tv\/2025\/#organization"},"potentialAction":[{"@type":"SearchAction","target":{"@type":"EntryPoint","urlTemplate":"https:\/\/canal7slp.tv\/2025\/?s={search_term_string}"},"query-input":{"@type":"PropertyValueSpecification","valueRequired":true,"valueName":"search_term_string"}}],"inLanguage":"es"},{"@type":"Organization","@id":"https:\/\/canal7slp.tv\/2025\/#organization","name":"Noticieros Canal 7","url":"https:\/\/canal7slp.tv\/2025\/","logo":{"@type":"ImageObject","inLanguage":"es","@id":"https:\/\/canal7slp.tv\/2025\/#\/schema\/logo\/image\/","url":"https:\/\/canal7slp.tv\/2025\/wp-content\/uploads\/2021\/01\/logo-noticieros@2x.png","contentUrl":"https:\/\/canal7slp.tv\/2025\/wp-content\/uploads\/2021\/01\/logo-noticieros@2x.png","width":1017,"height":268,"caption":"Noticieros Canal 7"},"image":{"@id":"https:\/\/canal7slp.tv\/2025\/#\/schema\/logo\/image\/"},"sameAs":["https:\/\/www.facebook.com\/noticieroscanal7atencionciudadana\/","https:\/\/x.com\/NOTICIEROS7","https:\/\/www.instagram.com\/canal7_slp","https:\/\/www.youtube.com\/channel\/UCliiYs-gP3JfJeqdPrNdd5A"]},{"@type":"Person","@id":"https:\/\/canal7slp.tv\/2025\/#\/schema\/person\/271e2b60a96e7cc9d9ac296f4d7e414b","name":"Edici\u00f3n Web","image":{"@type":"ImageObject","inLanguage":"es","@id":"https:\/\/secure.gravatar.com\/avatar\/eee448fc3f7164808013b816ba91ac7e43bbe82a70bebac296f8bc6f0addaa1a?s=96&d=mm&r=g","url":"https:\/\/secure.gravatar.com\/avatar\/eee448fc3f7164808013b816ba91ac7e43bbe82a70bebac296f8bc6f0addaa1a?s=96&d=mm&r=g","contentUrl":"https:\/\/secure.gravatar.com\/avatar\/eee448fc3f7164808013b816ba91ac7e43bbe82a70bebac296f8bc6f0addaa1a?s=96&d=mm&r=g","caption":"Edici\u00f3n Web"},"url":"https:\/\/canal7slp.tv\/2025\/author\/edicionweb\/"}]}},"_links":{"self":[{"href":"https:\/\/canal7slp.tv\/2025\/wp-json\/wp\/v2\/posts\/157063","targetHints":{"allow":["GET"]}}],"collection":[{"href":"https:\/\/canal7slp.tv\/2025\/wp-json\/wp\/v2\/posts"}],"about":[{"href":"https:\/\/canal7slp.tv\/2025\/wp-json\/wp\/v2\/types\/post"}],"author":[{"embeddable":true,"href":"https:\/\/canal7slp.tv\/2025\/wp-json\/wp\/v2\/users\/2"}],"replies":[{"embeddable":true,"href":"https:\/\/canal7slp.tv\/2025\/wp-json\/wp\/v2\/comments?post=157063"}],"version-history":[{"count":2,"href":"https:\/\/canal7slp.tv\/2025\/wp-json\/wp\/v2\/posts\/157063\/revisions"}],"predecessor-version":[{"id":157099,"href":"https:\/\/canal7slp.tv\/2025\/wp-json\/wp\/v2\/posts\/157063\/revisions\/157099"}],"wp:featuredmedia":[{"embeddable":true,"href":"https:\/\/canal7slp.tv\/2025\/wp-json\/wp\/v2\/media\/157070"}],"wp:attachment":[{"href":"https:\/\/canal7slp.tv\/2025\/wp-json\/wp\/v2\/media?parent=157063"}],"wp:term":[{"taxonomy":"category","embeddable":true,"href":"https:\/\/canal7slp.tv\/2025\/wp-json\/wp\/v2\/categories?post=157063"},{"taxonomy":"post_tag","embeddable":true,"href":"https:\/\/canal7slp.tv\/2025\/wp-json\/wp\/v2\/tags?post=157063"}],"curies":[{"name":"wp","href":"https:\/\/api.w.org\/{rel}","templated":true}]}}