{"id":156973,"date":"2025-02-06T13:39:17","date_gmt":"2025-02-06T19:39:17","guid":{"rendered":"https:\/\/canal7slp.tv\/2025\/?p=156973"},"modified":"2025-02-06T13:39:17","modified_gmt":"2025-02-06T19:39:17","slug":"protestan-maestros-de-escuela-de-artes-y-oficios-de-matehuala-senalan-falta-de-docentes-y-equipo","status":"publish","type":"post","link":"https:\/\/canal7slp.tv\/2025\/protestan-maestros-de-escuela-de-artes-y-oficios-de-matehuala-senalan-falta-de-docentes-y-equipo\/","title":{"rendered":"Protestan maestros de Escuela de Artes y Oficios de Matehuala; se\u00f1alan falta de docentes y equipo"},"content":{"rendered":"<p style=\"text-align: justify;\">Matehuala.-\u00a0Maestros de la Escuela de Artes y Oficios, Profesora Mar\u00eda Concepci\u00f3n Aguilar Blanco, ubicada en la ciudad de Matehuala, realizaron una manifestaci\u00f3n afuera del plantel, luego de una serie de irregularidades que se han estado presentando, el docente Roberto Gonz\u00e1lez Guti\u00e9rrez, coment\u00f3 al respecto.<\/p>\n<p style=\"text-align: justify;\">\u201cQuieren fusionar un grupo de segundo de asistente, el motivo es porque ha bajado la inscripci\u00f3n de alumnos, pero no se ponen a pensar que esta deserci\u00f3n escolar es porque todo el ciclo pasado no tuvimos maestros, hasta cuarenta horas nos faltaban maestros, el Sistema Estatal Regular no ha podido apoyar en ning\u00fan sentido, pedimos computadoras, no ha habido computadoras, est\u00e1 deficiente en varias cosas\u201d, dijo.<\/p>\n<p style=\"text-align: justify;\">Gonz\u00e1lez Guti\u00e9rrez denunci\u00f3 que fue transferido a un escuela secundaria, cambio que como docente no pidi\u00f3, \u201cestoy inconforme, me movieron sin necesidad, sin pedirme mi autorizaci\u00f3n, tampoco me avisaron, me movieron de un d\u00eda para otro, nos est\u00e1n moviendo porque hay necesidad de maestros en otra instituci\u00f3n, pero aqu\u00ed tambi\u00e9n, abren un hoyo para tapar otro\u201d.<\/p>\n<p style=\"text-align: justify;\">Por su parte, la maestra Miroslava Zavala, pidi\u00f3 al Gobernador del Estado, Ricardo Gallardo Cardona que intervenga ante los presuntos abusos que est\u00e1n cometiendo en la direcci\u00f3n general del SEER, \u201ca un maestra no le han pagado desde hace un a\u00f1o y medio, esa maestra carece de su sueldo para el sustento de sus hijos, nosotros aunque tengamos doce alumnos, nos estamos ganando el pan de cada d\u00eda y ah\u00ed al interior del SEER, hay 700 plazas que no est\u00e1n siendo cubiertas porque los funcionarios est\u00e1n ah\u00ed, porque no los mandan a que cubran las deficiencias que se encuentran al interior del sistema educativo, usted ha dicho que la educaci\u00f3n de los ni\u00f1os y las ni\u00f1as es su prioridad y que quiere a sus maestros, nosotros entendemos que debe haber austeridad, pero se tiene que dar donde se tiene que dar, ah\u00ed donde est\u00e1n esos funcionarios, que vengan a desquitar el sueldo que se est\u00e1n ganando sentados\u201d.<\/p>\n<p>Por: Jes\u00fas Valencia<\/p>\n","protected":false},"excerpt":{"rendered":"<p>Matehuala.-\u00a0Maestros de la Escuela de Artes y Oficios, Profesora Mar\u00eda Concepci\u00f3n Aguilar Blanco, ubicada en la ciudad de Matehuala, realizaron una manifestaci\u00f3n afuera del plantel, luego de una serie de irregularidades que se han estado presentando, el docente Roberto Gonz\u00e1lez Guti\u00e9rrez, coment\u00f3 al respecto. \u201cQuieren fusionar un grupo de segundo de asistente, el motivo es porque ha bajado la inscripci\u00f3n de alumnos, pero no se ponen a pensar que esta deserci\u00f3n escolar es porque todo el ciclo pasado no tuvimos maestros, hasta cuarenta horas nos faltaban maestros, el Sistema Estatal Regular no ha podido apoyar en ning\u00fan sentido, pedimos computadoras, [&hellip;]<\/p>\n","protected":false},"author":2,"featured_media":156977,"comment_status":"closed","ping_status":"closed","sticky":false,"template":"","format":"video","meta":{"_monsterinsights_skip_tracking":false,"_monsterinsights_sitenote_active":false,"_monsterinsights_sitenote_note":"","_monsterinsights_sitenote_category":0,"footnotes":""},"categories":[5,43],"tags":[],"class_list":["post-156973","post","type-post","status-publish","format-video","has-post-thumbnail","hentry","category-destacadas","category-interior","post_format-post-format-video","post--single"],"yoast_head":"<!-- This site is optimized with the Yoast SEO plugin v27.5 - https:\/\/yoast.com\/product\/yoast-seo-wordpress\/ -->\n<title>Protestan maestros de Escuela de Artes y Oficios de Matehuala; se\u00f1alan falta de docentes y equipo - Canal 7 SLP - 2025<\/title>\n<meta name=\"robots\" content=\"index, follow, max-snippet:-1, max-image-preview:large, max-video-preview:-1\" \/>\n<link rel=\"canonical\" href=\"https:\/\/canal7slp.tv\/2025\/protestan-maestros-de-escuela-de-artes-y-oficios-de-matehuala-senalan-falta-de-docentes-y-equipo\/\" \/>\n<meta property=\"og:locale\" content=\"es_ES\" \/>\n<meta property=\"og:type\" content=\"article\" \/>\n<meta property=\"og:title\" content=\"Protestan maestros de Escuela de Artes y Oficios de Matehuala; se\u00f1alan falta de docentes y equipo - Canal 7 SLP - 2025\" \/>\n<meta property=\"og:description\" content=\"Matehuala.-\u00a0Maestros de la Escuela de Artes y Oficios, Profesora Mar\u00eda Concepci\u00f3n Aguilar Blanco, ubicada en la ciudad de Matehuala, realizaron una manifestaci\u00f3n afuera del plantel, luego de una serie de irregularidades que se han estado presentando, el docente Roberto Gonz\u00e1lez Guti\u00e9rrez, coment\u00f3 al respecto. \u201cQuieren fusionar un grupo de segundo de asistente, el motivo es porque ha bajado la inscripci\u00f3n de alumnos, pero no se ponen a pensar que esta deserci\u00f3n escolar es porque todo el ciclo pasado no tuvimos maestros, hasta cuarenta horas nos faltaban maestros, el Sistema Estatal Regular no ha podido apoyar en ning\u00fan sentido, pedimos computadoras, [&hellip;]\" \/>\n<meta property=\"og:url\" content=\"https:\/\/canal7slp.tv\/2025\/protestan-maestros-de-escuela-de-artes-y-oficios-de-matehuala-senalan-falta-de-docentes-y-equipo\/\" \/>\n<meta property=\"og:site_name\" content=\"Canal 7 SLP - 2025\" \/>\n<meta property=\"article:publisher\" content=\"https:\/\/www.facebook.com\/noticieroscanal7atencionciudadana\/\" \/>\n<meta property=\"article:published_time\" content=\"2025-02-06T19:39:17+00:00\" \/>\n<meta property=\"og:image\" content=\"https:\/\/canal7slp.tv\/2025\/wp-content\/uploads\/2025\/02\/Valencia01MaestrosManifestacion.jpg\" \/>\n\t<meta property=\"og:image:width\" content=\"1920\" \/>\n\t<meta property=\"og:image:height\" content=\"1080\" \/>\n\t<meta property=\"og:image:type\" content=\"image\/jpeg\" \/>\n<meta name=\"author\" content=\"Edici\u00f3n Web\" \/>\n<meta name=\"twitter:card\" content=\"summary_large_image\" \/>\n<meta name=\"twitter:creator\" content=\"@NOTICIEROS7\" \/>\n<meta name=\"twitter:site\" content=\"@NOTICIEROS7\" \/>\n<meta name=\"twitter:label1\" content=\"Escrito por\" \/>\n\t<meta name=\"twitter:data1\" content=\"Edici\u00f3n Web\" \/>\n\t<meta name=\"twitter:label2\" content=\"Tiempo de lectura\" \/>\n\t<meta name=\"twitter:data2\" content=\"2 minutos\" \/>\n<script type=\"application\/ld+json\" class=\"yoast-schema-graph\">{\"@context\":\"https:\\\/\\\/schema.org\",\"@graph\":[{\"@type\":\"Article\",\"@id\":\"https:\\\/\\\/canal7slp.tv\\\/2025\\\/protestan-maestros-de-escuela-de-artes-y-oficios-de-matehuala-senalan-falta-de-docentes-y-equipo\\\/#article\",\"isPartOf\":{\"@id\":\"https:\\\/\\\/canal7slp.tv\\\/2025\\\/protestan-maestros-de-escuela-de-artes-y-oficios-de-matehuala-senalan-falta-de-docentes-y-equipo\\\/\"},\"author\":{\"name\":\"Edici\u00f3n Web\",\"@id\":\"https:\\\/\\\/canal7slp.tv\\\/2025\\\/#\\\/schema\\\/person\\\/271e2b60a96e7cc9d9ac296f4d7e414b\"},\"headline\":\"Protestan maestros de Escuela de Artes y Oficios de Matehuala; se\u00f1alan falta de docentes y equipo\",\"datePublished\":\"2025-02-06T19:39:17+00:00\",\"mainEntityOfPage\":{\"@id\":\"https:\\\/\\\/canal7slp.tv\\\/2025\\\/protestan-maestros-de-escuela-de-artes-y-oficios-de-matehuala-senalan-falta-de-docentes-y-equipo\\\/\"},\"wordCount\":371,\"publisher\":{\"@id\":\"https:\\\/\\\/canal7slp.tv\\\/2025\\\/#organization\"},\"image\":{\"@id\":\"https:\\\/\\\/canal7slp.tv\\\/2025\\\/protestan-maestros-de-escuela-de-artes-y-oficios-de-matehuala-senalan-falta-de-docentes-y-equipo\\\/#primaryimage\"},\"thumbnailUrl\":\"https:\\\/\\\/canal7slp.tv\\\/2025\\\/wp-content\\\/uploads\\\/2025\\\/02\\\/Valencia01MaestrosManifestacion.jpg\",\"articleSection\":[\"DESTACADAS\",\"INTERIOR DEL ESTADO\"],\"inLanguage\":\"es\"},{\"@type\":\"WebPage\",\"@id\":\"https:\\\/\\\/canal7slp.tv\\\/2025\\\/protestan-maestros-de-escuela-de-artes-y-oficios-de-matehuala-senalan-falta-de-docentes-y-equipo\\\/\",\"url\":\"https:\\\/\\\/canal7slp.tv\\\/2025\\\/protestan-maestros-de-escuela-de-artes-y-oficios-de-matehuala-senalan-falta-de-docentes-y-equipo\\\/\",\"name\":\"Protestan maestros de Escuela de Artes y Oficios de Matehuala; se\u00f1alan falta de docentes y equipo - Canal 7 SLP - 2025\",\"isPartOf\":{\"@id\":\"https:\\\/\\\/canal7slp.tv\\\/2025\\\/#website\"},\"primaryImageOfPage\":{\"@id\":\"https:\\\/\\\/canal7slp.tv\\\/2025\\\/protestan-maestros-de-escuela-de-artes-y-oficios-de-matehuala-senalan-falta-de-docentes-y-equipo\\\/#primaryimage\"},\"image\":{\"@id\":\"https:\\\/\\\/canal7slp.tv\\\/2025\\\/protestan-maestros-de-escuela-de-artes-y-oficios-de-matehuala-senalan-falta-de-docentes-y-equipo\\\/#primaryimage\"},\"thumbnailUrl\":\"https:\\\/\\\/canal7slp.tv\\\/2025\\\/wp-content\\\/uploads\\\/2025\\\/02\\\/Valencia01MaestrosManifestacion.jpg\",\"datePublished\":\"2025-02-06T19:39:17+00:00\",\"breadcrumb\":{\"@id\":\"https:\\\/\\\/canal7slp.tv\\\/2025\\\/protestan-maestros-de-escuela-de-artes-y-oficios-de-matehuala-senalan-falta-de-docentes-y-equipo\\\/#breadcrumb\"},\"inLanguage\":\"es\",\"potentialAction\":[{\"@type\":\"ReadAction\",\"target\":[\"https:\\\/\\\/canal7slp.tv\\\/2025\\\/protestan-maestros-de-escuela-de-artes-y-oficios-de-matehuala-senalan-falta-de-docentes-y-equipo\\\/\"]}]},{\"@type\":\"ImageObject\",\"inLanguage\":\"es\",\"@id\":\"https:\\\/\\\/canal7slp.tv\\\/2025\\\/protestan-maestros-de-escuela-de-artes-y-oficios-de-matehuala-senalan-falta-de-docentes-y-equipo\\\/#primaryimage\",\"url\":\"https:\\\/\\\/canal7slp.tv\\\/2025\\\/wp-content\\\/uploads\\\/2025\\\/02\\\/Valencia01MaestrosManifestacion.jpg\",\"contentUrl\":\"https:\\\/\\\/canal7slp.tv\\\/2025\\\/wp-content\\\/uploads\\\/2025\\\/02\\\/Valencia01MaestrosManifestacion.jpg\",\"width\":1920,\"height\":1080},{\"@type\":\"BreadcrumbList\",\"@id\":\"https:\\\/\\\/canal7slp.tv\\\/2025\\\/protestan-maestros-de-escuela-de-artes-y-oficios-de-matehuala-senalan-falta-de-docentes-y-equipo\\\/#breadcrumb\",\"itemListElement\":[{\"@type\":\"ListItem\",\"position\":1,\"name\":\"Portada\",\"item\":\"https:\\\/\\\/canal7slp.tv\\\/2025\\\/\"},{\"@type\":\"ListItem\",\"position\":2,\"name\":\"Protestan maestros de Escuela de Artes y Oficios de Matehuala; se\u00f1alan falta de docentes y equipo\"}]},{\"@type\":\"WebSite\",\"@id\":\"https:\\\/\\\/canal7slp.tv\\\/2025\\\/#website\",\"url\":\"https:\\\/\\\/canal7slp.tv\\\/2025\\\/\",\"name\":\"N7 - Noticieros Canal 7\",\"description\":\"Somos el Medio\",\"publisher\":{\"@id\":\"https:\\\/\\\/canal7slp.tv\\\/2025\\\/#organization\"},\"potentialAction\":[{\"@type\":\"SearchAction\",\"target\":{\"@type\":\"EntryPoint\",\"urlTemplate\":\"https:\\\/\\\/canal7slp.tv\\\/2025\\\/?s={search_term_string}\"},\"query-input\":{\"@type\":\"PropertyValueSpecification\",\"valueRequired\":true,\"valueName\":\"search_term_string\"}}],\"inLanguage\":\"es\"},{\"@type\":\"Organization\",\"@id\":\"https:\\\/\\\/canal7slp.tv\\\/2025\\\/#organization\",\"name\":\"Noticieros Canal 7\",\"url\":\"https:\\\/\\\/canal7slp.tv\\\/2025\\\/\",\"logo\":{\"@type\":\"ImageObject\",\"inLanguage\":\"es\",\"@id\":\"https:\\\/\\\/canal7slp.tv\\\/2025\\\/#\\\/schema\\\/logo\\\/image\\\/\",\"url\":\"https:\\\/\\\/canal7slp.tv\\\/2025\\\/wp-content\\\/uploads\\\/2021\\\/01\\\/logo-noticieros@2x.png\",\"contentUrl\":\"https:\\\/\\\/canal7slp.tv\\\/2025\\\/wp-content\\\/uploads\\\/2021\\\/01\\\/logo-noticieros@2x.png\",\"width\":1017,\"height\":268,\"caption\":\"Noticieros Canal 7\"},\"image\":{\"@id\":\"https:\\\/\\\/canal7slp.tv\\\/2025\\\/#\\\/schema\\\/logo\\\/image\\\/\"},\"sameAs\":[\"https:\\\/\\\/www.facebook.com\\\/noticieroscanal7atencionciudadana\\\/\",\"https:\\\/\\\/x.com\\\/NOTICIEROS7\",\"https:\\\/\\\/www.instagram.com\\\/canal7_slp\",\"https:\\\/\\\/www.youtube.com\\\/channel\\\/UCliiYs-gP3JfJeqdPrNdd5A\"]},{\"@type\":\"Person\",\"@id\":\"https:\\\/\\\/canal7slp.tv\\\/2025\\\/#\\\/schema\\\/person\\\/271e2b60a96e7cc9d9ac296f4d7e414b\",\"name\":\"Edici\u00f3n Web\",\"image\":{\"@type\":\"ImageObject\",\"inLanguage\":\"es\",\"@id\":\"https:\\\/\\\/secure.gravatar.com\\\/avatar\\\/eee448fc3f7164808013b816ba91ac7e43bbe82a70bebac296f8bc6f0addaa1a?s=96&d=mm&r=g\",\"url\":\"https:\\\/\\\/secure.gravatar.com\\\/avatar\\\/eee448fc3f7164808013b816ba91ac7e43bbe82a70bebac296f8bc6f0addaa1a?s=96&d=mm&r=g\",\"contentUrl\":\"https:\\\/\\\/secure.gravatar.com\\\/avatar\\\/eee448fc3f7164808013b816ba91ac7e43bbe82a70bebac296f8bc6f0addaa1a?s=96&d=mm&r=g\",\"caption\":\"Edici\u00f3n Web\"},\"url\":\"https:\\\/\\\/canal7slp.tv\\\/2025\\\/author\\\/edicionweb\\\/\"}]}<\/script>\n<!-- \/ Yoast SEO plugin. -->","yoast_head_json":{"title":"Protestan maestros de Escuela de Artes y Oficios de Matehuala; se\u00f1alan falta de docentes y equipo - Canal 7 SLP - 2025","robots":{"index":"index","follow":"follow","max-snippet":"max-snippet:-1","max-image-preview":"max-image-preview:large","max-video-preview":"max-video-preview:-1"},"canonical":"https:\/\/canal7slp.tv\/2025\/protestan-maestros-de-escuela-de-artes-y-oficios-de-matehuala-senalan-falta-de-docentes-y-equipo\/","og_locale":"es_ES","og_type":"article","og_title":"Protestan maestros de Escuela de Artes y Oficios de Matehuala; se\u00f1alan falta de docentes y equipo - Canal 7 SLP - 2025","og_description":"Matehuala.-\u00a0Maestros de la Escuela de Artes y Oficios, Profesora Mar\u00eda Concepci\u00f3n Aguilar Blanco, ubicada en la ciudad de Matehuala, realizaron una manifestaci\u00f3n afuera del plantel, luego de una serie de irregularidades que se han estado presentando, el docente Roberto Gonz\u00e1lez Guti\u00e9rrez, coment\u00f3 al respecto. \u201cQuieren fusionar un grupo de segundo de asistente, el motivo es porque ha bajado la inscripci\u00f3n de alumnos, pero no se ponen a pensar que esta deserci\u00f3n escolar es porque todo el ciclo pasado no tuvimos maestros, hasta cuarenta horas nos faltaban maestros, el Sistema Estatal Regular no ha podido apoyar en ning\u00fan sentido, pedimos computadoras, [&hellip;]","og_url":"https:\/\/canal7slp.tv\/2025\/protestan-maestros-de-escuela-de-artes-y-oficios-de-matehuala-senalan-falta-de-docentes-y-equipo\/","og_site_name":"Canal 7 SLP - 2025","article_publisher":"https:\/\/www.facebook.com\/noticieroscanal7atencionciudadana\/","article_published_time":"2025-02-06T19:39:17+00:00","og_image":[{"width":1920,"height":1080,"url":"https:\/\/canal7slp.tv\/2025\/wp-content\/uploads\/2025\/02\/Valencia01MaestrosManifestacion.jpg","type":"image\/jpeg"}],"author":"Edici\u00f3n Web","twitter_card":"summary_large_image","twitter_creator":"@NOTICIEROS7","twitter_site":"@NOTICIEROS7","twitter_misc":{"Escrito por":"Edici\u00f3n Web","Tiempo de lectura":"2 minutos"},"schema":{"@context":"https:\/\/schema.org","@graph":[{"@type":"Article","@id":"https:\/\/canal7slp.tv\/2025\/protestan-maestros-de-escuela-de-artes-y-oficios-de-matehuala-senalan-falta-de-docentes-y-equipo\/#article","isPartOf":{"@id":"https:\/\/canal7slp.tv\/2025\/protestan-maestros-de-escuela-de-artes-y-oficios-de-matehuala-senalan-falta-de-docentes-y-equipo\/"},"author":{"name":"Edici\u00f3n Web","@id":"https:\/\/canal7slp.tv\/2025\/#\/schema\/person\/271e2b60a96e7cc9d9ac296f4d7e414b"},"headline":"Protestan maestros de Escuela de Artes y Oficios de Matehuala; se\u00f1alan falta de docentes y equipo","datePublished":"2025-02-06T19:39:17+00:00","mainEntityOfPage":{"@id":"https:\/\/canal7slp.tv\/2025\/protestan-maestros-de-escuela-de-artes-y-oficios-de-matehuala-senalan-falta-de-docentes-y-equipo\/"},"wordCount":371,"publisher":{"@id":"https:\/\/canal7slp.tv\/2025\/#organization"},"image":{"@id":"https:\/\/canal7slp.tv\/2025\/protestan-maestros-de-escuela-de-artes-y-oficios-de-matehuala-senalan-falta-de-docentes-y-equipo\/#primaryimage"},"thumbnailUrl":"https:\/\/canal7slp.tv\/2025\/wp-content\/uploads\/2025\/02\/Valencia01MaestrosManifestacion.jpg","articleSection":["DESTACADAS","INTERIOR DEL ESTADO"],"inLanguage":"es"},{"@type":"WebPage","@id":"https:\/\/canal7slp.tv\/2025\/protestan-maestros-de-escuela-de-artes-y-oficios-de-matehuala-senalan-falta-de-docentes-y-equipo\/","url":"https:\/\/canal7slp.tv\/2025\/protestan-maestros-de-escuela-de-artes-y-oficios-de-matehuala-senalan-falta-de-docentes-y-equipo\/","name":"Protestan maestros de Escuela de Artes y Oficios de Matehuala; se\u00f1alan falta de docentes y equipo - Canal 7 SLP - 2025","isPartOf":{"@id":"https:\/\/canal7slp.tv\/2025\/#website"},"primaryImageOfPage":{"@id":"https:\/\/canal7slp.tv\/2025\/protestan-maestros-de-escuela-de-artes-y-oficios-de-matehuala-senalan-falta-de-docentes-y-equipo\/#primaryimage"},"image":{"@id":"https:\/\/canal7slp.tv\/2025\/protestan-maestros-de-escuela-de-artes-y-oficios-de-matehuala-senalan-falta-de-docentes-y-equipo\/#primaryimage"},"thumbnailUrl":"https:\/\/canal7slp.tv\/2025\/wp-content\/uploads\/2025\/02\/Valencia01MaestrosManifestacion.jpg","datePublished":"2025-02-06T19:39:17+00:00","breadcrumb":{"@id":"https:\/\/canal7slp.tv\/2025\/protestan-maestros-de-escuela-de-artes-y-oficios-de-matehuala-senalan-falta-de-docentes-y-equipo\/#breadcrumb"},"inLanguage":"es","potentialAction":[{"@type":"ReadAction","target":["https:\/\/canal7slp.tv\/2025\/protestan-maestros-de-escuela-de-artes-y-oficios-de-matehuala-senalan-falta-de-docentes-y-equipo\/"]}]},{"@type":"ImageObject","inLanguage":"es","@id":"https:\/\/canal7slp.tv\/2025\/protestan-maestros-de-escuela-de-artes-y-oficios-de-matehuala-senalan-falta-de-docentes-y-equipo\/#primaryimage","url":"https:\/\/canal7slp.tv\/2025\/wp-content\/uploads\/2025\/02\/Valencia01MaestrosManifestacion.jpg","contentUrl":"https:\/\/canal7slp.tv\/2025\/wp-content\/uploads\/2025\/02\/Valencia01MaestrosManifestacion.jpg","width":1920,"height":1080},{"@type":"BreadcrumbList","@id":"https:\/\/canal7slp.tv\/2025\/protestan-maestros-de-escuela-de-artes-y-oficios-de-matehuala-senalan-falta-de-docentes-y-equipo\/#breadcrumb","itemListElement":[{"@type":"ListItem","position":1,"name":"Portada","item":"https:\/\/canal7slp.tv\/2025\/"},{"@type":"ListItem","position":2,"name":"Protestan maestros de Escuela de Artes y Oficios de Matehuala; se\u00f1alan falta de docentes y equipo"}]},{"@type":"WebSite","@id":"https:\/\/canal7slp.tv\/2025\/#website","url":"https:\/\/canal7slp.tv\/2025\/","name":"N7 - Noticieros Canal 7","description":"Somos el Medio","publisher":{"@id":"https:\/\/canal7slp.tv\/2025\/#organization"},"potentialAction":[{"@type":"SearchAction","target":{"@type":"EntryPoint","urlTemplate":"https:\/\/canal7slp.tv\/2025\/?s={search_term_string}"},"query-input":{"@type":"PropertyValueSpecification","valueRequired":true,"valueName":"search_term_string"}}],"inLanguage":"es"},{"@type":"Organization","@id":"https:\/\/canal7slp.tv\/2025\/#organization","name":"Noticieros Canal 7","url":"https:\/\/canal7slp.tv\/2025\/","logo":{"@type":"ImageObject","inLanguage":"es","@id":"https:\/\/canal7slp.tv\/2025\/#\/schema\/logo\/image\/","url":"https:\/\/canal7slp.tv\/2025\/wp-content\/uploads\/2021\/01\/logo-noticieros@2x.png","contentUrl":"https:\/\/canal7slp.tv\/2025\/wp-content\/uploads\/2021\/01\/logo-noticieros@2x.png","width":1017,"height":268,"caption":"Noticieros Canal 7"},"image":{"@id":"https:\/\/canal7slp.tv\/2025\/#\/schema\/logo\/image\/"},"sameAs":["https:\/\/www.facebook.com\/noticieroscanal7atencionciudadana\/","https:\/\/x.com\/NOTICIEROS7","https:\/\/www.instagram.com\/canal7_slp","https:\/\/www.youtube.com\/channel\/UCliiYs-gP3JfJeqdPrNdd5A"]},{"@type":"Person","@id":"https:\/\/canal7slp.tv\/2025\/#\/schema\/person\/271e2b60a96e7cc9d9ac296f4d7e414b","name":"Edici\u00f3n Web","image":{"@type":"ImageObject","inLanguage":"es","@id":"https:\/\/secure.gravatar.com\/avatar\/eee448fc3f7164808013b816ba91ac7e43bbe82a70bebac296f8bc6f0addaa1a?s=96&d=mm&r=g","url":"https:\/\/secure.gravatar.com\/avatar\/eee448fc3f7164808013b816ba91ac7e43bbe82a70bebac296f8bc6f0addaa1a?s=96&d=mm&r=g","contentUrl":"https:\/\/secure.gravatar.com\/avatar\/eee448fc3f7164808013b816ba91ac7e43bbe82a70bebac296f8bc6f0addaa1a?s=96&d=mm&r=g","caption":"Edici\u00f3n Web"},"url":"https:\/\/canal7slp.tv\/2025\/author\/edicionweb\/"}]}},"_links":{"self":[{"href":"https:\/\/canal7slp.tv\/2025\/wp-json\/wp\/v2\/posts\/156973","targetHints":{"allow":["GET"]}}],"collection":[{"href":"https:\/\/canal7slp.tv\/2025\/wp-json\/wp\/v2\/posts"}],"about":[{"href":"https:\/\/canal7slp.tv\/2025\/wp-json\/wp\/v2\/types\/post"}],"author":[{"embeddable":true,"href":"https:\/\/canal7slp.tv\/2025\/wp-json\/wp\/v2\/users\/2"}],"replies":[{"embeddable":true,"href":"https:\/\/canal7slp.tv\/2025\/wp-json\/wp\/v2\/comments?post=156973"}],"version-history":[{"count":1,"href":"https:\/\/canal7slp.tv\/2025\/wp-json\/wp\/v2\/posts\/156973\/revisions"}],"predecessor-version":[{"id":156975,"href":"https:\/\/canal7slp.tv\/2025\/wp-json\/wp\/v2\/posts\/156973\/revisions\/156975"}],"wp:featuredmedia":[{"embeddable":true,"href":"https:\/\/canal7slp.tv\/2025\/wp-json\/wp\/v2\/media\/156977"}],"wp:attachment":[{"href":"https:\/\/canal7slp.tv\/2025\/wp-json\/wp\/v2\/media?parent=156973"}],"wp:term":[{"taxonomy":"category","embeddable":true,"href":"https:\/\/canal7slp.tv\/2025\/wp-json\/wp\/v2\/categories?post=156973"},{"taxonomy":"post_tag","embeddable":true,"href":"https:\/\/canal7slp.tv\/2025\/wp-json\/wp\/v2\/tags?post=156973"}],"curies":[{"name":"wp","href":"https:\/\/api.w.org\/{rel}","templated":true}]}}