{"id":156855,"date":"2025-02-05T14:05:08","date_gmt":"2025-02-05T20:05:08","guid":{"rendered":"https:\/\/canal7slp.tv\/2025\/?p=156855"},"modified":"2025-02-05T14:05:08","modified_gmt":"2025-02-05T20:05:08","slug":"gran-respuesta-en-la-super-clase-de-ritmos-en-la-plaza-del-carmen","status":"publish","type":"post","link":"https:\/\/canal7slp.tv\/2025\/gran-respuesta-en-la-super-clase-de-ritmos-en-la-plaza-del-carmen\/","title":{"rendered":"Gran respuesta en la S\u00faper Clase de Ritmos en la Plaza del Carmen"},"content":{"rendered":"<p style=\"text-align: justify;\">SLP.- Con gran \u00e9xito se realiz\u00f3 la S\u00faper Clase de Ritmos en la que tomaron parte asistentes de todas las edades, quienes disfrutaron de una tarde-noche de gran activaci\u00f3n f\u00edsica.<\/p>\n<p style=\"text-align: justify;\">El evento tuvo una duraci\u00f3n de poco m\u00e1s de dos horas en las que a trav\u00e9s de la m\u00fasica y el gran ambiente, los presentes disfrutaron de una s\u00faper clase que nuevamente vuelve a ser un \u00e9xito y que muestra c\u00f3mo es que se trabaja de manera gratuita en cada espacio deportivo a cargo del Gobierno de la Capital.<\/p>\n<p style=\"text-align: justify;\">Las acciones dieron comienzo desde las 18:00 horas y se cont\u00f3 con instructores que imparten dichas clases en los Centros Deportivos y Comunitarios a cargo del Gobierno de la Capital. Los entrenadores hicieron \u201cvibrar\u201d a quienes participaron, ya que se prepar\u00f3 una rutina especial por parte de cada uno de ellos, permitiendo que ni el clima fuese obst\u00e1culo para la gran experiencia que tuvieron los presentes.<\/p>\n<p style=\"text-align: justify;\">En esta s\u00faper clase masiva se cont\u00f3 tambi\u00e9n con Invitados especiales, instructores de diversas academias en San Luis Potos\u00ed, tal es el caso de Noem\u00ed Ezequiel, Yessenia Reyna, Marco Gallegos, Oscar Torres y el grupo infantil de Yuli Cisneros.<\/p>\n<p style=\"text-align: justify;\">\n","protected":false},"excerpt":{"rendered":"<p>SLP.- Con gran \u00e9xito se realiz\u00f3 la S\u00faper Clase de Ritmos en la que tomaron parte asistentes de todas las edades, quienes disfrutaron de una tarde-noche de gran activaci\u00f3n f\u00edsica. El evento tuvo una duraci\u00f3n de poco m\u00e1s de dos horas en las que a trav\u00e9s de la m\u00fasica y el gran ambiente, los presentes disfrutaron de una s\u00faper clase que nuevamente vuelve a ser un \u00e9xito y que muestra c\u00f3mo es que se trabaja de manera gratuita en cada espacio deportivo a cargo del Gobierno de la Capital. Las acciones dieron comienzo desde las 18:00 horas y se cont\u00f3 [&hellip;]<\/p>\n","protected":false},"author":2,"featured_media":156857,"comment_status":"closed","ping_status":"closed","sticky":false,"template":"","format":"video","meta":{"_monsterinsights_skip_tracking":false,"_monsterinsights_sitenote_active":false,"_monsterinsights_sitenote_note":"","_monsterinsights_sitenote_category":0,"footnotes":""},"categories":[7,5],"tags":[],"class_list":["post-156855","post","type-post","status-publish","format-video","has-post-thumbnail","hentry","category-deportes","category-destacadas","post_format-post-format-video","post--single"],"yoast_head":"<!-- This site is optimized with the Yoast SEO plugin v27.5 - https:\/\/yoast.com\/product\/yoast-seo-wordpress\/ -->\n<title>Gran respuesta en la S\u00faper Clase de Ritmos en la Plaza del Carmen - Canal 7 SLP - 2025<\/title>\n<meta name=\"robots\" content=\"index, follow, max-snippet:-1, max-image-preview:large, max-video-preview:-1\" \/>\n<link rel=\"canonical\" href=\"https:\/\/canal7slp.tv\/2025\/gran-respuesta-en-la-super-clase-de-ritmos-en-la-plaza-del-carmen\/\" \/>\n<meta property=\"og:locale\" content=\"es_ES\" \/>\n<meta property=\"og:type\" content=\"article\" \/>\n<meta property=\"og:title\" content=\"Gran respuesta en la S\u00faper Clase de Ritmos en la Plaza del Carmen - Canal 7 SLP - 2025\" \/>\n<meta property=\"og:description\" content=\"SLP.- Con gran \u00e9xito se realiz\u00f3 la S\u00faper Clase de Ritmos en la que tomaron parte asistentes de todas las edades, quienes disfrutaron de una tarde-noche de gran activaci\u00f3n f\u00edsica. El evento tuvo una duraci\u00f3n de poco m\u00e1s de dos horas en las que a trav\u00e9s de la m\u00fasica y el gran ambiente, los presentes disfrutaron de una s\u00faper clase que nuevamente vuelve a ser un \u00e9xito y que muestra c\u00f3mo es que se trabaja de manera gratuita en cada espacio deportivo a cargo del Gobierno de la Capital. Las acciones dieron comienzo desde las 18:00 horas y se cont\u00f3 [&hellip;]\" \/>\n<meta property=\"og:url\" content=\"https:\/\/canal7slp.tv\/2025\/gran-respuesta-en-la-super-clase-de-ritmos-en-la-plaza-del-carmen\/\" \/>\n<meta property=\"og:site_name\" content=\"Canal 7 SLP - 2025\" \/>\n<meta property=\"article:publisher\" content=\"https:\/\/www.facebook.com\/noticieroscanal7atencionciudadana\/\" \/>\n<meta property=\"article:published_time\" content=\"2025-02-05T20:05:08+00:00\" \/>\n<meta property=\"og:image\" content=\"https:\/\/canal7slp.tv\/2025\/wp-content\/uploads\/2025\/02\/Froi02Ritmos.jpg\" \/>\n\t<meta property=\"og:image:width\" content=\"1280\" \/>\n\t<meta property=\"og:image:height\" content=\"720\" \/>\n\t<meta property=\"og:image:type\" content=\"image\/jpeg\" \/>\n<meta name=\"author\" content=\"Edici\u00f3n Web\" \/>\n<meta name=\"twitter:card\" content=\"summary_large_image\" \/>\n<meta name=\"twitter:creator\" content=\"@NOTICIEROS7\" \/>\n<meta name=\"twitter:site\" content=\"@NOTICIEROS7\" \/>\n<meta name=\"twitter:label1\" content=\"Escrito por\" \/>\n\t<meta name=\"twitter:data1\" content=\"Edici\u00f3n Web\" \/>\n\t<meta name=\"twitter:label2\" content=\"Tiempo de lectura\" \/>\n\t<meta name=\"twitter:data2\" content=\"2 minutos\" \/>\n<script type=\"application\/ld+json\" class=\"yoast-schema-graph\">{\"@context\":\"https:\\\/\\\/schema.org\",\"@graph\":[{\"@type\":\"Article\",\"@id\":\"https:\\\/\\\/canal7slp.tv\\\/2025\\\/gran-respuesta-en-la-super-clase-de-ritmos-en-la-plaza-del-carmen\\\/#article\",\"isPartOf\":{\"@id\":\"https:\\\/\\\/canal7slp.tv\\\/2025\\\/gran-respuesta-en-la-super-clase-de-ritmos-en-la-plaza-del-carmen\\\/\"},\"author\":{\"name\":\"Edici\u00f3n Web\",\"@id\":\"https:\\\/\\\/canal7slp.tv\\\/2025\\\/#\\\/schema\\\/person\\\/271e2b60a96e7cc9d9ac296f4d7e414b\"},\"headline\":\"Gran respuesta en la S\u00faper Clase de Ritmos en la Plaza del Carmen\",\"datePublished\":\"2025-02-05T20:05:08+00:00\",\"mainEntityOfPage\":{\"@id\":\"https:\\\/\\\/canal7slp.tv\\\/2025\\\/gran-respuesta-en-la-super-clase-de-ritmos-en-la-plaza-del-carmen\\\/\"},\"wordCount\":220,\"publisher\":{\"@id\":\"https:\\\/\\\/canal7slp.tv\\\/2025\\\/#organization\"},\"image\":{\"@id\":\"https:\\\/\\\/canal7slp.tv\\\/2025\\\/gran-respuesta-en-la-super-clase-de-ritmos-en-la-plaza-del-carmen\\\/#primaryimage\"},\"thumbnailUrl\":\"https:\\\/\\\/canal7slp.tv\\\/2025\\\/wp-content\\\/uploads\\\/2025\\\/02\\\/Froi02Ritmos.jpg\",\"articleSection\":[\"DEPORTES\",\"DESTACADAS\"],\"inLanguage\":\"es\"},{\"@type\":\"WebPage\",\"@id\":\"https:\\\/\\\/canal7slp.tv\\\/2025\\\/gran-respuesta-en-la-super-clase-de-ritmos-en-la-plaza-del-carmen\\\/\",\"url\":\"https:\\\/\\\/canal7slp.tv\\\/2025\\\/gran-respuesta-en-la-super-clase-de-ritmos-en-la-plaza-del-carmen\\\/\",\"name\":\"Gran respuesta en la S\u00faper Clase de Ritmos en la Plaza del Carmen - Canal 7 SLP - 2025\",\"isPartOf\":{\"@id\":\"https:\\\/\\\/canal7slp.tv\\\/2025\\\/#website\"},\"primaryImageOfPage\":{\"@id\":\"https:\\\/\\\/canal7slp.tv\\\/2025\\\/gran-respuesta-en-la-super-clase-de-ritmos-en-la-plaza-del-carmen\\\/#primaryimage\"},\"image\":{\"@id\":\"https:\\\/\\\/canal7slp.tv\\\/2025\\\/gran-respuesta-en-la-super-clase-de-ritmos-en-la-plaza-del-carmen\\\/#primaryimage\"},\"thumbnailUrl\":\"https:\\\/\\\/canal7slp.tv\\\/2025\\\/wp-content\\\/uploads\\\/2025\\\/02\\\/Froi02Ritmos.jpg\",\"datePublished\":\"2025-02-05T20:05:08+00:00\",\"breadcrumb\":{\"@id\":\"https:\\\/\\\/canal7slp.tv\\\/2025\\\/gran-respuesta-en-la-super-clase-de-ritmos-en-la-plaza-del-carmen\\\/#breadcrumb\"},\"inLanguage\":\"es\",\"potentialAction\":[{\"@type\":\"ReadAction\",\"target\":[\"https:\\\/\\\/canal7slp.tv\\\/2025\\\/gran-respuesta-en-la-super-clase-de-ritmos-en-la-plaza-del-carmen\\\/\"]}]},{\"@type\":\"ImageObject\",\"inLanguage\":\"es\",\"@id\":\"https:\\\/\\\/canal7slp.tv\\\/2025\\\/gran-respuesta-en-la-super-clase-de-ritmos-en-la-plaza-del-carmen\\\/#primaryimage\",\"url\":\"https:\\\/\\\/canal7slp.tv\\\/2025\\\/wp-content\\\/uploads\\\/2025\\\/02\\\/Froi02Ritmos.jpg\",\"contentUrl\":\"https:\\\/\\\/canal7slp.tv\\\/2025\\\/wp-content\\\/uploads\\\/2025\\\/02\\\/Froi02Ritmos.jpg\",\"width\":1280,\"height\":720},{\"@type\":\"BreadcrumbList\",\"@id\":\"https:\\\/\\\/canal7slp.tv\\\/2025\\\/gran-respuesta-en-la-super-clase-de-ritmos-en-la-plaza-del-carmen\\\/#breadcrumb\",\"itemListElement\":[{\"@type\":\"ListItem\",\"position\":1,\"name\":\"Portada\",\"item\":\"https:\\\/\\\/canal7slp.tv\\\/2025\\\/\"},{\"@type\":\"ListItem\",\"position\":2,\"name\":\"Gran respuesta en la S\u00faper Clase de Ritmos en la Plaza del Carmen\"}]},{\"@type\":\"WebSite\",\"@id\":\"https:\\\/\\\/canal7slp.tv\\\/2025\\\/#website\",\"url\":\"https:\\\/\\\/canal7slp.tv\\\/2025\\\/\",\"name\":\"N7 - Noticieros Canal 7\",\"description\":\"Somos el Medio\",\"publisher\":{\"@id\":\"https:\\\/\\\/canal7slp.tv\\\/2025\\\/#organization\"},\"potentialAction\":[{\"@type\":\"SearchAction\",\"target\":{\"@type\":\"EntryPoint\",\"urlTemplate\":\"https:\\\/\\\/canal7slp.tv\\\/2025\\\/?s={search_term_string}\"},\"query-input\":{\"@type\":\"PropertyValueSpecification\",\"valueRequired\":true,\"valueName\":\"search_term_string\"}}],\"inLanguage\":\"es\"},{\"@type\":\"Organization\",\"@id\":\"https:\\\/\\\/canal7slp.tv\\\/2025\\\/#organization\",\"name\":\"Noticieros Canal 7\",\"url\":\"https:\\\/\\\/canal7slp.tv\\\/2025\\\/\",\"logo\":{\"@type\":\"ImageObject\",\"inLanguage\":\"es\",\"@id\":\"https:\\\/\\\/canal7slp.tv\\\/2025\\\/#\\\/schema\\\/logo\\\/image\\\/\",\"url\":\"https:\\\/\\\/canal7slp.tv\\\/2025\\\/wp-content\\\/uploads\\\/2021\\\/01\\\/logo-noticieros@2x.png\",\"contentUrl\":\"https:\\\/\\\/canal7slp.tv\\\/2025\\\/wp-content\\\/uploads\\\/2021\\\/01\\\/logo-noticieros@2x.png\",\"width\":1017,\"height\":268,\"caption\":\"Noticieros Canal 7\"},\"image\":{\"@id\":\"https:\\\/\\\/canal7slp.tv\\\/2025\\\/#\\\/schema\\\/logo\\\/image\\\/\"},\"sameAs\":[\"https:\\\/\\\/www.facebook.com\\\/noticieroscanal7atencionciudadana\\\/\",\"https:\\\/\\\/x.com\\\/NOTICIEROS7\",\"https:\\\/\\\/www.instagram.com\\\/canal7_slp\",\"https:\\\/\\\/www.youtube.com\\\/channel\\\/UCliiYs-gP3JfJeqdPrNdd5A\"]},{\"@type\":\"Person\",\"@id\":\"https:\\\/\\\/canal7slp.tv\\\/2025\\\/#\\\/schema\\\/person\\\/271e2b60a96e7cc9d9ac296f4d7e414b\",\"name\":\"Edici\u00f3n Web\",\"image\":{\"@type\":\"ImageObject\",\"inLanguage\":\"es\",\"@id\":\"https:\\\/\\\/secure.gravatar.com\\\/avatar\\\/eee448fc3f7164808013b816ba91ac7e43bbe82a70bebac296f8bc6f0addaa1a?s=96&d=mm&r=g\",\"url\":\"https:\\\/\\\/secure.gravatar.com\\\/avatar\\\/eee448fc3f7164808013b816ba91ac7e43bbe82a70bebac296f8bc6f0addaa1a?s=96&d=mm&r=g\",\"contentUrl\":\"https:\\\/\\\/secure.gravatar.com\\\/avatar\\\/eee448fc3f7164808013b816ba91ac7e43bbe82a70bebac296f8bc6f0addaa1a?s=96&d=mm&r=g\",\"caption\":\"Edici\u00f3n Web\"},\"url\":\"https:\\\/\\\/canal7slp.tv\\\/2025\\\/author\\\/edicionweb\\\/\"}]}<\/script>\n<!-- \/ Yoast SEO plugin. -->","yoast_head_json":{"title":"Gran respuesta en la S\u00faper Clase de Ritmos en la Plaza del Carmen - Canal 7 SLP - 2025","robots":{"index":"index","follow":"follow","max-snippet":"max-snippet:-1","max-image-preview":"max-image-preview:large","max-video-preview":"max-video-preview:-1"},"canonical":"https:\/\/canal7slp.tv\/2025\/gran-respuesta-en-la-super-clase-de-ritmos-en-la-plaza-del-carmen\/","og_locale":"es_ES","og_type":"article","og_title":"Gran respuesta en la S\u00faper Clase de Ritmos en la Plaza del Carmen - Canal 7 SLP - 2025","og_description":"SLP.- Con gran \u00e9xito se realiz\u00f3 la S\u00faper Clase de Ritmos en la que tomaron parte asistentes de todas las edades, quienes disfrutaron de una tarde-noche de gran activaci\u00f3n f\u00edsica. El evento tuvo una duraci\u00f3n de poco m\u00e1s de dos horas en las que a trav\u00e9s de la m\u00fasica y el gran ambiente, los presentes disfrutaron de una s\u00faper clase que nuevamente vuelve a ser un \u00e9xito y que muestra c\u00f3mo es que se trabaja de manera gratuita en cada espacio deportivo a cargo del Gobierno de la Capital. Las acciones dieron comienzo desde las 18:00 horas y se cont\u00f3 [&hellip;]","og_url":"https:\/\/canal7slp.tv\/2025\/gran-respuesta-en-la-super-clase-de-ritmos-en-la-plaza-del-carmen\/","og_site_name":"Canal 7 SLP - 2025","article_publisher":"https:\/\/www.facebook.com\/noticieroscanal7atencionciudadana\/","article_published_time":"2025-02-05T20:05:08+00:00","og_image":[{"width":1280,"height":720,"url":"https:\/\/canal7slp.tv\/2025\/wp-content\/uploads\/2025\/02\/Froi02Ritmos.jpg","type":"image\/jpeg"}],"author":"Edici\u00f3n Web","twitter_card":"summary_large_image","twitter_creator":"@NOTICIEROS7","twitter_site":"@NOTICIEROS7","twitter_misc":{"Escrito por":"Edici\u00f3n Web","Tiempo de lectura":"2 minutos"},"schema":{"@context":"https:\/\/schema.org","@graph":[{"@type":"Article","@id":"https:\/\/canal7slp.tv\/2025\/gran-respuesta-en-la-super-clase-de-ritmos-en-la-plaza-del-carmen\/#article","isPartOf":{"@id":"https:\/\/canal7slp.tv\/2025\/gran-respuesta-en-la-super-clase-de-ritmos-en-la-plaza-del-carmen\/"},"author":{"name":"Edici\u00f3n Web","@id":"https:\/\/canal7slp.tv\/2025\/#\/schema\/person\/271e2b60a96e7cc9d9ac296f4d7e414b"},"headline":"Gran respuesta en la S\u00faper Clase de Ritmos en la Plaza del Carmen","datePublished":"2025-02-05T20:05:08+00:00","mainEntityOfPage":{"@id":"https:\/\/canal7slp.tv\/2025\/gran-respuesta-en-la-super-clase-de-ritmos-en-la-plaza-del-carmen\/"},"wordCount":220,"publisher":{"@id":"https:\/\/canal7slp.tv\/2025\/#organization"},"image":{"@id":"https:\/\/canal7slp.tv\/2025\/gran-respuesta-en-la-super-clase-de-ritmos-en-la-plaza-del-carmen\/#primaryimage"},"thumbnailUrl":"https:\/\/canal7slp.tv\/2025\/wp-content\/uploads\/2025\/02\/Froi02Ritmos.jpg","articleSection":["DEPORTES","DESTACADAS"],"inLanguage":"es"},{"@type":"WebPage","@id":"https:\/\/canal7slp.tv\/2025\/gran-respuesta-en-la-super-clase-de-ritmos-en-la-plaza-del-carmen\/","url":"https:\/\/canal7slp.tv\/2025\/gran-respuesta-en-la-super-clase-de-ritmos-en-la-plaza-del-carmen\/","name":"Gran respuesta en la S\u00faper Clase de Ritmos en la Plaza del Carmen - Canal 7 SLP - 2025","isPartOf":{"@id":"https:\/\/canal7slp.tv\/2025\/#website"},"primaryImageOfPage":{"@id":"https:\/\/canal7slp.tv\/2025\/gran-respuesta-en-la-super-clase-de-ritmos-en-la-plaza-del-carmen\/#primaryimage"},"image":{"@id":"https:\/\/canal7slp.tv\/2025\/gran-respuesta-en-la-super-clase-de-ritmos-en-la-plaza-del-carmen\/#primaryimage"},"thumbnailUrl":"https:\/\/canal7slp.tv\/2025\/wp-content\/uploads\/2025\/02\/Froi02Ritmos.jpg","datePublished":"2025-02-05T20:05:08+00:00","breadcrumb":{"@id":"https:\/\/canal7slp.tv\/2025\/gran-respuesta-en-la-super-clase-de-ritmos-en-la-plaza-del-carmen\/#breadcrumb"},"inLanguage":"es","potentialAction":[{"@type":"ReadAction","target":["https:\/\/canal7slp.tv\/2025\/gran-respuesta-en-la-super-clase-de-ritmos-en-la-plaza-del-carmen\/"]}]},{"@type":"ImageObject","inLanguage":"es","@id":"https:\/\/canal7slp.tv\/2025\/gran-respuesta-en-la-super-clase-de-ritmos-en-la-plaza-del-carmen\/#primaryimage","url":"https:\/\/canal7slp.tv\/2025\/wp-content\/uploads\/2025\/02\/Froi02Ritmos.jpg","contentUrl":"https:\/\/canal7slp.tv\/2025\/wp-content\/uploads\/2025\/02\/Froi02Ritmos.jpg","width":1280,"height":720},{"@type":"BreadcrumbList","@id":"https:\/\/canal7slp.tv\/2025\/gran-respuesta-en-la-super-clase-de-ritmos-en-la-plaza-del-carmen\/#breadcrumb","itemListElement":[{"@type":"ListItem","position":1,"name":"Portada","item":"https:\/\/canal7slp.tv\/2025\/"},{"@type":"ListItem","position":2,"name":"Gran respuesta en la S\u00faper Clase de Ritmos en la Plaza del Carmen"}]},{"@type":"WebSite","@id":"https:\/\/canal7slp.tv\/2025\/#website","url":"https:\/\/canal7slp.tv\/2025\/","name":"N7 - Noticieros Canal 7","description":"Somos el Medio","publisher":{"@id":"https:\/\/canal7slp.tv\/2025\/#organization"},"potentialAction":[{"@type":"SearchAction","target":{"@type":"EntryPoint","urlTemplate":"https:\/\/canal7slp.tv\/2025\/?s={search_term_string}"},"query-input":{"@type":"PropertyValueSpecification","valueRequired":true,"valueName":"search_term_string"}}],"inLanguage":"es"},{"@type":"Organization","@id":"https:\/\/canal7slp.tv\/2025\/#organization","name":"Noticieros Canal 7","url":"https:\/\/canal7slp.tv\/2025\/","logo":{"@type":"ImageObject","inLanguage":"es","@id":"https:\/\/canal7slp.tv\/2025\/#\/schema\/logo\/image\/","url":"https:\/\/canal7slp.tv\/2025\/wp-content\/uploads\/2021\/01\/logo-noticieros@2x.png","contentUrl":"https:\/\/canal7slp.tv\/2025\/wp-content\/uploads\/2021\/01\/logo-noticieros@2x.png","width":1017,"height":268,"caption":"Noticieros Canal 7"},"image":{"@id":"https:\/\/canal7slp.tv\/2025\/#\/schema\/logo\/image\/"},"sameAs":["https:\/\/www.facebook.com\/noticieroscanal7atencionciudadana\/","https:\/\/x.com\/NOTICIEROS7","https:\/\/www.instagram.com\/canal7_slp","https:\/\/www.youtube.com\/channel\/UCliiYs-gP3JfJeqdPrNdd5A"]},{"@type":"Person","@id":"https:\/\/canal7slp.tv\/2025\/#\/schema\/person\/271e2b60a96e7cc9d9ac296f4d7e414b","name":"Edici\u00f3n Web","image":{"@type":"ImageObject","inLanguage":"es","@id":"https:\/\/secure.gravatar.com\/avatar\/eee448fc3f7164808013b816ba91ac7e43bbe82a70bebac296f8bc6f0addaa1a?s=96&d=mm&r=g","url":"https:\/\/secure.gravatar.com\/avatar\/eee448fc3f7164808013b816ba91ac7e43bbe82a70bebac296f8bc6f0addaa1a?s=96&d=mm&r=g","contentUrl":"https:\/\/secure.gravatar.com\/avatar\/eee448fc3f7164808013b816ba91ac7e43bbe82a70bebac296f8bc6f0addaa1a?s=96&d=mm&r=g","caption":"Edici\u00f3n Web"},"url":"https:\/\/canal7slp.tv\/2025\/author\/edicionweb\/"}]}},"_links":{"self":[{"href":"https:\/\/canal7slp.tv\/2025\/wp-json\/wp\/v2\/posts\/156855","targetHints":{"allow":["GET"]}}],"collection":[{"href":"https:\/\/canal7slp.tv\/2025\/wp-json\/wp\/v2\/posts"}],"about":[{"href":"https:\/\/canal7slp.tv\/2025\/wp-json\/wp\/v2\/types\/post"}],"author":[{"embeddable":true,"href":"https:\/\/canal7slp.tv\/2025\/wp-json\/wp\/v2\/users\/2"}],"replies":[{"embeddable":true,"href":"https:\/\/canal7slp.tv\/2025\/wp-json\/wp\/v2\/comments?post=156855"}],"version-history":[{"count":1,"href":"https:\/\/canal7slp.tv\/2025\/wp-json\/wp\/v2\/posts\/156855\/revisions"}],"predecessor-version":[{"id":156858,"href":"https:\/\/canal7slp.tv\/2025\/wp-json\/wp\/v2\/posts\/156855\/revisions\/156858"}],"wp:featuredmedia":[{"embeddable":true,"href":"https:\/\/canal7slp.tv\/2025\/wp-json\/wp\/v2\/media\/156857"}],"wp:attachment":[{"href":"https:\/\/canal7slp.tv\/2025\/wp-json\/wp\/v2\/media?parent=156855"}],"wp:term":[{"taxonomy":"category","embeddable":true,"href":"https:\/\/canal7slp.tv\/2025\/wp-json\/wp\/v2\/categories?post=156855"},{"taxonomy":"post_tag","embeddable":true,"href":"https:\/\/canal7slp.tv\/2025\/wp-json\/wp\/v2\/tags?post=156855"}],"curies":[{"name":"wp","href":"https:\/\/api.w.org\/{rel}","templated":true}]}}