{"id":156793,"date":"2025-02-04T19:15:15","date_gmt":"2025-02-05T01:15:15","guid":{"rendered":"https:\/\/canal7slp.tv\/2025\/?p=156793"},"modified":"2025-02-04T19:15:15","modified_gmt":"2025-02-05T01:15:15","slug":"ayuntamiento-de-soledad-presenta-segunda-edicion-del-libro-leyendas-soledenses","status":"publish","type":"post","link":"https:\/\/canal7slp.tv\/2025\/ayuntamiento-de-soledad-presenta-segunda-edicion-del-libro-leyendas-soledenses\/","title":{"rendered":"Ayuntamiento de Soledad presenta segunda edici\u00f3n del libro \u201cLeyendas Soledenses\u201d"},"content":{"rendered":"<p style=\"text-align: justify;\"><span style=\"font-size: 1.21429rem;\">SGS.- Con el prop\u00f3sito de impulsar la identidad y el patrimonio cultural del municipio de Soledad de Graciano S\u00e1nchez, fue presentada la segunda edici\u00f3n del libro \u201cLeyendas Soledenses\u201d 20 relatos basados en hechos reales.<\/span><\/p>\n<p style=\"text-align: justify;\">El libro es de la autor\u00eda del cronista de este municipio Amado Juan S\u00e1nchez Cabrera, quien se\u00f1al\u00f3 que cada relato representa una parte vital de la identidad de los soledenses.<\/p>\n<p style=\"text-align: justify;\">El libro combina relatos tradicionales y elementos hist\u00f3ricos y geogr\u00e1ficos reales invitando a la poblaci\u00f3n a conocer los lugares emblem\u00e1ticos que inspiran cada historia.<\/p>\n<p style=\"text-align: justify;\">Por ejemplo, uno de los relatos destaca la menci\u00f3n de un cerro con formaciones rocosas \u00fanicas que se convierte en un s\u00edmbolo de uni\u00f3n y amor eterno.<\/p>\n<p style=\"text-align: justify;\">Asimismo, se destac\u00f3 que este proyecto reafirma el compromiso por promover el patrimonio cultural y tur\u00edstico de Soledad de Graciano S\u00e1nchez.<\/p>\n<p style=\"text-align: justify;\">Por: Claudio Ibarra<\/p>\n","protected":false},"excerpt":{"rendered":"<p>SGS.- Con el prop\u00f3sito de impulsar la identidad y el patrimonio cultural del municipio de Soledad de Graciano S\u00e1nchez, fue presentada la segunda edici\u00f3n del libro \u201cLeyendas Soledenses\u201d 20 relatos basados en hechos reales. El libro es de la autor\u00eda del cronista de este municipio Amado Juan S\u00e1nchez Cabrera, quien se\u00f1al\u00f3 que cada relato representa una parte vital de la identidad de los soledenses. El libro combina relatos tradicionales y elementos hist\u00f3ricos y geogr\u00e1ficos reales invitando a la poblaci\u00f3n a conocer los lugares emblem\u00e1ticos que inspiran cada historia. Por ejemplo, uno de los relatos destaca la menci\u00f3n de un cerro [&hellip;]<\/p>\n","protected":false},"author":2,"featured_media":156815,"comment_status":"closed","ping_status":"closed","sticky":false,"template":"","format":"video","meta":{"_monsterinsights_skip_tracking":false,"_monsterinsights_sitenote_active":false,"_monsterinsights_sitenote_note":"","_monsterinsights_sitenote_category":0,"footnotes":""},"categories":[512,5,45],"tags":[],"class_list":["post-156793","post","type-post","status-publish","format-video","has-post-thumbnail","hentry","category-ayosgs","category-destacadas","category-localesyregionales","post_format-post-format-video","post--single"],"yoast_head":"<!-- This site is optimized with the Yoast SEO plugin v27.5 - https:\/\/yoast.com\/product\/yoast-seo-wordpress\/ -->\n<title>Ayuntamiento de Soledad presenta segunda edici\u00f3n del libro \u201cLeyendas Soledenses\u201d - Canal 7 SLP - 2025<\/title>\n<meta name=\"robots\" content=\"index, follow, max-snippet:-1, max-image-preview:large, max-video-preview:-1\" \/>\n<link rel=\"canonical\" href=\"https:\/\/canal7slp.tv\/2025\/ayuntamiento-de-soledad-presenta-segunda-edicion-del-libro-leyendas-soledenses\/\" \/>\n<meta property=\"og:locale\" content=\"es_ES\" \/>\n<meta property=\"og:type\" content=\"article\" \/>\n<meta property=\"og:title\" content=\"Ayuntamiento de Soledad presenta segunda edici\u00f3n del libro \u201cLeyendas Soledenses\u201d - Canal 7 SLP - 2025\" \/>\n<meta property=\"og:description\" content=\"SGS.- Con el prop\u00f3sito de impulsar la identidad y el patrimonio cultural del municipio de Soledad de Graciano S\u00e1nchez, fue presentada la segunda edici\u00f3n del libro \u201cLeyendas Soledenses\u201d 20 relatos basados en hechos reales. El libro es de la autor\u00eda del cronista de este municipio Amado Juan S\u00e1nchez Cabrera, quien se\u00f1al\u00f3 que cada relato representa una parte vital de la identidad de los soledenses. El libro combina relatos tradicionales y elementos hist\u00f3ricos y geogr\u00e1ficos reales invitando a la poblaci\u00f3n a conocer los lugares emblem\u00e1ticos que inspiran cada historia. Por ejemplo, uno de los relatos destaca la menci\u00f3n de un cerro [&hellip;]\" \/>\n<meta property=\"og:url\" content=\"https:\/\/canal7slp.tv\/2025\/ayuntamiento-de-soledad-presenta-segunda-edicion-del-libro-leyendas-soledenses\/\" \/>\n<meta property=\"og:site_name\" content=\"Canal 7 SLP - 2025\" \/>\n<meta property=\"article:publisher\" content=\"https:\/\/www.facebook.com\/noticieroscanal7atencionciudadana\/\" \/>\n<meta property=\"article:published_time\" content=\"2025-02-05T01:15:15+00:00\" \/>\n<meta property=\"og:image\" content=\"https:\/\/canal7slp.tv\/2025\/wp-content\/uploads\/2025\/02\/Claudio04Leyendas.jpg\" \/>\n\t<meta property=\"og:image:width\" content=\"1280\" \/>\n\t<meta property=\"og:image:height\" content=\"720\" \/>\n\t<meta property=\"og:image:type\" content=\"image\/jpeg\" \/>\n<meta name=\"author\" content=\"Edici\u00f3n Web\" \/>\n<meta name=\"twitter:card\" content=\"summary_large_image\" \/>\n<meta name=\"twitter:creator\" content=\"@NOTICIEROS7\" \/>\n<meta name=\"twitter:site\" content=\"@NOTICIEROS7\" \/>\n<meta name=\"twitter:label1\" content=\"Escrito por\" \/>\n\t<meta name=\"twitter:data1\" content=\"Edici\u00f3n Web\" \/>\n\t<meta name=\"twitter:label2\" content=\"Tiempo de lectura\" \/>\n\t<meta name=\"twitter:data2\" content=\"1 minuto\" \/>\n<script type=\"application\/ld+json\" class=\"yoast-schema-graph\">{\"@context\":\"https:\\\/\\\/schema.org\",\"@graph\":[{\"@type\":\"Article\",\"@id\":\"https:\\\/\\\/canal7slp.tv\\\/2025\\\/ayuntamiento-de-soledad-presenta-segunda-edicion-del-libro-leyendas-soledenses\\\/#article\",\"isPartOf\":{\"@id\":\"https:\\\/\\\/canal7slp.tv\\\/2025\\\/ayuntamiento-de-soledad-presenta-segunda-edicion-del-libro-leyendas-soledenses\\\/\"},\"author\":{\"name\":\"Edici\u00f3n Web\",\"@id\":\"https:\\\/\\\/canal7slp.tv\\\/2025\\\/#\\\/schema\\\/person\\\/271e2b60a96e7cc9d9ac296f4d7e414b\"},\"headline\":\"Ayuntamiento de Soledad presenta segunda edici\u00f3n del libro \u201cLeyendas Soledenses\u201d\",\"datePublished\":\"2025-02-05T01:15:15+00:00\",\"mainEntityOfPage\":{\"@id\":\"https:\\\/\\\/canal7slp.tv\\\/2025\\\/ayuntamiento-de-soledad-presenta-segunda-edicion-del-libro-leyendas-soledenses\\\/\"},\"wordCount\":165,\"publisher\":{\"@id\":\"https:\\\/\\\/canal7slp.tv\\\/2025\\\/#organization\"},\"image\":{\"@id\":\"https:\\\/\\\/canal7slp.tv\\\/2025\\\/ayuntamiento-de-soledad-presenta-segunda-edicion-del-libro-leyendas-soledenses\\\/#primaryimage\"},\"thumbnailUrl\":\"https:\\\/\\\/canal7slp.tv\\\/2025\\\/wp-content\\\/uploads\\\/2025\\\/02\\\/Claudio04Leyendas.jpg\",\"articleSection\":[\"AYOSGS\",\"DESTACADAS\",\"LOCALES Y REGIONALES\"],\"inLanguage\":\"es\"},{\"@type\":\"WebPage\",\"@id\":\"https:\\\/\\\/canal7slp.tv\\\/2025\\\/ayuntamiento-de-soledad-presenta-segunda-edicion-del-libro-leyendas-soledenses\\\/\",\"url\":\"https:\\\/\\\/canal7slp.tv\\\/2025\\\/ayuntamiento-de-soledad-presenta-segunda-edicion-del-libro-leyendas-soledenses\\\/\",\"name\":\"Ayuntamiento de Soledad presenta segunda edici\u00f3n del libro \u201cLeyendas Soledenses\u201d - Canal 7 SLP - 2025\",\"isPartOf\":{\"@id\":\"https:\\\/\\\/canal7slp.tv\\\/2025\\\/#website\"},\"primaryImageOfPage\":{\"@id\":\"https:\\\/\\\/canal7slp.tv\\\/2025\\\/ayuntamiento-de-soledad-presenta-segunda-edicion-del-libro-leyendas-soledenses\\\/#primaryimage\"},\"image\":{\"@id\":\"https:\\\/\\\/canal7slp.tv\\\/2025\\\/ayuntamiento-de-soledad-presenta-segunda-edicion-del-libro-leyendas-soledenses\\\/#primaryimage\"},\"thumbnailUrl\":\"https:\\\/\\\/canal7slp.tv\\\/2025\\\/wp-content\\\/uploads\\\/2025\\\/02\\\/Claudio04Leyendas.jpg\",\"datePublished\":\"2025-02-05T01:15:15+00:00\",\"breadcrumb\":{\"@id\":\"https:\\\/\\\/canal7slp.tv\\\/2025\\\/ayuntamiento-de-soledad-presenta-segunda-edicion-del-libro-leyendas-soledenses\\\/#breadcrumb\"},\"inLanguage\":\"es\",\"potentialAction\":[{\"@type\":\"ReadAction\",\"target\":[\"https:\\\/\\\/canal7slp.tv\\\/2025\\\/ayuntamiento-de-soledad-presenta-segunda-edicion-del-libro-leyendas-soledenses\\\/\"]}]},{\"@type\":\"ImageObject\",\"inLanguage\":\"es\",\"@id\":\"https:\\\/\\\/canal7slp.tv\\\/2025\\\/ayuntamiento-de-soledad-presenta-segunda-edicion-del-libro-leyendas-soledenses\\\/#primaryimage\",\"url\":\"https:\\\/\\\/canal7slp.tv\\\/2025\\\/wp-content\\\/uploads\\\/2025\\\/02\\\/Claudio04Leyendas.jpg\",\"contentUrl\":\"https:\\\/\\\/canal7slp.tv\\\/2025\\\/wp-content\\\/uploads\\\/2025\\\/02\\\/Claudio04Leyendas.jpg\",\"width\":1280,\"height\":720},{\"@type\":\"BreadcrumbList\",\"@id\":\"https:\\\/\\\/canal7slp.tv\\\/2025\\\/ayuntamiento-de-soledad-presenta-segunda-edicion-del-libro-leyendas-soledenses\\\/#breadcrumb\",\"itemListElement\":[{\"@type\":\"ListItem\",\"position\":1,\"name\":\"Portada\",\"item\":\"https:\\\/\\\/canal7slp.tv\\\/2025\\\/\"},{\"@type\":\"ListItem\",\"position\":2,\"name\":\"Ayuntamiento de Soledad presenta segunda edici\u00f3n del libro \u201cLeyendas Soledenses\u201d\"}]},{\"@type\":\"WebSite\",\"@id\":\"https:\\\/\\\/canal7slp.tv\\\/2025\\\/#website\",\"url\":\"https:\\\/\\\/canal7slp.tv\\\/2025\\\/\",\"name\":\"N7 - Noticieros Canal 7\",\"description\":\"Somos el Medio\",\"publisher\":{\"@id\":\"https:\\\/\\\/canal7slp.tv\\\/2025\\\/#organization\"},\"potentialAction\":[{\"@type\":\"SearchAction\",\"target\":{\"@type\":\"EntryPoint\",\"urlTemplate\":\"https:\\\/\\\/canal7slp.tv\\\/2025\\\/?s={search_term_string}\"},\"query-input\":{\"@type\":\"PropertyValueSpecification\",\"valueRequired\":true,\"valueName\":\"search_term_string\"}}],\"inLanguage\":\"es\"},{\"@type\":\"Organization\",\"@id\":\"https:\\\/\\\/canal7slp.tv\\\/2025\\\/#organization\",\"name\":\"Noticieros Canal 7\",\"url\":\"https:\\\/\\\/canal7slp.tv\\\/2025\\\/\",\"logo\":{\"@type\":\"ImageObject\",\"inLanguage\":\"es\",\"@id\":\"https:\\\/\\\/canal7slp.tv\\\/2025\\\/#\\\/schema\\\/logo\\\/image\\\/\",\"url\":\"https:\\\/\\\/canal7slp.tv\\\/2025\\\/wp-content\\\/uploads\\\/2021\\\/01\\\/logo-noticieros@2x.png\",\"contentUrl\":\"https:\\\/\\\/canal7slp.tv\\\/2025\\\/wp-content\\\/uploads\\\/2021\\\/01\\\/logo-noticieros@2x.png\",\"width\":1017,\"height\":268,\"caption\":\"Noticieros Canal 7\"},\"image\":{\"@id\":\"https:\\\/\\\/canal7slp.tv\\\/2025\\\/#\\\/schema\\\/logo\\\/image\\\/\"},\"sameAs\":[\"https:\\\/\\\/www.facebook.com\\\/noticieroscanal7atencionciudadana\\\/\",\"https:\\\/\\\/x.com\\\/NOTICIEROS7\",\"https:\\\/\\\/www.instagram.com\\\/canal7_slp\",\"https:\\\/\\\/www.youtube.com\\\/channel\\\/UCliiYs-gP3JfJeqdPrNdd5A\"]},{\"@type\":\"Person\",\"@id\":\"https:\\\/\\\/canal7slp.tv\\\/2025\\\/#\\\/schema\\\/person\\\/271e2b60a96e7cc9d9ac296f4d7e414b\",\"name\":\"Edici\u00f3n Web\",\"image\":{\"@type\":\"ImageObject\",\"inLanguage\":\"es\",\"@id\":\"https:\\\/\\\/secure.gravatar.com\\\/avatar\\\/eee448fc3f7164808013b816ba91ac7e43bbe82a70bebac296f8bc6f0addaa1a?s=96&d=mm&r=g\",\"url\":\"https:\\\/\\\/secure.gravatar.com\\\/avatar\\\/eee448fc3f7164808013b816ba91ac7e43bbe82a70bebac296f8bc6f0addaa1a?s=96&d=mm&r=g\",\"contentUrl\":\"https:\\\/\\\/secure.gravatar.com\\\/avatar\\\/eee448fc3f7164808013b816ba91ac7e43bbe82a70bebac296f8bc6f0addaa1a?s=96&d=mm&r=g\",\"caption\":\"Edici\u00f3n Web\"},\"url\":\"https:\\\/\\\/canal7slp.tv\\\/2025\\\/author\\\/edicionweb\\\/\"}]}<\/script>\n<!-- \/ Yoast SEO plugin. -->","yoast_head_json":{"title":"Ayuntamiento de Soledad presenta segunda edici\u00f3n del libro \u201cLeyendas Soledenses\u201d - Canal 7 SLP - 2025","robots":{"index":"index","follow":"follow","max-snippet":"max-snippet:-1","max-image-preview":"max-image-preview:large","max-video-preview":"max-video-preview:-1"},"canonical":"https:\/\/canal7slp.tv\/2025\/ayuntamiento-de-soledad-presenta-segunda-edicion-del-libro-leyendas-soledenses\/","og_locale":"es_ES","og_type":"article","og_title":"Ayuntamiento de Soledad presenta segunda edici\u00f3n del libro \u201cLeyendas Soledenses\u201d - Canal 7 SLP - 2025","og_description":"SGS.- Con el prop\u00f3sito de impulsar la identidad y el patrimonio cultural del municipio de Soledad de Graciano S\u00e1nchez, fue presentada la segunda edici\u00f3n del libro \u201cLeyendas Soledenses\u201d 20 relatos basados en hechos reales. El libro es de la autor\u00eda del cronista de este municipio Amado Juan S\u00e1nchez Cabrera, quien se\u00f1al\u00f3 que cada relato representa una parte vital de la identidad de los soledenses. El libro combina relatos tradicionales y elementos hist\u00f3ricos y geogr\u00e1ficos reales invitando a la poblaci\u00f3n a conocer los lugares emblem\u00e1ticos que inspiran cada historia. Por ejemplo, uno de los relatos destaca la menci\u00f3n de un cerro [&hellip;]","og_url":"https:\/\/canal7slp.tv\/2025\/ayuntamiento-de-soledad-presenta-segunda-edicion-del-libro-leyendas-soledenses\/","og_site_name":"Canal 7 SLP - 2025","article_publisher":"https:\/\/www.facebook.com\/noticieroscanal7atencionciudadana\/","article_published_time":"2025-02-05T01:15:15+00:00","og_image":[{"width":1280,"height":720,"url":"https:\/\/canal7slp.tv\/2025\/wp-content\/uploads\/2025\/02\/Claudio04Leyendas.jpg","type":"image\/jpeg"}],"author":"Edici\u00f3n Web","twitter_card":"summary_large_image","twitter_creator":"@NOTICIEROS7","twitter_site":"@NOTICIEROS7","twitter_misc":{"Escrito por":"Edici\u00f3n Web","Tiempo de lectura":"1 minuto"},"schema":{"@context":"https:\/\/schema.org","@graph":[{"@type":"Article","@id":"https:\/\/canal7slp.tv\/2025\/ayuntamiento-de-soledad-presenta-segunda-edicion-del-libro-leyendas-soledenses\/#article","isPartOf":{"@id":"https:\/\/canal7slp.tv\/2025\/ayuntamiento-de-soledad-presenta-segunda-edicion-del-libro-leyendas-soledenses\/"},"author":{"name":"Edici\u00f3n Web","@id":"https:\/\/canal7slp.tv\/2025\/#\/schema\/person\/271e2b60a96e7cc9d9ac296f4d7e414b"},"headline":"Ayuntamiento de Soledad presenta segunda edici\u00f3n del libro \u201cLeyendas Soledenses\u201d","datePublished":"2025-02-05T01:15:15+00:00","mainEntityOfPage":{"@id":"https:\/\/canal7slp.tv\/2025\/ayuntamiento-de-soledad-presenta-segunda-edicion-del-libro-leyendas-soledenses\/"},"wordCount":165,"publisher":{"@id":"https:\/\/canal7slp.tv\/2025\/#organization"},"image":{"@id":"https:\/\/canal7slp.tv\/2025\/ayuntamiento-de-soledad-presenta-segunda-edicion-del-libro-leyendas-soledenses\/#primaryimage"},"thumbnailUrl":"https:\/\/canal7slp.tv\/2025\/wp-content\/uploads\/2025\/02\/Claudio04Leyendas.jpg","articleSection":["AYOSGS","DESTACADAS","LOCALES Y REGIONALES"],"inLanguage":"es"},{"@type":"WebPage","@id":"https:\/\/canal7slp.tv\/2025\/ayuntamiento-de-soledad-presenta-segunda-edicion-del-libro-leyendas-soledenses\/","url":"https:\/\/canal7slp.tv\/2025\/ayuntamiento-de-soledad-presenta-segunda-edicion-del-libro-leyendas-soledenses\/","name":"Ayuntamiento de Soledad presenta segunda edici\u00f3n del libro \u201cLeyendas Soledenses\u201d - Canal 7 SLP - 2025","isPartOf":{"@id":"https:\/\/canal7slp.tv\/2025\/#website"},"primaryImageOfPage":{"@id":"https:\/\/canal7slp.tv\/2025\/ayuntamiento-de-soledad-presenta-segunda-edicion-del-libro-leyendas-soledenses\/#primaryimage"},"image":{"@id":"https:\/\/canal7slp.tv\/2025\/ayuntamiento-de-soledad-presenta-segunda-edicion-del-libro-leyendas-soledenses\/#primaryimage"},"thumbnailUrl":"https:\/\/canal7slp.tv\/2025\/wp-content\/uploads\/2025\/02\/Claudio04Leyendas.jpg","datePublished":"2025-02-05T01:15:15+00:00","breadcrumb":{"@id":"https:\/\/canal7slp.tv\/2025\/ayuntamiento-de-soledad-presenta-segunda-edicion-del-libro-leyendas-soledenses\/#breadcrumb"},"inLanguage":"es","potentialAction":[{"@type":"ReadAction","target":["https:\/\/canal7slp.tv\/2025\/ayuntamiento-de-soledad-presenta-segunda-edicion-del-libro-leyendas-soledenses\/"]}]},{"@type":"ImageObject","inLanguage":"es","@id":"https:\/\/canal7slp.tv\/2025\/ayuntamiento-de-soledad-presenta-segunda-edicion-del-libro-leyendas-soledenses\/#primaryimage","url":"https:\/\/canal7slp.tv\/2025\/wp-content\/uploads\/2025\/02\/Claudio04Leyendas.jpg","contentUrl":"https:\/\/canal7slp.tv\/2025\/wp-content\/uploads\/2025\/02\/Claudio04Leyendas.jpg","width":1280,"height":720},{"@type":"BreadcrumbList","@id":"https:\/\/canal7slp.tv\/2025\/ayuntamiento-de-soledad-presenta-segunda-edicion-del-libro-leyendas-soledenses\/#breadcrumb","itemListElement":[{"@type":"ListItem","position":1,"name":"Portada","item":"https:\/\/canal7slp.tv\/2025\/"},{"@type":"ListItem","position":2,"name":"Ayuntamiento de Soledad presenta segunda edici\u00f3n del libro \u201cLeyendas Soledenses\u201d"}]},{"@type":"WebSite","@id":"https:\/\/canal7slp.tv\/2025\/#website","url":"https:\/\/canal7slp.tv\/2025\/","name":"N7 - Noticieros Canal 7","description":"Somos el Medio","publisher":{"@id":"https:\/\/canal7slp.tv\/2025\/#organization"},"potentialAction":[{"@type":"SearchAction","target":{"@type":"EntryPoint","urlTemplate":"https:\/\/canal7slp.tv\/2025\/?s={search_term_string}"},"query-input":{"@type":"PropertyValueSpecification","valueRequired":true,"valueName":"search_term_string"}}],"inLanguage":"es"},{"@type":"Organization","@id":"https:\/\/canal7slp.tv\/2025\/#organization","name":"Noticieros Canal 7","url":"https:\/\/canal7slp.tv\/2025\/","logo":{"@type":"ImageObject","inLanguage":"es","@id":"https:\/\/canal7slp.tv\/2025\/#\/schema\/logo\/image\/","url":"https:\/\/canal7slp.tv\/2025\/wp-content\/uploads\/2021\/01\/logo-noticieros@2x.png","contentUrl":"https:\/\/canal7slp.tv\/2025\/wp-content\/uploads\/2021\/01\/logo-noticieros@2x.png","width":1017,"height":268,"caption":"Noticieros Canal 7"},"image":{"@id":"https:\/\/canal7slp.tv\/2025\/#\/schema\/logo\/image\/"},"sameAs":["https:\/\/www.facebook.com\/noticieroscanal7atencionciudadana\/","https:\/\/x.com\/NOTICIEROS7","https:\/\/www.instagram.com\/canal7_slp","https:\/\/www.youtube.com\/channel\/UCliiYs-gP3JfJeqdPrNdd5A"]},{"@type":"Person","@id":"https:\/\/canal7slp.tv\/2025\/#\/schema\/person\/271e2b60a96e7cc9d9ac296f4d7e414b","name":"Edici\u00f3n Web","image":{"@type":"ImageObject","inLanguage":"es","@id":"https:\/\/secure.gravatar.com\/avatar\/eee448fc3f7164808013b816ba91ac7e43bbe82a70bebac296f8bc6f0addaa1a?s=96&d=mm&r=g","url":"https:\/\/secure.gravatar.com\/avatar\/eee448fc3f7164808013b816ba91ac7e43bbe82a70bebac296f8bc6f0addaa1a?s=96&d=mm&r=g","contentUrl":"https:\/\/secure.gravatar.com\/avatar\/eee448fc3f7164808013b816ba91ac7e43bbe82a70bebac296f8bc6f0addaa1a?s=96&d=mm&r=g","caption":"Edici\u00f3n Web"},"url":"https:\/\/canal7slp.tv\/2025\/author\/edicionweb\/"}]}},"_links":{"self":[{"href":"https:\/\/canal7slp.tv\/2025\/wp-json\/wp\/v2\/posts\/156793","targetHints":{"allow":["GET"]}}],"collection":[{"href":"https:\/\/canal7slp.tv\/2025\/wp-json\/wp\/v2\/posts"}],"about":[{"href":"https:\/\/canal7slp.tv\/2025\/wp-json\/wp\/v2\/types\/post"}],"author":[{"embeddable":true,"href":"https:\/\/canal7slp.tv\/2025\/wp-json\/wp\/v2\/users\/2"}],"replies":[{"embeddable":true,"href":"https:\/\/canal7slp.tv\/2025\/wp-json\/wp\/v2\/comments?post=156793"}],"version-history":[{"count":2,"href":"https:\/\/canal7slp.tv\/2025\/wp-json\/wp\/v2\/posts\/156793\/revisions"}],"predecessor-version":[{"id":156816,"href":"https:\/\/canal7slp.tv\/2025\/wp-json\/wp\/v2\/posts\/156793\/revisions\/156816"}],"wp:featuredmedia":[{"embeddable":true,"href":"https:\/\/canal7slp.tv\/2025\/wp-json\/wp\/v2\/media\/156815"}],"wp:attachment":[{"href":"https:\/\/canal7slp.tv\/2025\/wp-json\/wp\/v2\/media?parent=156793"}],"wp:term":[{"taxonomy":"category","embeddable":true,"href":"https:\/\/canal7slp.tv\/2025\/wp-json\/wp\/v2\/categories?post=156793"},{"taxonomy":"post_tag","embeddable":true,"href":"https:\/\/canal7slp.tv\/2025\/wp-json\/wp\/v2\/tags?post=156793"}],"curies":[{"name":"wp","href":"https:\/\/api.w.org\/{rel}","templated":true}]}}