{"id":156635,"date":"2025-02-03T18:30:21","date_gmt":"2025-02-04T00:30:21","guid":{"rendered":"https:\/\/canal7slp.tv\/2025\/?p=156635"},"modified":"2025-02-03T18:30:21","modified_gmt":"2025-02-04T00:30:21","slug":"el-diputado-federal-gabino-morales-se-descarta-para-la-dirigencia-estatal-de-morena","status":"publish","type":"post","link":"https:\/\/canal7slp.tv\/2025\/el-diputado-federal-gabino-morales-se-descarta-para-la-dirigencia-estatal-de-morena\/","title":{"rendered":"El diputado federal Gabino Morales se descarta para la dirigencia estatal de MORENA"},"content":{"rendered":"<p style=\"text-align: justify;\"><span style=\"font-size: 1.21429rem;\">SLP.- Ante una eventual salida de Rita Ozalia Rodr\u00edguez como dirigente estatal de MORENA y quien ocupar\u00eda la delegaci\u00f3n estatal de la Secretar\u00eda del Bienestar en sustituci\u00f3n de Guillermo Morales, el diputado federal Gabino Morales afirm\u00f3 que no aspira a este cargo porque ya fue dirigente del partido en el estado.<\/span><\/p>\n<p style=\"text-align: justify;\">El legislador afirm\u00f3 que el perfil de quien lleve las riendas del partido guinda en San Luis Potos\u00ed \u201cdebe ser de abajo\u201d, es decir, de la misma ciudadan\u00eda.<\/p>\n<p style=\"text-align: justify;\">Inform\u00f3 que por lo pronto, emprender\u00e1n una campa\u00f1a de afiliaci\u00f3n en todo el estado con una meta de 150 mil militantes y una renovaci\u00f3n de estatutos, al afirmar que MORENA debe tener un plan de gobierno m\u00e1s grande que cualquier candidato que surja al interior de este partido.<\/p>\n<p>Por: Claudio Ibarra<\/p>\n","protected":false},"excerpt":{"rendered":"<p>SLP.- Ante una eventual salida de Rita Ozalia Rodr\u00edguez como dirigente estatal de MORENA y quien ocupar\u00eda la delegaci\u00f3n estatal de la Secretar\u00eda del Bienestar en sustituci\u00f3n de Guillermo Morales, el diputado federal Gabino Morales afirm\u00f3 que no aspira a este cargo porque ya fue dirigente del partido en el estado. El legislador afirm\u00f3 que el perfil de quien lleve las riendas del partido guinda en San Luis Potos\u00ed \u201cdebe ser de abajo\u201d, es decir, de la misma ciudadan\u00eda. Inform\u00f3 que por lo pronto, emprender\u00e1n una campa\u00f1a de afiliaci\u00f3n en todo el estado con una meta de 150 mil militantes [&hellip;]<\/p>\n","protected":false},"author":2,"featured_media":156658,"comment_status":"closed","ping_status":"closed","sticky":false,"template":"","format":"video","meta":{"_monsterinsights_skip_tracking":false,"_monsterinsights_sitenote_active":false,"_monsterinsights_sitenote_note":"","_monsterinsights_sitenote_category":0,"footnotes":""},"categories":[5,45],"tags":[],"class_list":["post-156635","post","type-post","status-publish","format-video","has-post-thumbnail","hentry","category-destacadas","category-localesyregionales","post_format-post-format-video","post--single"],"yoast_head":"<!-- This site is optimized with the Yoast SEO plugin v27.5 - https:\/\/yoast.com\/product\/yoast-seo-wordpress\/ -->\n<title>El diputado federal Gabino Morales se descarta para la dirigencia estatal de MORENA - Canal 7 SLP - 2025<\/title>\n<meta name=\"robots\" content=\"index, follow, max-snippet:-1, max-image-preview:large, max-video-preview:-1\" \/>\n<link rel=\"canonical\" href=\"https:\/\/canal7slp.tv\/2025\/el-diputado-federal-gabino-morales-se-descarta-para-la-dirigencia-estatal-de-morena\/\" \/>\n<meta property=\"og:locale\" content=\"es_ES\" \/>\n<meta property=\"og:type\" content=\"article\" \/>\n<meta property=\"og:title\" content=\"El diputado federal Gabino Morales se descarta para la dirigencia estatal de MORENA - Canal 7 SLP - 2025\" \/>\n<meta property=\"og:description\" content=\"SLP.- Ante una eventual salida de Rita Ozalia Rodr\u00edguez como dirigente estatal de MORENA y quien ocupar\u00eda la delegaci\u00f3n estatal de la Secretar\u00eda del Bienestar en sustituci\u00f3n de Guillermo Morales, el diputado federal Gabino Morales afirm\u00f3 que no aspira a este cargo porque ya fue dirigente del partido en el estado. El legislador afirm\u00f3 que el perfil de quien lleve las riendas del partido guinda en San Luis Potos\u00ed \u201cdebe ser de abajo\u201d, es decir, de la misma ciudadan\u00eda. Inform\u00f3 que por lo pronto, emprender\u00e1n una campa\u00f1a de afiliaci\u00f3n en todo el estado con una meta de 150 mil militantes [&hellip;]\" \/>\n<meta property=\"og:url\" content=\"https:\/\/canal7slp.tv\/2025\/el-diputado-federal-gabino-morales-se-descarta-para-la-dirigencia-estatal-de-morena\/\" \/>\n<meta property=\"og:site_name\" content=\"Canal 7 SLP - 2025\" \/>\n<meta property=\"article:publisher\" content=\"https:\/\/www.facebook.com\/noticieroscanal7atencionciudadana\/\" \/>\n<meta property=\"article:published_time\" content=\"2025-02-04T00:30:21+00:00\" \/>\n<meta property=\"og:image\" content=\"https:\/\/canal7slp.tv\/2025\/wp-content\/uploads\/2025\/02\/Claudio02Gabino.jpg\" \/>\n\t<meta property=\"og:image:width\" content=\"1280\" \/>\n\t<meta property=\"og:image:height\" content=\"720\" \/>\n\t<meta property=\"og:image:type\" content=\"image\/jpeg\" \/>\n<meta name=\"author\" content=\"Edici\u00f3n Web\" \/>\n<meta name=\"twitter:card\" content=\"summary_large_image\" \/>\n<meta name=\"twitter:creator\" content=\"@NOTICIEROS7\" \/>\n<meta name=\"twitter:site\" content=\"@NOTICIEROS7\" \/>\n<meta name=\"twitter:label1\" content=\"Escrito por\" \/>\n\t<meta name=\"twitter:data1\" content=\"Edici\u00f3n Web\" \/>\n\t<meta name=\"twitter:label2\" content=\"Tiempo de lectura\" \/>\n\t<meta name=\"twitter:data2\" content=\"1 minuto\" \/>\n<script type=\"application\/ld+json\" class=\"yoast-schema-graph\">{\"@context\":\"https:\\\/\\\/schema.org\",\"@graph\":[{\"@type\":\"Article\",\"@id\":\"https:\\\/\\\/canal7slp.tv\\\/2025\\\/el-diputado-federal-gabino-morales-se-descarta-para-la-dirigencia-estatal-de-morena\\\/#article\",\"isPartOf\":{\"@id\":\"https:\\\/\\\/canal7slp.tv\\\/2025\\\/el-diputado-federal-gabino-morales-se-descarta-para-la-dirigencia-estatal-de-morena\\\/\"},\"author\":{\"name\":\"Edici\u00f3n Web\",\"@id\":\"https:\\\/\\\/canal7slp.tv\\\/2025\\\/#\\\/schema\\\/person\\\/271e2b60a96e7cc9d9ac296f4d7e414b\"},\"headline\":\"El diputado federal Gabino Morales se descarta para la dirigencia estatal de MORENA\",\"datePublished\":\"2025-02-04T00:30:21+00:00\",\"mainEntityOfPage\":{\"@id\":\"https:\\\/\\\/canal7slp.tv\\\/2025\\\/el-diputado-federal-gabino-morales-se-descarta-para-la-dirigencia-estatal-de-morena\\\/\"},\"wordCount\":154,\"publisher\":{\"@id\":\"https:\\\/\\\/canal7slp.tv\\\/2025\\\/#organization\"},\"image\":{\"@id\":\"https:\\\/\\\/canal7slp.tv\\\/2025\\\/el-diputado-federal-gabino-morales-se-descarta-para-la-dirigencia-estatal-de-morena\\\/#primaryimage\"},\"thumbnailUrl\":\"https:\\\/\\\/canal7slp.tv\\\/2025\\\/wp-content\\\/uploads\\\/2025\\\/02\\\/Claudio02Gabino.jpg\",\"articleSection\":[\"DESTACADAS\",\"LOCALES Y REGIONALES\"],\"inLanguage\":\"es\"},{\"@type\":\"WebPage\",\"@id\":\"https:\\\/\\\/canal7slp.tv\\\/2025\\\/el-diputado-federal-gabino-morales-se-descarta-para-la-dirigencia-estatal-de-morena\\\/\",\"url\":\"https:\\\/\\\/canal7slp.tv\\\/2025\\\/el-diputado-federal-gabino-morales-se-descarta-para-la-dirigencia-estatal-de-morena\\\/\",\"name\":\"El diputado federal Gabino Morales se descarta para la dirigencia estatal de MORENA - Canal 7 SLP - 2025\",\"isPartOf\":{\"@id\":\"https:\\\/\\\/canal7slp.tv\\\/2025\\\/#website\"},\"primaryImageOfPage\":{\"@id\":\"https:\\\/\\\/canal7slp.tv\\\/2025\\\/el-diputado-federal-gabino-morales-se-descarta-para-la-dirigencia-estatal-de-morena\\\/#primaryimage\"},\"image\":{\"@id\":\"https:\\\/\\\/canal7slp.tv\\\/2025\\\/el-diputado-federal-gabino-morales-se-descarta-para-la-dirigencia-estatal-de-morena\\\/#primaryimage\"},\"thumbnailUrl\":\"https:\\\/\\\/canal7slp.tv\\\/2025\\\/wp-content\\\/uploads\\\/2025\\\/02\\\/Claudio02Gabino.jpg\",\"datePublished\":\"2025-02-04T00:30:21+00:00\",\"breadcrumb\":{\"@id\":\"https:\\\/\\\/canal7slp.tv\\\/2025\\\/el-diputado-federal-gabino-morales-se-descarta-para-la-dirigencia-estatal-de-morena\\\/#breadcrumb\"},\"inLanguage\":\"es\",\"potentialAction\":[{\"@type\":\"ReadAction\",\"target\":[\"https:\\\/\\\/canal7slp.tv\\\/2025\\\/el-diputado-federal-gabino-morales-se-descarta-para-la-dirigencia-estatal-de-morena\\\/\"]}]},{\"@type\":\"ImageObject\",\"inLanguage\":\"es\",\"@id\":\"https:\\\/\\\/canal7slp.tv\\\/2025\\\/el-diputado-federal-gabino-morales-se-descarta-para-la-dirigencia-estatal-de-morena\\\/#primaryimage\",\"url\":\"https:\\\/\\\/canal7slp.tv\\\/2025\\\/wp-content\\\/uploads\\\/2025\\\/02\\\/Claudio02Gabino.jpg\",\"contentUrl\":\"https:\\\/\\\/canal7slp.tv\\\/2025\\\/wp-content\\\/uploads\\\/2025\\\/02\\\/Claudio02Gabino.jpg\",\"width\":1280,\"height\":720},{\"@type\":\"BreadcrumbList\",\"@id\":\"https:\\\/\\\/canal7slp.tv\\\/2025\\\/el-diputado-federal-gabino-morales-se-descarta-para-la-dirigencia-estatal-de-morena\\\/#breadcrumb\",\"itemListElement\":[{\"@type\":\"ListItem\",\"position\":1,\"name\":\"Portada\",\"item\":\"https:\\\/\\\/canal7slp.tv\\\/2025\\\/\"},{\"@type\":\"ListItem\",\"position\":2,\"name\":\"El diputado federal Gabino Morales se descarta para la dirigencia estatal de MORENA\"}]},{\"@type\":\"WebSite\",\"@id\":\"https:\\\/\\\/canal7slp.tv\\\/2025\\\/#website\",\"url\":\"https:\\\/\\\/canal7slp.tv\\\/2025\\\/\",\"name\":\"N7 - Noticieros Canal 7\",\"description\":\"Somos el Medio\",\"publisher\":{\"@id\":\"https:\\\/\\\/canal7slp.tv\\\/2025\\\/#organization\"},\"potentialAction\":[{\"@type\":\"SearchAction\",\"target\":{\"@type\":\"EntryPoint\",\"urlTemplate\":\"https:\\\/\\\/canal7slp.tv\\\/2025\\\/?s={search_term_string}\"},\"query-input\":{\"@type\":\"PropertyValueSpecification\",\"valueRequired\":true,\"valueName\":\"search_term_string\"}}],\"inLanguage\":\"es\"},{\"@type\":\"Organization\",\"@id\":\"https:\\\/\\\/canal7slp.tv\\\/2025\\\/#organization\",\"name\":\"Noticieros Canal 7\",\"url\":\"https:\\\/\\\/canal7slp.tv\\\/2025\\\/\",\"logo\":{\"@type\":\"ImageObject\",\"inLanguage\":\"es\",\"@id\":\"https:\\\/\\\/canal7slp.tv\\\/2025\\\/#\\\/schema\\\/logo\\\/image\\\/\",\"url\":\"https:\\\/\\\/canal7slp.tv\\\/2025\\\/wp-content\\\/uploads\\\/2021\\\/01\\\/logo-noticieros@2x.png\",\"contentUrl\":\"https:\\\/\\\/canal7slp.tv\\\/2025\\\/wp-content\\\/uploads\\\/2021\\\/01\\\/logo-noticieros@2x.png\",\"width\":1017,\"height\":268,\"caption\":\"Noticieros Canal 7\"},\"image\":{\"@id\":\"https:\\\/\\\/canal7slp.tv\\\/2025\\\/#\\\/schema\\\/logo\\\/image\\\/\"},\"sameAs\":[\"https:\\\/\\\/www.facebook.com\\\/noticieroscanal7atencionciudadana\\\/\",\"https:\\\/\\\/x.com\\\/NOTICIEROS7\",\"https:\\\/\\\/www.instagram.com\\\/canal7_slp\",\"https:\\\/\\\/www.youtube.com\\\/channel\\\/UCliiYs-gP3JfJeqdPrNdd5A\"]},{\"@type\":\"Person\",\"@id\":\"https:\\\/\\\/canal7slp.tv\\\/2025\\\/#\\\/schema\\\/person\\\/271e2b60a96e7cc9d9ac296f4d7e414b\",\"name\":\"Edici\u00f3n Web\",\"image\":{\"@type\":\"ImageObject\",\"inLanguage\":\"es\",\"@id\":\"https:\\\/\\\/secure.gravatar.com\\\/avatar\\\/eee448fc3f7164808013b816ba91ac7e43bbe82a70bebac296f8bc6f0addaa1a?s=96&d=mm&r=g\",\"url\":\"https:\\\/\\\/secure.gravatar.com\\\/avatar\\\/eee448fc3f7164808013b816ba91ac7e43bbe82a70bebac296f8bc6f0addaa1a?s=96&d=mm&r=g\",\"contentUrl\":\"https:\\\/\\\/secure.gravatar.com\\\/avatar\\\/eee448fc3f7164808013b816ba91ac7e43bbe82a70bebac296f8bc6f0addaa1a?s=96&d=mm&r=g\",\"caption\":\"Edici\u00f3n Web\"},\"url\":\"https:\\\/\\\/canal7slp.tv\\\/2025\\\/author\\\/edicionweb\\\/\"}]}<\/script>\n<!-- \/ Yoast SEO plugin. -->","yoast_head_json":{"title":"El diputado federal Gabino Morales se descarta para la dirigencia estatal de MORENA - Canal 7 SLP - 2025","robots":{"index":"index","follow":"follow","max-snippet":"max-snippet:-1","max-image-preview":"max-image-preview:large","max-video-preview":"max-video-preview:-1"},"canonical":"https:\/\/canal7slp.tv\/2025\/el-diputado-federal-gabino-morales-se-descarta-para-la-dirigencia-estatal-de-morena\/","og_locale":"es_ES","og_type":"article","og_title":"El diputado federal Gabino Morales se descarta para la dirigencia estatal de MORENA - Canal 7 SLP - 2025","og_description":"SLP.- Ante una eventual salida de Rita Ozalia Rodr\u00edguez como dirigente estatal de MORENA y quien ocupar\u00eda la delegaci\u00f3n estatal de la Secretar\u00eda del Bienestar en sustituci\u00f3n de Guillermo Morales, el diputado federal Gabino Morales afirm\u00f3 que no aspira a este cargo porque ya fue dirigente del partido en el estado. El legislador afirm\u00f3 que el perfil de quien lleve las riendas del partido guinda en San Luis Potos\u00ed \u201cdebe ser de abajo\u201d, es decir, de la misma ciudadan\u00eda. Inform\u00f3 que por lo pronto, emprender\u00e1n una campa\u00f1a de afiliaci\u00f3n en todo el estado con una meta de 150 mil militantes [&hellip;]","og_url":"https:\/\/canal7slp.tv\/2025\/el-diputado-federal-gabino-morales-se-descarta-para-la-dirigencia-estatal-de-morena\/","og_site_name":"Canal 7 SLP - 2025","article_publisher":"https:\/\/www.facebook.com\/noticieroscanal7atencionciudadana\/","article_published_time":"2025-02-04T00:30:21+00:00","og_image":[{"width":1280,"height":720,"url":"https:\/\/canal7slp.tv\/2025\/wp-content\/uploads\/2025\/02\/Claudio02Gabino.jpg","type":"image\/jpeg"}],"author":"Edici\u00f3n Web","twitter_card":"summary_large_image","twitter_creator":"@NOTICIEROS7","twitter_site":"@NOTICIEROS7","twitter_misc":{"Escrito por":"Edici\u00f3n Web","Tiempo de lectura":"1 minuto"},"schema":{"@context":"https:\/\/schema.org","@graph":[{"@type":"Article","@id":"https:\/\/canal7slp.tv\/2025\/el-diputado-federal-gabino-morales-se-descarta-para-la-dirigencia-estatal-de-morena\/#article","isPartOf":{"@id":"https:\/\/canal7slp.tv\/2025\/el-diputado-federal-gabino-morales-se-descarta-para-la-dirigencia-estatal-de-morena\/"},"author":{"name":"Edici\u00f3n Web","@id":"https:\/\/canal7slp.tv\/2025\/#\/schema\/person\/271e2b60a96e7cc9d9ac296f4d7e414b"},"headline":"El diputado federal Gabino Morales se descarta para la dirigencia estatal de MORENA","datePublished":"2025-02-04T00:30:21+00:00","mainEntityOfPage":{"@id":"https:\/\/canal7slp.tv\/2025\/el-diputado-federal-gabino-morales-se-descarta-para-la-dirigencia-estatal-de-morena\/"},"wordCount":154,"publisher":{"@id":"https:\/\/canal7slp.tv\/2025\/#organization"},"image":{"@id":"https:\/\/canal7slp.tv\/2025\/el-diputado-federal-gabino-morales-se-descarta-para-la-dirigencia-estatal-de-morena\/#primaryimage"},"thumbnailUrl":"https:\/\/canal7slp.tv\/2025\/wp-content\/uploads\/2025\/02\/Claudio02Gabino.jpg","articleSection":["DESTACADAS","LOCALES Y REGIONALES"],"inLanguage":"es"},{"@type":"WebPage","@id":"https:\/\/canal7slp.tv\/2025\/el-diputado-federal-gabino-morales-se-descarta-para-la-dirigencia-estatal-de-morena\/","url":"https:\/\/canal7slp.tv\/2025\/el-diputado-federal-gabino-morales-se-descarta-para-la-dirigencia-estatal-de-morena\/","name":"El diputado federal Gabino Morales se descarta para la dirigencia estatal de MORENA - Canal 7 SLP - 2025","isPartOf":{"@id":"https:\/\/canal7slp.tv\/2025\/#website"},"primaryImageOfPage":{"@id":"https:\/\/canal7slp.tv\/2025\/el-diputado-federal-gabino-morales-se-descarta-para-la-dirigencia-estatal-de-morena\/#primaryimage"},"image":{"@id":"https:\/\/canal7slp.tv\/2025\/el-diputado-federal-gabino-morales-se-descarta-para-la-dirigencia-estatal-de-morena\/#primaryimage"},"thumbnailUrl":"https:\/\/canal7slp.tv\/2025\/wp-content\/uploads\/2025\/02\/Claudio02Gabino.jpg","datePublished":"2025-02-04T00:30:21+00:00","breadcrumb":{"@id":"https:\/\/canal7slp.tv\/2025\/el-diputado-federal-gabino-morales-se-descarta-para-la-dirigencia-estatal-de-morena\/#breadcrumb"},"inLanguage":"es","potentialAction":[{"@type":"ReadAction","target":["https:\/\/canal7slp.tv\/2025\/el-diputado-federal-gabino-morales-se-descarta-para-la-dirigencia-estatal-de-morena\/"]}]},{"@type":"ImageObject","inLanguage":"es","@id":"https:\/\/canal7slp.tv\/2025\/el-diputado-federal-gabino-morales-se-descarta-para-la-dirigencia-estatal-de-morena\/#primaryimage","url":"https:\/\/canal7slp.tv\/2025\/wp-content\/uploads\/2025\/02\/Claudio02Gabino.jpg","contentUrl":"https:\/\/canal7slp.tv\/2025\/wp-content\/uploads\/2025\/02\/Claudio02Gabino.jpg","width":1280,"height":720},{"@type":"BreadcrumbList","@id":"https:\/\/canal7slp.tv\/2025\/el-diputado-federal-gabino-morales-se-descarta-para-la-dirigencia-estatal-de-morena\/#breadcrumb","itemListElement":[{"@type":"ListItem","position":1,"name":"Portada","item":"https:\/\/canal7slp.tv\/2025\/"},{"@type":"ListItem","position":2,"name":"El diputado federal Gabino Morales se descarta para la dirigencia estatal de MORENA"}]},{"@type":"WebSite","@id":"https:\/\/canal7slp.tv\/2025\/#website","url":"https:\/\/canal7slp.tv\/2025\/","name":"N7 - Noticieros Canal 7","description":"Somos el Medio","publisher":{"@id":"https:\/\/canal7slp.tv\/2025\/#organization"},"potentialAction":[{"@type":"SearchAction","target":{"@type":"EntryPoint","urlTemplate":"https:\/\/canal7slp.tv\/2025\/?s={search_term_string}"},"query-input":{"@type":"PropertyValueSpecification","valueRequired":true,"valueName":"search_term_string"}}],"inLanguage":"es"},{"@type":"Organization","@id":"https:\/\/canal7slp.tv\/2025\/#organization","name":"Noticieros Canal 7","url":"https:\/\/canal7slp.tv\/2025\/","logo":{"@type":"ImageObject","inLanguage":"es","@id":"https:\/\/canal7slp.tv\/2025\/#\/schema\/logo\/image\/","url":"https:\/\/canal7slp.tv\/2025\/wp-content\/uploads\/2021\/01\/logo-noticieros@2x.png","contentUrl":"https:\/\/canal7slp.tv\/2025\/wp-content\/uploads\/2021\/01\/logo-noticieros@2x.png","width":1017,"height":268,"caption":"Noticieros Canal 7"},"image":{"@id":"https:\/\/canal7slp.tv\/2025\/#\/schema\/logo\/image\/"},"sameAs":["https:\/\/www.facebook.com\/noticieroscanal7atencionciudadana\/","https:\/\/x.com\/NOTICIEROS7","https:\/\/www.instagram.com\/canal7_slp","https:\/\/www.youtube.com\/channel\/UCliiYs-gP3JfJeqdPrNdd5A"]},{"@type":"Person","@id":"https:\/\/canal7slp.tv\/2025\/#\/schema\/person\/271e2b60a96e7cc9d9ac296f4d7e414b","name":"Edici\u00f3n Web","image":{"@type":"ImageObject","inLanguage":"es","@id":"https:\/\/secure.gravatar.com\/avatar\/eee448fc3f7164808013b816ba91ac7e43bbe82a70bebac296f8bc6f0addaa1a?s=96&d=mm&r=g","url":"https:\/\/secure.gravatar.com\/avatar\/eee448fc3f7164808013b816ba91ac7e43bbe82a70bebac296f8bc6f0addaa1a?s=96&d=mm&r=g","contentUrl":"https:\/\/secure.gravatar.com\/avatar\/eee448fc3f7164808013b816ba91ac7e43bbe82a70bebac296f8bc6f0addaa1a?s=96&d=mm&r=g","caption":"Edici\u00f3n Web"},"url":"https:\/\/canal7slp.tv\/2025\/author\/edicionweb\/"}]}},"_links":{"self":[{"href":"https:\/\/canal7slp.tv\/2025\/wp-json\/wp\/v2\/posts\/156635","targetHints":{"allow":["GET"]}}],"collection":[{"href":"https:\/\/canal7slp.tv\/2025\/wp-json\/wp\/v2\/posts"}],"about":[{"href":"https:\/\/canal7slp.tv\/2025\/wp-json\/wp\/v2\/types\/post"}],"author":[{"embeddable":true,"href":"https:\/\/canal7slp.tv\/2025\/wp-json\/wp\/v2\/users\/2"}],"replies":[{"embeddable":true,"href":"https:\/\/canal7slp.tv\/2025\/wp-json\/wp\/v2\/comments?post=156635"}],"version-history":[{"count":2,"href":"https:\/\/canal7slp.tv\/2025\/wp-json\/wp\/v2\/posts\/156635\/revisions"}],"predecessor-version":[{"id":156659,"href":"https:\/\/canal7slp.tv\/2025\/wp-json\/wp\/v2\/posts\/156635\/revisions\/156659"}],"wp:featuredmedia":[{"embeddable":true,"href":"https:\/\/canal7slp.tv\/2025\/wp-json\/wp\/v2\/media\/156658"}],"wp:attachment":[{"href":"https:\/\/canal7slp.tv\/2025\/wp-json\/wp\/v2\/media?parent=156635"}],"wp:term":[{"taxonomy":"category","embeddable":true,"href":"https:\/\/canal7slp.tv\/2025\/wp-json\/wp\/v2\/categories?post=156635"},{"taxonomy":"post_tag","embeddable":true,"href":"https:\/\/canal7slp.tv\/2025\/wp-json\/wp\/v2\/tags?post=156635"}],"curies":[{"name":"wp","href":"https:\/\/api.w.org\/{rel}","templated":true}]}}