{"id":156634,"date":"2025-02-03T18:35:16","date_gmt":"2025-02-04T00:35:16","guid":{"rendered":"https:\/\/canal7slp.tv\/2025\/?p=156634"},"modified":"2025-02-03T18:35:16","modified_gmt":"2025-02-04T00:35:16","slug":"deficit-de-maestros-en-el-sistema-educativo-estatal-regular","status":"publish","type":"post","link":"https:\/\/canal7slp.tv\/2025\/deficit-de-maestros-en-el-sistema-educativo-estatal-regular\/","title":{"rendered":"D\u00e9ficit de maestros en el Sistema Educativo Estatal Regular"},"content":{"rendered":"<p style=\"text-align: justify;\"><span style=\"font-size: 1.21429rem;\">SLP.- Cris\u00f3gono S\u00e1nchez Lara, director del Sistema Educativo Estatal Regular dio a conocer que realizan gestiones ante la Oficial\u00eda Mayor del gobierno del estado, para que les autoricen la contrataci\u00f3n de personal docente.<\/span><\/p>\n<p style=\"text-align: justify;\">Y es que el funcionario afirm\u00f3 que hay un d\u00e9ficit de maestros en este sistema al reconocer que por esta situaci\u00f3n se han presentado inconformidades por parte de los padres de familia.<\/p>\n<p style=\"text-align: justify;\">El director del SEER afirm\u00f3 que la falta de docentes se debe principalmente a que hay maestros en proceso de prejubilaci\u00f3n y que dijo, es una situaci\u00f3n que afecta directamente en el proceso de aprendizaje en el alumnado.<\/p>\n<p style=\"text-align: justify;\">Por: Claudio Ibarra<\/p>\n","protected":false},"excerpt":{"rendered":"<p>SLP.- Cris\u00f3gono S\u00e1nchez Lara, director del Sistema Educativo Estatal Regular dio a conocer que realizan gestiones ante la Oficial\u00eda Mayor del gobierno del estado, para que les autoricen la contrataci\u00f3n de personal docente. Y es que el funcionario afirm\u00f3 que hay un d\u00e9ficit de maestros en este sistema al reconocer que por esta situaci\u00f3n se han presentado inconformidades por parte de los padres de familia. El director del SEER afirm\u00f3 que la falta de docentes se debe principalmente a que hay maestros en proceso de prejubilaci\u00f3n y que dijo, es una situaci\u00f3n que afecta directamente en el proceso de aprendizaje [&hellip;]<\/p>\n","protected":false},"author":2,"featured_media":156661,"comment_status":"closed","ping_status":"closed","sticky":false,"template":"","format":"video","meta":{"_monsterinsights_skip_tracking":false,"_monsterinsights_sitenote_active":false,"_monsterinsights_sitenote_note":"","_monsterinsights_sitenote_category":0,"footnotes":""},"categories":[5,510,45],"tags":[],"class_list":["post-156634","post","type-post","status-publish","format-video","has-post-thumbnail","hentry","category-destacadas","category-gobedoslp","category-localesyregionales","post_format-post-format-video","post--single"],"yoast_head":"<!-- This site is optimized with the Yoast SEO plugin v27.5 - https:\/\/yoast.com\/product\/yoast-seo-wordpress\/ -->\n<title>D\u00e9ficit de maestros en el Sistema Educativo Estatal Regular - Canal 7 SLP - 2025<\/title>\n<meta name=\"robots\" content=\"index, follow, max-snippet:-1, max-image-preview:large, max-video-preview:-1\" \/>\n<link rel=\"canonical\" href=\"https:\/\/canal7slp.tv\/2025\/deficit-de-maestros-en-el-sistema-educativo-estatal-regular\/\" \/>\n<meta property=\"og:locale\" content=\"es_ES\" \/>\n<meta property=\"og:type\" content=\"article\" \/>\n<meta property=\"og:title\" content=\"D\u00e9ficit de maestros en el Sistema Educativo Estatal Regular - Canal 7 SLP - 2025\" \/>\n<meta property=\"og:description\" content=\"SLP.- Cris\u00f3gono S\u00e1nchez Lara, director del Sistema Educativo Estatal Regular dio a conocer que realizan gestiones ante la Oficial\u00eda Mayor del gobierno del estado, para que les autoricen la contrataci\u00f3n de personal docente. Y es que el funcionario afirm\u00f3 que hay un d\u00e9ficit de maestros en este sistema al reconocer que por esta situaci\u00f3n se han presentado inconformidades por parte de los padres de familia. El director del SEER afirm\u00f3 que la falta de docentes se debe principalmente a que hay maestros en proceso de prejubilaci\u00f3n y que dijo, es una situaci\u00f3n que afecta directamente en el proceso de aprendizaje [&hellip;]\" \/>\n<meta property=\"og:url\" content=\"https:\/\/canal7slp.tv\/2025\/deficit-de-maestros-en-el-sistema-educativo-estatal-regular\/\" \/>\n<meta property=\"og:site_name\" content=\"Canal 7 SLP - 2025\" \/>\n<meta property=\"article:publisher\" content=\"https:\/\/www.facebook.com\/noticieroscanal7atencionciudadana\/\" \/>\n<meta property=\"article:published_time\" content=\"2025-02-04T00:35:16+00:00\" \/>\n<meta property=\"og:image\" content=\"https:\/\/canal7slp.tv\/2025\/wp-content\/uploads\/2025\/02\/Claudio03Chogono.jpg\" \/>\n\t<meta property=\"og:image:width\" content=\"1280\" \/>\n\t<meta property=\"og:image:height\" content=\"720\" \/>\n\t<meta property=\"og:image:type\" content=\"image\/jpeg\" \/>\n<meta name=\"author\" content=\"Edici\u00f3n Web\" \/>\n<meta name=\"twitter:card\" content=\"summary_large_image\" \/>\n<meta name=\"twitter:creator\" content=\"@NOTICIEROS7\" \/>\n<meta name=\"twitter:site\" content=\"@NOTICIEROS7\" \/>\n<meta name=\"twitter:label1\" content=\"Escrito por\" \/>\n\t<meta name=\"twitter:data1\" content=\"Edici\u00f3n Web\" \/>\n\t<meta name=\"twitter:label2\" content=\"Tiempo de lectura\" \/>\n\t<meta name=\"twitter:data2\" content=\"1 minuto\" \/>\n<script type=\"application\/ld+json\" class=\"yoast-schema-graph\">{\"@context\":\"https:\\\/\\\/schema.org\",\"@graph\":[{\"@type\":\"Article\",\"@id\":\"https:\\\/\\\/canal7slp.tv\\\/2025\\\/deficit-de-maestros-en-el-sistema-educativo-estatal-regular\\\/#article\",\"isPartOf\":{\"@id\":\"https:\\\/\\\/canal7slp.tv\\\/2025\\\/deficit-de-maestros-en-el-sistema-educativo-estatal-regular\\\/\"},\"author\":{\"name\":\"Edici\u00f3n Web\",\"@id\":\"https:\\\/\\\/canal7slp.tv\\\/2025\\\/#\\\/schema\\\/person\\\/271e2b60a96e7cc9d9ac296f4d7e414b\"},\"headline\":\"D\u00e9ficit de maestros en el Sistema Educativo Estatal Regular\",\"datePublished\":\"2025-02-04T00:35:16+00:00\",\"mainEntityOfPage\":{\"@id\":\"https:\\\/\\\/canal7slp.tv\\\/2025\\\/deficit-de-maestros-en-el-sistema-educativo-estatal-regular\\\/\"},\"wordCount\":125,\"publisher\":{\"@id\":\"https:\\\/\\\/canal7slp.tv\\\/2025\\\/#organization\"},\"image\":{\"@id\":\"https:\\\/\\\/canal7slp.tv\\\/2025\\\/deficit-de-maestros-en-el-sistema-educativo-estatal-regular\\\/#primaryimage\"},\"thumbnailUrl\":\"https:\\\/\\\/canal7slp.tv\\\/2025\\\/wp-content\\\/uploads\\\/2025\\\/02\\\/Claudio03Chogono.jpg\",\"articleSection\":[\"DESTACADAS\",\"GOBEDOSLP\",\"LOCALES Y REGIONALES\"],\"inLanguage\":\"es\"},{\"@type\":\"WebPage\",\"@id\":\"https:\\\/\\\/canal7slp.tv\\\/2025\\\/deficit-de-maestros-en-el-sistema-educativo-estatal-regular\\\/\",\"url\":\"https:\\\/\\\/canal7slp.tv\\\/2025\\\/deficit-de-maestros-en-el-sistema-educativo-estatal-regular\\\/\",\"name\":\"D\u00e9ficit de maestros en el Sistema Educativo Estatal Regular - Canal 7 SLP - 2025\",\"isPartOf\":{\"@id\":\"https:\\\/\\\/canal7slp.tv\\\/2025\\\/#website\"},\"primaryImageOfPage\":{\"@id\":\"https:\\\/\\\/canal7slp.tv\\\/2025\\\/deficit-de-maestros-en-el-sistema-educativo-estatal-regular\\\/#primaryimage\"},\"image\":{\"@id\":\"https:\\\/\\\/canal7slp.tv\\\/2025\\\/deficit-de-maestros-en-el-sistema-educativo-estatal-regular\\\/#primaryimage\"},\"thumbnailUrl\":\"https:\\\/\\\/canal7slp.tv\\\/2025\\\/wp-content\\\/uploads\\\/2025\\\/02\\\/Claudio03Chogono.jpg\",\"datePublished\":\"2025-02-04T00:35:16+00:00\",\"breadcrumb\":{\"@id\":\"https:\\\/\\\/canal7slp.tv\\\/2025\\\/deficit-de-maestros-en-el-sistema-educativo-estatal-regular\\\/#breadcrumb\"},\"inLanguage\":\"es\",\"potentialAction\":[{\"@type\":\"ReadAction\",\"target\":[\"https:\\\/\\\/canal7slp.tv\\\/2025\\\/deficit-de-maestros-en-el-sistema-educativo-estatal-regular\\\/\"]}]},{\"@type\":\"ImageObject\",\"inLanguage\":\"es\",\"@id\":\"https:\\\/\\\/canal7slp.tv\\\/2025\\\/deficit-de-maestros-en-el-sistema-educativo-estatal-regular\\\/#primaryimage\",\"url\":\"https:\\\/\\\/canal7slp.tv\\\/2025\\\/wp-content\\\/uploads\\\/2025\\\/02\\\/Claudio03Chogono.jpg\",\"contentUrl\":\"https:\\\/\\\/canal7slp.tv\\\/2025\\\/wp-content\\\/uploads\\\/2025\\\/02\\\/Claudio03Chogono.jpg\",\"width\":1280,\"height\":720},{\"@type\":\"BreadcrumbList\",\"@id\":\"https:\\\/\\\/canal7slp.tv\\\/2025\\\/deficit-de-maestros-en-el-sistema-educativo-estatal-regular\\\/#breadcrumb\",\"itemListElement\":[{\"@type\":\"ListItem\",\"position\":1,\"name\":\"Portada\",\"item\":\"https:\\\/\\\/canal7slp.tv\\\/2025\\\/\"},{\"@type\":\"ListItem\",\"position\":2,\"name\":\"D\u00e9ficit de maestros en el Sistema Educativo Estatal Regular\"}]},{\"@type\":\"WebSite\",\"@id\":\"https:\\\/\\\/canal7slp.tv\\\/2025\\\/#website\",\"url\":\"https:\\\/\\\/canal7slp.tv\\\/2025\\\/\",\"name\":\"N7 - Noticieros Canal 7\",\"description\":\"Somos el Medio\",\"publisher\":{\"@id\":\"https:\\\/\\\/canal7slp.tv\\\/2025\\\/#organization\"},\"potentialAction\":[{\"@type\":\"SearchAction\",\"target\":{\"@type\":\"EntryPoint\",\"urlTemplate\":\"https:\\\/\\\/canal7slp.tv\\\/2025\\\/?s={search_term_string}\"},\"query-input\":{\"@type\":\"PropertyValueSpecification\",\"valueRequired\":true,\"valueName\":\"search_term_string\"}}],\"inLanguage\":\"es\"},{\"@type\":\"Organization\",\"@id\":\"https:\\\/\\\/canal7slp.tv\\\/2025\\\/#organization\",\"name\":\"Noticieros Canal 7\",\"url\":\"https:\\\/\\\/canal7slp.tv\\\/2025\\\/\",\"logo\":{\"@type\":\"ImageObject\",\"inLanguage\":\"es\",\"@id\":\"https:\\\/\\\/canal7slp.tv\\\/2025\\\/#\\\/schema\\\/logo\\\/image\\\/\",\"url\":\"https:\\\/\\\/canal7slp.tv\\\/2025\\\/wp-content\\\/uploads\\\/2021\\\/01\\\/logo-noticieros@2x.png\",\"contentUrl\":\"https:\\\/\\\/canal7slp.tv\\\/2025\\\/wp-content\\\/uploads\\\/2021\\\/01\\\/logo-noticieros@2x.png\",\"width\":1017,\"height\":268,\"caption\":\"Noticieros Canal 7\"},\"image\":{\"@id\":\"https:\\\/\\\/canal7slp.tv\\\/2025\\\/#\\\/schema\\\/logo\\\/image\\\/\"},\"sameAs\":[\"https:\\\/\\\/www.facebook.com\\\/noticieroscanal7atencionciudadana\\\/\",\"https:\\\/\\\/x.com\\\/NOTICIEROS7\",\"https:\\\/\\\/www.instagram.com\\\/canal7_slp\",\"https:\\\/\\\/www.youtube.com\\\/channel\\\/UCliiYs-gP3JfJeqdPrNdd5A\"]},{\"@type\":\"Person\",\"@id\":\"https:\\\/\\\/canal7slp.tv\\\/2025\\\/#\\\/schema\\\/person\\\/271e2b60a96e7cc9d9ac296f4d7e414b\",\"name\":\"Edici\u00f3n Web\",\"image\":{\"@type\":\"ImageObject\",\"inLanguage\":\"es\",\"@id\":\"https:\\\/\\\/secure.gravatar.com\\\/avatar\\\/eee448fc3f7164808013b816ba91ac7e43bbe82a70bebac296f8bc6f0addaa1a?s=96&d=mm&r=g\",\"url\":\"https:\\\/\\\/secure.gravatar.com\\\/avatar\\\/eee448fc3f7164808013b816ba91ac7e43bbe82a70bebac296f8bc6f0addaa1a?s=96&d=mm&r=g\",\"contentUrl\":\"https:\\\/\\\/secure.gravatar.com\\\/avatar\\\/eee448fc3f7164808013b816ba91ac7e43bbe82a70bebac296f8bc6f0addaa1a?s=96&d=mm&r=g\",\"caption\":\"Edici\u00f3n Web\"},\"url\":\"https:\\\/\\\/canal7slp.tv\\\/2025\\\/author\\\/edicionweb\\\/\"}]}<\/script>\n<!-- \/ Yoast SEO plugin. -->","yoast_head_json":{"title":"D\u00e9ficit de maestros en el Sistema Educativo Estatal Regular - Canal 7 SLP - 2025","robots":{"index":"index","follow":"follow","max-snippet":"max-snippet:-1","max-image-preview":"max-image-preview:large","max-video-preview":"max-video-preview:-1"},"canonical":"https:\/\/canal7slp.tv\/2025\/deficit-de-maestros-en-el-sistema-educativo-estatal-regular\/","og_locale":"es_ES","og_type":"article","og_title":"D\u00e9ficit de maestros en el Sistema Educativo Estatal Regular - Canal 7 SLP - 2025","og_description":"SLP.- Cris\u00f3gono S\u00e1nchez Lara, director del Sistema Educativo Estatal Regular dio a conocer que realizan gestiones ante la Oficial\u00eda Mayor del gobierno del estado, para que les autoricen la contrataci\u00f3n de personal docente. Y es que el funcionario afirm\u00f3 que hay un d\u00e9ficit de maestros en este sistema al reconocer que por esta situaci\u00f3n se han presentado inconformidades por parte de los padres de familia. El director del SEER afirm\u00f3 que la falta de docentes se debe principalmente a que hay maestros en proceso de prejubilaci\u00f3n y que dijo, es una situaci\u00f3n que afecta directamente en el proceso de aprendizaje [&hellip;]","og_url":"https:\/\/canal7slp.tv\/2025\/deficit-de-maestros-en-el-sistema-educativo-estatal-regular\/","og_site_name":"Canal 7 SLP - 2025","article_publisher":"https:\/\/www.facebook.com\/noticieroscanal7atencionciudadana\/","article_published_time":"2025-02-04T00:35:16+00:00","og_image":[{"width":1280,"height":720,"url":"https:\/\/canal7slp.tv\/2025\/wp-content\/uploads\/2025\/02\/Claudio03Chogono.jpg","type":"image\/jpeg"}],"author":"Edici\u00f3n Web","twitter_card":"summary_large_image","twitter_creator":"@NOTICIEROS7","twitter_site":"@NOTICIEROS7","twitter_misc":{"Escrito por":"Edici\u00f3n Web","Tiempo de lectura":"1 minuto"},"schema":{"@context":"https:\/\/schema.org","@graph":[{"@type":"Article","@id":"https:\/\/canal7slp.tv\/2025\/deficit-de-maestros-en-el-sistema-educativo-estatal-regular\/#article","isPartOf":{"@id":"https:\/\/canal7slp.tv\/2025\/deficit-de-maestros-en-el-sistema-educativo-estatal-regular\/"},"author":{"name":"Edici\u00f3n Web","@id":"https:\/\/canal7slp.tv\/2025\/#\/schema\/person\/271e2b60a96e7cc9d9ac296f4d7e414b"},"headline":"D\u00e9ficit de maestros en el Sistema Educativo Estatal Regular","datePublished":"2025-02-04T00:35:16+00:00","mainEntityOfPage":{"@id":"https:\/\/canal7slp.tv\/2025\/deficit-de-maestros-en-el-sistema-educativo-estatal-regular\/"},"wordCount":125,"publisher":{"@id":"https:\/\/canal7slp.tv\/2025\/#organization"},"image":{"@id":"https:\/\/canal7slp.tv\/2025\/deficit-de-maestros-en-el-sistema-educativo-estatal-regular\/#primaryimage"},"thumbnailUrl":"https:\/\/canal7slp.tv\/2025\/wp-content\/uploads\/2025\/02\/Claudio03Chogono.jpg","articleSection":["DESTACADAS","GOBEDOSLP","LOCALES Y REGIONALES"],"inLanguage":"es"},{"@type":"WebPage","@id":"https:\/\/canal7slp.tv\/2025\/deficit-de-maestros-en-el-sistema-educativo-estatal-regular\/","url":"https:\/\/canal7slp.tv\/2025\/deficit-de-maestros-en-el-sistema-educativo-estatal-regular\/","name":"D\u00e9ficit de maestros en el Sistema Educativo Estatal Regular - Canal 7 SLP - 2025","isPartOf":{"@id":"https:\/\/canal7slp.tv\/2025\/#website"},"primaryImageOfPage":{"@id":"https:\/\/canal7slp.tv\/2025\/deficit-de-maestros-en-el-sistema-educativo-estatal-regular\/#primaryimage"},"image":{"@id":"https:\/\/canal7slp.tv\/2025\/deficit-de-maestros-en-el-sistema-educativo-estatal-regular\/#primaryimage"},"thumbnailUrl":"https:\/\/canal7slp.tv\/2025\/wp-content\/uploads\/2025\/02\/Claudio03Chogono.jpg","datePublished":"2025-02-04T00:35:16+00:00","breadcrumb":{"@id":"https:\/\/canal7slp.tv\/2025\/deficit-de-maestros-en-el-sistema-educativo-estatal-regular\/#breadcrumb"},"inLanguage":"es","potentialAction":[{"@type":"ReadAction","target":["https:\/\/canal7slp.tv\/2025\/deficit-de-maestros-en-el-sistema-educativo-estatal-regular\/"]}]},{"@type":"ImageObject","inLanguage":"es","@id":"https:\/\/canal7slp.tv\/2025\/deficit-de-maestros-en-el-sistema-educativo-estatal-regular\/#primaryimage","url":"https:\/\/canal7slp.tv\/2025\/wp-content\/uploads\/2025\/02\/Claudio03Chogono.jpg","contentUrl":"https:\/\/canal7slp.tv\/2025\/wp-content\/uploads\/2025\/02\/Claudio03Chogono.jpg","width":1280,"height":720},{"@type":"BreadcrumbList","@id":"https:\/\/canal7slp.tv\/2025\/deficit-de-maestros-en-el-sistema-educativo-estatal-regular\/#breadcrumb","itemListElement":[{"@type":"ListItem","position":1,"name":"Portada","item":"https:\/\/canal7slp.tv\/2025\/"},{"@type":"ListItem","position":2,"name":"D\u00e9ficit de maestros en el Sistema Educativo Estatal Regular"}]},{"@type":"WebSite","@id":"https:\/\/canal7slp.tv\/2025\/#website","url":"https:\/\/canal7slp.tv\/2025\/","name":"N7 - Noticieros Canal 7","description":"Somos el Medio","publisher":{"@id":"https:\/\/canal7slp.tv\/2025\/#organization"},"potentialAction":[{"@type":"SearchAction","target":{"@type":"EntryPoint","urlTemplate":"https:\/\/canal7slp.tv\/2025\/?s={search_term_string}"},"query-input":{"@type":"PropertyValueSpecification","valueRequired":true,"valueName":"search_term_string"}}],"inLanguage":"es"},{"@type":"Organization","@id":"https:\/\/canal7slp.tv\/2025\/#organization","name":"Noticieros Canal 7","url":"https:\/\/canal7slp.tv\/2025\/","logo":{"@type":"ImageObject","inLanguage":"es","@id":"https:\/\/canal7slp.tv\/2025\/#\/schema\/logo\/image\/","url":"https:\/\/canal7slp.tv\/2025\/wp-content\/uploads\/2021\/01\/logo-noticieros@2x.png","contentUrl":"https:\/\/canal7slp.tv\/2025\/wp-content\/uploads\/2021\/01\/logo-noticieros@2x.png","width":1017,"height":268,"caption":"Noticieros Canal 7"},"image":{"@id":"https:\/\/canal7slp.tv\/2025\/#\/schema\/logo\/image\/"},"sameAs":["https:\/\/www.facebook.com\/noticieroscanal7atencionciudadana\/","https:\/\/x.com\/NOTICIEROS7","https:\/\/www.instagram.com\/canal7_slp","https:\/\/www.youtube.com\/channel\/UCliiYs-gP3JfJeqdPrNdd5A"]},{"@type":"Person","@id":"https:\/\/canal7slp.tv\/2025\/#\/schema\/person\/271e2b60a96e7cc9d9ac296f4d7e414b","name":"Edici\u00f3n Web","image":{"@type":"ImageObject","inLanguage":"es","@id":"https:\/\/secure.gravatar.com\/avatar\/eee448fc3f7164808013b816ba91ac7e43bbe82a70bebac296f8bc6f0addaa1a?s=96&d=mm&r=g","url":"https:\/\/secure.gravatar.com\/avatar\/eee448fc3f7164808013b816ba91ac7e43bbe82a70bebac296f8bc6f0addaa1a?s=96&d=mm&r=g","contentUrl":"https:\/\/secure.gravatar.com\/avatar\/eee448fc3f7164808013b816ba91ac7e43bbe82a70bebac296f8bc6f0addaa1a?s=96&d=mm&r=g","caption":"Edici\u00f3n Web"},"url":"https:\/\/canal7slp.tv\/2025\/author\/edicionweb\/"}]}},"_links":{"self":[{"href":"https:\/\/canal7slp.tv\/2025\/wp-json\/wp\/v2\/posts\/156634","targetHints":{"allow":["GET"]}}],"collection":[{"href":"https:\/\/canal7slp.tv\/2025\/wp-json\/wp\/v2\/posts"}],"about":[{"href":"https:\/\/canal7slp.tv\/2025\/wp-json\/wp\/v2\/types\/post"}],"author":[{"embeddable":true,"href":"https:\/\/canal7slp.tv\/2025\/wp-json\/wp\/v2\/users\/2"}],"replies":[{"embeddable":true,"href":"https:\/\/canal7slp.tv\/2025\/wp-json\/wp\/v2\/comments?post=156634"}],"version-history":[{"count":2,"href":"https:\/\/canal7slp.tv\/2025\/wp-json\/wp\/v2\/posts\/156634\/revisions"}],"predecessor-version":[{"id":156662,"href":"https:\/\/canal7slp.tv\/2025\/wp-json\/wp\/v2\/posts\/156634\/revisions\/156662"}],"wp:featuredmedia":[{"embeddable":true,"href":"https:\/\/canal7slp.tv\/2025\/wp-json\/wp\/v2\/media\/156661"}],"wp:attachment":[{"href":"https:\/\/canal7slp.tv\/2025\/wp-json\/wp\/v2\/media?parent=156634"}],"wp:term":[{"taxonomy":"category","embeddable":true,"href":"https:\/\/canal7slp.tv\/2025\/wp-json\/wp\/v2\/categories?post=156634"},{"taxonomy":"post_tag","embeddable":true,"href":"https:\/\/canal7slp.tv\/2025\/wp-json\/wp\/v2\/tags?post=156634"}],"curies":[{"name":"wp","href":"https:\/\/api.w.org\/{rel}","templated":true}]}}