{"id":156549,"date":"2025-02-03T10:51:30","date_gmt":"2025-02-03T16:51:30","guid":{"rendered":"https:\/\/canal7slp.tv\/2025\/?p=156549"},"modified":"2025-02-03T11:01:22","modified_gmt":"2025-02-03T17:01:22","slug":"desde-cuidado-al-adulto-mayor-y-primeros-auxilios-hasta-gastronomia-y-belleza-entre-los-cursos-con-mayor-demanda-en-el-icat","status":"publish","type":"post","link":"https:\/\/canal7slp.tv\/2025\/desde-cuidado-al-adulto-mayor-y-primeros-auxilios-hasta-gastronomia-y-belleza-entre-los-cursos-con-mayor-demanda-en-el-icat\/","title":{"rendered":"Desde cuidado al adulto mayor y primeros auxilios; hasta gastronom\u00eda y belleza, entre los cursos con mayor demanda en el ICAT"},"content":{"rendered":"<p style=\"text-align: justify;\">Rioverde.-\u00a0El titular del Instituto de Capacitaci\u00f3n para el Trabajo (ICAT) de la Zona Media, Jos\u00e9 Matilde Noyola Correa, inform\u00f3 que han intensificado la promoci\u00f3n de cursos en los municipios de Rioverde, Ciudad Fern\u00e1ndez, Santa Catarina, Ray\u00f3n, C\u00e1rdenas, Lagunillas y San Ciro de Acosta.<\/p>\n<p style=\"text-align: justify;\">El director del ICAT explic\u00f3 que est\u00e1n visitando todos municipios de la regi\u00f3n media y han recibido una respuesta positiva de las autoridades municipales para impulsar la capacitaci\u00f3n.<\/p>\n<p style=\"text-align: justify;\">Mencion\u00f3 que actualmente, los cursos disponibles abarcan diversas \u00e1reas, como gastronom\u00eda, primeros auxilios, belleza y artesan\u00edas, adem\u00e1s de capacitaciones espec\u00edficas seg\u00fan las necesidades de cada comunidad.<\/p>\n<p style=\"text-align: justify;\">Expuso que, desde enero, se ha promovido especialmente el curso de cuidado del adulto mayor en casa, que seguir\u00e1 impartiendo en los pr\u00f3ximos meses.<\/p>\n<p style=\"text-align: justify;\">El funcionario indic\u00f3 que, aunque no se cuenta con cifras exactas de autoempleo, se estima que alrededor de 500 personas se capacitan constantemente en la regi\u00f3n, lo que les permite mejorar sus oportunidades laborales y contribuir al desarrollo econ\u00f3mico y personal.<\/p>\n<p style=\"text-align: justify;\">Por: X\u00f3chitl Morales Castro.<\/p>\n<p style=\"text-align: justify;\">\n","protected":false},"excerpt":{"rendered":"<p>Rioverde.-\u00a0El titular del Instituto de Capacitaci\u00f3n para el Trabajo (ICAT) de la Zona Media, Jos\u00e9 Matilde Noyola Correa, inform\u00f3 que han intensificado la promoci\u00f3n de cursos en los municipios de Rioverde, Ciudad Fern\u00e1ndez, Santa Catarina, Ray\u00f3n, C\u00e1rdenas, Lagunillas y San Ciro de Acosta. El director del ICAT explic\u00f3 que est\u00e1n visitando todos municipios de la regi\u00f3n media y han recibido una respuesta positiva de las autoridades municipales para impulsar la capacitaci\u00f3n. Mencion\u00f3 que actualmente, los cursos disponibles abarcan diversas \u00e1reas, como gastronom\u00eda, primeros auxilios, belleza y artesan\u00edas, adem\u00e1s de capacitaciones espec\u00edficas seg\u00fan las necesidades de cada comunidad. Expuso que, desde [&hellip;]<\/p>\n","protected":false},"author":2,"featured_media":156551,"comment_status":"closed","ping_status":"closed","sticky":false,"template":"","format":"video","meta":{"_monsterinsights_skip_tracking":false,"_monsterinsights_sitenote_active":false,"_monsterinsights_sitenote_note":"","_monsterinsights_sitenote_category":0,"footnotes":""},"categories":[746,5,43],"tags":[],"class_list":["post-156549","post","type-post","status-publish","format-video","has-post-thumbnail","hentry","category-ayorio","category-destacadas","category-interior","post_format-post-format-video","post--single"],"yoast_head":"<!-- This site is optimized with the Yoast SEO plugin v27.5 - https:\/\/yoast.com\/product\/yoast-seo-wordpress\/ -->\n<title>Desde cuidado al adulto mayor y primeros auxilios; hasta gastronom\u00eda y belleza, entre los cursos con mayor demanda en el ICAT - Canal 7 SLP - 2025<\/title>\n<meta name=\"robots\" content=\"index, follow, max-snippet:-1, max-image-preview:large, max-video-preview:-1\" \/>\n<link rel=\"canonical\" href=\"https:\/\/canal7slp.tv\/2025\/desde-cuidado-al-adulto-mayor-y-primeros-auxilios-hasta-gastronomia-y-belleza-entre-los-cursos-con-mayor-demanda-en-el-icat\/\" \/>\n<meta property=\"og:locale\" content=\"es_ES\" \/>\n<meta property=\"og:type\" content=\"article\" \/>\n<meta property=\"og:title\" content=\"Desde cuidado al adulto mayor y primeros auxilios; hasta gastronom\u00eda y belleza, entre los cursos con mayor demanda en el ICAT - Canal 7 SLP - 2025\" \/>\n<meta property=\"og:description\" content=\"Rioverde.-\u00a0El titular del Instituto de Capacitaci\u00f3n para el Trabajo (ICAT) de la Zona Media, Jos\u00e9 Matilde Noyola Correa, inform\u00f3 que han intensificado la promoci\u00f3n de cursos en los municipios de Rioverde, Ciudad Fern\u00e1ndez, Santa Catarina, Ray\u00f3n, C\u00e1rdenas, Lagunillas y San Ciro de Acosta. El director del ICAT explic\u00f3 que est\u00e1n visitando todos municipios de la regi\u00f3n media y han recibido una respuesta positiva de las autoridades municipales para impulsar la capacitaci\u00f3n. Mencion\u00f3 que actualmente, los cursos disponibles abarcan diversas \u00e1reas, como gastronom\u00eda, primeros auxilios, belleza y artesan\u00edas, adem\u00e1s de capacitaciones espec\u00edficas seg\u00fan las necesidades de cada comunidad. Expuso que, desde [&hellip;]\" \/>\n<meta property=\"og:url\" content=\"https:\/\/canal7slp.tv\/2025\/desde-cuidado-al-adulto-mayor-y-primeros-auxilios-hasta-gastronomia-y-belleza-entre-los-cursos-con-mayor-demanda-en-el-icat\/\" \/>\n<meta property=\"og:site_name\" content=\"Canal 7 SLP - 2025\" \/>\n<meta property=\"article:publisher\" content=\"https:\/\/www.facebook.com\/noticieroscanal7atencionciudadana\/\" \/>\n<meta property=\"article:published_time\" content=\"2025-02-03T16:51:30+00:00\" \/>\n<meta property=\"article:modified_time\" content=\"2025-02-03T17:01:22+00:00\" \/>\n<meta property=\"og:image\" content=\"https:\/\/canal7slp.tv\/2025\/wp-content\/uploads\/2025\/02\/Xochi01ICAT.jpg\" \/>\n\t<meta property=\"og:image:width\" content=\"1920\" \/>\n\t<meta property=\"og:image:height\" content=\"1080\" \/>\n\t<meta property=\"og:image:type\" content=\"image\/jpeg\" \/>\n<meta name=\"author\" content=\"Edici\u00f3n Web\" \/>\n<meta name=\"twitter:card\" content=\"summary_large_image\" \/>\n<meta name=\"twitter:creator\" content=\"@NOTICIEROS7\" \/>\n<meta name=\"twitter:site\" content=\"@NOTICIEROS7\" \/>\n<meta name=\"twitter:label1\" content=\"Escrito por\" \/>\n\t<meta name=\"twitter:data1\" content=\"Edici\u00f3n Web\" \/>\n\t<meta name=\"twitter:label2\" content=\"Tiempo de lectura\" \/>\n\t<meta name=\"twitter:data2\" content=\"1 minuto\" \/>\n<script type=\"application\/ld+json\" class=\"yoast-schema-graph\">{\"@context\":\"https:\\\/\\\/schema.org\",\"@graph\":[{\"@type\":\"Article\",\"@id\":\"https:\\\/\\\/canal7slp.tv\\\/2025\\\/desde-cuidado-al-adulto-mayor-y-primeros-auxilios-hasta-gastronomia-y-belleza-entre-los-cursos-con-mayor-demanda-en-el-icat\\\/#article\",\"isPartOf\":{\"@id\":\"https:\\\/\\\/canal7slp.tv\\\/2025\\\/desde-cuidado-al-adulto-mayor-y-primeros-auxilios-hasta-gastronomia-y-belleza-entre-los-cursos-con-mayor-demanda-en-el-icat\\\/\"},\"author\":{\"name\":\"Edici\u00f3n Web\",\"@id\":\"https:\\\/\\\/canal7slp.tv\\\/2025\\\/#\\\/schema\\\/person\\\/271e2b60a96e7cc9d9ac296f4d7e414b\"},\"headline\":\"Desde cuidado al adulto mayor y primeros auxilios; hasta gastronom\u00eda y belleza, entre los cursos con mayor demanda en el ICAT\",\"datePublished\":\"2025-02-03T16:51:30+00:00\",\"dateModified\":\"2025-02-03T17:01:22+00:00\",\"mainEntityOfPage\":{\"@id\":\"https:\\\/\\\/canal7slp.tv\\\/2025\\\/desde-cuidado-al-adulto-mayor-y-primeros-auxilios-hasta-gastronomia-y-belleza-entre-los-cursos-con-mayor-demanda-en-el-icat\\\/\"},\"wordCount\":206,\"publisher\":{\"@id\":\"https:\\\/\\\/canal7slp.tv\\\/2025\\\/#organization\"},\"image\":{\"@id\":\"https:\\\/\\\/canal7slp.tv\\\/2025\\\/desde-cuidado-al-adulto-mayor-y-primeros-auxilios-hasta-gastronomia-y-belleza-entre-los-cursos-con-mayor-demanda-en-el-icat\\\/#primaryimage\"},\"thumbnailUrl\":\"https:\\\/\\\/canal7slp.tv\\\/2025\\\/wp-content\\\/uploads\\\/2025\\\/02\\\/Xochi01ICAT.jpg\",\"articleSection\":[\"AYORIO\",\"DESTACADAS\",\"INTERIOR DEL ESTADO\"],\"inLanguage\":\"es\"},{\"@type\":\"WebPage\",\"@id\":\"https:\\\/\\\/canal7slp.tv\\\/2025\\\/desde-cuidado-al-adulto-mayor-y-primeros-auxilios-hasta-gastronomia-y-belleza-entre-los-cursos-con-mayor-demanda-en-el-icat\\\/\",\"url\":\"https:\\\/\\\/canal7slp.tv\\\/2025\\\/desde-cuidado-al-adulto-mayor-y-primeros-auxilios-hasta-gastronomia-y-belleza-entre-los-cursos-con-mayor-demanda-en-el-icat\\\/\",\"name\":\"Desde cuidado al adulto mayor y primeros auxilios; hasta gastronom\u00eda y belleza, entre los cursos con mayor demanda en el ICAT - Canal 7 SLP - 2025\",\"isPartOf\":{\"@id\":\"https:\\\/\\\/canal7slp.tv\\\/2025\\\/#website\"},\"primaryImageOfPage\":{\"@id\":\"https:\\\/\\\/canal7slp.tv\\\/2025\\\/desde-cuidado-al-adulto-mayor-y-primeros-auxilios-hasta-gastronomia-y-belleza-entre-los-cursos-con-mayor-demanda-en-el-icat\\\/#primaryimage\"},\"image\":{\"@id\":\"https:\\\/\\\/canal7slp.tv\\\/2025\\\/desde-cuidado-al-adulto-mayor-y-primeros-auxilios-hasta-gastronomia-y-belleza-entre-los-cursos-con-mayor-demanda-en-el-icat\\\/#primaryimage\"},\"thumbnailUrl\":\"https:\\\/\\\/canal7slp.tv\\\/2025\\\/wp-content\\\/uploads\\\/2025\\\/02\\\/Xochi01ICAT.jpg\",\"datePublished\":\"2025-02-03T16:51:30+00:00\",\"dateModified\":\"2025-02-03T17:01:22+00:00\",\"breadcrumb\":{\"@id\":\"https:\\\/\\\/canal7slp.tv\\\/2025\\\/desde-cuidado-al-adulto-mayor-y-primeros-auxilios-hasta-gastronomia-y-belleza-entre-los-cursos-con-mayor-demanda-en-el-icat\\\/#breadcrumb\"},\"inLanguage\":\"es\",\"potentialAction\":[{\"@type\":\"ReadAction\",\"target\":[\"https:\\\/\\\/canal7slp.tv\\\/2025\\\/desde-cuidado-al-adulto-mayor-y-primeros-auxilios-hasta-gastronomia-y-belleza-entre-los-cursos-con-mayor-demanda-en-el-icat\\\/\"]}]},{\"@type\":\"ImageObject\",\"inLanguage\":\"es\",\"@id\":\"https:\\\/\\\/canal7slp.tv\\\/2025\\\/desde-cuidado-al-adulto-mayor-y-primeros-auxilios-hasta-gastronomia-y-belleza-entre-los-cursos-con-mayor-demanda-en-el-icat\\\/#primaryimage\",\"url\":\"https:\\\/\\\/canal7slp.tv\\\/2025\\\/wp-content\\\/uploads\\\/2025\\\/02\\\/Xochi01ICAT.jpg\",\"contentUrl\":\"https:\\\/\\\/canal7slp.tv\\\/2025\\\/wp-content\\\/uploads\\\/2025\\\/02\\\/Xochi01ICAT.jpg\",\"width\":1920,\"height\":1080},{\"@type\":\"BreadcrumbList\",\"@id\":\"https:\\\/\\\/canal7slp.tv\\\/2025\\\/desde-cuidado-al-adulto-mayor-y-primeros-auxilios-hasta-gastronomia-y-belleza-entre-los-cursos-con-mayor-demanda-en-el-icat\\\/#breadcrumb\",\"itemListElement\":[{\"@type\":\"ListItem\",\"position\":1,\"name\":\"Portada\",\"item\":\"https:\\\/\\\/canal7slp.tv\\\/2025\\\/\"},{\"@type\":\"ListItem\",\"position\":2,\"name\":\"Desde cuidado al adulto mayor y primeros auxilios; hasta gastronom\u00eda y belleza, entre los cursos con mayor demanda en el ICAT\"}]},{\"@type\":\"WebSite\",\"@id\":\"https:\\\/\\\/canal7slp.tv\\\/2025\\\/#website\",\"url\":\"https:\\\/\\\/canal7slp.tv\\\/2025\\\/\",\"name\":\"N7 - Noticieros Canal 7\",\"description\":\"Somos el Medio\",\"publisher\":{\"@id\":\"https:\\\/\\\/canal7slp.tv\\\/2025\\\/#organization\"},\"potentialAction\":[{\"@type\":\"SearchAction\",\"target\":{\"@type\":\"EntryPoint\",\"urlTemplate\":\"https:\\\/\\\/canal7slp.tv\\\/2025\\\/?s={search_term_string}\"},\"query-input\":{\"@type\":\"PropertyValueSpecification\",\"valueRequired\":true,\"valueName\":\"search_term_string\"}}],\"inLanguage\":\"es\"},{\"@type\":\"Organization\",\"@id\":\"https:\\\/\\\/canal7slp.tv\\\/2025\\\/#organization\",\"name\":\"Noticieros Canal 7\",\"url\":\"https:\\\/\\\/canal7slp.tv\\\/2025\\\/\",\"logo\":{\"@type\":\"ImageObject\",\"inLanguage\":\"es\",\"@id\":\"https:\\\/\\\/canal7slp.tv\\\/2025\\\/#\\\/schema\\\/logo\\\/image\\\/\",\"url\":\"https:\\\/\\\/canal7slp.tv\\\/2025\\\/wp-content\\\/uploads\\\/2021\\\/01\\\/logo-noticieros@2x.png\",\"contentUrl\":\"https:\\\/\\\/canal7slp.tv\\\/2025\\\/wp-content\\\/uploads\\\/2021\\\/01\\\/logo-noticieros@2x.png\",\"width\":1017,\"height\":268,\"caption\":\"Noticieros Canal 7\"},\"image\":{\"@id\":\"https:\\\/\\\/canal7slp.tv\\\/2025\\\/#\\\/schema\\\/logo\\\/image\\\/\"},\"sameAs\":[\"https:\\\/\\\/www.facebook.com\\\/noticieroscanal7atencionciudadana\\\/\",\"https:\\\/\\\/x.com\\\/NOTICIEROS7\",\"https:\\\/\\\/www.instagram.com\\\/canal7_slp\",\"https:\\\/\\\/www.youtube.com\\\/channel\\\/UCliiYs-gP3JfJeqdPrNdd5A\"]},{\"@type\":\"Person\",\"@id\":\"https:\\\/\\\/canal7slp.tv\\\/2025\\\/#\\\/schema\\\/person\\\/271e2b60a96e7cc9d9ac296f4d7e414b\",\"name\":\"Edici\u00f3n Web\",\"image\":{\"@type\":\"ImageObject\",\"inLanguage\":\"es\",\"@id\":\"https:\\\/\\\/secure.gravatar.com\\\/avatar\\\/eee448fc3f7164808013b816ba91ac7e43bbe82a70bebac296f8bc6f0addaa1a?s=96&d=mm&r=g\",\"url\":\"https:\\\/\\\/secure.gravatar.com\\\/avatar\\\/eee448fc3f7164808013b816ba91ac7e43bbe82a70bebac296f8bc6f0addaa1a?s=96&d=mm&r=g\",\"contentUrl\":\"https:\\\/\\\/secure.gravatar.com\\\/avatar\\\/eee448fc3f7164808013b816ba91ac7e43bbe82a70bebac296f8bc6f0addaa1a?s=96&d=mm&r=g\",\"caption\":\"Edici\u00f3n Web\"},\"url\":\"https:\\\/\\\/canal7slp.tv\\\/2025\\\/author\\\/edicionweb\\\/\"}]}<\/script>\n<!-- \/ Yoast SEO plugin. -->","yoast_head_json":{"title":"Desde cuidado al adulto mayor y primeros auxilios; hasta gastronom\u00eda y belleza, entre los cursos con mayor demanda en el ICAT - Canal 7 SLP - 2025","robots":{"index":"index","follow":"follow","max-snippet":"max-snippet:-1","max-image-preview":"max-image-preview:large","max-video-preview":"max-video-preview:-1"},"canonical":"https:\/\/canal7slp.tv\/2025\/desde-cuidado-al-adulto-mayor-y-primeros-auxilios-hasta-gastronomia-y-belleza-entre-los-cursos-con-mayor-demanda-en-el-icat\/","og_locale":"es_ES","og_type":"article","og_title":"Desde cuidado al adulto mayor y primeros auxilios; hasta gastronom\u00eda y belleza, entre los cursos con mayor demanda en el ICAT - Canal 7 SLP - 2025","og_description":"Rioverde.-\u00a0El titular del Instituto de Capacitaci\u00f3n para el Trabajo (ICAT) de la Zona Media, Jos\u00e9 Matilde Noyola Correa, inform\u00f3 que han intensificado la promoci\u00f3n de cursos en los municipios de Rioverde, Ciudad Fern\u00e1ndez, Santa Catarina, Ray\u00f3n, C\u00e1rdenas, Lagunillas y San Ciro de Acosta. El director del ICAT explic\u00f3 que est\u00e1n visitando todos municipios de la regi\u00f3n media y han recibido una respuesta positiva de las autoridades municipales para impulsar la capacitaci\u00f3n. Mencion\u00f3 que actualmente, los cursos disponibles abarcan diversas \u00e1reas, como gastronom\u00eda, primeros auxilios, belleza y artesan\u00edas, adem\u00e1s de capacitaciones espec\u00edficas seg\u00fan las necesidades de cada comunidad. Expuso que, desde [&hellip;]","og_url":"https:\/\/canal7slp.tv\/2025\/desde-cuidado-al-adulto-mayor-y-primeros-auxilios-hasta-gastronomia-y-belleza-entre-los-cursos-con-mayor-demanda-en-el-icat\/","og_site_name":"Canal 7 SLP - 2025","article_publisher":"https:\/\/www.facebook.com\/noticieroscanal7atencionciudadana\/","article_published_time":"2025-02-03T16:51:30+00:00","article_modified_time":"2025-02-03T17:01:22+00:00","og_image":[{"width":1920,"height":1080,"url":"https:\/\/canal7slp.tv\/2025\/wp-content\/uploads\/2025\/02\/Xochi01ICAT.jpg","type":"image\/jpeg"}],"author":"Edici\u00f3n Web","twitter_card":"summary_large_image","twitter_creator":"@NOTICIEROS7","twitter_site":"@NOTICIEROS7","twitter_misc":{"Escrito por":"Edici\u00f3n Web","Tiempo de lectura":"1 minuto"},"schema":{"@context":"https:\/\/schema.org","@graph":[{"@type":"Article","@id":"https:\/\/canal7slp.tv\/2025\/desde-cuidado-al-adulto-mayor-y-primeros-auxilios-hasta-gastronomia-y-belleza-entre-los-cursos-con-mayor-demanda-en-el-icat\/#article","isPartOf":{"@id":"https:\/\/canal7slp.tv\/2025\/desde-cuidado-al-adulto-mayor-y-primeros-auxilios-hasta-gastronomia-y-belleza-entre-los-cursos-con-mayor-demanda-en-el-icat\/"},"author":{"name":"Edici\u00f3n Web","@id":"https:\/\/canal7slp.tv\/2025\/#\/schema\/person\/271e2b60a96e7cc9d9ac296f4d7e414b"},"headline":"Desde cuidado al adulto mayor y primeros auxilios; hasta gastronom\u00eda y belleza, entre los cursos con mayor demanda en el ICAT","datePublished":"2025-02-03T16:51:30+00:00","dateModified":"2025-02-03T17:01:22+00:00","mainEntityOfPage":{"@id":"https:\/\/canal7slp.tv\/2025\/desde-cuidado-al-adulto-mayor-y-primeros-auxilios-hasta-gastronomia-y-belleza-entre-los-cursos-con-mayor-demanda-en-el-icat\/"},"wordCount":206,"publisher":{"@id":"https:\/\/canal7slp.tv\/2025\/#organization"},"image":{"@id":"https:\/\/canal7slp.tv\/2025\/desde-cuidado-al-adulto-mayor-y-primeros-auxilios-hasta-gastronomia-y-belleza-entre-los-cursos-con-mayor-demanda-en-el-icat\/#primaryimage"},"thumbnailUrl":"https:\/\/canal7slp.tv\/2025\/wp-content\/uploads\/2025\/02\/Xochi01ICAT.jpg","articleSection":["AYORIO","DESTACADAS","INTERIOR DEL ESTADO"],"inLanguage":"es"},{"@type":"WebPage","@id":"https:\/\/canal7slp.tv\/2025\/desde-cuidado-al-adulto-mayor-y-primeros-auxilios-hasta-gastronomia-y-belleza-entre-los-cursos-con-mayor-demanda-en-el-icat\/","url":"https:\/\/canal7slp.tv\/2025\/desde-cuidado-al-adulto-mayor-y-primeros-auxilios-hasta-gastronomia-y-belleza-entre-los-cursos-con-mayor-demanda-en-el-icat\/","name":"Desde cuidado al adulto mayor y primeros auxilios; hasta gastronom\u00eda y belleza, entre los cursos con mayor demanda en el ICAT - Canal 7 SLP - 2025","isPartOf":{"@id":"https:\/\/canal7slp.tv\/2025\/#website"},"primaryImageOfPage":{"@id":"https:\/\/canal7slp.tv\/2025\/desde-cuidado-al-adulto-mayor-y-primeros-auxilios-hasta-gastronomia-y-belleza-entre-los-cursos-con-mayor-demanda-en-el-icat\/#primaryimage"},"image":{"@id":"https:\/\/canal7slp.tv\/2025\/desde-cuidado-al-adulto-mayor-y-primeros-auxilios-hasta-gastronomia-y-belleza-entre-los-cursos-con-mayor-demanda-en-el-icat\/#primaryimage"},"thumbnailUrl":"https:\/\/canal7slp.tv\/2025\/wp-content\/uploads\/2025\/02\/Xochi01ICAT.jpg","datePublished":"2025-02-03T16:51:30+00:00","dateModified":"2025-02-03T17:01:22+00:00","breadcrumb":{"@id":"https:\/\/canal7slp.tv\/2025\/desde-cuidado-al-adulto-mayor-y-primeros-auxilios-hasta-gastronomia-y-belleza-entre-los-cursos-con-mayor-demanda-en-el-icat\/#breadcrumb"},"inLanguage":"es","potentialAction":[{"@type":"ReadAction","target":["https:\/\/canal7slp.tv\/2025\/desde-cuidado-al-adulto-mayor-y-primeros-auxilios-hasta-gastronomia-y-belleza-entre-los-cursos-con-mayor-demanda-en-el-icat\/"]}]},{"@type":"ImageObject","inLanguage":"es","@id":"https:\/\/canal7slp.tv\/2025\/desde-cuidado-al-adulto-mayor-y-primeros-auxilios-hasta-gastronomia-y-belleza-entre-los-cursos-con-mayor-demanda-en-el-icat\/#primaryimage","url":"https:\/\/canal7slp.tv\/2025\/wp-content\/uploads\/2025\/02\/Xochi01ICAT.jpg","contentUrl":"https:\/\/canal7slp.tv\/2025\/wp-content\/uploads\/2025\/02\/Xochi01ICAT.jpg","width":1920,"height":1080},{"@type":"BreadcrumbList","@id":"https:\/\/canal7slp.tv\/2025\/desde-cuidado-al-adulto-mayor-y-primeros-auxilios-hasta-gastronomia-y-belleza-entre-los-cursos-con-mayor-demanda-en-el-icat\/#breadcrumb","itemListElement":[{"@type":"ListItem","position":1,"name":"Portada","item":"https:\/\/canal7slp.tv\/2025\/"},{"@type":"ListItem","position":2,"name":"Desde cuidado al adulto mayor y primeros auxilios; hasta gastronom\u00eda y belleza, entre los cursos con mayor demanda en el ICAT"}]},{"@type":"WebSite","@id":"https:\/\/canal7slp.tv\/2025\/#website","url":"https:\/\/canal7slp.tv\/2025\/","name":"N7 - Noticieros Canal 7","description":"Somos el Medio","publisher":{"@id":"https:\/\/canal7slp.tv\/2025\/#organization"},"potentialAction":[{"@type":"SearchAction","target":{"@type":"EntryPoint","urlTemplate":"https:\/\/canal7slp.tv\/2025\/?s={search_term_string}"},"query-input":{"@type":"PropertyValueSpecification","valueRequired":true,"valueName":"search_term_string"}}],"inLanguage":"es"},{"@type":"Organization","@id":"https:\/\/canal7slp.tv\/2025\/#organization","name":"Noticieros Canal 7","url":"https:\/\/canal7slp.tv\/2025\/","logo":{"@type":"ImageObject","inLanguage":"es","@id":"https:\/\/canal7slp.tv\/2025\/#\/schema\/logo\/image\/","url":"https:\/\/canal7slp.tv\/2025\/wp-content\/uploads\/2021\/01\/logo-noticieros@2x.png","contentUrl":"https:\/\/canal7slp.tv\/2025\/wp-content\/uploads\/2021\/01\/logo-noticieros@2x.png","width":1017,"height":268,"caption":"Noticieros Canal 7"},"image":{"@id":"https:\/\/canal7slp.tv\/2025\/#\/schema\/logo\/image\/"},"sameAs":["https:\/\/www.facebook.com\/noticieroscanal7atencionciudadana\/","https:\/\/x.com\/NOTICIEROS7","https:\/\/www.instagram.com\/canal7_slp","https:\/\/www.youtube.com\/channel\/UCliiYs-gP3JfJeqdPrNdd5A"]},{"@type":"Person","@id":"https:\/\/canal7slp.tv\/2025\/#\/schema\/person\/271e2b60a96e7cc9d9ac296f4d7e414b","name":"Edici\u00f3n Web","image":{"@type":"ImageObject","inLanguage":"es","@id":"https:\/\/secure.gravatar.com\/avatar\/eee448fc3f7164808013b816ba91ac7e43bbe82a70bebac296f8bc6f0addaa1a?s=96&d=mm&r=g","url":"https:\/\/secure.gravatar.com\/avatar\/eee448fc3f7164808013b816ba91ac7e43bbe82a70bebac296f8bc6f0addaa1a?s=96&d=mm&r=g","contentUrl":"https:\/\/secure.gravatar.com\/avatar\/eee448fc3f7164808013b816ba91ac7e43bbe82a70bebac296f8bc6f0addaa1a?s=96&d=mm&r=g","caption":"Edici\u00f3n Web"},"url":"https:\/\/canal7slp.tv\/2025\/author\/edicionweb\/"}]}},"_links":{"self":[{"href":"https:\/\/canal7slp.tv\/2025\/wp-json\/wp\/v2\/posts\/156549","targetHints":{"allow":["GET"]}}],"collection":[{"href":"https:\/\/canal7slp.tv\/2025\/wp-json\/wp\/v2\/posts"}],"about":[{"href":"https:\/\/canal7slp.tv\/2025\/wp-json\/wp\/v2\/types\/post"}],"author":[{"embeddable":true,"href":"https:\/\/canal7slp.tv\/2025\/wp-json\/wp\/v2\/users\/2"}],"replies":[{"embeddable":true,"href":"https:\/\/canal7slp.tv\/2025\/wp-json\/wp\/v2\/comments?post=156549"}],"version-history":[{"count":2,"href":"https:\/\/canal7slp.tv\/2025\/wp-json\/wp\/v2\/posts\/156549\/revisions"}],"predecessor-version":[{"id":156552,"href":"https:\/\/canal7slp.tv\/2025\/wp-json\/wp\/v2\/posts\/156549\/revisions\/156552"}],"wp:featuredmedia":[{"embeddable":true,"href":"https:\/\/canal7slp.tv\/2025\/wp-json\/wp\/v2\/media\/156551"}],"wp:attachment":[{"href":"https:\/\/canal7slp.tv\/2025\/wp-json\/wp\/v2\/media?parent=156549"}],"wp:term":[{"taxonomy":"category","embeddable":true,"href":"https:\/\/canal7slp.tv\/2025\/wp-json\/wp\/v2\/categories?post=156549"},{"taxonomy":"post_tag","embeddable":true,"href":"https:\/\/canal7slp.tv\/2025\/wp-json\/wp\/v2\/tags?post=156549"}],"curies":[{"name":"wp","href":"https:\/\/api.w.org\/{rel}","templated":true}]}}