{"id":156547,"date":"2025-02-03T11:08:39","date_gmt":"2025-02-03T17:08:39","guid":{"rendered":"https:\/\/canal7slp.tv\/2025\/?p=156547"},"modified":"2025-02-03T11:08:39","modified_gmt":"2025-02-03T17:08:39","slug":"tragico-accidente-cobra-la-vida-de-motociclista-en-la-carretera-libre-rioverde-slp","status":"publish","type":"post","link":"https:\/\/canal7slp.tv\/2025\/tragico-accidente-cobra-la-vida-de-motociclista-en-la-carretera-libre-rioverde-slp\/","title":{"rendered":"Tr\u00e1gico accidente cobra la vida de motociclista en la carretera libre Rioverde-SLP"},"content":{"rendered":"<p style=\"text-align: justify;\">Rioverde.-\u00a0Un motociclista del llamado club \u201cZona Biker\u201d de la capital, perdi\u00f3 la vida este domingo en un accidente en el kil\u00f3metro 204 de la carretera libre Rioverde-San Luis Potos\u00ed, a la altura de Santa Catarina.<\/p>\n<p style=\"text-align: justify;\">El impacto dej\u00f3 el cuerpo del motociclista a un costado de la cinta asf\u00e1ltica. Aunque sus compa\u00f1eros lo identificaron, las autoridades a\u00fan no han revelado su identidad oficialmente.<\/p>\n<p style=\"text-align: justify;\">Despu\u00e9s de algunas horas elementos de la fiscal\u00eda general en Rioverde realizaron el levantamiento del cuerpo e iniciaron las investigaciones.<\/p>\n<p style=\"text-align: justify;\">Este accidente y otro m\u00e1s suscitado el mismo d\u00eda, en similares circunstancias, d\u00f3nde afortunadamente no hubo v\u00edctimas que lamentar, evidencia la falta de conciencia y precauci\u00f3n al transitar en la carretera libre Rioverde-San Luis.<\/p>\n<p style=\"text-align: justify;\">Las autoridades y la comunidad hacen un llamado de manera constante a reforzar la seguridad vial, respetar los l\u00edmites de velocidad y conducir con responsabilidad para prevenir m\u00e1s p\u00e9rdidas humanas.<\/p>\n<p style=\"text-align: justify;\">Por: X\u00f3chitl Morales Castro.<\/p>\n","protected":false},"excerpt":{"rendered":"<p>Rioverde.-\u00a0Un motociclista del llamado club \u201cZona Biker\u201d de la capital, perdi\u00f3 la vida este domingo en un accidente en el kil\u00f3metro 204 de la carretera libre Rioverde-San Luis Potos\u00ed, a la altura de Santa Catarina. El impacto dej\u00f3 el cuerpo del motociclista a un costado de la cinta asf\u00e1ltica. Aunque sus compa\u00f1eros lo identificaron, las autoridades a\u00fan no han revelado su identidad oficialmente. Despu\u00e9s de algunas horas elementos de la fiscal\u00eda general en Rioverde realizaron el levantamiento del cuerpo e iniciaron las investigaciones. Este accidente y otro m\u00e1s suscitado el mismo d\u00eda, en similares circunstancias, d\u00f3nde afortunadamente no hubo v\u00edctimas [&hellip;]<\/p>\n","protected":false},"author":2,"featured_media":156560,"comment_status":"closed","ping_status":"closed","sticky":false,"template":"","format":"video","meta":{"_monsterinsights_skip_tracking":false,"_monsterinsights_sitenote_active":false,"_monsterinsights_sitenote_note":"","_monsterinsights_sitenote_category":0,"footnotes":""},"categories":[746,5,43],"tags":[],"class_list":["post-156547","post","type-post","status-publish","format-video","has-post-thumbnail","hentry","category-ayorio","category-destacadas","category-interior","post_format-post-format-video","post--single"],"yoast_head":"<!-- This site is optimized with the Yoast SEO plugin v27.5 - https:\/\/yoast.com\/product\/yoast-seo-wordpress\/ -->\n<title>Tr\u00e1gico accidente cobra la vida de motociclista en la carretera libre Rioverde-SLP - Canal 7 SLP - 2025<\/title>\n<meta name=\"robots\" content=\"index, follow, max-snippet:-1, max-image-preview:large, max-video-preview:-1\" \/>\n<link rel=\"canonical\" href=\"https:\/\/canal7slp.tv\/2025\/tragico-accidente-cobra-la-vida-de-motociclista-en-la-carretera-libre-rioverde-slp\/\" \/>\n<meta property=\"og:locale\" content=\"es_ES\" \/>\n<meta property=\"og:type\" content=\"article\" \/>\n<meta property=\"og:title\" content=\"Tr\u00e1gico accidente cobra la vida de motociclista en la carretera libre Rioverde-SLP - Canal 7 SLP - 2025\" \/>\n<meta property=\"og:description\" content=\"Rioverde.-\u00a0Un motociclista del llamado club \u201cZona Biker\u201d de la capital, perdi\u00f3 la vida este domingo en un accidente en el kil\u00f3metro 204 de la carretera libre Rioverde-San Luis Potos\u00ed, a la altura de Santa Catarina. El impacto dej\u00f3 el cuerpo del motociclista a un costado de la cinta asf\u00e1ltica. Aunque sus compa\u00f1eros lo identificaron, las autoridades a\u00fan no han revelado su identidad oficialmente. Despu\u00e9s de algunas horas elementos de la fiscal\u00eda general en Rioverde realizaron el levantamiento del cuerpo e iniciaron las investigaciones. Este accidente y otro m\u00e1s suscitado el mismo d\u00eda, en similares circunstancias, d\u00f3nde afortunadamente no hubo v\u00edctimas [&hellip;]\" \/>\n<meta property=\"og:url\" content=\"https:\/\/canal7slp.tv\/2025\/tragico-accidente-cobra-la-vida-de-motociclista-en-la-carretera-libre-rioverde-slp\/\" \/>\n<meta property=\"og:site_name\" content=\"Canal 7 SLP - 2025\" \/>\n<meta property=\"article:publisher\" content=\"https:\/\/www.facebook.com\/noticieroscanal7atencionciudadana\/\" \/>\n<meta property=\"article:published_time\" content=\"2025-02-03T17:08:39+00:00\" \/>\n<meta property=\"og:image\" content=\"https:\/\/canal7slp.tv\/2025\/wp-content\/uploads\/2025\/02\/Xochi03Motociclista.jpg\" \/>\n\t<meta property=\"og:image:width\" content=\"1920\" \/>\n\t<meta property=\"og:image:height\" content=\"1080\" \/>\n\t<meta property=\"og:image:type\" content=\"image\/jpeg\" \/>\n<meta name=\"author\" content=\"Edici\u00f3n Web\" \/>\n<meta name=\"twitter:card\" content=\"summary_large_image\" \/>\n<meta name=\"twitter:creator\" content=\"@NOTICIEROS7\" \/>\n<meta name=\"twitter:site\" content=\"@NOTICIEROS7\" \/>\n<meta name=\"twitter:label1\" content=\"Escrito por\" \/>\n\t<meta name=\"twitter:data1\" content=\"Edici\u00f3n Web\" \/>\n\t<meta name=\"twitter:label2\" content=\"Tiempo de lectura\" \/>\n\t<meta name=\"twitter:data2\" content=\"1 minuto\" \/>\n<script type=\"application\/ld+json\" class=\"yoast-schema-graph\">{\"@context\":\"https:\\\/\\\/schema.org\",\"@graph\":[{\"@type\":\"Article\",\"@id\":\"https:\\\/\\\/canal7slp.tv\\\/2025\\\/tragico-accidente-cobra-la-vida-de-motociclista-en-la-carretera-libre-rioverde-slp\\\/#article\",\"isPartOf\":{\"@id\":\"https:\\\/\\\/canal7slp.tv\\\/2025\\\/tragico-accidente-cobra-la-vida-de-motociclista-en-la-carretera-libre-rioverde-slp\\\/\"},\"author\":{\"name\":\"Edici\u00f3n Web\",\"@id\":\"https:\\\/\\\/canal7slp.tv\\\/2025\\\/#\\\/schema\\\/person\\\/271e2b60a96e7cc9d9ac296f4d7e414b\"},\"headline\":\"Tr\u00e1gico accidente cobra la vida de motociclista en la carretera libre Rioverde-SLP\",\"datePublished\":\"2025-02-03T17:08:39+00:00\",\"mainEntityOfPage\":{\"@id\":\"https:\\\/\\\/canal7slp.tv\\\/2025\\\/tragico-accidente-cobra-la-vida-de-motociclista-en-la-carretera-libre-rioverde-slp\\\/\"},\"wordCount\":180,\"publisher\":{\"@id\":\"https:\\\/\\\/canal7slp.tv\\\/2025\\\/#organization\"},\"image\":{\"@id\":\"https:\\\/\\\/canal7slp.tv\\\/2025\\\/tragico-accidente-cobra-la-vida-de-motociclista-en-la-carretera-libre-rioverde-slp\\\/#primaryimage\"},\"thumbnailUrl\":\"https:\\\/\\\/canal7slp.tv\\\/2025\\\/wp-content\\\/uploads\\\/2025\\\/02\\\/Xochi03Motociclista.jpg\",\"articleSection\":[\"AYORIO\",\"DESTACADAS\",\"INTERIOR DEL ESTADO\"],\"inLanguage\":\"es\"},{\"@type\":\"WebPage\",\"@id\":\"https:\\\/\\\/canal7slp.tv\\\/2025\\\/tragico-accidente-cobra-la-vida-de-motociclista-en-la-carretera-libre-rioverde-slp\\\/\",\"url\":\"https:\\\/\\\/canal7slp.tv\\\/2025\\\/tragico-accidente-cobra-la-vida-de-motociclista-en-la-carretera-libre-rioverde-slp\\\/\",\"name\":\"Tr\u00e1gico accidente cobra la vida de motociclista en la carretera libre Rioverde-SLP - Canal 7 SLP - 2025\",\"isPartOf\":{\"@id\":\"https:\\\/\\\/canal7slp.tv\\\/2025\\\/#website\"},\"primaryImageOfPage\":{\"@id\":\"https:\\\/\\\/canal7slp.tv\\\/2025\\\/tragico-accidente-cobra-la-vida-de-motociclista-en-la-carretera-libre-rioverde-slp\\\/#primaryimage\"},\"image\":{\"@id\":\"https:\\\/\\\/canal7slp.tv\\\/2025\\\/tragico-accidente-cobra-la-vida-de-motociclista-en-la-carretera-libre-rioverde-slp\\\/#primaryimage\"},\"thumbnailUrl\":\"https:\\\/\\\/canal7slp.tv\\\/2025\\\/wp-content\\\/uploads\\\/2025\\\/02\\\/Xochi03Motociclista.jpg\",\"datePublished\":\"2025-02-03T17:08:39+00:00\",\"breadcrumb\":{\"@id\":\"https:\\\/\\\/canal7slp.tv\\\/2025\\\/tragico-accidente-cobra-la-vida-de-motociclista-en-la-carretera-libre-rioverde-slp\\\/#breadcrumb\"},\"inLanguage\":\"es\",\"potentialAction\":[{\"@type\":\"ReadAction\",\"target\":[\"https:\\\/\\\/canal7slp.tv\\\/2025\\\/tragico-accidente-cobra-la-vida-de-motociclista-en-la-carretera-libre-rioverde-slp\\\/\"]}]},{\"@type\":\"ImageObject\",\"inLanguage\":\"es\",\"@id\":\"https:\\\/\\\/canal7slp.tv\\\/2025\\\/tragico-accidente-cobra-la-vida-de-motociclista-en-la-carretera-libre-rioverde-slp\\\/#primaryimage\",\"url\":\"https:\\\/\\\/canal7slp.tv\\\/2025\\\/wp-content\\\/uploads\\\/2025\\\/02\\\/Xochi03Motociclista.jpg\",\"contentUrl\":\"https:\\\/\\\/canal7slp.tv\\\/2025\\\/wp-content\\\/uploads\\\/2025\\\/02\\\/Xochi03Motociclista.jpg\",\"width\":1920,\"height\":1080},{\"@type\":\"BreadcrumbList\",\"@id\":\"https:\\\/\\\/canal7slp.tv\\\/2025\\\/tragico-accidente-cobra-la-vida-de-motociclista-en-la-carretera-libre-rioverde-slp\\\/#breadcrumb\",\"itemListElement\":[{\"@type\":\"ListItem\",\"position\":1,\"name\":\"Portada\",\"item\":\"https:\\\/\\\/canal7slp.tv\\\/2025\\\/\"},{\"@type\":\"ListItem\",\"position\":2,\"name\":\"Tr\u00e1gico accidente cobra la vida de motociclista en la carretera libre Rioverde-SLP\"}]},{\"@type\":\"WebSite\",\"@id\":\"https:\\\/\\\/canal7slp.tv\\\/2025\\\/#website\",\"url\":\"https:\\\/\\\/canal7slp.tv\\\/2025\\\/\",\"name\":\"N7 - Noticieros Canal 7\",\"description\":\"Somos el Medio\",\"publisher\":{\"@id\":\"https:\\\/\\\/canal7slp.tv\\\/2025\\\/#organization\"},\"potentialAction\":[{\"@type\":\"SearchAction\",\"target\":{\"@type\":\"EntryPoint\",\"urlTemplate\":\"https:\\\/\\\/canal7slp.tv\\\/2025\\\/?s={search_term_string}\"},\"query-input\":{\"@type\":\"PropertyValueSpecification\",\"valueRequired\":true,\"valueName\":\"search_term_string\"}}],\"inLanguage\":\"es\"},{\"@type\":\"Organization\",\"@id\":\"https:\\\/\\\/canal7slp.tv\\\/2025\\\/#organization\",\"name\":\"Noticieros Canal 7\",\"url\":\"https:\\\/\\\/canal7slp.tv\\\/2025\\\/\",\"logo\":{\"@type\":\"ImageObject\",\"inLanguage\":\"es\",\"@id\":\"https:\\\/\\\/canal7slp.tv\\\/2025\\\/#\\\/schema\\\/logo\\\/image\\\/\",\"url\":\"https:\\\/\\\/canal7slp.tv\\\/2025\\\/wp-content\\\/uploads\\\/2021\\\/01\\\/logo-noticieros@2x.png\",\"contentUrl\":\"https:\\\/\\\/canal7slp.tv\\\/2025\\\/wp-content\\\/uploads\\\/2021\\\/01\\\/logo-noticieros@2x.png\",\"width\":1017,\"height\":268,\"caption\":\"Noticieros Canal 7\"},\"image\":{\"@id\":\"https:\\\/\\\/canal7slp.tv\\\/2025\\\/#\\\/schema\\\/logo\\\/image\\\/\"},\"sameAs\":[\"https:\\\/\\\/www.facebook.com\\\/noticieroscanal7atencionciudadana\\\/\",\"https:\\\/\\\/x.com\\\/NOTICIEROS7\",\"https:\\\/\\\/www.instagram.com\\\/canal7_slp\",\"https:\\\/\\\/www.youtube.com\\\/channel\\\/UCliiYs-gP3JfJeqdPrNdd5A\"]},{\"@type\":\"Person\",\"@id\":\"https:\\\/\\\/canal7slp.tv\\\/2025\\\/#\\\/schema\\\/person\\\/271e2b60a96e7cc9d9ac296f4d7e414b\",\"name\":\"Edici\u00f3n Web\",\"image\":{\"@type\":\"ImageObject\",\"inLanguage\":\"es\",\"@id\":\"https:\\\/\\\/secure.gravatar.com\\\/avatar\\\/eee448fc3f7164808013b816ba91ac7e43bbe82a70bebac296f8bc6f0addaa1a?s=96&d=mm&r=g\",\"url\":\"https:\\\/\\\/secure.gravatar.com\\\/avatar\\\/eee448fc3f7164808013b816ba91ac7e43bbe82a70bebac296f8bc6f0addaa1a?s=96&d=mm&r=g\",\"contentUrl\":\"https:\\\/\\\/secure.gravatar.com\\\/avatar\\\/eee448fc3f7164808013b816ba91ac7e43bbe82a70bebac296f8bc6f0addaa1a?s=96&d=mm&r=g\",\"caption\":\"Edici\u00f3n Web\"},\"url\":\"https:\\\/\\\/canal7slp.tv\\\/2025\\\/author\\\/edicionweb\\\/\"}]}<\/script>\n<!-- \/ Yoast SEO plugin. -->","yoast_head_json":{"title":"Tr\u00e1gico accidente cobra la vida de motociclista en la carretera libre Rioverde-SLP - Canal 7 SLP - 2025","robots":{"index":"index","follow":"follow","max-snippet":"max-snippet:-1","max-image-preview":"max-image-preview:large","max-video-preview":"max-video-preview:-1"},"canonical":"https:\/\/canal7slp.tv\/2025\/tragico-accidente-cobra-la-vida-de-motociclista-en-la-carretera-libre-rioverde-slp\/","og_locale":"es_ES","og_type":"article","og_title":"Tr\u00e1gico accidente cobra la vida de motociclista en la carretera libre Rioverde-SLP - Canal 7 SLP - 2025","og_description":"Rioverde.-\u00a0Un motociclista del llamado club \u201cZona Biker\u201d de la capital, perdi\u00f3 la vida este domingo en un accidente en el kil\u00f3metro 204 de la carretera libre Rioverde-San Luis Potos\u00ed, a la altura de Santa Catarina. El impacto dej\u00f3 el cuerpo del motociclista a un costado de la cinta asf\u00e1ltica. Aunque sus compa\u00f1eros lo identificaron, las autoridades a\u00fan no han revelado su identidad oficialmente. Despu\u00e9s de algunas horas elementos de la fiscal\u00eda general en Rioverde realizaron el levantamiento del cuerpo e iniciaron las investigaciones. Este accidente y otro m\u00e1s suscitado el mismo d\u00eda, en similares circunstancias, d\u00f3nde afortunadamente no hubo v\u00edctimas [&hellip;]","og_url":"https:\/\/canal7slp.tv\/2025\/tragico-accidente-cobra-la-vida-de-motociclista-en-la-carretera-libre-rioverde-slp\/","og_site_name":"Canal 7 SLP - 2025","article_publisher":"https:\/\/www.facebook.com\/noticieroscanal7atencionciudadana\/","article_published_time":"2025-02-03T17:08:39+00:00","og_image":[{"width":1920,"height":1080,"url":"https:\/\/canal7slp.tv\/2025\/wp-content\/uploads\/2025\/02\/Xochi03Motociclista.jpg","type":"image\/jpeg"}],"author":"Edici\u00f3n Web","twitter_card":"summary_large_image","twitter_creator":"@NOTICIEROS7","twitter_site":"@NOTICIEROS7","twitter_misc":{"Escrito por":"Edici\u00f3n Web","Tiempo de lectura":"1 minuto"},"schema":{"@context":"https:\/\/schema.org","@graph":[{"@type":"Article","@id":"https:\/\/canal7slp.tv\/2025\/tragico-accidente-cobra-la-vida-de-motociclista-en-la-carretera-libre-rioverde-slp\/#article","isPartOf":{"@id":"https:\/\/canal7slp.tv\/2025\/tragico-accidente-cobra-la-vida-de-motociclista-en-la-carretera-libre-rioverde-slp\/"},"author":{"name":"Edici\u00f3n Web","@id":"https:\/\/canal7slp.tv\/2025\/#\/schema\/person\/271e2b60a96e7cc9d9ac296f4d7e414b"},"headline":"Tr\u00e1gico accidente cobra la vida de motociclista en la carretera libre Rioverde-SLP","datePublished":"2025-02-03T17:08:39+00:00","mainEntityOfPage":{"@id":"https:\/\/canal7slp.tv\/2025\/tragico-accidente-cobra-la-vida-de-motociclista-en-la-carretera-libre-rioverde-slp\/"},"wordCount":180,"publisher":{"@id":"https:\/\/canal7slp.tv\/2025\/#organization"},"image":{"@id":"https:\/\/canal7slp.tv\/2025\/tragico-accidente-cobra-la-vida-de-motociclista-en-la-carretera-libre-rioverde-slp\/#primaryimage"},"thumbnailUrl":"https:\/\/canal7slp.tv\/2025\/wp-content\/uploads\/2025\/02\/Xochi03Motociclista.jpg","articleSection":["AYORIO","DESTACADAS","INTERIOR DEL ESTADO"],"inLanguage":"es"},{"@type":"WebPage","@id":"https:\/\/canal7slp.tv\/2025\/tragico-accidente-cobra-la-vida-de-motociclista-en-la-carretera-libre-rioverde-slp\/","url":"https:\/\/canal7slp.tv\/2025\/tragico-accidente-cobra-la-vida-de-motociclista-en-la-carretera-libre-rioverde-slp\/","name":"Tr\u00e1gico accidente cobra la vida de motociclista en la carretera libre Rioverde-SLP - Canal 7 SLP - 2025","isPartOf":{"@id":"https:\/\/canal7slp.tv\/2025\/#website"},"primaryImageOfPage":{"@id":"https:\/\/canal7slp.tv\/2025\/tragico-accidente-cobra-la-vida-de-motociclista-en-la-carretera-libre-rioverde-slp\/#primaryimage"},"image":{"@id":"https:\/\/canal7slp.tv\/2025\/tragico-accidente-cobra-la-vida-de-motociclista-en-la-carretera-libre-rioverde-slp\/#primaryimage"},"thumbnailUrl":"https:\/\/canal7slp.tv\/2025\/wp-content\/uploads\/2025\/02\/Xochi03Motociclista.jpg","datePublished":"2025-02-03T17:08:39+00:00","breadcrumb":{"@id":"https:\/\/canal7slp.tv\/2025\/tragico-accidente-cobra-la-vida-de-motociclista-en-la-carretera-libre-rioverde-slp\/#breadcrumb"},"inLanguage":"es","potentialAction":[{"@type":"ReadAction","target":["https:\/\/canal7slp.tv\/2025\/tragico-accidente-cobra-la-vida-de-motociclista-en-la-carretera-libre-rioverde-slp\/"]}]},{"@type":"ImageObject","inLanguage":"es","@id":"https:\/\/canal7slp.tv\/2025\/tragico-accidente-cobra-la-vida-de-motociclista-en-la-carretera-libre-rioverde-slp\/#primaryimage","url":"https:\/\/canal7slp.tv\/2025\/wp-content\/uploads\/2025\/02\/Xochi03Motociclista.jpg","contentUrl":"https:\/\/canal7slp.tv\/2025\/wp-content\/uploads\/2025\/02\/Xochi03Motociclista.jpg","width":1920,"height":1080},{"@type":"BreadcrumbList","@id":"https:\/\/canal7slp.tv\/2025\/tragico-accidente-cobra-la-vida-de-motociclista-en-la-carretera-libre-rioverde-slp\/#breadcrumb","itemListElement":[{"@type":"ListItem","position":1,"name":"Portada","item":"https:\/\/canal7slp.tv\/2025\/"},{"@type":"ListItem","position":2,"name":"Tr\u00e1gico accidente cobra la vida de motociclista en la carretera libre Rioverde-SLP"}]},{"@type":"WebSite","@id":"https:\/\/canal7slp.tv\/2025\/#website","url":"https:\/\/canal7slp.tv\/2025\/","name":"N7 - Noticieros Canal 7","description":"Somos el Medio","publisher":{"@id":"https:\/\/canal7slp.tv\/2025\/#organization"},"potentialAction":[{"@type":"SearchAction","target":{"@type":"EntryPoint","urlTemplate":"https:\/\/canal7slp.tv\/2025\/?s={search_term_string}"},"query-input":{"@type":"PropertyValueSpecification","valueRequired":true,"valueName":"search_term_string"}}],"inLanguage":"es"},{"@type":"Organization","@id":"https:\/\/canal7slp.tv\/2025\/#organization","name":"Noticieros Canal 7","url":"https:\/\/canal7slp.tv\/2025\/","logo":{"@type":"ImageObject","inLanguage":"es","@id":"https:\/\/canal7slp.tv\/2025\/#\/schema\/logo\/image\/","url":"https:\/\/canal7slp.tv\/2025\/wp-content\/uploads\/2021\/01\/logo-noticieros@2x.png","contentUrl":"https:\/\/canal7slp.tv\/2025\/wp-content\/uploads\/2021\/01\/logo-noticieros@2x.png","width":1017,"height":268,"caption":"Noticieros Canal 7"},"image":{"@id":"https:\/\/canal7slp.tv\/2025\/#\/schema\/logo\/image\/"},"sameAs":["https:\/\/www.facebook.com\/noticieroscanal7atencionciudadana\/","https:\/\/x.com\/NOTICIEROS7","https:\/\/www.instagram.com\/canal7_slp","https:\/\/www.youtube.com\/channel\/UCliiYs-gP3JfJeqdPrNdd5A"]},{"@type":"Person","@id":"https:\/\/canal7slp.tv\/2025\/#\/schema\/person\/271e2b60a96e7cc9d9ac296f4d7e414b","name":"Edici\u00f3n Web","image":{"@type":"ImageObject","inLanguage":"es","@id":"https:\/\/secure.gravatar.com\/avatar\/eee448fc3f7164808013b816ba91ac7e43bbe82a70bebac296f8bc6f0addaa1a?s=96&d=mm&r=g","url":"https:\/\/secure.gravatar.com\/avatar\/eee448fc3f7164808013b816ba91ac7e43bbe82a70bebac296f8bc6f0addaa1a?s=96&d=mm&r=g","contentUrl":"https:\/\/secure.gravatar.com\/avatar\/eee448fc3f7164808013b816ba91ac7e43bbe82a70bebac296f8bc6f0addaa1a?s=96&d=mm&r=g","caption":"Edici\u00f3n Web"},"url":"https:\/\/canal7slp.tv\/2025\/author\/edicionweb\/"}]}},"_links":{"self":[{"href":"https:\/\/canal7slp.tv\/2025\/wp-json\/wp\/v2\/posts\/156547","targetHints":{"allow":["GET"]}}],"collection":[{"href":"https:\/\/canal7slp.tv\/2025\/wp-json\/wp\/v2\/posts"}],"about":[{"href":"https:\/\/canal7slp.tv\/2025\/wp-json\/wp\/v2\/types\/post"}],"author":[{"embeddable":true,"href":"https:\/\/canal7slp.tv\/2025\/wp-json\/wp\/v2\/users\/2"}],"replies":[{"embeddable":true,"href":"https:\/\/canal7slp.tv\/2025\/wp-json\/wp\/v2\/comments?post=156547"}],"version-history":[{"count":2,"href":"https:\/\/canal7slp.tv\/2025\/wp-json\/wp\/v2\/posts\/156547\/revisions"}],"predecessor-version":[{"id":156561,"href":"https:\/\/canal7slp.tv\/2025\/wp-json\/wp\/v2\/posts\/156547\/revisions\/156561"}],"wp:featuredmedia":[{"embeddable":true,"href":"https:\/\/canal7slp.tv\/2025\/wp-json\/wp\/v2\/media\/156560"}],"wp:attachment":[{"href":"https:\/\/canal7slp.tv\/2025\/wp-json\/wp\/v2\/media?parent=156547"}],"wp:term":[{"taxonomy":"category","embeddable":true,"href":"https:\/\/canal7slp.tv\/2025\/wp-json\/wp\/v2\/categories?post=156547"},{"taxonomy":"post_tag","embeddable":true,"href":"https:\/\/canal7slp.tv\/2025\/wp-json\/wp\/v2\/tags?post=156547"}],"curies":[{"name":"wp","href":"https:\/\/api.w.org\/{rel}","templated":true}]}}