{"id":156464,"date":"2025-02-02T13:14:14","date_gmt":"2025-02-02T19:14:14","guid":{"rendered":"https:\/\/canal7slp.tv\/2025\/?p=156464"},"modified":"2025-02-02T13:14:14","modified_gmt":"2025-02-02T19:14:14","slug":"netanyahu-no-enviara-delegacion-a-doha-hasta-reunirse-con-trump","status":"publish","type":"post","link":"https:\/\/canal7slp.tv\/2025\/netanyahu-no-enviara-delegacion-a-doha-hasta-reunirse-con-trump\/","title":{"rendered":"Netanyahu no enviar\u00e1 delegaci\u00f3n a Doha hasta reunirse con Trump"},"content":{"rendered":"<p style=\"text-align: justify;\">\n<p style=\"text-align: justify;\">Jerusal\u00e9n.- A pesar de lo acordado, Israel no enviar\u00e1 una delegaci\u00f3n a Doha para iniciar las conversaciones indirectas con Ham\u00e1s, programadas para ma\u00f1ana, seg\u00fan confirm\u00f3 un funcionario israel\u00ed. Aunque no habr\u00e1 un viaje oficial, la fuente asegur\u00f3 que las partes y los mediadores siguen en comunicaci\u00f3n y que las discusiones sobre la segunda fase del alto al fuego han comenzado de alguna manera.<\/p>\n<p style=\"text-align: justify;\">El l\u00edder de Ham\u00e1s, Mahmud Mardawi, reconoci\u00f3 el retraso y se\u00f1al\u00f3 que el equipo negociador de Benjam\u00edn Netanyahu espera la posici\u00f3n del presidente estadounidense, Donald Trump, antes de avanzar. Destac\u00f3, adem\u00e1s, que esta etapa es crucial para poner fin a la guerra y establecer un plan de reconstrucci\u00f3n.<\/p>\n<p style=\"text-align: justify;\">Seg\u00fan el diario israel\u00ed Walla, Netanyahu cancel\u00f3 una reuni\u00f3n con altos funcionarios de seguridad y negociadores. Se informa que el primer ministro no enviar\u00e1 una delegaci\u00f3n hasta reunirse con Trump, con quien se ver\u00e1 en Washington el martes.<\/p>\n<p style=\"text-align: justify;\">Pese a la ausencia de negociadores israel\u00edes, Netanyahu planea discutir el proceso con el enviado de Trump, Steve Witkoff, para definir los pr\u00f3ximos pasos en las negociaciones y programar futuras reuniones. Witkoff tambi\u00e9n sostendr\u00e1 encuentros con el primer ministro de Catar y representantes egipcios para evaluar el avance del alto al fuego.<\/p>\n<p style=\"text-align: justify;\">El primer ministro catar\u00ed, Mohamed Bin Abdulrahman, inst\u00f3 a las partes a comprometerse con las negociaciones, subrayando que el intercambio de rehenes y prisioneros es clave para el fin del conflicto. Adem\u00e1s, expres\u00f3 su preocupaci\u00f3n por un posible estancamiento en las conversaciones sobre la segunda fase del acuerdo de alto al fuego, el cual establece que las negociaciones deben comenzar ma\u00f1ana conforme a los t\u00e9rminos acordados.<\/p>\n<p style=\"text-align: justify;\">\n","protected":false},"excerpt":{"rendered":"<p>Jerusal\u00e9n.- A pesar de lo acordado, Israel no enviar\u00e1 una delegaci\u00f3n a Doha para iniciar las conversaciones indirectas con Ham\u00e1s, programadas para ma\u00f1ana, seg\u00fan confirm\u00f3 un funcionario israel\u00ed. Aunque no habr\u00e1 un viaje oficial, la fuente asegur\u00f3 que las partes y los mediadores siguen en comunicaci\u00f3n y que las discusiones sobre la segunda fase del alto al fuego han comenzado de alguna manera. El l\u00edder de Ham\u00e1s, Mahmud Mardawi, reconoci\u00f3 el retraso y se\u00f1al\u00f3 que el equipo negociador de Benjam\u00edn Netanyahu espera la posici\u00f3n del presidente estadounidense, Donald Trump, antes de avanzar. Destac\u00f3, adem\u00e1s, que esta etapa es crucial para [&hellip;]<\/p>\n","protected":false},"author":2,"featured_media":156465,"comment_status":"closed","ping_status":"closed","sticky":false,"template":"","format":"standard","meta":{"_monsterinsights_skip_tracking":false,"_monsterinsights_sitenote_active":false,"_monsterinsights_sitenote_note":"","_monsterinsights_sitenote_category":0,"footnotes":""},"categories":[44],"tags":[],"class_list":["post-156464","post","type-post","status-publish","format-standard","has-post-thumbnail","hentry","category-internacional","post--single"],"yoast_head":"<!-- This site is optimized with the Yoast SEO plugin v27.5 - https:\/\/yoast.com\/product\/yoast-seo-wordpress\/ -->\n<title>Netanyahu no enviar\u00e1 delegaci\u00f3n a Doha hasta reunirse con Trump - Canal 7 SLP - 2025<\/title>\n<meta name=\"robots\" content=\"index, follow, max-snippet:-1, max-image-preview:large, max-video-preview:-1\" \/>\n<link rel=\"canonical\" href=\"https:\/\/canal7slp.tv\/2025\/netanyahu-no-enviara-delegacion-a-doha-hasta-reunirse-con-trump\/\" \/>\n<meta property=\"og:locale\" content=\"es_ES\" \/>\n<meta property=\"og:type\" content=\"article\" \/>\n<meta property=\"og:title\" content=\"Netanyahu no enviar\u00e1 delegaci\u00f3n a Doha hasta reunirse con Trump - Canal 7 SLP - 2025\" \/>\n<meta property=\"og:description\" content=\"Jerusal\u00e9n.- A pesar de lo acordado, Israel no enviar\u00e1 una delegaci\u00f3n a Doha para iniciar las conversaciones indirectas con Ham\u00e1s, programadas para ma\u00f1ana, seg\u00fan confirm\u00f3 un funcionario israel\u00ed. Aunque no habr\u00e1 un viaje oficial, la fuente asegur\u00f3 que las partes y los mediadores siguen en comunicaci\u00f3n y que las discusiones sobre la segunda fase del alto al fuego han comenzado de alguna manera. El l\u00edder de Ham\u00e1s, Mahmud Mardawi, reconoci\u00f3 el retraso y se\u00f1al\u00f3 que el equipo negociador de Benjam\u00edn Netanyahu espera la posici\u00f3n del presidente estadounidense, Donald Trump, antes de avanzar. Destac\u00f3, adem\u00e1s, que esta etapa es crucial para [&hellip;]\" \/>\n<meta property=\"og:url\" content=\"https:\/\/canal7slp.tv\/2025\/netanyahu-no-enviara-delegacion-a-doha-hasta-reunirse-con-trump\/\" \/>\n<meta property=\"og:site_name\" content=\"Canal 7 SLP - 2025\" \/>\n<meta property=\"article:publisher\" content=\"https:\/\/www.facebook.com\/noticieroscanal7atencionciudadana\/\" \/>\n<meta property=\"article:published_time\" content=\"2025-02-02T19:14:14+00:00\" \/>\n<meta property=\"og:image\" content=\"https:\/\/canal7slp.tv\/2025\/wp-content\/uploads\/2025\/02\/04-1.jpg\" \/>\n\t<meta property=\"og:image:width\" content=\"800\" \/>\n\t<meta property=\"og:image:height\" content=\"500\" \/>\n\t<meta property=\"og:image:type\" content=\"image\/jpeg\" \/>\n<meta name=\"author\" content=\"Edici\u00f3n Web\" \/>\n<meta name=\"twitter:card\" content=\"summary_large_image\" \/>\n<meta name=\"twitter:creator\" content=\"@NOTICIEROS7\" \/>\n<meta name=\"twitter:site\" content=\"@NOTICIEROS7\" \/>\n<meta name=\"twitter:label1\" content=\"Escrito por\" \/>\n\t<meta name=\"twitter:data1\" content=\"Edici\u00f3n Web\" \/>\n\t<meta name=\"twitter:label2\" content=\"Tiempo de lectura\" \/>\n\t<meta name=\"twitter:data2\" content=\"2 minutos\" \/>\n<script type=\"application\/ld+json\" class=\"yoast-schema-graph\">{\"@context\":\"https:\\\/\\\/schema.org\",\"@graph\":[{\"@type\":\"Article\",\"@id\":\"https:\\\/\\\/canal7slp.tv\\\/2025\\\/netanyahu-no-enviara-delegacion-a-doha-hasta-reunirse-con-trump\\\/#article\",\"isPartOf\":{\"@id\":\"https:\\\/\\\/canal7slp.tv\\\/2025\\\/netanyahu-no-enviara-delegacion-a-doha-hasta-reunirse-con-trump\\\/\"},\"author\":{\"name\":\"Edici\u00f3n Web\",\"@id\":\"https:\\\/\\\/canal7slp.tv\\\/2025\\\/#\\\/schema\\\/person\\\/271e2b60a96e7cc9d9ac296f4d7e414b\"},\"headline\":\"Netanyahu no enviar\u00e1 delegaci\u00f3n a Doha hasta reunirse con Trump\",\"datePublished\":\"2025-02-02T19:14:14+00:00\",\"mainEntityOfPage\":{\"@id\":\"https:\\\/\\\/canal7slp.tv\\\/2025\\\/netanyahu-no-enviara-delegacion-a-doha-hasta-reunirse-con-trump\\\/\"},\"wordCount\":302,\"publisher\":{\"@id\":\"https:\\\/\\\/canal7slp.tv\\\/2025\\\/#organization\"},\"image\":{\"@id\":\"https:\\\/\\\/canal7slp.tv\\\/2025\\\/netanyahu-no-enviara-delegacion-a-doha-hasta-reunirse-con-trump\\\/#primaryimage\"},\"thumbnailUrl\":\"https:\\\/\\\/canal7slp.tv\\\/2025\\\/wp-content\\\/uploads\\\/2025\\\/02\\\/04-1.jpg\",\"articleSection\":[\"INTERNACIONALES\"],\"inLanguage\":\"es\"},{\"@type\":\"WebPage\",\"@id\":\"https:\\\/\\\/canal7slp.tv\\\/2025\\\/netanyahu-no-enviara-delegacion-a-doha-hasta-reunirse-con-trump\\\/\",\"url\":\"https:\\\/\\\/canal7slp.tv\\\/2025\\\/netanyahu-no-enviara-delegacion-a-doha-hasta-reunirse-con-trump\\\/\",\"name\":\"Netanyahu no enviar\u00e1 delegaci\u00f3n a Doha hasta reunirse con Trump - Canal 7 SLP - 2025\",\"isPartOf\":{\"@id\":\"https:\\\/\\\/canal7slp.tv\\\/2025\\\/#website\"},\"primaryImageOfPage\":{\"@id\":\"https:\\\/\\\/canal7slp.tv\\\/2025\\\/netanyahu-no-enviara-delegacion-a-doha-hasta-reunirse-con-trump\\\/#primaryimage\"},\"image\":{\"@id\":\"https:\\\/\\\/canal7slp.tv\\\/2025\\\/netanyahu-no-enviara-delegacion-a-doha-hasta-reunirse-con-trump\\\/#primaryimage\"},\"thumbnailUrl\":\"https:\\\/\\\/canal7slp.tv\\\/2025\\\/wp-content\\\/uploads\\\/2025\\\/02\\\/04-1.jpg\",\"datePublished\":\"2025-02-02T19:14:14+00:00\",\"breadcrumb\":{\"@id\":\"https:\\\/\\\/canal7slp.tv\\\/2025\\\/netanyahu-no-enviara-delegacion-a-doha-hasta-reunirse-con-trump\\\/#breadcrumb\"},\"inLanguage\":\"es\",\"potentialAction\":[{\"@type\":\"ReadAction\",\"target\":[\"https:\\\/\\\/canal7slp.tv\\\/2025\\\/netanyahu-no-enviara-delegacion-a-doha-hasta-reunirse-con-trump\\\/\"]}]},{\"@type\":\"ImageObject\",\"inLanguage\":\"es\",\"@id\":\"https:\\\/\\\/canal7slp.tv\\\/2025\\\/netanyahu-no-enviara-delegacion-a-doha-hasta-reunirse-con-trump\\\/#primaryimage\",\"url\":\"https:\\\/\\\/canal7slp.tv\\\/2025\\\/wp-content\\\/uploads\\\/2025\\\/02\\\/04-1.jpg\",\"contentUrl\":\"https:\\\/\\\/canal7slp.tv\\\/2025\\\/wp-content\\\/uploads\\\/2025\\\/02\\\/04-1.jpg\",\"width\":800,\"height\":500},{\"@type\":\"BreadcrumbList\",\"@id\":\"https:\\\/\\\/canal7slp.tv\\\/2025\\\/netanyahu-no-enviara-delegacion-a-doha-hasta-reunirse-con-trump\\\/#breadcrumb\",\"itemListElement\":[{\"@type\":\"ListItem\",\"position\":1,\"name\":\"Portada\",\"item\":\"https:\\\/\\\/canal7slp.tv\\\/2025\\\/\"},{\"@type\":\"ListItem\",\"position\":2,\"name\":\"Netanyahu no enviar\u00e1 delegaci\u00f3n a Doha hasta reunirse con Trump\"}]},{\"@type\":\"WebSite\",\"@id\":\"https:\\\/\\\/canal7slp.tv\\\/2025\\\/#website\",\"url\":\"https:\\\/\\\/canal7slp.tv\\\/2025\\\/\",\"name\":\"N7 - Noticieros Canal 7\",\"description\":\"Somos el Medio\",\"publisher\":{\"@id\":\"https:\\\/\\\/canal7slp.tv\\\/2025\\\/#organization\"},\"potentialAction\":[{\"@type\":\"SearchAction\",\"target\":{\"@type\":\"EntryPoint\",\"urlTemplate\":\"https:\\\/\\\/canal7slp.tv\\\/2025\\\/?s={search_term_string}\"},\"query-input\":{\"@type\":\"PropertyValueSpecification\",\"valueRequired\":true,\"valueName\":\"search_term_string\"}}],\"inLanguage\":\"es\"},{\"@type\":\"Organization\",\"@id\":\"https:\\\/\\\/canal7slp.tv\\\/2025\\\/#organization\",\"name\":\"Noticieros Canal 7\",\"url\":\"https:\\\/\\\/canal7slp.tv\\\/2025\\\/\",\"logo\":{\"@type\":\"ImageObject\",\"inLanguage\":\"es\",\"@id\":\"https:\\\/\\\/canal7slp.tv\\\/2025\\\/#\\\/schema\\\/logo\\\/image\\\/\",\"url\":\"https:\\\/\\\/canal7slp.tv\\\/2025\\\/wp-content\\\/uploads\\\/2021\\\/01\\\/logo-noticieros@2x.png\",\"contentUrl\":\"https:\\\/\\\/canal7slp.tv\\\/2025\\\/wp-content\\\/uploads\\\/2021\\\/01\\\/logo-noticieros@2x.png\",\"width\":1017,\"height\":268,\"caption\":\"Noticieros Canal 7\"},\"image\":{\"@id\":\"https:\\\/\\\/canal7slp.tv\\\/2025\\\/#\\\/schema\\\/logo\\\/image\\\/\"},\"sameAs\":[\"https:\\\/\\\/www.facebook.com\\\/noticieroscanal7atencionciudadana\\\/\",\"https:\\\/\\\/x.com\\\/NOTICIEROS7\",\"https:\\\/\\\/www.instagram.com\\\/canal7_slp\",\"https:\\\/\\\/www.youtube.com\\\/channel\\\/UCliiYs-gP3JfJeqdPrNdd5A\"]},{\"@type\":\"Person\",\"@id\":\"https:\\\/\\\/canal7slp.tv\\\/2025\\\/#\\\/schema\\\/person\\\/271e2b60a96e7cc9d9ac296f4d7e414b\",\"name\":\"Edici\u00f3n Web\",\"image\":{\"@type\":\"ImageObject\",\"inLanguage\":\"es\",\"@id\":\"https:\\\/\\\/secure.gravatar.com\\\/avatar\\\/eee448fc3f7164808013b816ba91ac7e43bbe82a70bebac296f8bc6f0addaa1a?s=96&d=mm&r=g\",\"url\":\"https:\\\/\\\/secure.gravatar.com\\\/avatar\\\/eee448fc3f7164808013b816ba91ac7e43bbe82a70bebac296f8bc6f0addaa1a?s=96&d=mm&r=g\",\"contentUrl\":\"https:\\\/\\\/secure.gravatar.com\\\/avatar\\\/eee448fc3f7164808013b816ba91ac7e43bbe82a70bebac296f8bc6f0addaa1a?s=96&d=mm&r=g\",\"caption\":\"Edici\u00f3n Web\"},\"url\":\"https:\\\/\\\/canal7slp.tv\\\/2025\\\/author\\\/edicionweb\\\/\"}]}<\/script>\n<!-- \/ Yoast SEO plugin. -->","yoast_head_json":{"title":"Netanyahu no enviar\u00e1 delegaci\u00f3n a Doha hasta reunirse con Trump - Canal 7 SLP - 2025","robots":{"index":"index","follow":"follow","max-snippet":"max-snippet:-1","max-image-preview":"max-image-preview:large","max-video-preview":"max-video-preview:-1"},"canonical":"https:\/\/canal7slp.tv\/2025\/netanyahu-no-enviara-delegacion-a-doha-hasta-reunirse-con-trump\/","og_locale":"es_ES","og_type":"article","og_title":"Netanyahu no enviar\u00e1 delegaci\u00f3n a Doha hasta reunirse con Trump - Canal 7 SLP - 2025","og_description":"Jerusal\u00e9n.- A pesar de lo acordado, Israel no enviar\u00e1 una delegaci\u00f3n a Doha para iniciar las conversaciones indirectas con Ham\u00e1s, programadas para ma\u00f1ana, seg\u00fan confirm\u00f3 un funcionario israel\u00ed. Aunque no habr\u00e1 un viaje oficial, la fuente asegur\u00f3 que las partes y los mediadores siguen en comunicaci\u00f3n y que las discusiones sobre la segunda fase del alto al fuego han comenzado de alguna manera. El l\u00edder de Ham\u00e1s, Mahmud Mardawi, reconoci\u00f3 el retraso y se\u00f1al\u00f3 que el equipo negociador de Benjam\u00edn Netanyahu espera la posici\u00f3n del presidente estadounidense, Donald Trump, antes de avanzar. Destac\u00f3, adem\u00e1s, que esta etapa es crucial para [&hellip;]","og_url":"https:\/\/canal7slp.tv\/2025\/netanyahu-no-enviara-delegacion-a-doha-hasta-reunirse-con-trump\/","og_site_name":"Canal 7 SLP - 2025","article_publisher":"https:\/\/www.facebook.com\/noticieroscanal7atencionciudadana\/","article_published_time":"2025-02-02T19:14:14+00:00","og_image":[{"width":800,"height":500,"url":"https:\/\/canal7slp.tv\/2025\/wp-content\/uploads\/2025\/02\/04-1.jpg","type":"image\/jpeg"}],"author":"Edici\u00f3n Web","twitter_card":"summary_large_image","twitter_creator":"@NOTICIEROS7","twitter_site":"@NOTICIEROS7","twitter_misc":{"Escrito por":"Edici\u00f3n Web","Tiempo de lectura":"2 minutos"},"schema":{"@context":"https:\/\/schema.org","@graph":[{"@type":"Article","@id":"https:\/\/canal7slp.tv\/2025\/netanyahu-no-enviara-delegacion-a-doha-hasta-reunirse-con-trump\/#article","isPartOf":{"@id":"https:\/\/canal7slp.tv\/2025\/netanyahu-no-enviara-delegacion-a-doha-hasta-reunirse-con-trump\/"},"author":{"name":"Edici\u00f3n Web","@id":"https:\/\/canal7slp.tv\/2025\/#\/schema\/person\/271e2b60a96e7cc9d9ac296f4d7e414b"},"headline":"Netanyahu no enviar\u00e1 delegaci\u00f3n a Doha hasta reunirse con Trump","datePublished":"2025-02-02T19:14:14+00:00","mainEntityOfPage":{"@id":"https:\/\/canal7slp.tv\/2025\/netanyahu-no-enviara-delegacion-a-doha-hasta-reunirse-con-trump\/"},"wordCount":302,"publisher":{"@id":"https:\/\/canal7slp.tv\/2025\/#organization"},"image":{"@id":"https:\/\/canal7slp.tv\/2025\/netanyahu-no-enviara-delegacion-a-doha-hasta-reunirse-con-trump\/#primaryimage"},"thumbnailUrl":"https:\/\/canal7slp.tv\/2025\/wp-content\/uploads\/2025\/02\/04-1.jpg","articleSection":["INTERNACIONALES"],"inLanguage":"es"},{"@type":"WebPage","@id":"https:\/\/canal7slp.tv\/2025\/netanyahu-no-enviara-delegacion-a-doha-hasta-reunirse-con-trump\/","url":"https:\/\/canal7slp.tv\/2025\/netanyahu-no-enviara-delegacion-a-doha-hasta-reunirse-con-trump\/","name":"Netanyahu no enviar\u00e1 delegaci\u00f3n a Doha hasta reunirse con Trump - Canal 7 SLP - 2025","isPartOf":{"@id":"https:\/\/canal7slp.tv\/2025\/#website"},"primaryImageOfPage":{"@id":"https:\/\/canal7slp.tv\/2025\/netanyahu-no-enviara-delegacion-a-doha-hasta-reunirse-con-trump\/#primaryimage"},"image":{"@id":"https:\/\/canal7slp.tv\/2025\/netanyahu-no-enviara-delegacion-a-doha-hasta-reunirse-con-trump\/#primaryimage"},"thumbnailUrl":"https:\/\/canal7slp.tv\/2025\/wp-content\/uploads\/2025\/02\/04-1.jpg","datePublished":"2025-02-02T19:14:14+00:00","breadcrumb":{"@id":"https:\/\/canal7slp.tv\/2025\/netanyahu-no-enviara-delegacion-a-doha-hasta-reunirse-con-trump\/#breadcrumb"},"inLanguage":"es","potentialAction":[{"@type":"ReadAction","target":["https:\/\/canal7slp.tv\/2025\/netanyahu-no-enviara-delegacion-a-doha-hasta-reunirse-con-trump\/"]}]},{"@type":"ImageObject","inLanguage":"es","@id":"https:\/\/canal7slp.tv\/2025\/netanyahu-no-enviara-delegacion-a-doha-hasta-reunirse-con-trump\/#primaryimage","url":"https:\/\/canal7slp.tv\/2025\/wp-content\/uploads\/2025\/02\/04-1.jpg","contentUrl":"https:\/\/canal7slp.tv\/2025\/wp-content\/uploads\/2025\/02\/04-1.jpg","width":800,"height":500},{"@type":"BreadcrumbList","@id":"https:\/\/canal7slp.tv\/2025\/netanyahu-no-enviara-delegacion-a-doha-hasta-reunirse-con-trump\/#breadcrumb","itemListElement":[{"@type":"ListItem","position":1,"name":"Portada","item":"https:\/\/canal7slp.tv\/2025\/"},{"@type":"ListItem","position":2,"name":"Netanyahu no enviar\u00e1 delegaci\u00f3n a Doha hasta reunirse con Trump"}]},{"@type":"WebSite","@id":"https:\/\/canal7slp.tv\/2025\/#website","url":"https:\/\/canal7slp.tv\/2025\/","name":"N7 - Noticieros Canal 7","description":"Somos el Medio","publisher":{"@id":"https:\/\/canal7slp.tv\/2025\/#organization"},"potentialAction":[{"@type":"SearchAction","target":{"@type":"EntryPoint","urlTemplate":"https:\/\/canal7slp.tv\/2025\/?s={search_term_string}"},"query-input":{"@type":"PropertyValueSpecification","valueRequired":true,"valueName":"search_term_string"}}],"inLanguage":"es"},{"@type":"Organization","@id":"https:\/\/canal7slp.tv\/2025\/#organization","name":"Noticieros Canal 7","url":"https:\/\/canal7slp.tv\/2025\/","logo":{"@type":"ImageObject","inLanguage":"es","@id":"https:\/\/canal7slp.tv\/2025\/#\/schema\/logo\/image\/","url":"https:\/\/canal7slp.tv\/2025\/wp-content\/uploads\/2021\/01\/logo-noticieros@2x.png","contentUrl":"https:\/\/canal7slp.tv\/2025\/wp-content\/uploads\/2021\/01\/logo-noticieros@2x.png","width":1017,"height":268,"caption":"Noticieros Canal 7"},"image":{"@id":"https:\/\/canal7slp.tv\/2025\/#\/schema\/logo\/image\/"},"sameAs":["https:\/\/www.facebook.com\/noticieroscanal7atencionciudadana\/","https:\/\/x.com\/NOTICIEROS7","https:\/\/www.instagram.com\/canal7_slp","https:\/\/www.youtube.com\/channel\/UCliiYs-gP3JfJeqdPrNdd5A"]},{"@type":"Person","@id":"https:\/\/canal7slp.tv\/2025\/#\/schema\/person\/271e2b60a96e7cc9d9ac296f4d7e414b","name":"Edici\u00f3n Web","image":{"@type":"ImageObject","inLanguage":"es","@id":"https:\/\/secure.gravatar.com\/avatar\/eee448fc3f7164808013b816ba91ac7e43bbe82a70bebac296f8bc6f0addaa1a?s=96&d=mm&r=g","url":"https:\/\/secure.gravatar.com\/avatar\/eee448fc3f7164808013b816ba91ac7e43bbe82a70bebac296f8bc6f0addaa1a?s=96&d=mm&r=g","contentUrl":"https:\/\/secure.gravatar.com\/avatar\/eee448fc3f7164808013b816ba91ac7e43bbe82a70bebac296f8bc6f0addaa1a?s=96&d=mm&r=g","caption":"Edici\u00f3n Web"},"url":"https:\/\/canal7slp.tv\/2025\/author\/edicionweb\/"}]}},"_links":{"self":[{"href":"https:\/\/canal7slp.tv\/2025\/wp-json\/wp\/v2\/posts\/156464","targetHints":{"allow":["GET"]}}],"collection":[{"href":"https:\/\/canal7slp.tv\/2025\/wp-json\/wp\/v2\/posts"}],"about":[{"href":"https:\/\/canal7slp.tv\/2025\/wp-json\/wp\/v2\/types\/post"}],"author":[{"embeddable":true,"href":"https:\/\/canal7slp.tv\/2025\/wp-json\/wp\/v2\/users\/2"}],"replies":[{"embeddable":true,"href":"https:\/\/canal7slp.tv\/2025\/wp-json\/wp\/v2\/comments?post=156464"}],"version-history":[{"count":1,"href":"https:\/\/canal7slp.tv\/2025\/wp-json\/wp\/v2\/posts\/156464\/revisions"}],"predecessor-version":[{"id":156466,"href":"https:\/\/canal7slp.tv\/2025\/wp-json\/wp\/v2\/posts\/156464\/revisions\/156466"}],"wp:featuredmedia":[{"embeddable":true,"href":"https:\/\/canal7slp.tv\/2025\/wp-json\/wp\/v2\/media\/156465"}],"wp:attachment":[{"href":"https:\/\/canal7slp.tv\/2025\/wp-json\/wp\/v2\/media?parent=156464"}],"wp:term":[{"taxonomy":"category","embeddable":true,"href":"https:\/\/canal7slp.tv\/2025\/wp-json\/wp\/v2\/categories?post=156464"},{"taxonomy":"post_tag","embeddable":true,"href":"https:\/\/canal7slp.tv\/2025\/wp-json\/wp\/v2\/tags?post=156464"}],"curies":[{"name":"wp","href":"https:\/\/api.w.org\/{rel}","templated":true}]}}