{"id":156461,"date":"2025-02-02T12:54:55","date_gmt":"2025-02-02T18:54:55","guid":{"rendered":"https:\/\/canal7slp.tv\/2025\/?p=156461"},"modified":"2025-02-02T12:54:55","modified_gmt":"2025-02-02T18:54:55","slug":"congresistas-democratas-exigen-a-trump-revocar-aranceles-a-mexico-y-canada","status":"publish","type":"post","link":"https:\/\/canal7slp.tv\/2025\/congresistas-democratas-exigen-a-trump-revocar-aranceles-a-mexico-y-canada\/","title":{"rendered":"Congresistas dem\u00f3cratas exigen a Trump revocar aranceles a M\u00e9xico y Canad\u00e1"},"content":{"rendered":"<p style=\"text-align: justify;\">\n<p style=\"text-align: justify;\">EUA.- Un grupo de m\u00e1s de cuarenta congresistas dem\u00f3cratas solicit\u00f3 al presidente Donald Trump que revoque de inmediato las \u00f3rdenes ejecutivas que imponen un arancel del 25% a las importaciones de M\u00e9xico y Canad\u00e1. En una carta dirigida al mandatario, los legisladores calificaron la medida como un abuso de poder sin justificaci\u00f3n legal.<\/p>\n<p style=\"text-align: justify;\">Los congresistas advirtieron que los aranceles perjudicar\u00e1n a los ciudadanos estadounidenses al elevar los precios de alimentos, autom\u00f3viles, petr\u00f3leo, gas y otros productos esenciales. Adem\u00e1s, se\u00f1alaron que estas tarifas afectar\u00e1n las relaciones comerciales entre Estados Unidos, M\u00e9xico y Canad\u00e1, pa\u00edses que han mantenido un acuerdo de libre comercio por m\u00e1s de tres d\u00e9cadas, representando el 30% de la econom\u00eda global y sustentando m\u00e1s de 12 millones de empleos en EUA<\/p>\n<p style=\"text-align: justify;\">Los legisladores, entre ellos Greg Stanton y Gregory W. Meeks, argumentaron que los aranceles no resolver\u00e1n los problemas de migraci\u00f3n ni el tr\u00e1fico de fentanilo, razones que Trump utiliz\u00f3 para justificar la medida. En cambio, pidieron al presidente colaborar con el Congreso para enfrentar estos desaf\u00edos.<\/p>\n<p style=\"text-align: justify;\">Tambi\u00e9n criticaron el uso de la Ley de Poderes Econ\u00f3micos de Emergencia Internacional (IEEPA) para imponer los aranceles, se\u00f1alando que se trata de un intento de eludir la autoridad constitucional del Congreso. Subrayaron, adem\u00e1s, la necesidad de mantener relaciones s\u00f3lidas con M\u00e9xico y Canad\u00e1, especialmente en el contexto de la competencia con China.<\/p>\n<p style=\"text-align: justify;\">Por \u00faltimo, advirtieron que estas medidas podr\u00edan desestabilizar la cooperaci\u00f3n en \u00e1reas clave, como seguridad nacional y control de drogas, afectando la colaboraci\u00f3n trilateral existente.<\/p>\n<p style=\"text-align: justify;\">\n","protected":false},"excerpt":{"rendered":"<p>EUA.- Un grupo de m\u00e1s de cuarenta congresistas dem\u00f3cratas solicit\u00f3 al presidente Donald Trump que revoque de inmediato las \u00f3rdenes ejecutivas que imponen un arancel del 25% a las importaciones de M\u00e9xico y Canad\u00e1. En una carta dirigida al mandatario, los legisladores calificaron la medida como un abuso de poder sin justificaci\u00f3n legal. Los congresistas advirtieron que los aranceles perjudicar\u00e1n a los ciudadanos estadounidenses al elevar los precios de alimentos, autom\u00f3viles, petr\u00f3leo, gas y otros productos esenciales. Adem\u00e1s, se\u00f1alaron que estas tarifas afectar\u00e1n las relaciones comerciales entre Estados Unidos, M\u00e9xico y Canad\u00e1, pa\u00edses que han mantenido un acuerdo de libre [&hellip;]<\/p>\n","protected":false},"author":2,"featured_media":156462,"comment_status":"closed","ping_status":"closed","sticky":false,"template":"","format":"standard","meta":{"_monsterinsights_skip_tracking":false,"_monsterinsights_sitenote_active":false,"_monsterinsights_sitenote_note":"","_monsterinsights_sitenote_category":0,"footnotes":""},"categories":[44],"tags":[],"class_list":["post-156461","post","type-post","status-publish","format-standard","has-post-thumbnail","hentry","category-internacional","post--single"],"yoast_head":"<!-- This site is optimized with the Yoast SEO plugin v27.5 - https:\/\/yoast.com\/product\/yoast-seo-wordpress\/ -->\n<title>Congresistas dem\u00f3cratas exigen a Trump revocar aranceles a M\u00e9xico y Canad\u00e1 - Canal 7 SLP - 2025<\/title>\n<meta name=\"robots\" content=\"index, follow, max-snippet:-1, max-image-preview:large, max-video-preview:-1\" \/>\n<link rel=\"canonical\" href=\"https:\/\/canal7slp.tv\/2025\/congresistas-democratas-exigen-a-trump-revocar-aranceles-a-mexico-y-canada\/\" \/>\n<meta property=\"og:locale\" content=\"es_ES\" \/>\n<meta property=\"og:type\" content=\"article\" \/>\n<meta property=\"og:title\" content=\"Congresistas dem\u00f3cratas exigen a Trump revocar aranceles a M\u00e9xico y Canad\u00e1 - Canal 7 SLP - 2025\" \/>\n<meta property=\"og:description\" content=\"EUA.- Un grupo de m\u00e1s de cuarenta congresistas dem\u00f3cratas solicit\u00f3 al presidente Donald Trump que revoque de inmediato las \u00f3rdenes ejecutivas que imponen un arancel del 25% a las importaciones de M\u00e9xico y Canad\u00e1. En una carta dirigida al mandatario, los legisladores calificaron la medida como un abuso de poder sin justificaci\u00f3n legal. Los congresistas advirtieron que los aranceles perjudicar\u00e1n a los ciudadanos estadounidenses al elevar los precios de alimentos, autom\u00f3viles, petr\u00f3leo, gas y otros productos esenciales. Adem\u00e1s, se\u00f1alaron que estas tarifas afectar\u00e1n las relaciones comerciales entre Estados Unidos, M\u00e9xico y Canad\u00e1, pa\u00edses que han mantenido un acuerdo de libre [&hellip;]\" \/>\n<meta property=\"og:url\" content=\"https:\/\/canal7slp.tv\/2025\/congresistas-democratas-exigen-a-trump-revocar-aranceles-a-mexico-y-canada\/\" \/>\n<meta property=\"og:site_name\" content=\"Canal 7 SLP - 2025\" \/>\n<meta property=\"article:publisher\" content=\"https:\/\/www.facebook.com\/noticieroscanal7atencionciudadana\/\" \/>\n<meta property=\"article:published_time\" content=\"2025-02-02T18:54:55+00:00\" \/>\n<meta property=\"og:image\" content=\"https:\/\/canal7slp.tv\/2025\/wp-content\/uploads\/2025\/02\/03-1.jpg\" \/>\n\t<meta property=\"og:image:width\" content=\"810\" \/>\n\t<meta property=\"og:image:height\" content=\"500\" \/>\n\t<meta property=\"og:image:type\" content=\"image\/jpeg\" \/>\n<meta name=\"author\" content=\"Edici\u00f3n Web\" \/>\n<meta name=\"twitter:card\" content=\"summary_large_image\" \/>\n<meta name=\"twitter:creator\" content=\"@NOTICIEROS7\" \/>\n<meta name=\"twitter:site\" content=\"@NOTICIEROS7\" \/>\n<meta name=\"twitter:label1\" content=\"Escrito por\" \/>\n\t<meta name=\"twitter:data1\" content=\"Edici\u00f3n Web\" \/>\n\t<meta name=\"twitter:label2\" content=\"Tiempo de lectura\" \/>\n\t<meta name=\"twitter:data2\" content=\"2 minutos\" \/>\n<script type=\"application\/ld+json\" class=\"yoast-schema-graph\">{\"@context\":\"https:\\\/\\\/schema.org\",\"@graph\":[{\"@type\":\"Article\",\"@id\":\"https:\\\/\\\/canal7slp.tv\\\/2025\\\/congresistas-democratas-exigen-a-trump-revocar-aranceles-a-mexico-y-canada\\\/#article\",\"isPartOf\":{\"@id\":\"https:\\\/\\\/canal7slp.tv\\\/2025\\\/congresistas-democratas-exigen-a-trump-revocar-aranceles-a-mexico-y-canada\\\/\"},\"author\":{\"name\":\"Edici\u00f3n Web\",\"@id\":\"https:\\\/\\\/canal7slp.tv\\\/2025\\\/#\\\/schema\\\/person\\\/271e2b60a96e7cc9d9ac296f4d7e414b\"},\"headline\":\"Congresistas dem\u00f3cratas exigen a Trump revocar aranceles a M\u00e9xico y Canad\u00e1\",\"datePublished\":\"2025-02-02T18:54:55+00:00\",\"mainEntityOfPage\":{\"@id\":\"https:\\\/\\\/canal7slp.tv\\\/2025\\\/congresistas-democratas-exigen-a-trump-revocar-aranceles-a-mexico-y-canada\\\/\"},\"wordCount\":287,\"publisher\":{\"@id\":\"https:\\\/\\\/canal7slp.tv\\\/2025\\\/#organization\"},\"image\":{\"@id\":\"https:\\\/\\\/canal7slp.tv\\\/2025\\\/congresistas-democratas-exigen-a-trump-revocar-aranceles-a-mexico-y-canada\\\/#primaryimage\"},\"thumbnailUrl\":\"https:\\\/\\\/canal7slp.tv\\\/2025\\\/wp-content\\\/uploads\\\/2025\\\/02\\\/03-1.jpg\",\"articleSection\":[\"INTERNACIONALES\"],\"inLanguage\":\"es\"},{\"@type\":\"WebPage\",\"@id\":\"https:\\\/\\\/canal7slp.tv\\\/2025\\\/congresistas-democratas-exigen-a-trump-revocar-aranceles-a-mexico-y-canada\\\/\",\"url\":\"https:\\\/\\\/canal7slp.tv\\\/2025\\\/congresistas-democratas-exigen-a-trump-revocar-aranceles-a-mexico-y-canada\\\/\",\"name\":\"Congresistas dem\u00f3cratas exigen a Trump revocar aranceles a M\u00e9xico y Canad\u00e1 - Canal 7 SLP - 2025\",\"isPartOf\":{\"@id\":\"https:\\\/\\\/canal7slp.tv\\\/2025\\\/#website\"},\"primaryImageOfPage\":{\"@id\":\"https:\\\/\\\/canal7slp.tv\\\/2025\\\/congresistas-democratas-exigen-a-trump-revocar-aranceles-a-mexico-y-canada\\\/#primaryimage\"},\"image\":{\"@id\":\"https:\\\/\\\/canal7slp.tv\\\/2025\\\/congresistas-democratas-exigen-a-trump-revocar-aranceles-a-mexico-y-canada\\\/#primaryimage\"},\"thumbnailUrl\":\"https:\\\/\\\/canal7slp.tv\\\/2025\\\/wp-content\\\/uploads\\\/2025\\\/02\\\/03-1.jpg\",\"datePublished\":\"2025-02-02T18:54:55+00:00\",\"breadcrumb\":{\"@id\":\"https:\\\/\\\/canal7slp.tv\\\/2025\\\/congresistas-democratas-exigen-a-trump-revocar-aranceles-a-mexico-y-canada\\\/#breadcrumb\"},\"inLanguage\":\"es\",\"potentialAction\":[{\"@type\":\"ReadAction\",\"target\":[\"https:\\\/\\\/canal7slp.tv\\\/2025\\\/congresistas-democratas-exigen-a-trump-revocar-aranceles-a-mexico-y-canada\\\/\"]}]},{\"@type\":\"ImageObject\",\"inLanguage\":\"es\",\"@id\":\"https:\\\/\\\/canal7slp.tv\\\/2025\\\/congresistas-democratas-exigen-a-trump-revocar-aranceles-a-mexico-y-canada\\\/#primaryimage\",\"url\":\"https:\\\/\\\/canal7slp.tv\\\/2025\\\/wp-content\\\/uploads\\\/2025\\\/02\\\/03-1.jpg\",\"contentUrl\":\"https:\\\/\\\/canal7slp.tv\\\/2025\\\/wp-content\\\/uploads\\\/2025\\\/02\\\/03-1.jpg\",\"width\":810,\"height\":500},{\"@type\":\"BreadcrumbList\",\"@id\":\"https:\\\/\\\/canal7slp.tv\\\/2025\\\/congresistas-democratas-exigen-a-trump-revocar-aranceles-a-mexico-y-canada\\\/#breadcrumb\",\"itemListElement\":[{\"@type\":\"ListItem\",\"position\":1,\"name\":\"Portada\",\"item\":\"https:\\\/\\\/canal7slp.tv\\\/2025\\\/\"},{\"@type\":\"ListItem\",\"position\":2,\"name\":\"Congresistas dem\u00f3cratas exigen a Trump revocar aranceles a M\u00e9xico y Canad\u00e1\"}]},{\"@type\":\"WebSite\",\"@id\":\"https:\\\/\\\/canal7slp.tv\\\/2025\\\/#website\",\"url\":\"https:\\\/\\\/canal7slp.tv\\\/2025\\\/\",\"name\":\"N7 - Noticieros Canal 7\",\"description\":\"Somos el Medio\",\"publisher\":{\"@id\":\"https:\\\/\\\/canal7slp.tv\\\/2025\\\/#organization\"},\"potentialAction\":[{\"@type\":\"SearchAction\",\"target\":{\"@type\":\"EntryPoint\",\"urlTemplate\":\"https:\\\/\\\/canal7slp.tv\\\/2025\\\/?s={search_term_string}\"},\"query-input\":{\"@type\":\"PropertyValueSpecification\",\"valueRequired\":true,\"valueName\":\"search_term_string\"}}],\"inLanguage\":\"es\"},{\"@type\":\"Organization\",\"@id\":\"https:\\\/\\\/canal7slp.tv\\\/2025\\\/#organization\",\"name\":\"Noticieros Canal 7\",\"url\":\"https:\\\/\\\/canal7slp.tv\\\/2025\\\/\",\"logo\":{\"@type\":\"ImageObject\",\"inLanguage\":\"es\",\"@id\":\"https:\\\/\\\/canal7slp.tv\\\/2025\\\/#\\\/schema\\\/logo\\\/image\\\/\",\"url\":\"https:\\\/\\\/canal7slp.tv\\\/2025\\\/wp-content\\\/uploads\\\/2021\\\/01\\\/logo-noticieros@2x.png\",\"contentUrl\":\"https:\\\/\\\/canal7slp.tv\\\/2025\\\/wp-content\\\/uploads\\\/2021\\\/01\\\/logo-noticieros@2x.png\",\"width\":1017,\"height\":268,\"caption\":\"Noticieros Canal 7\"},\"image\":{\"@id\":\"https:\\\/\\\/canal7slp.tv\\\/2025\\\/#\\\/schema\\\/logo\\\/image\\\/\"},\"sameAs\":[\"https:\\\/\\\/www.facebook.com\\\/noticieroscanal7atencionciudadana\\\/\",\"https:\\\/\\\/x.com\\\/NOTICIEROS7\",\"https:\\\/\\\/www.instagram.com\\\/canal7_slp\",\"https:\\\/\\\/www.youtube.com\\\/channel\\\/UCliiYs-gP3JfJeqdPrNdd5A\"]},{\"@type\":\"Person\",\"@id\":\"https:\\\/\\\/canal7slp.tv\\\/2025\\\/#\\\/schema\\\/person\\\/271e2b60a96e7cc9d9ac296f4d7e414b\",\"name\":\"Edici\u00f3n Web\",\"image\":{\"@type\":\"ImageObject\",\"inLanguage\":\"es\",\"@id\":\"https:\\\/\\\/secure.gravatar.com\\\/avatar\\\/eee448fc3f7164808013b816ba91ac7e43bbe82a70bebac296f8bc6f0addaa1a?s=96&d=mm&r=g\",\"url\":\"https:\\\/\\\/secure.gravatar.com\\\/avatar\\\/eee448fc3f7164808013b816ba91ac7e43bbe82a70bebac296f8bc6f0addaa1a?s=96&d=mm&r=g\",\"contentUrl\":\"https:\\\/\\\/secure.gravatar.com\\\/avatar\\\/eee448fc3f7164808013b816ba91ac7e43bbe82a70bebac296f8bc6f0addaa1a?s=96&d=mm&r=g\",\"caption\":\"Edici\u00f3n Web\"},\"url\":\"https:\\\/\\\/canal7slp.tv\\\/2025\\\/author\\\/edicionweb\\\/\"}]}<\/script>\n<!-- \/ Yoast SEO plugin. -->","yoast_head_json":{"title":"Congresistas dem\u00f3cratas exigen a Trump revocar aranceles a M\u00e9xico y Canad\u00e1 - Canal 7 SLP - 2025","robots":{"index":"index","follow":"follow","max-snippet":"max-snippet:-1","max-image-preview":"max-image-preview:large","max-video-preview":"max-video-preview:-1"},"canonical":"https:\/\/canal7slp.tv\/2025\/congresistas-democratas-exigen-a-trump-revocar-aranceles-a-mexico-y-canada\/","og_locale":"es_ES","og_type":"article","og_title":"Congresistas dem\u00f3cratas exigen a Trump revocar aranceles a M\u00e9xico y Canad\u00e1 - Canal 7 SLP - 2025","og_description":"EUA.- Un grupo de m\u00e1s de cuarenta congresistas dem\u00f3cratas solicit\u00f3 al presidente Donald Trump que revoque de inmediato las \u00f3rdenes ejecutivas que imponen un arancel del 25% a las importaciones de M\u00e9xico y Canad\u00e1. En una carta dirigida al mandatario, los legisladores calificaron la medida como un abuso de poder sin justificaci\u00f3n legal. Los congresistas advirtieron que los aranceles perjudicar\u00e1n a los ciudadanos estadounidenses al elevar los precios de alimentos, autom\u00f3viles, petr\u00f3leo, gas y otros productos esenciales. Adem\u00e1s, se\u00f1alaron que estas tarifas afectar\u00e1n las relaciones comerciales entre Estados Unidos, M\u00e9xico y Canad\u00e1, pa\u00edses que han mantenido un acuerdo de libre [&hellip;]","og_url":"https:\/\/canal7slp.tv\/2025\/congresistas-democratas-exigen-a-trump-revocar-aranceles-a-mexico-y-canada\/","og_site_name":"Canal 7 SLP - 2025","article_publisher":"https:\/\/www.facebook.com\/noticieroscanal7atencionciudadana\/","article_published_time":"2025-02-02T18:54:55+00:00","og_image":[{"width":810,"height":500,"url":"https:\/\/canal7slp.tv\/2025\/wp-content\/uploads\/2025\/02\/03-1.jpg","type":"image\/jpeg"}],"author":"Edici\u00f3n Web","twitter_card":"summary_large_image","twitter_creator":"@NOTICIEROS7","twitter_site":"@NOTICIEROS7","twitter_misc":{"Escrito por":"Edici\u00f3n Web","Tiempo de lectura":"2 minutos"},"schema":{"@context":"https:\/\/schema.org","@graph":[{"@type":"Article","@id":"https:\/\/canal7slp.tv\/2025\/congresistas-democratas-exigen-a-trump-revocar-aranceles-a-mexico-y-canada\/#article","isPartOf":{"@id":"https:\/\/canal7slp.tv\/2025\/congresistas-democratas-exigen-a-trump-revocar-aranceles-a-mexico-y-canada\/"},"author":{"name":"Edici\u00f3n Web","@id":"https:\/\/canal7slp.tv\/2025\/#\/schema\/person\/271e2b60a96e7cc9d9ac296f4d7e414b"},"headline":"Congresistas dem\u00f3cratas exigen a Trump revocar aranceles a M\u00e9xico y Canad\u00e1","datePublished":"2025-02-02T18:54:55+00:00","mainEntityOfPage":{"@id":"https:\/\/canal7slp.tv\/2025\/congresistas-democratas-exigen-a-trump-revocar-aranceles-a-mexico-y-canada\/"},"wordCount":287,"publisher":{"@id":"https:\/\/canal7slp.tv\/2025\/#organization"},"image":{"@id":"https:\/\/canal7slp.tv\/2025\/congresistas-democratas-exigen-a-trump-revocar-aranceles-a-mexico-y-canada\/#primaryimage"},"thumbnailUrl":"https:\/\/canal7slp.tv\/2025\/wp-content\/uploads\/2025\/02\/03-1.jpg","articleSection":["INTERNACIONALES"],"inLanguage":"es"},{"@type":"WebPage","@id":"https:\/\/canal7slp.tv\/2025\/congresistas-democratas-exigen-a-trump-revocar-aranceles-a-mexico-y-canada\/","url":"https:\/\/canal7slp.tv\/2025\/congresistas-democratas-exigen-a-trump-revocar-aranceles-a-mexico-y-canada\/","name":"Congresistas dem\u00f3cratas exigen a Trump revocar aranceles a M\u00e9xico y Canad\u00e1 - Canal 7 SLP - 2025","isPartOf":{"@id":"https:\/\/canal7slp.tv\/2025\/#website"},"primaryImageOfPage":{"@id":"https:\/\/canal7slp.tv\/2025\/congresistas-democratas-exigen-a-trump-revocar-aranceles-a-mexico-y-canada\/#primaryimage"},"image":{"@id":"https:\/\/canal7slp.tv\/2025\/congresistas-democratas-exigen-a-trump-revocar-aranceles-a-mexico-y-canada\/#primaryimage"},"thumbnailUrl":"https:\/\/canal7slp.tv\/2025\/wp-content\/uploads\/2025\/02\/03-1.jpg","datePublished":"2025-02-02T18:54:55+00:00","breadcrumb":{"@id":"https:\/\/canal7slp.tv\/2025\/congresistas-democratas-exigen-a-trump-revocar-aranceles-a-mexico-y-canada\/#breadcrumb"},"inLanguage":"es","potentialAction":[{"@type":"ReadAction","target":["https:\/\/canal7slp.tv\/2025\/congresistas-democratas-exigen-a-trump-revocar-aranceles-a-mexico-y-canada\/"]}]},{"@type":"ImageObject","inLanguage":"es","@id":"https:\/\/canal7slp.tv\/2025\/congresistas-democratas-exigen-a-trump-revocar-aranceles-a-mexico-y-canada\/#primaryimage","url":"https:\/\/canal7slp.tv\/2025\/wp-content\/uploads\/2025\/02\/03-1.jpg","contentUrl":"https:\/\/canal7slp.tv\/2025\/wp-content\/uploads\/2025\/02\/03-1.jpg","width":810,"height":500},{"@type":"BreadcrumbList","@id":"https:\/\/canal7slp.tv\/2025\/congresistas-democratas-exigen-a-trump-revocar-aranceles-a-mexico-y-canada\/#breadcrumb","itemListElement":[{"@type":"ListItem","position":1,"name":"Portada","item":"https:\/\/canal7slp.tv\/2025\/"},{"@type":"ListItem","position":2,"name":"Congresistas dem\u00f3cratas exigen a Trump revocar aranceles a M\u00e9xico y Canad\u00e1"}]},{"@type":"WebSite","@id":"https:\/\/canal7slp.tv\/2025\/#website","url":"https:\/\/canal7slp.tv\/2025\/","name":"N7 - Noticieros Canal 7","description":"Somos el Medio","publisher":{"@id":"https:\/\/canal7slp.tv\/2025\/#organization"},"potentialAction":[{"@type":"SearchAction","target":{"@type":"EntryPoint","urlTemplate":"https:\/\/canal7slp.tv\/2025\/?s={search_term_string}"},"query-input":{"@type":"PropertyValueSpecification","valueRequired":true,"valueName":"search_term_string"}}],"inLanguage":"es"},{"@type":"Organization","@id":"https:\/\/canal7slp.tv\/2025\/#organization","name":"Noticieros Canal 7","url":"https:\/\/canal7slp.tv\/2025\/","logo":{"@type":"ImageObject","inLanguage":"es","@id":"https:\/\/canal7slp.tv\/2025\/#\/schema\/logo\/image\/","url":"https:\/\/canal7slp.tv\/2025\/wp-content\/uploads\/2021\/01\/logo-noticieros@2x.png","contentUrl":"https:\/\/canal7slp.tv\/2025\/wp-content\/uploads\/2021\/01\/logo-noticieros@2x.png","width":1017,"height":268,"caption":"Noticieros Canal 7"},"image":{"@id":"https:\/\/canal7slp.tv\/2025\/#\/schema\/logo\/image\/"},"sameAs":["https:\/\/www.facebook.com\/noticieroscanal7atencionciudadana\/","https:\/\/x.com\/NOTICIEROS7","https:\/\/www.instagram.com\/canal7_slp","https:\/\/www.youtube.com\/channel\/UCliiYs-gP3JfJeqdPrNdd5A"]},{"@type":"Person","@id":"https:\/\/canal7slp.tv\/2025\/#\/schema\/person\/271e2b60a96e7cc9d9ac296f4d7e414b","name":"Edici\u00f3n Web","image":{"@type":"ImageObject","inLanguage":"es","@id":"https:\/\/secure.gravatar.com\/avatar\/eee448fc3f7164808013b816ba91ac7e43bbe82a70bebac296f8bc6f0addaa1a?s=96&d=mm&r=g","url":"https:\/\/secure.gravatar.com\/avatar\/eee448fc3f7164808013b816ba91ac7e43bbe82a70bebac296f8bc6f0addaa1a?s=96&d=mm&r=g","contentUrl":"https:\/\/secure.gravatar.com\/avatar\/eee448fc3f7164808013b816ba91ac7e43bbe82a70bebac296f8bc6f0addaa1a?s=96&d=mm&r=g","caption":"Edici\u00f3n Web"},"url":"https:\/\/canal7slp.tv\/2025\/author\/edicionweb\/"}]}},"_links":{"self":[{"href":"https:\/\/canal7slp.tv\/2025\/wp-json\/wp\/v2\/posts\/156461","targetHints":{"allow":["GET"]}}],"collection":[{"href":"https:\/\/canal7slp.tv\/2025\/wp-json\/wp\/v2\/posts"}],"about":[{"href":"https:\/\/canal7slp.tv\/2025\/wp-json\/wp\/v2\/types\/post"}],"author":[{"embeddable":true,"href":"https:\/\/canal7slp.tv\/2025\/wp-json\/wp\/v2\/users\/2"}],"replies":[{"embeddable":true,"href":"https:\/\/canal7slp.tv\/2025\/wp-json\/wp\/v2\/comments?post=156461"}],"version-history":[{"count":1,"href":"https:\/\/canal7slp.tv\/2025\/wp-json\/wp\/v2\/posts\/156461\/revisions"}],"predecessor-version":[{"id":156463,"href":"https:\/\/canal7slp.tv\/2025\/wp-json\/wp\/v2\/posts\/156461\/revisions\/156463"}],"wp:featuredmedia":[{"embeddable":true,"href":"https:\/\/canal7slp.tv\/2025\/wp-json\/wp\/v2\/media\/156462"}],"wp:attachment":[{"href":"https:\/\/canal7slp.tv\/2025\/wp-json\/wp\/v2\/media?parent=156461"}],"wp:term":[{"taxonomy":"category","embeddable":true,"href":"https:\/\/canal7slp.tv\/2025\/wp-json\/wp\/v2\/categories?post=156461"},{"taxonomy":"post_tag","embeddable":true,"href":"https:\/\/canal7slp.tv\/2025\/wp-json\/wp\/v2\/tags?post=156461"}],"curies":[{"name":"wp","href":"https:\/\/api.w.org\/{rel}","templated":true}]}}