{"id":156430,"date":"2025-02-02T10:00:48","date_gmt":"2025-02-02T16:00:48","guid":{"rendered":"https:\/\/canal7slp.tv\/2025\/?p=156430"},"modified":"2025-02-01T22:00:05","modified_gmt":"2025-02-02T04:00:05","slug":"por-presuntas-detenciones-arbitrarias-y-senalamientos-de-irregularidades-en-escuelas-principales-quejas-ante-cedh-en-zona-media","status":"publish","type":"post","link":"https:\/\/canal7slp.tv\/2025\/por-presuntas-detenciones-arbitrarias-y-senalamientos-de-irregularidades-en-escuelas-principales-quejas-ante-cedh-en-zona-media\/","title":{"rendered":"Por presuntas detenciones arbitrarias y se\u00f1alamientos de irregularidades en escuelas, principales quejas ante CEDH en Zona Media"},"content":{"rendered":"<p style=\"text-align: justify;\">Rioverde.-\u00a0Mar\u00eda Isabel Jasso Castillo, delegada de la oficina de enlace de la Comisi\u00f3n de Derechos Humanos en la Zona Media, inform\u00f3 que en lo que va del 2025 han seguido recibiendo quejas por detenciones arbitrarias, as\u00ed como denuncias de irregularidades graves en instituciones educativas.<\/p>\n<p style=\"text-align: justify;\">Explic\u00f3 que las quejas relacionadas con detenciones arbitrarias se presentan directamente ante la Fiscal\u00eda y, en caso necesario, la Comisi\u00f3n de Derechos Humanos las canaliza para su debido seguimiento.<\/p>\n<p style=\"text-align: justify;\">En cuanto a los casos dentro del \u00e1mbito educativo, Jasso Castillo destac\u00f3 que han recibido numerosas denuncias por bullying en la regi\u00f3n.<\/p>\n<p style=\"text-align: justify;\">Sin embargo, se\u00f1al\u00f3 que el caso m\u00e1s grave registrado por la delegaci\u00f3n ocurri\u00f3 en la telesecundaria Plan de Ayala, en Rioverde. Seg\u00fan la funcionaria, lo sucedido con un alumno de esa instituci\u00f3n va m\u00e1s all\u00e1 del acoso escolar, ya que puede calificarse como un acto de tortura.<\/p>\n<p style=\"text-align: justify;\">Asimismo, lament\u00f3 la falta de intervenci\u00f3n de los docentes en este tipo de situaciones, afirmando que \u00ablos maestros act\u00faan como si nada estuviera pasando\u00bb. Por ello, anunci\u00f3 que todas las instituciones educativas implementar\u00e1n una sensibilizaci\u00f3n intensiva, pues considera inadmisibles estos casos.<\/p>\n<p style=\"text-align: justify;\">Por: X\u00f3chitl Morales Castro.<\/p>\n","protected":false},"excerpt":{"rendered":"<p>Rioverde.-\u00a0Mar\u00eda Isabel Jasso Castillo, delegada de la oficina de enlace de la Comisi\u00f3n de Derechos Humanos en la Zona Media, inform\u00f3 que en lo que va del 2025 han seguido recibiendo quejas por detenciones arbitrarias, as\u00ed como denuncias de irregularidades graves en instituciones educativas. Explic\u00f3 que las quejas relacionadas con detenciones arbitrarias se presentan directamente ante la Fiscal\u00eda y, en caso necesario, la Comisi\u00f3n de Derechos Humanos las canaliza para su debido seguimiento. En cuanto a los casos dentro del \u00e1mbito educativo, Jasso Castillo destac\u00f3 que han recibido numerosas denuncias por bullying en la regi\u00f3n. Sin embargo, se\u00f1al\u00f3 que el [&hellip;]<\/p>\n","protected":false},"author":2,"featured_media":156453,"comment_status":"closed","ping_status":"closed","sticky":false,"template":"","format":"video","meta":{"_monsterinsights_skip_tracking":false,"_monsterinsights_sitenote_active":false,"_monsterinsights_sitenote_note":"","_monsterinsights_sitenote_category":0,"footnotes":""},"categories":[746,5,43],"tags":[],"class_list":["post-156430","post","type-post","status-publish","format-video","has-post-thumbnail","hentry","category-ayorio","category-destacadas","category-interior","post_format-post-format-video","post--single"],"yoast_head":"<!-- This site is optimized with the Yoast SEO plugin v27.5 - https:\/\/yoast.com\/product\/yoast-seo-wordpress\/ -->\n<title>Por presuntas detenciones arbitrarias y se\u00f1alamientos de irregularidades en escuelas, principales quejas ante CEDH en Zona Media - Canal 7 SLP - 2025<\/title>\n<meta name=\"robots\" content=\"index, follow, max-snippet:-1, max-image-preview:large, max-video-preview:-1\" \/>\n<link rel=\"canonical\" href=\"https:\/\/canal7slp.tv\/2025\/por-presuntas-detenciones-arbitrarias-y-senalamientos-de-irregularidades-en-escuelas-principales-quejas-ante-cedh-en-zona-media\/\" \/>\n<meta property=\"og:locale\" content=\"es_ES\" \/>\n<meta property=\"og:type\" content=\"article\" \/>\n<meta property=\"og:title\" content=\"Por presuntas detenciones arbitrarias y se\u00f1alamientos de irregularidades en escuelas, principales quejas ante CEDH en Zona Media - Canal 7 SLP - 2025\" \/>\n<meta property=\"og:description\" content=\"Rioverde.-\u00a0Mar\u00eda Isabel Jasso Castillo, delegada de la oficina de enlace de la Comisi\u00f3n de Derechos Humanos en la Zona Media, inform\u00f3 que en lo que va del 2025 han seguido recibiendo quejas por detenciones arbitrarias, as\u00ed como denuncias de irregularidades graves en instituciones educativas. Explic\u00f3 que las quejas relacionadas con detenciones arbitrarias se presentan directamente ante la Fiscal\u00eda y, en caso necesario, la Comisi\u00f3n de Derechos Humanos las canaliza para su debido seguimiento. En cuanto a los casos dentro del \u00e1mbito educativo, Jasso Castillo destac\u00f3 que han recibido numerosas denuncias por bullying en la regi\u00f3n. Sin embargo, se\u00f1al\u00f3 que el [&hellip;]\" \/>\n<meta property=\"og:url\" content=\"https:\/\/canal7slp.tv\/2025\/por-presuntas-detenciones-arbitrarias-y-senalamientos-de-irregularidades-en-escuelas-principales-quejas-ante-cedh-en-zona-media\/\" \/>\n<meta property=\"og:site_name\" content=\"Canal 7 SLP - 2025\" \/>\n<meta property=\"article:publisher\" content=\"https:\/\/www.facebook.com\/noticieroscanal7atencionciudadana\/\" \/>\n<meta property=\"article:published_time\" content=\"2025-02-02T16:00:48+00:00\" \/>\n<meta property=\"og:image\" content=\"https:\/\/canal7slp.tv\/2025\/wp-content\/uploads\/2025\/02\/Xochi01QuejasDDHH.jpg\" \/>\n\t<meta property=\"og:image:width\" content=\"1920\" \/>\n\t<meta property=\"og:image:height\" content=\"1080\" \/>\n\t<meta property=\"og:image:type\" content=\"image\/jpeg\" \/>\n<meta name=\"author\" content=\"Edici\u00f3n Web\" \/>\n<meta name=\"twitter:card\" content=\"summary_large_image\" \/>\n<meta name=\"twitter:creator\" content=\"@NOTICIEROS7\" \/>\n<meta name=\"twitter:site\" content=\"@NOTICIEROS7\" \/>\n<meta name=\"twitter:label1\" content=\"Escrito por\" \/>\n\t<meta name=\"twitter:data1\" content=\"Edici\u00f3n Web\" \/>\n\t<meta name=\"twitter:label2\" content=\"Tiempo de lectura\" \/>\n\t<meta name=\"twitter:data2\" content=\"2 minutos\" \/>\n<script type=\"application\/ld+json\" class=\"yoast-schema-graph\">{\"@context\":\"https:\\\/\\\/schema.org\",\"@graph\":[{\"@type\":\"Article\",\"@id\":\"https:\\\/\\\/canal7slp.tv\\\/2025\\\/por-presuntas-detenciones-arbitrarias-y-senalamientos-de-irregularidades-en-escuelas-principales-quejas-ante-cedh-en-zona-media\\\/#article\",\"isPartOf\":{\"@id\":\"https:\\\/\\\/canal7slp.tv\\\/2025\\\/por-presuntas-detenciones-arbitrarias-y-senalamientos-de-irregularidades-en-escuelas-principales-quejas-ante-cedh-en-zona-media\\\/\"},\"author\":{\"name\":\"Edici\u00f3n Web\",\"@id\":\"https:\\\/\\\/canal7slp.tv\\\/2025\\\/#\\\/schema\\\/person\\\/271e2b60a96e7cc9d9ac296f4d7e414b\"},\"headline\":\"Por presuntas detenciones arbitrarias y se\u00f1alamientos de irregularidades en escuelas, principales quejas ante CEDH en Zona Media\",\"datePublished\":\"2025-02-02T16:00:48+00:00\",\"mainEntityOfPage\":{\"@id\":\"https:\\\/\\\/canal7slp.tv\\\/2025\\\/por-presuntas-detenciones-arbitrarias-y-senalamientos-de-irregularidades-en-escuelas-principales-quejas-ante-cedh-en-zona-media\\\/\"},\"wordCount\":222,\"publisher\":{\"@id\":\"https:\\\/\\\/canal7slp.tv\\\/2025\\\/#organization\"},\"image\":{\"@id\":\"https:\\\/\\\/canal7slp.tv\\\/2025\\\/por-presuntas-detenciones-arbitrarias-y-senalamientos-de-irregularidades-en-escuelas-principales-quejas-ante-cedh-en-zona-media\\\/#primaryimage\"},\"thumbnailUrl\":\"https:\\\/\\\/canal7slp.tv\\\/2025\\\/wp-content\\\/uploads\\\/2025\\\/02\\\/Xochi01QuejasDDHH.jpg\",\"articleSection\":[\"AYORIO\",\"DESTACADAS\",\"INTERIOR DEL ESTADO\"],\"inLanguage\":\"es\"},{\"@type\":\"WebPage\",\"@id\":\"https:\\\/\\\/canal7slp.tv\\\/2025\\\/por-presuntas-detenciones-arbitrarias-y-senalamientos-de-irregularidades-en-escuelas-principales-quejas-ante-cedh-en-zona-media\\\/\",\"url\":\"https:\\\/\\\/canal7slp.tv\\\/2025\\\/por-presuntas-detenciones-arbitrarias-y-senalamientos-de-irregularidades-en-escuelas-principales-quejas-ante-cedh-en-zona-media\\\/\",\"name\":\"Por presuntas detenciones arbitrarias y se\u00f1alamientos de irregularidades en escuelas, principales quejas ante CEDH en Zona Media - Canal 7 SLP - 2025\",\"isPartOf\":{\"@id\":\"https:\\\/\\\/canal7slp.tv\\\/2025\\\/#website\"},\"primaryImageOfPage\":{\"@id\":\"https:\\\/\\\/canal7slp.tv\\\/2025\\\/por-presuntas-detenciones-arbitrarias-y-senalamientos-de-irregularidades-en-escuelas-principales-quejas-ante-cedh-en-zona-media\\\/#primaryimage\"},\"image\":{\"@id\":\"https:\\\/\\\/canal7slp.tv\\\/2025\\\/por-presuntas-detenciones-arbitrarias-y-senalamientos-de-irregularidades-en-escuelas-principales-quejas-ante-cedh-en-zona-media\\\/#primaryimage\"},\"thumbnailUrl\":\"https:\\\/\\\/canal7slp.tv\\\/2025\\\/wp-content\\\/uploads\\\/2025\\\/02\\\/Xochi01QuejasDDHH.jpg\",\"datePublished\":\"2025-02-02T16:00:48+00:00\",\"breadcrumb\":{\"@id\":\"https:\\\/\\\/canal7slp.tv\\\/2025\\\/por-presuntas-detenciones-arbitrarias-y-senalamientos-de-irregularidades-en-escuelas-principales-quejas-ante-cedh-en-zona-media\\\/#breadcrumb\"},\"inLanguage\":\"es\",\"potentialAction\":[{\"@type\":\"ReadAction\",\"target\":[\"https:\\\/\\\/canal7slp.tv\\\/2025\\\/por-presuntas-detenciones-arbitrarias-y-senalamientos-de-irregularidades-en-escuelas-principales-quejas-ante-cedh-en-zona-media\\\/\"]}]},{\"@type\":\"ImageObject\",\"inLanguage\":\"es\",\"@id\":\"https:\\\/\\\/canal7slp.tv\\\/2025\\\/por-presuntas-detenciones-arbitrarias-y-senalamientos-de-irregularidades-en-escuelas-principales-quejas-ante-cedh-en-zona-media\\\/#primaryimage\",\"url\":\"https:\\\/\\\/canal7slp.tv\\\/2025\\\/wp-content\\\/uploads\\\/2025\\\/02\\\/Xochi01QuejasDDHH.jpg\",\"contentUrl\":\"https:\\\/\\\/canal7slp.tv\\\/2025\\\/wp-content\\\/uploads\\\/2025\\\/02\\\/Xochi01QuejasDDHH.jpg\",\"width\":1920,\"height\":1080},{\"@type\":\"BreadcrumbList\",\"@id\":\"https:\\\/\\\/canal7slp.tv\\\/2025\\\/por-presuntas-detenciones-arbitrarias-y-senalamientos-de-irregularidades-en-escuelas-principales-quejas-ante-cedh-en-zona-media\\\/#breadcrumb\",\"itemListElement\":[{\"@type\":\"ListItem\",\"position\":1,\"name\":\"Portada\",\"item\":\"https:\\\/\\\/canal7slp.tv\\\/2025\\\/\"},{\"@type\":\"ListItem\",\"position\":2,\"name\":\"Por presuntas detenciones arbitrarias y se\u00f1alamientos de irregularidades en escuelas, principales quejas ante CEDH en Zona Media\"}]},{\"@type\":\"WebSite\",\"@id\":\"https:\\\/\\\/canal7slp.tv\\\/2025\\\/#website\",\"url\":\"https:\\\/\\\/canal7slp.tv\\\/2025\\\/\",\"name\":\"N7 - Noticieros Canal 7\",\"description\":\"Somos el Medio\",\"publisher\":{\"@id\":\"https:\\\/\\\/canal7slp.tv\\\/2025\\\/#organization\"},\"potentialAction\":[{\"@type\":\"SearchAction\",\"target\":{\"@type\":\"EntryPoint\",\"urlTemplate\":\"https:\\\/\\\/canal7slp.tv\\\/2025\\\/?s={search_term_string}\"},\"query-input\":{\"@type\":\"PropertyValueSpecification\",\"valueRequired\":true,\"valueName\":\"search_term_string\"}}],\"inLanguage\":\"es\"},{\"@type\":\"Organization\",\"@id\":\"https:\\\/\\\/canal7slp.tv\\\/2025\\\/#organization\",\"name\":\"Noticieros Canal 7\",\"url\":\"https:\\\/\\\/canal7slp.tv\\\/2025\\\/\",\"logo\":{\"@type\":\"ImageObject\",\"inLanguage\":\"es\",\"@id\":\"https:\\\/\\\/canal7slp.tv\\\/2025\\\/#\\\/schema\\\/logo\\\/image\\\/\",\"url\":\"https:\\\/\\\/canal7slp.tv\\\/2025\\\/wp-content\\\/uploads\\\/2021\\\/01\\\/logo-noticieros@2x.png\",\"contentUrl\":\"https:\\\/\\\/canal7slp.tv\\\/2025\\\/wp-content\\\/uploads\\\/2021\\\/01\\\/logo-noticieros@2x.png\",\"width\":1017,\"height\":268,\"caption\":\"Noticieros Canal 7\"},\"image\":{\"@id\":\"https:\\\/\\\/canal7slp.tv\\\/2025\\\/#\\\/schema\\\/logo\\\/image\\\/\"},\"sameAs\":[\"https:\\\/\\\/www.facebook.com\\\/noticieroscanal7atencionciudadana\\\/\",\"https:\\\/\\\/x.com\\\/NOTICIEROS7\",\"https:\\\/\\\/www.instagram.com\\\/canal7_slp\",\"https:\\\/\\\/www.youtube.com\\\/channel\\\/UCliiYs-gP3JfJeqdPrNdd5A\"]},{\"@type\":\"Person\",\"@id\":\"https:\\\/\\\/canal7slp.tv\\\/2025\\\/#\\\/schema\\\/person\\\/271e2b60a96e7cc9d9ac296f4d7e414b\",\"name\":\"Edici\u00f3n Web\",\"image\":{\"@type\":\"ImageObject\",\"inLanguage\":\"es\",\"@id\":\"https:\\\/\\\/secure.gravatar.com\\\/avatar\\\/eee448fc3f7164808013b816ba91ac7e43bbe82a70bebac296f8bc6f0addaa1a?s=96&d=mm&r=g\",\"url\":\"https:\\\/\\\/secure.gravatar.com\\\/avatar\\\/eee448fc3f7164808013b816ba91ac7e43bbe82a70bebac296f8bc6f0addaa1a?s=96&d=mm&r=g\",\"contentUrl\":\"https:\\\/\\\/secure.gravatar.com\\\/avatar\\\/eee448fc3f7164808013b816ba91ac7e43bbe82a70bebac296f8bc6f0addaa1a?s=96&d=mm&r=g\",\"caption\":\"Edici\u00f3n Web\"},\"url\":\"https:\\\/\\\/canal7slp.tv\\\/2025\\\/author\\\/edicionweb\\\/\"}]}<\/script>\n<!-- \/ Yoast SEO plugin. -->","yoast_head_json":{"title":"Por presuntas detenciones arbitrarias y se\u00f1alamientos de irregularidades en escuelas, principales quejas ante CEDH en Zona Media - Canal 7 SLP - 2025","robots":{"index":"index","follow":"follow","max-snippet":"max-snippet:-1","max-image-preview":"max-image-preview:large","max-video-preview":"max-video-preview:-1"},"canonical":"https:\/\/canal7slp.tv\/2025\/por-presuntas-detenciones-arbitrarias-y-senalamientos-de-irregularidades-en-escuelas-principales-quejas-ante-cedh-en-zona-media\/","og_locale":"es_ES","og_type":"article","og_title":"Por presuntas detenciones arbitrarias y se\u00f1alamientos de irregularidades en escuelas, principales quejas ante CEDH en Zona Media - Canal 7 SLP - 2025","og_description":"Rioverde.-\u00a0Mar\u00eda Isabel Jasso Castillo, delegada de la oficina de enlace de la Comisi\u00f3n de Derechos Humanos en la Zona Media, inform\u00f3 que en lo que va del 2025 han seguido recibiendo quejas por detenciones arbitrarias, as\u00ed como denuncias de irregularidades graves en instituciones educativas. Explic\u00f3 que las quejas relacionadas con detenciones arbitrarias se presentan directamente ante la Fiscal\u00eda y, en caso necesario, la Comisi\u00f3n de Derechos Humanos las canaliza para su debido seguimiento. En cuanto a los casos dentro del \u00e1mbito educativo, Jasso Castillo destac\u00f3 que han recibido numerosas denuncias por bullying en la regi\u00f3n. Sin embargo, se\u00f1al\u00f3 que el [&hellip;]","og_url":"https:\/\/canal7slp.tv\/2025\/por-presuntas-detenciones-arbitrarias-y-senalamientos-de-irregularidades-en-escuelas-principales-quejas-ante-cedh-en-zona-media\/","og_site_name":"Canal 7 SLP - 2025","article_publisher":"https:\/\/www.facebook.com\/noticieroscanal7atencionciudadana\/","article_published_time":"2025-02-02T16:00:48+00:00","og_image":[{"width":1920,"height":1080,"url":"https:\/\/canal7slp.tv\/2025\/wp-content\/uploads\/2025\/02\/Xochi01QuejasDDHH.jpg","type":"image\/jpeg"}],"author":"Edici\u00f3n Web","twitter_card":"summary_large_image","twitter_creator":"@NOTICIEROS7","twitter_site":"@NOTICIEROS7","twitter_misc":{"Escrito por":"Edici\u00f3n Web","Tiempo de lectura":"2 minutos"},"schema":{"@context":"https:\/\/schema.org","@graph":[{"@type":"Article","@id":"https:\/\/canal7slp.tv\/2025\/por-presuntas-detenciones-arbitrarias-y-senalamientos-de-irregularidades-en-escuelas-principales-quejas-ante-cedh-en-zona-media\/#article","isPartOf":{"@id":"https:\/\/canal7slp.tv\/2025\/por-presuntas-detenciones-arbitrarias-y-senalamientos-de-irregularidades-en-escuelas-principales-quejas-ante-cedh-en-zona-media\/"},"author":{"name":"Edici\u00f3n Web","@id":"https:\/\/canal7slp.tv\/2025\/#\/schema\/person\/271e2b60a96e7cc9d9ac296f4d7e414b"},"headline":"Por presuntas detenciones arbitrarias y se\u00f1alamientos de irregularidades en escuelas, principales quejas ante CEDH en Zona Media","datePublished":"2025-02-02T16:00:48+00:00","mainEntityOfPage":{"@id":"https:\/\/canal7slp.tv\/2025\/por-presuntas-detenciones-arbitrarias-y-senalamientos-de-irregularidades-en-escuelas-principales-quejas-ante-cedh-en-zona-media\/"},"wordCount":222,"publisher":{"@id":"https:\/\/canal7slp.tv\/2025\/#organization"},"image":{"@id":"https:\/\/canal7slp.tv\/2025\/por-presuntas-detenciones-arbitrarias-y-senalamientos-de-irregularidades-en-escuelas-principales-quejas-ante-cedh-en-zona-media\/#primaryimage"},"thumbnailUrl":"https:\/\/canal7slp.tv\/2025\/wp-content\/uploads\/2025\/02\/Xochi01QuejasDDHH.jpg","articleSection":["AYORIO","DESTACADAS","INTERIOR DEL ESTADO"],"inLanguage":"es"},{"@type":"WebPage","@id":"https:\/\/canal7slp.tv\/2025\/por-presuntas-detenciones-arbitrarias-y-senalamientos-de-irregularidades-en-escuelas-principales-quejas-ante-cedh-en-zona-media\/","url":"https:\/\/canal7slp.tv\/2025\/por-presuntas-detenciones-arbitrarias-y-senalamientos-de-irregularidades-en-escuelas-principales-quejas-ante-cedh-en-zona-media\/","name":"Por presuntas detenciones arbitrarias y se\u00f1alamientos de irregularidades en escuelas, principales quejas ante CEDH en Zona Media - Canal 7 SLP - 2025","isPartOf":{"@id":"https:\/\/canal7slp.tv\/2025\/#website"},"primaryImageOfPage":{"@id":"https:\/\/canal7slp.tv\/2025\/por-presuntas-detenciones-arbitrarias-y-senalamientos-de-irregularidades-en-escuelas-principales-quejas-ante-cedh-en-zona-media\/#primaryimage"},"image":{"@id":"https:\/\/canal7slp.tv\/2025\/por-presuntas-detenciones-arbitrarias-y-senalamientos-de-irregularidades-en-escuelas-principales-quejas-ante-cedh-en-zona-media\/#primaryimage"},"thumbnailUrl":"https:\/\/canal7slp.tv\/2025\/wp-content\/uploads\/2025\/02\/Xochi01QuejasDDHH.jpg","datePublished":"2025-02-02T16:00:48+00:00","breadcrumb":{"@id":"https:\/\/canal7slp.tv\/2025\/por-presuntas-detenciones-arbitrarias-y-senalamientos-de-irregularidades-en-escuelas-principales-quejas-ante-cedh-en-zona-media\/#breadcrumb"},"inLanguage":"es","potentialAction":[{"@type":"ReadAction","target":["https:\/\/canal7slp.tv\/2025\/por-presuntas-detenciones-arbitrarias-y-senalamientos-de-irregularidades-en-escuelas-principales-quejas-ante-cedh-en-zona-media\/"]}]},{"@type":"ImageObject","inLanguage":"es","@id":"https:\/\/canal7slp.tv\/2025\/por-presuntas-detenciones-arbitrarias-y-senalamientos-de-irregularidades-en-escuelas-principales-quejas-ante-cedh-en-zona-media\/#primaryimage","url":"https:\/\/canal7slp.tv\/2025\/wp-content\/uploads\/2025\/02\/Xochi01QuejasDDHH.jpg","contentUrl":"https:\/\/canal7slp.tv\/2025\/wp-content\/uploads\/2025\/02\/Xochi01QuejasDDHH.jpg","width":1920,"height":1080},{"@type":"BreadcrumbList","@id":"https:\/\/canal7slp.tv\/2025\/por-presuntas-detenciones-arbitrarias-y-senalamientos-de-irregularidades-en-escuelas-principales-quejas-ante-cedh-en-zona-media\/#breadcrumb","itemListElement":[{"@type":"ListItem","position":1,"name":"Portada","item":"https:\/\/canal7slp.tv\/2025\/"},{"@type":"ListItem","position":2,"name":"Por presuntas detenciones arbitrarias y se\u00f1alamientos de irregularidades en escuelas, principales quejas ante CEDH en Zona Media"}]},{"@type":"WebSite","@id":"https:\/\/canal7slp.tv\/2025\/#website","url":"https:\/\/canal7slp.tv\/2025\/","name":"N7 - Noticieros Canal 7","description":"Somos el Medio","publisher":{"@id":"https:\/\/canal7slp.tv\/2025\/#organization"},"potentialAction":[{"@type":"SearchAction","target":{"@type":"EntryPoint","urlTemplate":"https:\/\/canal7slp.tv\/2025\/?s={search_term_string}"},"query-input":{"@type":"PropertyValueSpecification","valueRequired":true,"valueName":"search_term_string"}}],"inLanguage":"es"},{"@type":"Organization","@id":"https:\/\/canal7slp.tv\/2025\/#organization","name":"Noticieros Canal 7","url":"https:\/\/canal7slp.tv\/2025\/","logo":{"@type":"ImageObject","inLanguage":"es","@id":"https:\/\/canal7slp.tv\/2025\/#\/schema\/logo\/image\/","url":"https:\/\/canal7slp.tv\/2025\/wp-content\/uploads\/2021\/01\/logo-noticieros@2x.png","contentUrl":"https:\/\/canal7slp.tv\/2025\/wp-content\/uploads\/2021\/01\/logo-noticieros@2x.png","width":1017,"height":268,"caption":"Noticieros Canal 7"},"image":{"@id":"https:\/\/canal7slp.tv\/2025\/#\/schema\/logo\/image\/"},"sameAs":["https:\/\/www.facebook.com\/noticieroscanal7atencionciudadana\/","https:\/\/x.com\/NOTICIEROS7","https:\/\/www.instagram.com\/canal7_slp","https:\/\/www.youtube.com\/channel\/UCliiYs-gP3JfJeqdPrNdd5A"]},{"@type":"Person","@id":"https:\/\/canal7slp.tv\/2025\/#\/schema\/person\/271e2b60a96e7cc9d9ac296f4d7e414b","name":"Edici\u00f3n Web","image":{"@type":"ImageObject","inLanguage":"es","@id":"https:\/\/secure.gravatar.com\/avatar\/eee448fc3f7164808013b816ba91ac7e43bbe82a70bebac296f8bc6f0addaa1a?s=96&d=mm&r=g","url":"https:\/\/secure.gravatar.com\/avatar\/eee448fc3f7164808013b816ba91ac7e43bbe82a70bebac296f8bc6f0addaa1a?s=96&d=mm&r=g","contentUrl":"https:\/\/secure.gravatar.com\/avatar\/eee448fc3f7164808013b816ba91ac7e43bbe82a70bebac296f8bc6f0addaa1a?s=96&d=mm&r=g","caption":"Edici\u00f3n Web"},"url":"https:\/\/canal7slp.tv\/2025\/author\/edicionweb\/"}]}},"_links":{"self":[{"href":"https:\/\/canal7slp.tv\/2025\/wp-json\/wp\/v2\/posts\/156430","targetHints":{"allow":["GET"]}}],"collection":[{"href":"https:\/\/canal7slp.tv\/2025\/wp-json\/wp\/v2\/posts"}],"about":[{"href":"https:\/\/canal7slp.tv\/2025\/wp-json\/wp\/v2\/types\/post"}],"author":[{"embeddable":true,"href":"https:\/\/canal7slp.tv\/2025\/wp-json\/wp\/v2\/users\/2"}],"replies":[{"embeddable":true,"href":"https:\/\/canal7slp.tv\/2025\/wp-json\/wp\/v2\/comments?post=156430"}],"version-history":[{"count":1,"href":"https:\/\/canal7slp.tv\/2025\/wp-json\/wp\/v2\/posts\/156430\/revisions"}],"predecessor-version":[{"id":156431,"href":"https:\/\/canal7slp.tv\/2025\/wp-json\/wp\/v2\/posts\/156430\/revisions\/156431"}],"wp:featuredmedia":[{"embeddable":true,"href":"https:\/\/canal7slp.tv\/2025\/wp-json\/wp\/v2\/media\/156453"}],"wp:attachment":[{"href":"https:\/\/canal7slp.tv\/2025\/wp-json\/wp\/v2\/media?parent=156430"}],"wp:term":[{"taxonomy":"category","embeddable":true,"href":"https:\/\/canal7slp.tv\/2025\/wp-json\/wp\/v2\/categories?post=156430"},{"taxonomy":"post_tag","embeddable":true,"href":"https:\/\/canal7slp.tv\/2025\/wp-json\/wp\/v2\/tags?post=156430"}],"curies":[{"name":"wp","href":"https:\/\/api.w.org\/{rel}","templated":true}]}}