{"id":156355,"date":"2025-02-01T13:24:34","date_gmt":"2025-02-01T19:24:34","guid":{"rendered":"https:\/\/canal7slp.tv\/2025\/?p=156355"},"modified":"2025-02-01T15:29:36","modified_gmt":"2025-02-01T21:29:36","slug":"ntsb-recupera-cajas-negras-del-tragico-accidente-aereo-entre-un-avion-y-un-helicoptero-en-washington","status":"publish","type":"post","link":"https:\/\/canal7slp.tv\/2025\/ntsb-recupera-cajas-negras-del-tragico-accidente-aereo-entre-un-avion-y-un-helicoptero-en-washington\/","title":{"rendered":"NTSB recupera cajas negras del tr\u00e1gico accidente a\u00e9reo entre un avi\u00f3n y un helic\u00f3ptero en Washington"},"content":{"rendered":"<p style=\"text-align: justify;\">Washington DC.-\u00a0Los investigadores de la Junta Nacional de Seguridad en el Transporte (NTSB) han recuperado las grabadoras de voz de la cabina y de datos de vuelo del avi\u00f3n que se accident\u00f3 en Washington el mi\u00e9rcoles por la noche.<\/p>\n<p style=\"text-align: justify;\">Estas grabadoras est\u00e1n siendo analizadas en los laboratorios de la NTSB. Seg\u00fan el portavoz de la NTSB, Peter Knudson, no hay grabadoras adicionales en el avi\u00f3n, y se est\u00e1 buscando la grabadora del helic\u00f3ptero militar Black Hawk involucrado en la colisi\u00f3n.<\/p>\n<p style=\"text-align: justify;\">El accidente, que ocurri\u00f3 alrededor de las 20:48 hora local, involucr\u00f3 a un avi\u00f3n comercial con 64 personas a bordo y un helic\u00f3ptero militar en un vuelo de entrenamiento con tres tripulantes experimentados.<\/p>\n<p style=\"text-align: justify;\">Las autoridades han confirmado que no hay supervivientes y han recuperado hasta ahora 41 cuerpos. Se prev\u00e9 que la operaci\u00f3n para retirar el avi\u00f3n del r\u00edo Potomac, programada para este s\u00e1bado, facilite la localizaci\u00f3n de las restantes v\u00edctimas.<\/p>\n<p style=\"text-align: justify;\">Adem\u00e1s, se encontr\u00f3 la caja negra del helic\u00f3ptero, la cual no presenta da\u00f1os externos que comprometan sus datos. Todd Inman, integrante de la NTSB, expres\u00f3 confianza en que se podr\u00e1n extraer los datos de ambas cajas negras. Una de ellas fue abierta y se espera que los expertos puedan recuperar la informaci\u00f3n, mientras que la otra presenta infiltraciones de agua, aunque esto no es inusual.<\/p>\n<p style=\"text-align: justify;\">Las autoridades han trabajado en revisar las conexiones el\u00e9ctricas para determinar si est\u00e1n listas para intentar descargar los datos. El Aeropuerto Nacional Ronald Reagan de Washington, que cerr\u00f3 tras el accidente, reabri\u00f3 a las 11:00 hora local del d\u00eda siguiente.<\/p>\n","protected":false},"excerpt":{"rendered":"<p>Washington DC.-\u00a0Los investigadores de la Junta Nacional de Seguridad en el Transporte (NTSB) han recuperado las grabadoras de voz de la cabina y de datos de vuelo del avi\u00f3n que se accident\u00f3 en Washington el mi\u00e9rcoles por la noche. Estas grabadoras est\u00e1n siendo analizadas en los laboratorios de la NTSB. Seg\u00fan el portavoz de la NTSB, Peter Knudson, no hay grabadoras adicionales en el avi\u00f3n, y se est\u00e1 buscando la grabadora del helic\u00f3ptero militar Black Hawk involucrado en la colisi\u00f3n. El accidente, que ocurri\u00f3 alrededor de las 20:48 hora local, involucr\u00f3 a un avi\u00f3n comercial con 64 personas a bordo [&hellip;]<\/p>\n","protected":false},"author":2,"featured_media":156356,"comment_status":"closed","ping_status":"closed","sticky":false,"template":"","format":"standard","meta":{"_monsterinsights_skip_tracking":false,"_monsterinsights_sitenote_active":false,"_monsterinsights_sitenote_note":"","_monsterinsights_sitenote_category":0,"footnotes":""},"categories":[44],"tags":[],"class_list":["post-156355","post","type-post","status-publish","format-standard","has-post-thumbnail","hentry","category-internacional","post--single"],"yoast_head":"<!-- This site is optimized with the Yoast SEO plugin v27.4 - https:\/\/yoast.com\/product\/yoast-seo-wordpress\/ -->\n<title>NTSB recupera cajas negras del tr\u00e1gico accidente a\u00e9reo entre un avi\u00f3n y un helic\u00f3ptero en Washington - Canal 7 SLP - 2025<\/title>\n<meta name=\"robots\" content=\"index, follow, max-snippet:-1, max-image-preview:large, max-video-preview:-1\" \/>\n<link rel=\"canonical\" href=\"https:\/\/canal7slp.tv\/2025\/ntsb-recupera-cajas-negras-del-tragico-accidente-aereo-entre-un-avion-y-un-helicoptero-en-washington\/\" \/>\n<meta property=\"og:locale\" content=\"es_ES\" \/>\n<meta property=\"og:type\" content=\"article\" \/>\n<meta property=\"og:title\" content=\"NTSB recupera cajas negras del tr\u00e1gico accidente a\u00e9reo entre un avi\u00f3n y un helic\u00f3ptero en Washington - Canal 7 SLP - 2025\" \/>\n<meta property=\"og:description\" content=\"Washington DC.-\u00a0Los investigadores de la Junta Nacional de Seguridad en el Transporte (NTSB) han recuperado las grabadoras de voz de la cabina y de datos de vuelo del avi\u00f3n que se accident\u00f3 en Washington el mi\u00e9rcoles por la noche. Estas grabadoras est\u00e1n siendo analizadas en los laboratorios de la NTSB. Seg\u00fan el portavoz de la NTSB, Peter Knudson, no hay grabadoras adicionales en el avi\u00f3n, y se est\u00e1 buscando la grabadora del helic\u00f3ptero militar Black Hawk involucrado en la colisi\u00f3n. El accidente, que ocurri\u00f3 alrededor de las 20:48 hora local, involucr\u00f3 a un avi\u00f3n comercial con 64 personas a bordo [&hellip;]\" \/>\n<meta property=\"og:url\" content=\"https:\/\/canal7slp.tv\/2025\/ntsb-recupera-cajas-negras-del-tragico-accidente-aereo-entre-un-avion-y-un-helicoptero-en-washington\/\" \/>\n<meta property=\"og:site_name\" content=\"Canal 7 SLP - 2025\" \/>\n<meta property=\"article:publisher\" content=\"https:\/\/www.facebook.com\/noticieroscanal7atencionciudadana\/\" \/>\n<meta property=\"article:published_time\" content=\"2025-02-01T19:24:34+00:00\" \/>\n<meta property=\"article:modified_time\" content=\"2025-02-01T21:29:36+00:00\" \/>\n<meta property=\"og:image\" content=\"https:\/\/canal7slp.tv\/2025\/wp-content\/uploads\/2025\/02\/03.jpg\" \/>\n\t<meta property=\"og:image:width\" content=\"926\" \/>\n\t<meta property=\"og:image:height\" content=\"500\" \/>\n\t<meta property=\"og:image:type\" content=\"image\/jpeg\" \/>\n<meta name=\"author\" content=\"Edici\u00f3n Web\" \/>\n<meta name=\"twitter:card\" content=\"summary_large_image\" \/>\n<meta name=\"twitter:creator\" content=\"@NOTICIEROS7\" \/>\n<meta name=\"twitter:site\" content=\"@NOTICIEROS7\" \/>\n<meta name=\"twitter:label1\" content=\"Escrito por\" \/>\n\t<meta name=\"twitter:data1\" content=\"Edici\u00f3n Web\" \/>\n\t<meta name=\"twitter:label2\" content=\"Tiempo de lectura\" \/>\n\t<meta name=\"twitter:data2\" content=\"2 minutos\" \/>\n<script type=\"application\/ld+json\" class=\"yoast-schema-graph\">{\"@context\":\"https:\\\/\\\/schema.org\",\"@graph\":[{\"@type\":\"Article\",\"@id\":\"https:\\\/\\\/canal7slp.tv\\\/2025\\\/ntsb-recupera-cajas-negras-del-tragico-accidente-aereo-entre-un-avion-y-un-helicoptero-en-washington\\\/#article\",\"isPartOf\":{\"@id\":\"https:\\\/\\\/canal7slp.tv\\\/2025\\\/ntsb-recupera-cajas-negras-del-tragico-accidente-aereo-entre-un-avion-y-un-helicoptero-en-washington\\\/\"},\"author\":{\"name\":\"Edici\u00f3n Web\",\"@id\":\"https:\\\/\\\/canal7slp.tv\\\/2025\\\/#\\\/schema\\\/person\\\/271e2b60a96e7cc9d9ac296f4d7e414b\"},\"headline\":\"NTSB recupera cajas negras del tr\u00e1gico accidente a\u00e9reo entre un avi\u00f3n y un helic\u00f3ptero en Washington\",\"datePublished\":\"2025-02-01T19:24:34+00:00\",\"dateModified\":\"2025-02-01T21:29:36+00:00\",\"mainEntityOfPage\":{\"@id\":\"https:\\\/\\\/canal7slp.tv\\\/2025\\\/ntsb-recupera-cajas-negras-del-tragico-accidente-aereo-entre-un-avion-y-un-helicoptero-en-washington\\\/\"},\"wordCount\":297,\"publisher\":{\"@id\":\"https:\\\/\\\/canal7slp.tv\\\/2025\\\/#organization\"},\"image\":{\"@id\":\"https:\\\/\\\/canal7slp.tv\\\/2025\\\/ntsb-recupera-cajas-negras-del-tragico-accidente-aereo-entre-un-avion-y-un-helicoptero-en-washington\\\/#primaryimage\"},\"thumbnailUrl\":\"https:\\\/\\\/canal7slp.tv\\\/2025\\\/wp-content\\\/uploads\\\/2025\\\/02\\\/03.jpg\",\"articleSection\":[\"INTERNACIONALES\"],\"inLanguage\":\"es\"},{\"@type\":\"WebPage\",\"@id\":\"https:\\\/\\\/canal7slp.tv\\\/2025\\\/ntsb-recupera-cajas-negras-del-tragico-accidente-aereo-entre-un-avion-y-un-helicoptero-en-washington\\\/\",\"url\":\"https:\\\/\\\/canal7slp.tv\\\/2025\\\/ntsb-recupera-cajas-negras-del-tragico-accidente-aereo-entre-un-avion-y-un-helicoptero-en-washington\\\/\",\"name\":\"NTSB recupera cajas negras del tr\u00e1gico accidente a\u00e9reo entre un avi\u00f3n y un helic\u00f3ptero en Washington - Canal 7 SLP - 2025\",\"isPartOf\":{\"@id\":\"https:\\\/\\\/canal7slp.tv\\\/2025\\\/#website\"},\"primaryImageOfPage\":{\"@id\":\"https:\\\/\\\/canal7slp.tv\\\/2025\\\/ntsb-recupera-cajas-negras-del-tragico-accidente-aereo-entre-un-avion-y-un-helicoptero-en-washington\\\/#primaryimage\"},\"image\":{\"@id\":\"https:\\\/\\\/canal7slp.tv\\\/2025\\\/ntsb-recupera-cajas-negras-del-tragico-accidente-aereo-entre-un-avion-y-un-helicoptero-en-washington\\\/#primaryimage\"},\"thumbnailUrl\":\"https:\\\/\\\/canal7slp.tv\\\/2025\\\/wp-content\\\/uploads\\\/2025\\\/02\\\/03.jpg\",\"datePublished\":\"2025-02-01T19:24:34+00:00\",\"dateModified\":\"2025-02-01T21:29:36+00:00\",\"breadcrumb\":{\"@id\":\"https:\\\/\\\/canal7slp.tv\\\/2025\\\/ntsb-recupera-cajas-negras-del-tragico-accidente-aereo-entre-un-avion-y-un-helicoptero-en-washington\\\/#breadcrumb\"},\"inLanguage\":\"es\",\"potentialAction\":[{\"@type\":\"ReadAction\",\"target\":[\"https:\\\/\\\/canal7slp.tv\\\/2025\\\/ntsb-recupera-cajas-negras-del-tragico-accidente-aereo-entre-un-avion-y-un-helicoptero-en-washington\\\/\"]}]},{\"@type\":\"ImageObject\",\"inLanguage\":\"es\",\"@id\":\"https:\\\/\\\/canal7slp.tv\\\/2025\\\/ntsb-recupera-cajas-negras-del-tragico-accidente-aereo-entre-un-avion-y-un-helicoptero-en-washington\\\/#primaryimage\",\"url\":\"https:\\\/\\\/canal7slp.tv\\\/2025\\\/wp-content\\\/uploads\\\/2025\\\/02\\\/03.jpg\",\"contentUrl\":\"https:\\\/\\\/canal7slp.tv\\\/2025\\\/wp-content\\\/uploads\\\/2025\\\/02\\\/03.jpg\",\"width\":926,\"height\":500},{\"@type\":\"BreadcrumbList\",\"@id\":\"https:\\\/\\\/canal7slp.tv\\\/2025\\\/ntsb-recupera-cajas-negras-del-tragico-accidente-aereo-entre-un-avion-y-un-helicoptero-en-washington\\\/#breadcrumb\",\"itemListElement\":[{\"@type\":\"ListItem\",\"position\":1,\"name\":\"Portada\",\"item\":\"https:\\\/\\\/canal7slp.tv\\\/2025\\\/\"},{\"@type\":\"ListItem\",\"position\":2,\"name\":\"NTSB recupera cajas negras del tr\u00e1gico accidente a\u00e9reo entre un avi\u00f3n y un helic\u00f3ptero en Washington\"}]},{\"@type\":\"WebSite\",\"@id\":\"https:\\\/\\\/canal7slp.tv\\\/2025\\\/#website\",\"url\":\"https:\\\/\\\/canal7slp.tv\\\/2025\\\/\",\"name\":\"N7 - Noticieros Canal 7\",\"description\":\"Somos el Medio\",\"publisher\":{\"@id\":\"https:\\\/\\\/canal7slp.tv\\\/2025\\\/#organization\"},\"potentialAction\":[{\"@type\":\"SearchAction\",\"target\":{\"@type\":\"EntryPoint\",\"urlTemplate\":\"https:\\\/\\\/canal7slp.tv\\\/2025\\\/?s={search_term_string}\"},\"query-input\":{\"@type\":\"PropertyValueSpecification\",\"valueRequired\":true,\"valueName\":\"search_term_string\"}}],\"inLanguage\":\"es\"},{\"@type\":\"Organization\",\"@id\":\"https:\\\/\\\/canal7slp.tv\\\/2025\\\/#organization\",\"name\":\"Noticieros Canal 7\",\"url\":\"https:\\\/\\\/canal7slp.tv\\\/2025\\\/\",\"logo\":{\"@type\":\"ImageObject\",\"inLanguage\":\"es\",\"@id\":\"https:\\\/\\\/canal7slp.tv\\\/2025\\\/#\\\/schema\\\/logo\\\/image\\\/\",\"url\":\"https:\\\/\\\/canal7slp.tv\\\/2025\\\/wp-content\\\/uploads\\\/2021\\\/01\\\/logo-noticieros@2x.png\",\"contentUrl\":\"https:\\\/\\\/canal7slp.tv\\\/2025\\\/wp-content\\\/uploads\\\/2021\\\/01\\\/logo-noticieros@2x.png\",\"width\":1017,\"height\":268,\"caption\":\"Noticieros Canal 7\"},\"image\":{\"@id\":\"https:\\\/\\\/canal7slp.tv\\\/2025\\\/#\\\/schema\\\/logo\\\/image\\\/\"},\"sameAs\":[\"https:\\\/\\\/www.facebook.com\\\/noticieroscanal7atencionciudadana\\\/\",\"https:\\\/\\\/x.com\\\/NOTICIEROS7\",\"https:\\\/\\\/www.instagram.com\\\/canal7_slp\",\"https:\\\/\\\/www.youtube.com\\\/channel\\\/UCliiYs-gP3JfJeqdPrNdd5A\"]},{\"@type\":\"Person\",\"@id\":\"https:\\\/\\\/canal7slp.tv\\\/2025\\\/#\\\/schema\\\/person\\\/271e2b60a96e7cc9d9ac296f4d7e414b\",\"name\":\"Edici\u00f3n Web\",\"image\":{\"@type\":\"ImageObject\",\"inLanguage\":\"es\",\"@id\":\"https:\\\/\\\/secure.gravatar.com\\\/avatar\\\/eee448fc3f7164808013b816ba91ac7e43bbe82a70bebac296f8bc6f0addaa1a?s=96&d=mm&r=g\",\"url\":\"https:\\\/\\\/secure.gravatar.com\\\/avatar\\\/eee448fc3f7164808013b816ba91ac7e43bbe82a70bebac296f8bc6f0addaa1a?s=96&d=mm&r=g\",\"contentUrl\":\"https:\\\/\\\/secure.gravatar.com\\\/avatar\\\/eee448fc3f7164808013b816ba91ac7e43bbe82a70bebac296f8bc6f0addaa1a?s=96&d=mm&r=g\",\"caption\":\"Edici\u00f3n Web\"},\"url\":\"https:\\\/\\\/canal7slp.tv\\\/2025\\\/author\\\/edicionweb\\\/\"}]}<\/script>\n<!-- \/ Yoast SEO plugin. -->","yoast_head_json":{"title":"NTSB recupera cajas negras del tr\u00e1gico accidente a\u00e9reo entre un avi\u00f3n y un helic\u00f3ptero en Washington - Canal 7 SLP - 2025","robots":{"index":"index","follow":"follow","max-snippet":"max-snippet:-1","max-image-preview":"max-image-preview:large","max-video-preview":"max-video-preview:-1"},"canonical":"https:\/\/canal7slp.tv\/2025\/ntsb-recupera-cajas-negras-del-tragico-accidente-aereo-entre-un-avion-y-un-helicoptero-en-washington\/","og_locale":"es_ES","og_type":"article","og_title":"NTSB recupera cajas negras del tr\u00e1gico accidente a\u00e9reo entre un avi\u00f3n y un helic\u00f3ptero en Washington - Canal 7 SLP - 2025","og_description":"Washington DC.-\u00a0Los investigadores de la Junta Nacional de Seguridad en el Transporte (NTSB) han recuperado las grabadoras de voz de la cabina y de datos de vuelo del avi\u00f3n que se accident\u00f3 en Washington el mi\u00e9rcoles por la noche. Estas grabadoras est\u00e1n siendo analizadas en los laboratorios de la NTSB. Seg\u00fan el portavoz de la NTSB, Peter Knudson, no hay grabadoras adicionales en el avi\u00f3n, y se est\u00e1 buscando la grabadora del helic\u00f3ptero militar Black Hawk involucrado en la colisi\u00f3n. El accidente, que ocurri\u00f3 alrededor de las 20:48 hora local, involucr\u00f3 a un avi\u00f3n comercial con 64 personas a bordo [&hellip;]","og_url":"https:\/\/canal7slp.tv\/2025\/ntsb-recupera-cajas-negras-del-tragico-accidente-aereo-entre-un-avion-y-un-helicoptero-en-washington\/","og_site_name":"Canal 7 SLP - 2025","article_publisher":"https:\/\/www.facebook.com\/noticieroscanal7atencionciudadana\/","article_published_time":"2025-02-01T19:24:34+00:00","article_modified_time":"2025-02-01T21:29:36+00:00","og_image":[{"width":926,"height":500,"url":"https:\/\/canal7slp.tv\/2025\/wp-content\/uploads\/2025\/02\/03.jpg","type":"image\/jpeg"}],"author":"Edici\u00f3n Web","twitter_card":"summary_large_image","twitter_creator":"@NOTICIEROS7","twitter_site":"@NOTICIEROS7","twitter_misc":{"Escrito por":"Edici\u00f3n Web","Tiempo de lectura":"2 minutos"},"schema":{"@context":"https:\/\/schema.org","@graph":[{"@type":"Article","@id":"https:\/\/canal7slp.tv\/2025\/ntsb-recupera-cajas-negras-del-tragico-accidente-aereo-entre-un-avion-y-un-helicoptero-en-washington\/#article","isPartOf":{"@id":"https:\/\/canal7slp.tv\/2025\/ntsb-recupera-cajas-negras-del-tragico-accidente-aereo-entre-un-avion-y-un-helicoptero-en-washington\/"},"author":{"name":"Edici\u00f3n Web","@id":"https:\/\/canal7slp.tv\/2025\/#\/schema\/person\/271e2b60a96e7cc9d9ac296f4d7e414b"},"headline":"NTSB recupera cajas negras del tr\u00e1gico accidente a\u00e9reo entre un avi\u00f3n y un helic\u00f3ptero en Washington","datePublished":"2025-02-01T19:24:34+00:00","dateModified":"2025-02-01T21:29:36+00:00","mainEntityOfPage":{"@id":"https:\/\/canal7slp.tv\/2025\/ntsb-recupera-cajas-negras-del-tragico-accidente-aereo-entre-un-avion-y-un-helicoptero-en-washington\/"},"wordCount":297,"publisher":{"@id":"https:\/\/canal7slp.tv\/2025\/#organization"},"image":{"@id":"https:\/\/canal7slp.tv\/2025\/ntsb-recupera-cajas-negras-del-tragico-accidente-aereo-entre-un-avion-y-un-helicoptero-en-washington\/#primaryimage"},"thumbnailUrl":"https:\/\/canal7slp.tv\/2025\/wp-content\/uploads\/2025\/02\/03.jpg","articleSection":["INTERNACIONALES"],"inLanguage":"es"},{"@type":"WebPage","@id":"https:\/\/canal7slp.tv\/2025\/ntsb-recupera-cajas-negras-del-tragico-accidente-aereo-entre-un-avion-y-un-helicoptero-en-washington\/","url":"https:\/\/canal7slp.tv\/2025\/ntsb-recupera-cajas-negras-del-tragico-accidente-aereo-entre-un-avion-y-un-helicoptero-en-washington\/","name":"NTSB recupera cajas negras del tr\u00e1gico accidente a\u00e9reo entre un avi\u00f3n y un helic\u00f3ptero en Washington - Canal 7 SLP - 2025","isPartOf":{"@id":"https:\/\/canal7slp.tv\/2025\/#website"},"primaryImageOfPage":{"@id":"https:\/\/canal7slp.tv\/2025\/ntsb-recupera-cajas-negras-del-tragico-accidente-aereo-entre-un-avion-y-un-helicoptero-en-washington\/#primaryimage"},"image":{"@id":"https:\/\/canal7slp.tv\/2025\/ntsb-recupera-cajas-negras-del-tragico-accidente-aereo-entre-un-avion-y-un-helicoptero-en-washington\/#primaryimage"},"thumbnailUrl":"https:\/\/canal7slp.tv\/2025\/wp-content\/uploads\/2025\/02\/03.jpg","datePublished":"2025-02-01T19:24:34+00:00","dateModified":"2025-02-01T21:29:36+00:00","breadcrumb":{"@id":"https:\/\/canal7slp.tv\/2025\/ntsb-recupera-cajas-negras-del-tragico-accidente-aereo-entre-un-avion-y-un-helicoptero-en-washington\/#breadcrumb"},"inLanguage":"es","potentialAction":[{"@type":"ReadAction","target":["https:\/\/canal7slp.tv\/2025\/ntsb-recupera-cajas-negras-del-tragico-accidente-aereo-entre-un-avion-y-un-helicoptero-en-washington\/"]}]},{"@type":"ImageObject","inLanguage":"es","@id":"https:\/\/canal7slp.tv\/2025\/ntsb-recupera-cajas-negras-del-tragico-accidente-aereo-entre-un-avion-y-un-helicoptero-en-washington\/#primaryimage","url":"https:\/\/canal7slp.tv\/2025\/wp-content\/uploads\/2025\/02\/03.jpg","contentUrl":"https:\/\/canal7slp.tv\/2025\/wp-content\/uploads\/2025\/02\/03.jpg","width":926,"height":500},{"@type":"BreadcrumbList","@id":"https:\/\/canal7slp.tv\/2025\/ntsb-recupera-cajas-negras-del-tragico-accidente-aereo-entre-un-avion-y-un-helicoptero-en-washington\/#breadcrumb","itemListElement":[{"@type":"ListItem","position":1,"name":"Portada","item":"https:\/\/canal7slp.tv\/2025\/"},{"@type":"ListItem","position":2,"name":"NTSB recupera cajas negras del tr\u00e1gico accidente a\u00e9reo entre un avi\u00f3n y un helic\u00f3ptero en Washington"}]},{"@type":"WebSite","@id":"https:\/\/canal7slp.tv\/2025\/#website","url":"https:\/\/canal7slp.tv\/2025\/","name":"N7 - Noticieros Canal 7","description":"Somos el Medio","publisher":{"@id":"https:\/\/canal7slp.tv\/2025\/#organization"},"potentialAction":[{"@type":"SearchAction","target":{"@type":"EntryPoint","urlTemplate":"https:\/\/canal7slp.tv\/2025\/?s={search_term_string}"},"query-input":{"@type":"PropertyValueSpecification","valueRequired":true,"valueName":"search_term_string"}}],"inLanguage":"es"},{"@type":"Organization","@id":"https:\/\/canal7slp.tv\/2025\/#organization","name":"Noticieros Canal 7","url":"https:\/\/canal7slp.tv\/2025\/","logo":{"@type":"ImageObject","inLanguage":"es","@id":"https:\/\/canal7slp.tv\/2025\/#\/schema\/logo\/image\/","url":"https:\/\/canal7slp.tv\/2025\/wp-content\/uploads\/2021\/01\/logo-noticieros@2x.png","contentUrl":"https:\/\/canal7slp.tv\/2025\/wp-content\/uploads\/2021\/01\/logo-noticieros@2x.png","width":1017,"height":268,"caption":"Noticieros Canal 7"},"image":{"@id":"https:\/\/canal7slp.tv\/2025\/#\/schema\/logo\/image\/"},"sameAs":["https:\/\/www.facebook.com\/noticieroscanal7atencionciudadana\/","https:\/\/x.com\/NOTICIEROS7","https:\/\/www.instagram.com\/canal7_slp","https:\/\/www.youtube.com\/channel\/UCliiYs-gP3JfJeqdPrNdd5A"]},{"@type":"Person","@id":"https:\/\/canal7slp.tv\/2025\/#\/schema\/person\/271e2b60a96e7cc9d9ac296f4d7e414b","name":"Edici\u00f3n Web","image":{"@type":"ImageObject","inLanguage":"es","@id":"https:\/\/secure.gravatar.com\/avatar\/eee448fc3f7164808013b816ba91ac7e43bbe82a70bebac296f8bc6f0addaa1a?s=96&d=mm&r=g","url":"https:\/\/secure.gravatar.com\/avatar\/eee448fc3f7164808013b816ba91ac7e43bbe82a70bebac296f8bc6f0addaa1a?s=96&d=mm&r=g","contentUrl":"https:\/\/secure.gravatar.com\/avatar\/eee448fc3f7164808013b816ba91ac7e43bbe82a70bebac296f8bc6f0addaa1a?s=96&d=mm&r=g","caption":"Edici\u00f3n Web"},"url":"https:\/\/canal7slp.tv\/2025\/author\/edicionweb\/"}]}},"_links":{"self":[{"href":"https:\/\/canal7slp.tv\/2025\/wp-json\/wp\/v2\/posts\/156355","targetHints":{"allow":["GET"]}}],"collection":[{"href":"https:\/\/canal7slp.tv\/2025\/wp-json\/wp\/v2\/posts"}],"about":[{"href":"https:\/\/canal7slp.tv\/2025\/wp-json\/wp\/v2\/types\/post"}],"author":[{"embeddable":true,"href":"https:\/\/canal7slp.tv\/2025\/wp-json\/wp\/v2\/users\/2"}],"replies":[{"embeddable":true,"href":"https:\/\/canal7slp.tv\/2025\/wp-json\/wp\/v2\/comments?post=156355"}],"version-history":[{"count":2,"href":"https:\/\/canal7slp.tv\/2025\/wp-json\/wp\/v2\/posts\/156355\/revisions"}],"predecessor-version":[{"id":156368,"href":"https:\/\/canal7slp.tv\/2025\/wp-json\/wp\/v2\/posts\/156355\/revisions\/156368"}],"wp:featuredmedia":[{"embeddable":true,"href":"https:\/\/canal7slp.tv\/2025\/wp-json\/wp\/v2\/media\/156356"}],"wp:attachment":[{"href":"https:\/\/canal7slp.tv\/2025\/wp-json\/wp\/v2\/media?parent=156355"}],"wp:term":[{"taxonomy":"category","embeddable":true,"href":"https:\/\/canal7slp.tv\/2025\/wp-json\/wp\/v2\/categories?post=156355"},{"taxonomy":"post_tag","embeddable":true,"href":"https:\/\/canal7slp.tv\/2025\/wp-json\/wp\/v2\/tags?post=156355"}],"curies":[{"name":"wp","href":"https:\/\/api.w.org\/{rel}","templated":true}]}}