{"id":156339,"date":"2025-02-01T11:47:40","date_gmt":"2025-02-01T17:47:40","guid":{"rendered":"https:\/\/canal7slp.tv\/2025\/?p=156339"},"modified":"2025-02-01T11:47:40","modified_gmt":"2025-02-01T17:47:40","slug":"joven-se-quito-la-vida-al-interior-de-su-domicilio-en-matehuala","status":"publish","type":"post","link":"https:\/\/canal7slp.tv\/2025\/joven-se-quito-la-vida-al-interior-de-su-domicilio-en-matehuala\/","title":{"rendered":"Joven se quit\u00f3 la vida al interior de su domicilio en Matehuala"},"content":{"rendered":"<p style=\"text-align: justify;\">Matehuala.-\u00a0Un joven de 25 a\u00f1os de edad, se quit\u00f3 la vida dentro de su domicilio en el municipio de Matehuala.<\/p>\n<p style=\"text-align: justify;\">Los hechos se registraron en una vivienda ubicada en el Andador Canarios de la Colonia La Granja, donde se report\u00f3 a trav\u00e9s de una llamada al servicio de emergencias, que una persona se encontraba inconsciente, por lo que de inmediato se movilizaron los cuerpos de emergencia.<\/p>\n<p style=\"text-align: justify;\">Al arribar al sitio, param\u00e9dicos de la Cruz Roja de Matehuala encontraron un masculino quien fue identificado como Roberto, quien al momento de ser atendido, ya no presentaba signos vitales, por lo que fue necesario pedir el apoyo de los servicios periciales, para llevar a cabo el levantamiento del cuerpo y su traslado al servicio m\u00e9dico forense, con el objetivo de realizar la necropsia de ley.<\/p>\n<p style=\"text-align: justify;\">De acuerdo a informaci\u00f3n extra oficial, el ahora occiso habr\u00eda sido localizado por uno de sus familiares colgado dentro de su habitaci\u00f3n, por lo que procedieron a llamar a las autoridades, sin embargo, ya no pudieron hacer nada para salvarle la vida.<\/p>\n<p style=\"text-align: justify;\">Agentes de la Polic\u00eda de Investigaci\u00f3n quedaron a cargo del suceso, esto con el objetivo de iniciar con las diligencias correspondientes, a fin de esclarecer los hechos e intentar conocer las posibles causas que originaron esta lamentable tragedia.<\/p>\n<p>Por: Jes\u00fas Valencia<\/p>\n","protected":false},"excerpt":{"rendered":"<p>Matehuala.-\u00a0Un joven de 25 a\u00f1os de edad, se quit\u00f3 la vida dentro de su domicilio en el municipio de Matehuala. Los hechos se registraron en una vivienda ubicada en el Andador Canarios de la Colonia La Granja, donde se report\u00f3 a trav\u00e9s de una llamada al servicio de emergencias, que una persona se encontraba inconsciente, por lo que de inmediato se movilizaron los cuerpos de emergencia. Al arribar al sitio, param\u00e9dicos de la Cruz Roja de Matehuala encontraron un masculino quien fue identificado como Roberto, quien al momento de ser atendido, ya no presentaba signos vitales, por lo que fue [&hellip;]<\/p>\n","protected":false},"author":2,"featured_media":156344,"comment_status":"closed","ping_status":"closed","sticky":false,"template":"","format":"video","meta":{"_monsterinsights_skip_tracking":false,"_monsterinsights_sitenote_active":false,"_monsterinsights_sitenote_note":"","_monsterinsights_sitenote_category":0,"footnotes":""},"categories":[5,43],"tags":[],"class_list":["post-156339","post","type-post","status-publish","format-video","has-post-thumbnail","hentry","category-destacadas","category-interior","post_format-post-format-video","post--single"],"yoast_head":"<!-- This site is optimized with the Yoast SEO plugin v27.5 - https:\/\/yoast.com\/product\/yoast-seo-wordpress\/ -->\n<title>Joven se quit\u00f3 la vida al interior de su domicilio en Matehuala - Canal 7 SLP - 2025<\/title>\n<meta name=\"robots\" content=\"index, follow, max-snippet:-1, max-image-preview:large, max-video-preview:-1\" \/>\n<link rel=\"canonical\" href=\"https:\/\/canal7slp.tv\/2025\/joven-se-quito-la-vida-al-interior-de-su-domicilio-en-matehuala\/\" \/>\n<meta property=\"og:locale\" content=\"es_ES\" \/>\n<meta property=\"og:type\" content=\"article\" \/>\n<meta property=\"og:title\" content=\"Joven se quit\u00f3 la vida al interior de su domicilio en Matehuala - Canal 7 SLP - 2025\" \/>\n<meta property=\"og:description\" content=\"Matehuala.-\u00a0Un joven de 25 a\u00f1os de edad, se quit\u00f3 la vida dentro de su domicilio en el municipio de Matehuala. Los hechos se registraron en una vivienda ubicada en el Andador Canarios de la Colonia La Granja, donde se report\u00f3 a trav\u00e9s de una llamada al servicio de emergencias, que una persona se encontraba inconsciente, por lo que de inmediato se movilizaron los cuerpos de emergencia. Al arribar al sitio, param\u00e9dicos de la Cruz Roja de Matehuala encontraron un masculino quien fue identificado como Roberto, quien al momento de ser atendido, ya no presentaba signos vitales, por lo que fue [&hellip;]\" \/>\n<meta property=\"og:url\" content=\"https:\/\/canal7slp.tv\/2025\/joven-se-quito-la-vida-al-interior-de-su-domicilio-en-matehuala\/\" \/>\n<meta property=\"og:site_name\" content=\"Canal 7 SLP - 2025\" \/>\n<meta property=\"article:publisher\" content=\"https:\/\/www.facebook.com\/noticieroscanal7atencionciudadana\/\" \/>\n<meta property=\"article:published_time\" content=\"2025-02-01T17:47:40+00:00\" \/>\n<meta property=\"og:image\" content=\"https:\/\/canal7slp.tv\/2025\/wp-content\/uploads\/2025\/02\/Valencia01Joven.jpg\" \/>\n\t<meta property=\"og:image:width\" content=\"1920\" \/>\n\t<meta property=\"og:image:height\" content=\"1080\" \/>\n\t<meta property=\"og:image:type\" content=\"image\/jpeg\" \/>\n<meta name=\"author\" content=\"Edici\u00f3n Web\" \/>\n<meta name=\"twitter:card\" content=\"summary_large_image\" \/>\n<meta name=\"twitter:creator\" content=\"@NOTICIEROS7\" \/>\n<meta name=\"twitter:site\" content=\"@NOTICIEROS7\" \/>\n<meta name=\"twitter:label1\" content=\"Escrito por\" \/>\n\t<meta name=\"twitter:data1\" content=\"Edici\u00f3n Web\" \/>\n\t<meta name=\"twitter:label2\" content=\"Tiempo de lectura\" \/>\n\t<meta name=\"twitter:data2\" content=\"2 minutos\" \/>\n<script type=\"application\/ld+json\" class=\"yoast-schema-graph\">{\"@context\":\"https:\\\/\\\/schema.org\",\"@graph\":[{\"@type\":\"Article\",\"@id\":\"https:\\\/\\\/canal7slp.tv\\\/2025\\\/joven-se-quito-la-vida-al-interior-de-su-domicilio-en-matehuala\\\/#article\",\"isPartOf\":{\"@id\":\"https:\\\/\\\/canal7slp.tv\\\/2025\\\/joven-se-quito-la-vida-al-interior-de-su-domicilio-en-matehuala\\\/\"},\"author\":{\"name\":\"Edici\u00f3n Web\",\"@id\":\"https:\\\/\\\/canal7slp.tv\\\/2025\\\/#\\\/schema\\\/person\\\/271e2b60a96e7cc9d9ac296f4d7e414b\"},\"headline\":\"Joven se quit\u00f3 la vida al interior de su domicilio en Matehuala\",\"datePublished\":\"2025-02-01T17:47:40+00:00\",\"mainEntityOfPage\":{\"@id\":\"https:\\\/\\\/canal7slp.tv\\\/2025\\\/joven-se-quito-la-vida-al-interior-de-su-domicilio-en-matehuala\\\/\"},\"wordCount\":238,\"publisher\":{\"@id\":\"https:\\\/\\\/canal7slp.tv\\\/2025\\\/#organization\"},\"image\":{\"@id\":\"https:\\\/\\\/canal7slp.tv\\\/2025\\\/joven-se-quito-la-vida-al-interior-de-su-domicilio-en-matehuala\\\/#primaryimage\"},\"thumbnailUrl\":\"https:\\\/\\\/canal7slp.tv\\\/2025\\\/wp-content\\\/uploads\\\/2025\\\/02\\\/Valencia01Joven.jpg\",\"articleSection\":[\"DESTACADAS\",\"INTERIOR DEL ESTADO\"],\"inLanguage\":\"es\"},{\"@type\":\"WebPage\",\"@id\":\"https:\\\/\\\/canal7slp.tv\\\/2025\\\/joven-se-quito-la-vida-al-interior-de-su-domicilio-en-matehuala\\\/\",\"url\":\"https:\\\/\\\/canal7slp.tv\\\/2025\\\/joven-se-quito-la-vida-al-interior-de-su-domicilio-en-matehuala\\\/\",\"name\":\"Joven se quit\u00f3 la vida al interior de su domicilio en Matehuala - Canal 7 SLP - 2025\",\"isPartOf\":{\"@id\":\"https:\\\/\\\/canal7slp.tv\\\/2025\\\/#website\"},\"primaryImageOfPage\":{\"@id\":\"https:\\\/\\\/canal7slp.tv\\\/2025\\\/joven-se-quito-la-vida-al-interior-de-su-domicilio-en-matehuala\\\/#primaryimage\"},\"image\":{\"@id\":\"https:\\\/\\\/canal7slp.tv\\\/2025\\\/joven-se-quito-la-vida-al-interior-de-su-domicilio-en-matehuala\\\/#primaryimage\"},\"thumbnailUrl\":\"https:\\\/\\\/canal7slp.tv\\\/2025\\\/wp-content\\\/uploads\\\/2025\\\/02\\\/Valencia01Joven.jpg\",\"datePublished\":\"2025-02-01T17:47:40+00:00\",\"breadcrumb\":{\"@id\":\"https:\\\/\\\/canal7slp.tv\\\/2025\\\/joven-se-quito-la-vida-al-interior-de-su-domicilio-en-matehuala\\\/#breadcrumb\"},\"inLanguage\":\"es\",\"potentialAction\":[{\"@type\":\"ReadAction\",\"target\":[\"https:\\\/\\\/canal7slp.tv\\\/2025\\\/joven-se-quito-la-vida-al-interior-de-su-domicilio-en-matehuala\\\/\"]}]},{\"@type\":\"ImageObject\",\"inLanguage\":\"es\",\"@id\":\"https:\\\/\\\/canal7slp.tv\\\/2025\\\/joven-se-quito-la-vida-al-interior-de-su-domicilio-en-matehuala\\\/#primaryimage\",\"url\":\"https:\\\/\\\/canal7slp.tv\\\/2025\\\/wp-content\\\/uploads\\\/2025\\\/02\\\/Valencia01Joven.jpg\",\"contentUrl\":\"https:\\\/\\\/canal7slp.tv\\\/2025\\\/wp-content\\\/uploads\\\/2025\\\/02\\\/Valencia01Joven.jpg\",\"width\":1920,\"height\":1080},{\"@type\":\"BreadcrumbList\",\"@id\":\"https:\\\/\\\/canal7slp.tv\\\/2025\\\/joven-se-quito-la-vida-al-interior-de-su-domicilio-en-matehuala\\\/#breadcrumb\",\"itemListElement\":[{\"@type\":\"ListItem\",\"position\":1,\"name\":\"Portada\",\"item\":\"https:\\\/\\\/canal7slp.tv\\\/2025\\\/\"},{\"@type\":\"ListItem\",\"position\":2,\"name\":\"Joven se quit\u00f3 la vida al interior de su domicilio en Matehuala\"}]},{\"@type\":\"WebSite\",\"@id\":\"https:\\\/\\\/canal7slp.tv\\\/2025\\\/#website\",\"url\":\"https:\\\/\\\/canal7slp.tv\\\/2025\\\/\",\"name\":\"N7 - Noticieros Canal 7\",\"description\":\"Somos el Medio\",\"publisher\":{\"@id\":\"https:\\\/\\\/canal7slp.tv\\\/2025\\\/#organization\"},\"potentialAction\":[{\"@type\":\"SearchAction\",\"target\":{\"@type\":\"EntryPoint\",\"urlTemplate\":\"https:\\\/\\\/canal7slp.tv\\\/2025\\\/?s={search_term_string}\"},\"query-input\":{\"@type\":\"PropertyValueSpecification\",\"valueRequired\":true,\"valueName\":\"search_term_string\"}}],\"inLanguage\":\"es\"},{\"@type\":\"Organization\",\"@id\":\"https:\\\/\\\/canal7slp.tv\\\/2025\\\/#organization\",\"name\":\"Noticieros Canal 7\",\"url\":\"https:\\\/\\\/canal7slp.tv\\\/2025\\\/\",\"logo\":{\"@type\":\"ImageObject\",\"inLanguage\":\"es\",\"@id\":\"https:\\\/\\\/canal7slp.tv\\\/2025\\\/#\\\/schema\\\/logo\\\/image\\\/\",\"url\":\"https:\\\/\\\/canal7slp.tv\\\/2025\\\/wp-content\\\/uploads\\\/2021\\\/01\\\/logo-noticieros@2x.png\",\"contentUrl\":\"https:\\\/\\\/canal7slp.tv\\\/2025\\\/wp-content\\\/uploads\\\/2021\\\/01\\\/logo-noticieros@2x.png\",\"width\":1017,\"height\":268,\"caption\":\"Noticieros Canal 7\"},\"image\":{\"@id\":\"https:\\\/\\\/canal7slp.tv\\\/2025\\\/#\\\/schema\\\/logo\\\/image\\\/\"},\"sameAs\":[\"https:\\\/\\\/www.facebook.com\\\/noticieroscanal7atencionciudadana\\\/\",\"https:\\\/\\\/x.com\\\/NOTICIEROS7\",\"https:\\\/\\\/www.instagram.com\\\/canal7_slp\",\"https:\\\/\\\/www.youtube.com\\\/channel\\\/UCliiYs-gP3JfJeqdPrNdd5A\"]},{\"@type\":\"Person\",\"@id\":\"https:\\\/\\\/canal7slp.tv\\\/2025\\\/#\\\/schema\\\/person\\\/271e2b60a96e7cc9d9ac296f4d7e414b\",\"name\":\"Edici\u00f3n Web\",\"image\":{\"@type\":\"ImageObject\",\"inLanguage\":\"es\",\"@id\":\"https:\\\/\\\/secure.gravatar.com\\\/avatar\\\/eee448fc3f7164808013b816ba91ac7e43bbe82a70bebac296f8bc6f0addaa1a?s=96&d=mm&r=g\",\"url\":\"https:\\\/\\\/secure.gravatar.com\\\/avatar\\\/eee448fc3f7164808013b816ba91ac7e43bbe82a70bebac296f8bc6f0addaa1a?s=96&d=mm&r=g\",\"contentUrl\":\"https:\\\/\\\/secure.gravatar.com\\\/avatar\\\/eee448fc3f7164808013b816ba91ac7e43bbe82a70bebac296f8bc6f0addaa1a?s=96&d=mm&r=g\",\"caption\":\"Edici\u00f3n Web\"},\"url\":\"https:\\\/\\\/canal7slp.tv\\\/2025\\\/author\\\/edicionweb\\\/\"}]}<\/script>\n<!-- \/ Yoast SEO plugin. -->","yoast_head_json":{"title":"Joven se quit\u00f3 la vida al interior de su domicilio en Matehuala - Canal 7 SLP - 2025","robots":{"index":"index","follow":"follow","max-snippet":"max-snippet:-1","max-image-preview":"max-image-preview:large","max-video-preview":"max-video-preview:-1"},"canonical":"https:\/\/canal7slp.tv\/2025\/joven-se-quito-la-vida-al-interior-de-su-domicilio-en-matehuala\/","og_locale":"es_ES","og_type":"article","og_title":"Joven se quit\u00f3 la vida al interior de su domicilio en Matehuala - Canal 7 SLP - 2025","og_description":"Matehuala.-\u00a0Un joven de 25 a\u00f1os de edad, se quit\u00f3 la vida dentro de su domicilio en el municipio de Matehuala. Los hechos se registraron en una vivienda ubicada en el Andador Canarios de la Colonia La Granja, donde se report\u00f3 a trav\u00e9s de una llamada al servicio de emergencias, que una persona se encontraba inconsciente, por lo que de inmediato se movilizaron los cuerpos de emergencia. Al arribar al sitio, param\u00e9dicos de la Cruz Roja de Matehuala encontraron un masculino quien fue identificado como Roberto, quien al momento de ser atendido, ya no presentaba signos vitales, por lo que fue [&hellip;]","og_url":"https:\/\/canal7slp.tv\/2025\/joven-se-quito-la-vida-al-interior-de-su-domicilio-en-matehuala\/","og_site_name":"Canal 7 SLP - 2025","article_publisher":"https:\/\/www.facebook.com\/noticieroscanal7atencionciudadana\/","article_published_time":"2025-02-01T17:47:40+00:00","og_image":[{"width":1920,"height":1080,"url":"https:\/\/canal7slp.tv\/2025\/wp-content\/uploads\/2025\/02\/Valencia01Joven.jpg","type":"image\/jpeg"}],"author":"Edici\u00f3n Web","twitter_card":"summary_large_image","twitter_creator":"@NOTICIEROS7","twitter_site":"@NOTICIEROS7","twitter_misc":{"Escrito por":"Edici\u00f3n Web","Tiempo de lectura":"2 minutos"},"schema":{"@context":"https:\/\/schema.org","@graph":[{"@type":"Article","@id":"https:\/\/canal7slp.tv\/2025\/joven-se-quito-la-vida-al-interior-de-su-domicilio-en-matehuala\/#article","isPartOf":{"@id":"https:\/\/canal7slp.tv\/2025\/joven-se-quito-la-vida-al-interior-de-su-domicilio-en-matehuala\/"},"author":{"name":"Edici\u00f3n Web","@id":"https:\/\/canal7slp.tv\/2025\/#\/schema\/person\/271e2b60a96e7cc9d9ac296f4d7e414b"},"headline":"Joven se quit\u00f3 la vida al interior de su domicilio en Matehuala","datePublished":"2025-02-01T17:47:40+00:00","mainEntityOfPage":{"@id":"https:\/\/canal7slp.tv\/2025\/joven-se-quito-la-vida-al-interior-de-su-domicilio-en-matehuala\/"},"wordCount":238,"publisher":{"@id":"https:\/\/canal7slp.tv\/2025\/#organization"},"image":{"@id":"https:\/\/canal7slp.tv\/2025\/joven-se-quito-la-vida-al-interior-de-su-domicilio-en-matehuala\/#primaryimage"},"thumbnailUrl":"https:\/\/canal7slp.tv\/2025\/wp-content\/uploads\/2025\/02\/Valencia01Joven.jpg","articleSection":["DESTACADAS","INTERIOR DEL ESTADO"],"inLanguage":"es"},{"@type":"WebPage","@id":"https:\/\/canal7slp.tv\/2025\/joven-se-quito-la-vida-al-interior-de-su-domicilio-en-matehuala\/","url":"https:\/\/canal7slp.tv\/2025\/joven-se-quito-la-vida-al-interior-de-su-domicilio-en-matehuala\/","name":"Joven se quit\u00f3 la vida al interior de su domicilio en Matehuala - Canal 7 SLP - 2025","isPartOf":{"@id":"https:\/\/canal7slp.tv\/2025\/#website"},"primaryImageOfPage":{"@id":"https:\/\/canal7slp.tv\/2025\/joven-se-quito-la-vida-al-interior-de-su-domicilio-en-matehuala\/#primaryimage"},"image":{"@id":"https:\/\/canal7slp.tv\/2025\/joven-se-quito-la-vida-al-interior-de-su-domicilio-en-matehuala\/#primaryimage"},"thumbnailUrl":"https:\/\/canal7slp.tv\/2025\/wp-content\/uploads\/2025\/02\/Valencia01Joven.jpg","datePublished":"2025-02-01T17:47:40+00:00","breadcrumb":{"@id":"https:\/\/canal7slp.tv\/2025\/joven-se-quito-la-vida-al-interior-de-su-domicilio-en-matehuala\/#breadcrumb"},"inLanguage":"es","potentialAction":[{"@type":"ReadAction","target":["https:\/\/canal7slp.tv\/2025\/joven-se-quito-la-vida-al-interior-de-su-domicilio-en-matehuala\/"]}]},{"@type":"ImageObject","inLanguage":"es","@id":"https:\/\/canal7slp.tv\/2025\/joven-se-quito-la-vida-al-interior-de-su-domicilio-en-matehuala\/#primaryimage","url":"https:\/\/canal7slp.tv\/2025\/wp-content\/uploads\/2025\/02\/Valencia01Joven.jpg","contentUrl":"https:\/\/canal7slp.tv\/2025\/wp-content\/uploads\/2025\/02\/Valencia01Joven.jpg","width":1920,"height":1080},{"@type":"BreadcrumbList","@id":"https:\/\/canal7slp.tv\/2025\/joven-se-quito-la-vida-al-interior-de-su-domicilio-en-matehuala\/#breadcrumb","itemListElement":[{"@type":"ListItem","position":1,"name":"Portada","item":"https:\/\/canal7slp.tv\/2025\/"},{"@type":"ListItem","position":2,"name":"Joven se quit\u00f3 la vida al interior de su domicilio en Matehuala"}]},{"@type":"WebSite","@id":"https:\/\/canal7slp.tv\/2025\/#website","url":"https:\/\/canal7slp.tv\/2025\/","name":"N7 - Noticieros Canal 7","description":"Somos el Medio","publisher":{"@id":"https:\/\/canal7slp.tv\/2025\/#organization"},"potentialAction":[{"@type":"SearchAction","target":{"@type":"EntryPoint","urlTemplate":"https:\/\/canal7slp.tv\/2025\/?s={search_term_string}"},"query-input":{"@type":"PropertyValueSpecification","valueRequired":true,"valueName":"search_term_string"}}],"inLanguage":"es"},{"@type":"Organization","@id":"https:\/\/canal7slp.tv\/2025\/#organization","name":"Noticieros Canal 7","url":"https:\/\/canal7slp.tv\/2025\/","logo":{"@type":"ImageObject","inLanguage":"es","@id":"https:\/\/canal7slp.tv\/2025\/#\/schema\/logo\/image\/","url":"https:\/\/canal7slp.tv\/2025\/wp-content\/uploads\/2021\/01\/logo-noticieros@2x.png","contentUrl":"https:\/\/canal7slp.tv\/2025\/wp-content\/uploads\/2021\/01\/logo-noticieros@2x.png","width":1017,"height":268,"caption":"Noticieros Canal 7"},"image":{"@id":"https:\/\/canal7slp.tv\/2025\/#\/schema\/logo\/image\/"},"sameAs":["https:\/\/www.facebook.com\/noticieroscanal7atencionciudadana\/","https:\/\/x.com\/NOTICIEROS7","https:\/\/www.instagram.com\/canal7_slp","https:\/\/www.youtube.com\/channel\/UCliiYs-gP3JfJeqdPrNdd5A"]},{"@type":"Person","@id":"https:\/\/canal7slp.tv\/2025\/#\/schema\/person\/271e2b60a96e7cc9d9ac296f4d7e414b","name":"Edici\u00f3n Web","image":{"@type":"ImageObject","inLanguage":"es","@id":"https:\/\/secure.gravatar.com\/avatar\/eee448fc3f7164808013b816ba91ac7e43bbe82a70bebac296f8bc6f0addaa1a?s=96&d=mm&r=g","url":"https:\/\/secure.gravatar.com\/avatar\/eee448fc3f7164808013b816ba91ac7e43bbe82a70bebac296f8bc6f0addaa1a?s=96&d=mm&r=g","contentUrl":"https:\/\/secure.gravatar.com\/avatar\/eee448fc3f7164808013b816ba91ac7e43bbe82a70bebac296f8bc6f0addaa1a?s=96&d=mm&r=g","caption":"Edici\u00f3n Web"},"url":"https:\/\/canal7slp.tv\/2025\/author\/edicionweb\/"}]}},"_links":{"self":[{"href":"https:\/\/canal7slp.tv\/2025\/wp-json\/wp\/v2\/posts\/156339","targetHints":{"allow":["GET"]}}],"collection":[{"href":"https:\/\/canal7slp.tv\/2025\/wp-json\/wp\/v2\/posts"}],"about":[{"href":"https:\/\/canal7slp.tv\/2025\/wp-json\/wp\/v2\/types\/post"}],"author":[{"embeddable":true,"href":"https:\/\/canal7slp.tv\/2025\/wp-json\/wp\/v2\/users\/2"}],"replies":[{"embeddable":true,"href":"https:\/\/canal7slp.tv\/2025\/wp-json\/wp\/v2\/comments?post=156339"}],"version-history":[{"count":1,"href":"https:\/\/canal7slp.tv\/2025\/wp-json\/wp\/v2\/posts\/156339\/revisions"}],"predecessor-version":[{"id":156341,"href":"https:\/\/canal7slp.tv\/2025\/wp-json\/wp\/v2\/posts\/156339\/revisions\/156341"}],"wp:featuredmedia":[{"embeddable":true,"href":"https:\/\/canal7slp.tv\/2025\/wp-json\/wp\/v2\/media\/156344"}],"wp:attachment":[{"href":"https:\/\/canal7slp.tv\/2025\/wp-json\/wp\/v2\/media?parent=156339"}],"wp:term":[{"taxonomy":"category","embeddable":true,"href":"https:\/\/canal7slp.tv\/2025\/wp-json\/wp\/v2\/categories?post=156339"},{"taxonomy":"post_tag","embeddable":true,"href":"https:\/\/canal7slp.tv\/2025\/wp-json\/wp\/v2\/tags?post=156339"}],"curies":[{"name":"wp","href":"https:\/\/api.w.org\/{rel}","templated":true}]}}